{"id":20910,"date":"2026-03-27T09:24:03","date_gmt":"2026-03-27T08:24:03","guid":{"rendered":"https:\/\/www.cycles-blain.com\/fr\/?p=20910"},"modified":"2026-04-09T15:27:24","modified_gmt":"2026-04-09T13:27:24","slug":"semelles-velos-thermoformees-retul-sur-mesure","status":"publish","type":"post","link":"https:\/\/www.cycles-blain.com\/fr\/sante-velo\/semelles-velos-thermoformees-retul-sur-mesure\/","title":{"rendered":"Cr\u00e9ation de Semelles v\u00e9los Thermoform\u00e9es RET\u00dcL sur mesure"},"content":{"rendered":"\t\t<div data-elementor-type=\"wp-post\" data-elementor-id=\"20910\" class=\"elementor elementor-20910\" data-elementor-post-type=\"post\">\n\t\t\t\t<div class=\"elementor-element elementor-element-6ea4552 e-flex e-con-boxed e-con e-parent\" data-id=\"6ea4552\" data-element_type=\"container\" data-e-type=\"container\">\n\t\t\t\t\t<div class=\"e-con-inner\">\n\t\t\t\t<div class=\"elementor-element elementor-element-cca0c1f elementor-widget elementor-widget-text-editor\" data-id=\"cca0c1f\" data-element_type=\"widget\" data-e-type=\"widget\" data-widget_type=\"text-editor.default\">\n\t\t\t\t<div class=\"elementor-widget-container\">\n\t\t\t\t\t\t\t\t\t<p data-path-to-node=\"3\"><i>Vous ressentez des fourmillements apr\u00e8s deux heures de selle ? Une douleur persistante sous la plante du pied ou un genou qui \u00ab\u00a0flotte\u00a0\u00bb au p\u00e9dalage ? La solution ne se trouve peut-\u00eatre pas dans vos r\u00e9glages de d\u00e9railleur, mais directement sous vos pieds.<\/i><\/p><p data-path-to-node=\"4\"><i>Votre magasin <b data-path-to-node=\"4\" data-index-in-node=\"14\">Cycles Blain Vienne Specialized<\/b> franchit une nouvelle \u00e9tape dans l\u2019accompagnement des cyclistes avec le lancement de son service de <b data-path-to-node=\"4\" data-index-in-node=\"146\">cr\u00e9ation de semelles thermoform\u00e9es Ret\u00fcl Custom Footbeds<\/b>.<\/i><\/p>\t\t\t\t\t\t\t\t<\/div>\n\t\t\t\t<\/div>\n\t\t\t\t\t<\/div>\n\t\t\t\t<\/div>\n\t\t<div class=\"elementor-element elementor-element-73e98b8 e-flex e-con-boxed e-con e-parent\" data-id=\"73e98b8\" data-element_type=\"container\" data-e-type=\"container\">\n\t\t\t\t\t<div class=\"e-con-inner\">\n\t\t\t\t<div class=\"elementor-element elementor-element-445443b elementor-widget elementor-widget-heading\" data-id=\"445443b\" data-element_type=\"widget\" data-e-type=\"widget\" data-widget_type=\"heading.default\">\n\t\t\t\t<div class=\"elementor-widget-container\">\n\t\t\t\t\t<h2 class=\"elementor-heading-title elementor-size-default\">Pourquoi vos pieds sont la cl\u00e9 de votre performance \u00e0 v\u00e9lo ?<\/h2>\t\t\t\t<\/div>\n\t\t\t\t<\/div>\n\t\t\t\t\t<\/div>\n\t\t\t\t<\/div>\n\t\t<div class=\"elementor-element elementor-element-03ac5b6 e-flex e-con-boxed e-con e-parent\" data-id=\"03ac5b6\" data-element_type=\"container\" data-e-type=\"container\">\n\t\t\t\t\t<div class=\"e-con-inner\">\n\t\t\t\t<div class=\"elementor-element elementor-element-c5dffc4 elementor-widget elementor-widget-text-editor\" data-id=\"c5dffc4\" data-element_type=\"widget\" data-e-type=\"widget\" data-widget_type=\"text-editor.default\">\n\t\t\t\t<div class=\"elementor-widget-container\">\n\t\t\t\t\t\t\t\t\t<p data-path-to-node=\"7\">Le pied est votre seul point de contact direct pour transf\u00e9rer la puissance de vos jambes \u00e0 la p\u00e9dale. Contrairement \u00e0 la marche, le pied du cycliste subit une pression constante et r\u00e9p\u00e9titive dans une position fixe.<\/p><p data-path-to-node=\"8\">Sans un soutien ad\u00e9quat de la vo\u00fbte plantaire :<\/p><ul data-path-to-node=\"9\"><li><p data-path-to-node=\"9,0,0\">Le pied s&rsquo;affaisse, provoquant une perte d&rsquo;\u00e9nergie.<\/p><\/li><li><p data-path-to-node=\"9,1,0\">L&rsquo;alignement hanche-genou-cheville est perturb\u00e9.<\/p><\/li><li><p data-path-to-node=\"9,2,0\">Des points de compression apparaissent, causant le c\u00e9l\u00e8bre \u00ab\u00a0feu aux pieds\u00a0\u00bb.<\/p><\/li><\/ul>\t\t\t\t\t\t\t\t<\/div>\n\t\t\t\t<\/div>\n\t\t\t\t<div class=\"elementor-element elementor-element-0040836 elementor-widget elementor-widget-heading\" data-id=\"0040836\" data-element_type=\"widget\" data-e-type=\"widget\" data-widget_type=\"heading.default\">\n\t\t\t\t<div class=\"elementor-widget-container\">\n\t\t\t\t\t<h2 class=\"elementor-heading-title elementor-size-default\">La technologie Ret\u00fcl Footbeds : Comment \u00e7a marche ?<\/h2>\t\t\t\t<\/div>\n\t\t\t\t<\/div>\n\t\t\t\t<div class=\"elementor-element elementor-element-ff32b64 elementor-widget elementor-widget-text-editor\" data-id=\"ff32b64\" data-element_type=\"widget\" data-e-type=\"widget\" data-widget_type=\"text-editor.default\">\n\t\t\t\t<div class=\"elementor-widget-container\">\n\t\t\t\t\t\t\t\t\t<p>D\u00e9velopp\u00e9es en collaboration avec des experts en ergonomie, les semelles <b data-path-to-node=\"11\" data-index-in-node=\"73\">Ret\u00fcl<\/b> ne sont pas de simples inserts. Elles sont moul\u00e9es directement sur la morphologie unique de votre pied en moins de 45 minutes.<\/p>\t\t\t\t\t\t\t\t<\/div>\n\t\t\t\t<\/div>\n\t\t\t\t\t<\/div>\n\t\t\t\t<\/div>\n\t\t<div class=\"elementor-element elementor-element-5353681 e-flex e-con-boxed e-con e-parent\" data-id=\"5353681\" data-element_type=\"container\" data-e-type=\"container\">\n\t\t\t\t\t<div class=\"e-con-inner\">\n\t\t\t\t<div class=\"elementor-element elementor-element-e780d63 elementor-widget elementor-widget-heading\" data-id=\"e780d63\" data-element_type=\"widget\" data-e-type=\"widget\" data-widget_type=\"heading.default\">\n\t\t\t\t<div class=\"elementor-widget-container\">\n\t\t\t\t\t<h3 class=\"elementor-heading-title elementor-size-default\">Une analyse pr\u00e9cise de votre vo\u00fbte plantaire<\/h3>\t\t\t\t<\/div>\n\t\t\t\t<\/div>\n\t\t\t\t\t<\/div>\n\t\t\t\t<\/div>\n\t\t<div class=\"elementor-element elementor-element-f170290 e-flex e-con-boxed e-con e-parent\" data-id=\"f170290\" data-element_type=\"container\" data-e-type=\"container\">\n\t\t\t\t\t<div class=\"e-con-inner\">\n\t\t\t\t<div class=\"elementor-element elementor-element-521e098 elementor-widget elementor-widget-text-editor\" data-id=\"521e098\" data-element_type=\"widget\" data-e-type=\"widget\" data-widget_type=\"text-editor.default\">\n\t\t\t\t<div class=\"elementor-widget-container\">\n\t\t\t\t\t\t\t\t\t<p>Tout commence par un diagnostic de votre structure plantaire. \u00c0 l\u2019aide de l\u2019outil de mesure Ret\u00fcl, nos techniciens identifient votre type de vo\u00fbte et les besoins sp\u00e9cifiques de soutien pour stabiliser votre pied \u00e0 l&rsquo;effort.<\/p>\t\t\t\t\t\t\t\t<\/div>\n\t\t\t\t<\/div>\n\t\t\t\t\t<\/div>\n\t\t\t\t<\/div>\n\t\t<div class=\"elementor-element elementor-element-30f32e4 e-flex e-con-boxed e-con e-parent\" data-id=\"30f32e4\" data-element_type=\"container\" data-e-type=\"container\">\n\t\t\t\t\t<div class=\"e-con-inner\">\n\t\t\t\t<div class=\"elementor-element elementor-element-1ebf1c1 elementor-widget elementor-widget-heading\" data-id=\"1ebf1c1\" data-element_type=\"widget\" data-e-type=\"widget\" data-widget_type=\"heading.default\">\n\t\t\t\t<div class=\"elementor-widget-container\">\n\t\t\t\t\t<h3 class=\"elementor-heading-title elementor-size-default\">Le processus de thermoformage en magasin<\/h3>\t\t\t\t<\/div>\n\t\t\t\t<\/div>\n\t\t\t\t\t<\/div>\n\t\t\t\t<\/div>\n\t\t<div class=\"elementor-element elementor-element-93395d1 e-flex e-con-boxed e-con e-parent\" data-id=\"93395d1\" data-element_type=\"container\" data-e-type=\"container\">\n\t\t\t\t\t<div class=\"e-con-inner\">\n\t\t\t\t<div class=\"elementor-element elementor-element-b33491b elementor-widget elementor-widget-text-editor\" data-id=\"b33491b\" data-element_type=\"widget\" data-e-type=\"widget\" data-widget_type=\"text-editor.default\">\n\t\t\t\t<div class=\"elementor-widget-container\">\n\t\t\t\t\t\t\t\t\t<p>Le secret r\u00e9side dans le <b data-path-to-node=\"15\" data-index-in-node=\"25\">moulage \u00e0 chaud<\/b>. Les semelles vierges sont chauff\u00e9es pour devenir mall\u00e9ables, puis plac\u00e9es sur des coussins d&#8217;empreintes o\u00f9 vous venez poser vos pieds. En refroidissant, la semelle fige la forme exacte de votre pied en position dynamique. Le r\u00e9sultat ? Une interface parfaite entre vous et votre chaussure.<\/p>\t\t\t\t\t\t\t\t<\/div>\n\t\t\t\t<\/div>\n\t\t\t\t<div class=\"elementor-element elementor-element-39eea54 elementor-widget elementor-widget-image\" data-id=\"39eea54\" data-element_type=\"widget\" data-e-type=\"widget\" data-widget_type=\"image.default\">\n\t\t\t\t<div class=\"elementor-widget-container\">\n\t\t\t\t\t\t\t\t\t\t\t\t\t\t\t<img decoding=\"async\" src=\"https:\/\/www.cycles-blain.com\/fr\/wp-content\/uploads\/elementor\/thumbs\/semelles-velos-thermoformees-retul-rl490yogutbybjoscpemue75b6u3natib7w4tsjtw4.webp\" title=\"Semelles v\u00e9los sur mesure RET\u00dcL\" alt=\"Semelles v\u00e9los sur mesure RET\u00dcL\" loading=\"lazy\" \/>\t\t\t\t\t\t\t\t\t\t\t\t\t\t\t<\/div>\n\t\t\t\t<\/div>\n\t\t\t\t\t<\/div>\n\t\t\t\t<\/div>\n\t\t<div class=\"elementor-element elementor-element-8cc0936 e-flex e-con-boxed e-con e-parent\" data-id=\"8cc0936\" data-element_type=\"container\" data-e-type=\"container\">\n\t\t\t\t\t<div class=\"e-con-inner\">\n\t\t\t\t<div class=\"elementor-element elementor-element-b2ac717 elementor-widget elementor-widget-heading\" data-id=\"b2ac717\" data-element_type=\"widget\" data-e-type=\"widget\" data-widget_type=\"heading.default\">\n\t\t\t\t<div class=\"elementor-widget-container\">\n\t\t\t\t\t<h2 class=\"elementor-heading-title elementor-size-default\">Les b\u00e9n\u00e9fices imm\u00e9diats : Route, VTT et Gravel<\/h2>\t\t\t\t<\/div>\n\t\t\t\t<\/div>\n\t\t\t\t\t<\/div>\n\t\t\t\t<\/div>\n\t\t<div class=\"elementor-element elementor-element-a9cfbc9 e-flex e-con-boxed e-con e-parent\" data-id=\"a9cfbc9\" data-element_type=\"container\" data-e-type=\"container\">\n\t\t\t\t\t<div class=\"e-con-inner\">\n\t\t\t\t<div class=\"elementor-element elementor-element-eae75e0 elementor-widget elementor-widget-text-editor\" data-id=\"eae75e0\" data-element_type=\"widget\" data-e-type=\"widget\" data-widget_type=\"text-editor.default\">\n\t\t\t\t<div class=\"elementor-widget-container\">\n\t\t\t\t\t\t\t\t\t<p data-path-to-node=\"17\">Que vous soyez comp\u00e9titeur sur route ou adepte de longues sorties Gravel dans le pays viennois, les b\u00e9n\u00e9fices sont concrets :<\/p><ul data-path-to-node=\"18\"><li><p data-path-to-node=\"18,0,0\"><b data-path-to-node=\"18,0,0\" data-index-in-node=\"0\">Alignement optimis\u00e9 :<\/b> En stabilisant le pied, les semelles limitent les mouvements lat\u00e9raux du genou, pr\u00e9venant ainsi les tendinites.<\/p><\/li><li><p data-path-to-node=\"18,1,0\"><b data-path-to-node=\"18,1,0\" data-index-in-node=\"0\">Confort durable :<\/b> La pression est r\u00e9partie sur toute la surface du pied, \u00e9liminant les points chauds et les engourdissements.<\/p><\/li><li><p data-path-to-node=\"18,2,0\"><b data-path-to-node=\"18,2,0\" data-index-in-node=\"0\">Meilleur rendement :<\/b> Moins de mouvements parasites signifie que chaque watt produit arrive directement dans les p\u00e9dales.<\/p><\/li><\/ul>\t\t\t\t\t\t\t\t<\/div>\n\t\t\t\t<\/div>\n\t\t\t\t\t<\/div>\n\t\t\t\t<\/div>\n\t\t<div class=\"elementor-element elementor-element-5094de2 e-flex e-con-boxed e-con e-parent\" data-id=\"5094de2\" data-element_type=\"container\" data-e-type=\"container\">\n\t\t\t\t\t<div class=\"e-con-inner\">\n\t\t\t\t<div class=\"elementor-element elementor-element-a2e9409 elementor-widget elementor-widget-heading\" data-id=\"a2e9409\" data-element_type=\"widget\" data-e-type=\"widget\" data-widget_type=\"heading.default\">\n\t\t\t\t<div class=\"elementor-widget-container\">\n\t\t\t\t\t<h2 class=\"elementor-heading-title elementor-size-default\">Votre s\u00e9ance personnalis\u00e9e chez Cycles Blain Vienne Specialized<\/h2>\t\t\t\t<\/div>\n\t\t\t\t<\/div>\n\t\t\t\t\t<\/div>\n\t\t\t\t<\/div>\n\t\t<div class=\"elementor-element elementor-element-de65513 e-flex e-con-boxed e-con e-parent\" data-id=\"de65513\" data-element_type=\"container\" data-e-type=\"container\">\n\t\t\t\t\t<div class=\"e-con-inner\">\n\t\t\t\t<div class=\"elementor-element elementor-element-29093ed elementor-widget elementor-widget-text-editor\" data-id=\"29093ed\" data-element_type=\"widget\" data-e-type=\"widget\" data-widget_type=\"text-editor.default\">\n\t\t\t\t<div class=\"elementor-widget-container\">\n\t\t\t\t\t\t\t\t\t<p data-path-to-node=\"20\">Situ\u00e9 au c\u0153ur de la zone commerciale de Vienne, notre magasin dispose d\u00e9sormais du banc de thermoformage officiel Ret\u00fcl. Nos experts, form\u00e9s aux derni\u00e8res technologies de l&rsquo;\u00e9tude posturale, vous accompagnent durant tout le processus : du diagnostic \u00e0 l&rsquo;insertion des semelles dans vos chaussures de v\u00e9lo.<\/p><blockquote data-path-to-node=\"21\"><p data-path-to-node=\"21,0\"><b data-path-to-node=\"21,0\" data-index-in-node=\"0\">Le saviez-vous ?<\/b> Les semelles Ret\u00fcl sont compatibles avec toutes les marques de chaussures de v\u00e9lo, pas seulement Specialized !<\/p><\/blockquote>\t\t\t\t\t\t\t\t<\/div>\n\t\t\t\t<\/div>\n\t\t\t\t<div class=\"elementor-element elementor-element-0eb0a93 elementor-align-center elementor-widget elementor-widget-button\" data-id=\"0eb0a93\" data-element_type=\"widget\" data-e-type=\"widget\" data-widget_type=\"button.default\">\n\t\t\t\t<div class=\"elementor-widget-container\">\n\t\t\t\t\t\t\t\t\t<div class=\"elementor-button-wrapper\">\n\t\t\t\t\t<a class=\"elementor-button elementor-button-link elementor-size-sm\" href=\"https:\/\/www.cycles-blain.com\/content\/111-semelles-velos-thermoformees-personnalisees-retul\" target=\"_blank\">\n\t\t\t\t\t\t<span class=\"elementor-button-content-wrapper\">\n\t\t\t\t\t\t\t\t\t<span class=\"elementor-button-text\">Je prends un RDV<\/span>\n\t\t\t\t\t<\/span>\n\t\t\t\t\t<\/a>\n\t\t\t\t<\/div>\n\t\t\t\t\t\t\t\t<\/div>\n\t\t\t\t<\/div>\n\t\t\t\t\t<\/div>\n\t\t\t\t<\/div>\n\t\t<div class=\"elementor-element elementor-element-642efa8 e-flex e-con-boxed e-con e-parent\" data-id=\"642efa8\" data-element_type=\"container\" data-e-type=\"container\">\n\t\t\t\t\t<div class=\"e-con-inner\">\n\t\t\t\t<div class=\"elementor-element elementor-element-35b0bcb elementor-widget elementor-widget-heading\" data-id=\"35b0bcb\" data-element_type=\"widget\" data-e-type=\"widget\" data-widget_type=\"heading.default\">\n\t\t\t\t<div class=\"elementor-widget-container\">\n\t\t\t\t\t<h2 class=\"elementor-heading-title elementor-size-default\">Comment prendre rendez-vous pour vos semelles Ret\u00fcl ?<\/h2>\t\t\t\t<\/div>\n\t\t\t\t<\/div>\n\t\t\t\t\t<\/div>\n\t\t\t\t<\/div>\n\t\t<div class=\"elementor-element elementor-element-64128e4 e-flex e-con-boxed e-con e-parent\" data-id=\"64128e4\" data-element_type=\"container\" data-e-type=\"container\">\n\t\t\t\t\t<div class=\"e-con-inner\">\n\t\t\t\t<div class=\"elementor-element elementor-element-a366d36 elementor-widget elementor-widget-text-editor\" data-id=\"a366d36\" data-element_type=\"widget\" data-e-type=\"widget\" data-widget_type=\"text-editor.default\">\n\t\t\t\t<div class=\"elementor-widget-container\">\n\t\t\t\t\t\t\t\t\t<p data-path-to-node=\"24\">Pr\u00eat \u00e0 transformer votre exp\u00e9rience sur le v\u00e9lo ? Inutile d&rsquo;attendre : notre syst\u00e8me de r\u00e9servation en ligne vous permet de choisir le cr\u00e9neau qui vous convient en quelques clics.<\/p><ol start=\"1\" data-path-to-node=\"25\"><li><p data-path-to-node=\"25,0,0\"><b data-path-to-node=\"25,0,0\" data-index-in-node=\"0\">Rendez-vous sur la page de r\u00e9servation \u00ab\u00a0<a href=\"https:\/\/www.cycles-blain.com\/content\/111-semelles-velos-thermoformees-personnalisees-retul\" target=\"_blank\" rel=\"noopener\">Semelles Thermoform\u00e9es RET\u00dcL<\/a>\u00ab\u00a0<\/b><\/p><\/li><li><p data-path-to-node=\"25,1,0\">S\u00e9lectionnez le jour, puis l&rsquo;heure de rendez-vous qui vous convient (pr\u00e9voir 45 mins environ)<\/p><\/li><li><p data-path-to-node=\"25,2,0\">Rendez-vous au\u00a0<a href=\"https:\/\/www.cycles-blain.com\/content\/12-magasin-velo-vienne\" target=\"_blank\" rel=\"noopener\">magasin Specialized de Vienne<\/a>\u00a0pour le rendez-vous avec vos chaussures (si vous en avez) : nous proposons deux offres avec les semelles thermoform\u00e9es RET\u00dcL :\u00a0<br \/>&#8211; Soit un rendez-vous uniquement pour faire une paire de semelles en 45 mins environ <br \/>pour 125\u20ac TTC<br \/>&#8211; Soit un rendez-vous pour faire une \u00e9tude posturales RET\u00dcL + les semelles thermoform\u00e9es RET\u00dcL\u00a0<br \/>(en 2h45 environ) pour un prix de 350\u20ac (au lieu de 375\u20ac)<\/p><\/li><li><p data-path-to-node=\"25,3,0\">Repartez avec vos semelles pr\u00eates \u00e0 rouler !<\/p><\/li><\/ol>\t\t\t\t\t\t\t\t<\/div>\n\t\t\t\t<\/div>\n\t\t<div class=\"elementor-element elementor-element-5d96901 e-grid e-con-full e-con e-child\" data-id=\"5d96901\" data-element_type=\"container\" data-e-type=\"container\">\n\t\t\t\t<div class=\"elementor-element elementor-element-0ee64f9 elementor-align-center elementor-widget elementor-widget-button\" data-id=\"0ee64f9\" data-element_type=\"widget\" data-e-type=\"widget\" data-widget_type=\"button.default\">\n\t\t\t\t<div class=\"elementor-widget-container\">\n\t\t\t\t\t\t\t\t\t<div class=\"elementor-button-wrapper\">\n\t\t\t\t\t<a class=\"elementor-button elementor-button-link elementor-size-sm\" href=\"https:\/\/www.cycles-blain.com\/content\/111-semelles-velos-thermoformees-personnalisees-retul\" target=\"_blank\">\n\t\t\t\t\t\t<span class=\"elementor-button-content-wrapper\">\n\t\t\t\t\t\t\t\t\t<span class=\"elementor-button-text\">Je prends RDV pour des Semelles RET\u00dcL (125\u20ac)<\/span>\n\t\t\t\t\t<\/span>\n\t\t\t\t\t<\/a>\n\t\t\t\t<\/div>\n\t\t\t\t\t\t\t\t<\/div>\n\t\t\t\t<\/div>\n\t\t\t\t<div class=\"elementor-element elementor-element-dbe6797 elementor-align-center elementor-widget elementor-widget-button\" data-id=\"dbe6797\" data-element_type=\"widget\" data-e-type=\"widget\" data-widget_type=\"button.default\">\n\t\t\t\t<div class=\"elementor-widget-container\">\n\t\t\t\t\t\t\t\t\t<div class=\"elementor-button-wrapper\">\n\t\t\t\t\t<a class=\"elementor-button elementor-button-link elementor-size-sm\" href=\"https:\/\/www.cycles-blain.com\/content\/113-etude-posturale-etsemelles-thermoformees-retul-by-cyclesblain\" target=\"_blank\">\n\t\t\t\t\t\t<span class=\"elementor-button-content-wrapper\">\n\t\t\t\t\t\t\t\t\t<span class=\"elementor-button-text\">Je prends RDV pour une \u00e9tude Posturale + semelles RET\u00dcL (350\u20ac)<\/span>\n\t\t\t\t\t<\/span>\n\t\t\t\t\t<\/a>\n\t\t\t\t<\/div>\n\t\t\t\t\t\t\t\t<\/div>\n\t\t\t\t<\/div>\n\t\t\t\t<\/div>\n\t\t\t\t\t<\/div>\n\t\t\t\t<\/div>\n\t\t<div class=\"elementor-element elementor-element-e7c3714 e-flex e-con-boxed e-con e-parent\" data-id=\"e7c3714\" data-element_type=\"container\" data-e-type=\"container\">\n\t\t\t\t\t<div class=\"e-con-inner\">\n\t\t\t\t<div class=\"elementor-element elementor-element-843027d elementor-widget elementor-widget-heading\" data-id=\"843027d\" data-element_type=\"widget\" data-e-type=\"widget\" data-widget_type=\"heading.default\">\n\t\t\t\t<div class=\"elementor-widget-container\">\n\t\t\t\t\t<h2 class=\"elementor-heading-title elementor-size-default\">FAQ : Tout savoir sur les semelles v\u00e9lo sur-mesure<\/h2>\t\t\t\t<\/div>\n\t\t\t\t<\/div>\n\t\t\t\t\t<\/div>\n\t\t\t\t<\/div>\n\t\t<div class=\"elementor-element elementor-element-7e99285 e-flex e-con-boxed e-con e-parent\" data-id=\"7e99285\" data-element_type=\"container\" data-e-type=\"container\">\n\t\t\t\t\t<div class=\"e-con-inner\">\n\t\t\t\t<div class=\"elementor-element elementor-element-cc09a80 elementor-widget elementor-widget-text-editor\" data-id=\"cc09a80\" data-element_type=\"widget\" data-e-type=\"widget\" data-widget_type=\"text-editor.default\">\n\t\t\t\t<div class=\"elementor-widget-container\">\n\t\t\t\t\t\t\t\t\t<p data-path-to-node=\"29\"><b data-path-to-node=\"29\" data-index-in-node=\"0\">Combien de temps dure la s\u00e9ance ?<\/b> Il faut compter environ 45 minutes pour l&rsquo;analyse et le moulage complet de vos deux semelles.<\/p><p data-path-to-node=\"30\"><b data-path-to-node=\"30\" data-index-in-node=\"0\">Dois-je venir avec mon v\u00e9lo ?<\/b> Ce n&rsquo;est pas indispensable (sauf si vous faites une \u00e9tude posturale RET\u00dcL en m\u00eame temps), mais venez imp\u00e9rativement avec vos <b data-path-to-node=\"30\" data-index-in-node=\"93\">chaussures de v\u00e9lo habituelles<\/b> (et vos chaussettes de sport) pour que nous puissions ajuster la d\u00e9coupe finale de la semelle.<\/p><p data-path-to-node=\"31\"><b data-path-to-node=\"31\" data-index-in-node=\"0\">Quelle est la dur\u00e9e de vie d&rsquo;une semelle Ret\u00fcl ?<\/b> Elles sont con\u00e7ues pour durer plusieurs saisons, selon votre fr\u00e9quence d&rsquo;utilisation. Elles conservent leur m\u00e9moire de forme bien plus longtemps que des semelles standards.<\/p>\t\t\t\t\t\t\t\t<\/div>\n\t\t\t\t<\/div>\n\t\t\t\t\t<\/div>\n\t\t\t\t<\/div>\n\t\t<div class=\"elementor-element elementor-element-c1fe6b2 e-flex e-con-boxed e-con e-parent\" data-id=\"c1fe6b2\" data-element_type=\"container\" data-e-type=\"container\">\n\t\t\t\t\t<div class=\"e-con-inner\">\n\t\t\t\t<div class=\"elementor-element elementor-element-512ab01 elementor-widget elementor-widget-video\" data-id=\"512ab01\" data-element_type=\"widget\" data-e-type=\"widget\" data-settings=\"{&quot;youtube_url&quot;:&quot;https:\\\/\\\/youtu.be\\\/Xbko35FiElk?si=LExtvFi4Ic7LhFm0&quot;,&quot;video_type&quot;:&quot;youtube&quot;,&quot;controls&quot;:&quot;yes&quot;}\" data-widget_type=\"video.default\">\n\t\t\t\t<div class=\"elementor-widget-container\">\n\t\t\t\t\t\t\t<div class=\"elementor-wrapper elementor-open-inline\">\n\t\t\t<div class=\"elementor-video\"><\/div>\t\t<\/div>\n\t\t\t\t\t\t<\/div>\n\t\t\t\t<\/div>\n\t\t\t\t\t<\/div>\n\t\t\t\t<\/div>\n\t\t<div class=\"elementor-element elementor-element-9f33c4d e-flex e-con-boxed e-con e-parent\" data-id=\"9f33c4d\" data-element_type=\"container\" data-e-type=\"container\">\n\t\t\t\t\t<div class=\"e-con-inner\">\n\t\t\t\t<div class=\"elementor-element elementor-element-cddf66a elementor-widget elementor-widget-text-editor\" data-id=\"cddf66a\" data-element_type=\"widget\" data-e-type=\"widget\" data-widget_type=\"text-editor.default\">\n\t\t\t\t<div class=\"elementor-widget-container\">\n\t\t\t\t\t\t\t\t\t<p><i>Source Photos : Ret\u00fcl<\/i><\/p>\t\t\t\t\t\t\t\t<\/div>\n\t\t\t\t<\/div>\n\t\t\t\t\t<\/div>\n\t\t\t\t<\/div>\n\t\t\t\t<\/div>\n\t\t","protected":false},"excerpt":{"rendered":"<p>Douleurs aux pieds ou inconfort quand vous faites du v\u00e9lo ? Prenez rendez-vous pour cr\u00e9er vos semelles v\u00e9los thermoform\u00e9es RET\u00dcL sur mesure sur Lyon <\/p>\n","protected":false},"author":1,"featured_media":21125,"comment_status":"open","ping_status":"open","sticky":false,"template":"","format":"standard","meta":{"site-sidebar-layout":"default","site-content-layout":"","ast-site-content-layout":"default","site-content-style":"default","site-sidebar-style":"default","ast-global-header-display":"","ast-banner-title-visibility":"","ast-main-header-display":"","ast-hfb-above-header-display":"","ast-hfb-below-header-display":"","ast-hfb-mobile-header-display":"","site-post-title":"","ast-breadcrumbs-content":"","ast-featured-img":"","footer-sml-layout":"","theme-transparent-header-meta":"","adv-header-id-meta":"","stick-header-meta":"","header-above-stick-meta":"","header-main-stick-meta":"","header-below-stick-meta":"","astra-migrate-meta-layouts":"set","ast-page-background-enabled":"default","ast-page-background-meta":{"desktop":{"background-color":"","background-image":"","background-repeat":"repeat","background-position":"center center","background-size":"auto","background-attachment":"scroll","background-type":"","background-media":"","overlay-type":"","overlay-color":"","overlay-gradient":""},"tablet":{"background-color":"","background-image":"","background-repeat":"repeat","background-position":"center center","background-size":"auto","background-attachment":"scroll","background-type":"","background-media":"","overlay-type":"","overlay-color":"","overlay-gradient":""},"mobile":{"background-color":"","background-image":"","background-repeat":"repeat","background-position":"center center","background-size":"auto","background-attachment":"scroll","background-type":"","background-media":"","overlay-type":"","overlay-color":"","overlay-gradient":""}},"ast-content-background-meta":{"desktop":{"background-color":"var(--ast-global-color-5)","background-image":"","background-repeat":"repeat","background-position":"center center","background-size":"auto","background-attachment":"scroll","background-type":"","background-media":"","overlay-type":"","overlay-color":"","overlay-gradient":""},"tablet":{"background-color":"var(--ast-global-color-5)","background-image":"","background-repeat":"repeat","background-position":"center center","background-size":"auto","background-attachment":"scroll","background-type":"","background-media":"","overlay-type":"","overlay-color":"","overlay-gradient":""},"mobile":{"background-color":"var(--ast-global-color-5)","background-image":"","background-repeat":"repeat","background-position":"center center","background-size":"auto","background-attachment":"scroll","background-type":"","background-media":"","overlay-type":"","overlay-color":"","overlay-gradient":""}},"footnotes":""},"categories":[6,9,76,20,17],"tags":[413,414],"class_list":["post-20910","post","type-post","status-publish","format-standard","has-post-thumbnail","hentry","category-magasins-velo","category-conseils-velo","category-magasin-vienne","category-sante-velo","category-sport-velo","tag-retul","tag-semelles"],"yoast_head":"<!-- This site is optimized with the Yoast SEO plugin v27.4 - https:\/\/yoast.com\/product\/yoast-seo-wordpress\/ -->\n<title>Semelles v\u00e9los Thermoform\u00e9es RET\u00dcL chez CYCLES BLAIN<\/title>\n<meta name=\"description\" content=\"Douleurs aux pieds ou inconfort quand vous faites du v\u00e9lo ? Prenez rendez-vous pour cr\u00e9er vos semelles v\u00e9los thermoform\u00e9es RET\u00dcL sur mesure sur Lyon\" \/>\n<meta name=\"robots\" content=\"index, follow, max-snippet:-1, max-image-preview:large, max-video-preview:-1\" \/>\n<link rel=\"canonical\" href=\"https:\/\/www.cycles-blain.com\/fr\/sante-velo\/semelles-velos-thermoformees-retul-sur-mesure\/\" \/>\n<meta property=\"og:locale\" content=\"fr_FR\" \/>\n<meta property=\"og:type\" content=\"article\" \/>\n<meta property=\"og:title\" content=\"Semelles v\u00e9los Thermoform\u00e9es RET\u00dcL chez CYCLES BLAIN\" \/>\n<meta property=\"og:description\" content=\"Douleurs aux pieds ou inconfort quand vous faites du v\u00e9lo ? Prenez rendez-vous pour cr\u00e9er vos semelles v\u00e9los thermoform\u00e9es RET\u00dcL sur mesure sur Lyon\" \/>\n<meta property=\"og:url\" content=\"https:\/\/www.cycles-blain.com\/fr\/sante-velo\/semelles-velos-thermoformees-retul-sur-mesure\/\" \/>\n<meta property=\"og:site_name\" content=\"CyclesBlain - Magasins de v\u00e9los, accessoires et ateliers\" \/>\n<meta property=\"article:publisher\" content=\"https:\/\/www.facebook.com\/cyclesblain\/?locale=fr_FR\" \/>\n<meta property=\"article:published_time\" content=\"2026-03-27T08:24:03+00:00\" \/>\n<meta property=\"article:modified_time\" content=\"2026-04-09T13:27:24+00:00\" \/>\n<meta property=\"og:image\" content=\"https:\/\/www.cycles-blain.com\/fr\/wp-content\/uploads\/2026\/03\/semelles-retul.jpg\" \/>\n\t<meta property=\"og:image:width\" content=\"600\" \/>\n\t<meta property=\"og:image:height\" content=\"400\" \/>\n\t<meta property=\"og:image:type\" content=\"image\/jpeg\" \/>\n<meta name=\"author\" content=\"Gueweb\" \/>\n<meta name=\"twitter:card\" content=\"summary_large_image\" \/>\n<meta name=\"twitter:label1\" content=\"\u00c9crit par\" \/>\n\t<meta name=\"twitter:data1\" content=\"Gueweb\" \/>\n\t<meta name=\"twitter:label2\" content=\"Dur\u00e9e de lecture estim\u00e9e\" \/>\n\t<meta name=\"twitter:data2\" content=\"4 minutes\" \/>\n<script type=\"application\/ld+json\" class=\"yoast-schema-graph\">{\"@context\":\"https:\\\/\\\/schema.org\",\"@graph\":[{\"@type\":\"Article\",\"@id\":\"https:\\\/\\\/www.cycles-blain.com\\\/fr\\\/sante-velo\\\/semelles-velos-thermoformees-retul-sur-mesure\\\/#article\",\"isPartOf\":{\"@id\":\"https:\\\/\\\/www.cycles-blain.com\\\/fr\\\/sante-velo\\\/semelles-velos-thermoformees-retul-sur-mesure\\\/\"},\"author\":{\"name\":\"Gueweb\",\"@id\":\"https:\\\/\\\/www.cycles-blain.com\\\/fr\\\/#\\\/schema\\\/person\\\/6fb8bad852fde893fb61b7b05936af37\"},\"headline\":\"Cr\u00e9ation de Semelles v\u00e9los Thermoform\u00e9es RET\u00dcL sur mesure\",\"datePublished\":\"2026-03-27T08:24:03+00:00\",\"dateModified\":\"2026-04-09T13:27:24+00:00\",\"mainEntityOfPage\":{\"@id\":\"https:\\\/\\\/www.cycles-blain.com\\\/fr\\\/sante-velo\\\/semelles-velos-thermoformees-retul-sur-mesure\\\/\"},\"wordCount\":809,\"commentCount\":2,\"publisher\":{\"@id\":\"https:\\\/\\\/www.cycles-blain.com\\\/fr\\\/#organization\"},\"image\":{\"@id\":\"https:\\\/\\\/www.cycles-blain.com\\\/fr\\\/sante-velo\\\/semelles-velos-thermoformees-retul-sur-mesure\\\/#primaryimage\"},\"thumbnailUrl\":\"https:\\\/\\\/www.cycles-blain.com\\\/fr\\\/wp-content\\\/uploads\\\/2026\\\/03\\\/semelles-retul.jpg\",\"keywords\":[\"RETUL\",\"semelles\"],\"articleSection\":[\"Actus Magasins\",\"Conseils-Pratique\",\"Magasin Vienne\",\"Sant\u00e9\",\"Sport\"],\"inLanguage\":\"fr-FR\",\"potentialAction\":[{\"@type\":\"CommentAction\",\"name\":\"Comment\",\"target\":[\"https:\\\/\\\/www.cycles-blain.com\\\/fr\\\/sante-velo\\\/semelles-velos-thermoformees-retul-sur-mesure\\\/#respond\"]}]},{\"@type\":\"WebPage\",\"@id\":\"https:\\\/\\\/www.cycles-blain.com\\\/fr\\\/sante-velo\\\/semelles-velos-thermoformees-retul-sur-mesure\\\/\",\"url\":\"https:\\\/\\\/www.cycles-blain.com\\\/fr\\\/sante-velo\\\/semelles-velos-thermoformees-retul-sur-mesure\\\/\",\"name\":\"Semelles v\u00e9los Thermoform\u00e9es RET\u00dcL chez CYCLES BLAIN\",\"isPartOf\":{\"@id\":\"https:\\\/\\\/www.cycles-blain.com\\\/fr\\\/#website\"},\"primaryImageOfPage\":{\"@id\":\"https:\\\/\\\/www.cycles-blain.com\\\/fr\\\/sante-velo\\\/semelles-velos-thermoformees-retul-sur-mesure\\\/#primaryimage\"},\"image\":{\"@id\":\"https:\\\/\\\/www.cycles-blain.com\\\/fr\\\/sante-velo\\\/semelles-velos-thermoformees-retul-sur-mesure\\\/#primaryimage\"},\"thumbnailUrl\":\"https:\\\/\\\/www.cycles-blain.com\\\/fr\\\/wp-content\\\/uploads\\\/2026\\\/03\\\/semelles-retul.jpg\",\"datePublished\":\"2026-03-27T08:24:03+00:00\",\"dateModified\":\"2026-04-09T13:27:24+00:00\",\"description\":\"Douleurs aux pieds ou inconfort quand vous faites du v\u00e9lo ? Prenez rendez-vous pour cr\u00e9er vos semelles v\u00e9los thermoform\u00e9es RET\u00dcL sur mesure sur Lyon\",\"breadcrumb\":{\"@id\":\"https:\\\/\\\/www.cycles-blain.com\\\/fr\\\/sante-velo\\\/semelles-velos-thermoformees-retul-sur-mesure\\\/#breadcrumb\"},\"inLanguage\":\"fr-FR\",\"potentialAction\":[{\"@type\":\"ReadAction\",\"target\":[\"https:\\\/\\\/www.cycles-blain.com\\\/fr\\\/sante-velo\\\/semelles-velos-thermoformees-retul-sur-mesure\\\/\"]}]},{\"@type\":\"ImageObject\",\"inLanguage\":\"fr-FR\",\"@id\":\"https:\\\/\\\/www.cycles-blain.com\\\/fr\\\/sante-velo\\\/semelles-velos-thermoformees-retul-sur-mesure\\\/#primaryimage\",\"url\":\"https:\\\/\\\/www.cycles-blain.com\\\/fr\\\/wp-content\\\/uploads\\\/2026\\\/03\\\/semelles-retul.jpg\",\"contentUrl\":\"https:\\\/\\\/www.cycles-blain.com\\\/fr\\\/wp-content\\\/uploads\\\/2026\\\/03\\\/semelles-retul.jpg\",\"width\":600,\"height\":400},{\"@type\":\"BreadcrumbList\",\"@id\":\"https:\\\/\\\/www.cycles-blain.com\\\/fr\\\/sante-velo\\\/semelles-velos-thermoformees-retul-sur-mesure\\\/#breadcrumb\",\"itemListElement\":[{\"@type\":\"ListItem\",\"position\":1,\"name\":\"Accueil\",\"item\":\"https:\\\/\\\/www.cycles-blain.com\\\/fr\\\/\"},{\"@type\":\"ListItem\",\"position\":2,\"name\":\"Cr\u00e9ation de Semelles v\u00e9los Thermoform\u00e9es RET\u00dcL sur mesure\"}]},{\"@type\":\"WebSite\",\"@id\":\"https:\\\/\\\/www.cycles-blain.com\\\/fr\\\/#website\",\"url\":\"https:\\\/\\\/www.cycles-blain.com\\\/fr\\\/\",\"name\":\"CyclesBlain - Magasins de v\u00e9los, accessoires et ateliers\",\"description\":\"Blog Cycles Blain\",\"publisher\":{\"@id\":\"https:\\\/\\\/www.cycles-blain.com\\\/fr\\\/#organization\"},\"potentialAction\":[{\"@type\":\"SearchAction\",\"target\":{\"@type\":\"EntryPoint\",\"urlTemplate\":\"https:\\\/\\\/www.cycles-blain.com\\\/fr\\\/?s={search_term_string}\"},\"query-input\":{\"@type\":\"PropertyValueSpecification\",\"valueRequired\":true,\"valueName\":\"search_term_string\"}}],\"inLanguage\":\"fr-FR\"},{\"@type\":\"Organization\",\"@id\":\"https:\\\/\\\/www.cycles-blain.com\\\/fr\\\/#organization\",\"name\":\"CyclesBlain - Magasins de v\u00e9los, accessoires et ateliers\",\"url\":\"https:\\\/\\\/www.cycles-blain.com\\\/fr\\\/\",\"logo\":{\"@type\":\"ImageObject\",\"inLanguage\":\"fr-FR\",\"@id\":\"https:\\\/\\\/www.cycles-blain.com\\\/fr\\\/#\\\/schema\\\/logo\\\/image\\\/\",\"url\":\"https:\\\/\\\/www.cycles-blain.com\\\/fr\\\/wp-content\\\/uploads\\\/2023\\\/10\\\/logo-cycles-blain.jpeg\",\"contentUrl\":\"https:\\\/\\\/www.cycles-blain.com\\\/fr\\\/wp-content\\\/uploads\\\/2023\\\/10\\\/logo-cycles-blain.jpeg\",\"width\":264,\"height\":191,\"caption\":\"CyclesBlain - Magasins de v\u00e9los, accessoires et ateliers\"},\"image\":{\"@id\":\"https:\\\/\\\/www.cycles-blain.com\\\/fr\\\/#\\\/schema\\\/logo\\\/image\\\/\"},\"sameAs\":[\"https:\\\/\\\/www.facebook.com\\\/cyclesblain\\\/?locale=fr_FR\",\"https:\\\/\\\/www.instagram.com\\\/cycles_blain\\\/?hl=fr\"]},{\"@type\":\"Person\",\"@id\":\"https:\\\/\\\/www.cycles-blain.com\\\/fr\\\/#\\\/schema\\\/person\\\/6fb8bad852fde893fb61b7b05936af37\",\"name\":\"Gueweb\",\"image\":{\"@type\":\"ImageObject\",\"inLanguage\":\"fr-FR\",\"@id\":\"https:\\\/\\\/secure.gravatar.com\\\/avatar\\\/52550bc594eb074508114b963209b157358b27e5a0319de1bb723df3f760ca2d?s=96&d=mm&r=g\",\"url\":\"https:\\\/\\\/secure.gravatar.com\\\/avatar\\\/52550bc594eb074508114b963209b157358b27e5a0319de1bb723df3f760ca2d?s=96&d=mm&r=g\",\"contentUrl\":\"https:\\\/\\\/secure.gravatar.com\\\/avatar\\\/52550bc594eb074508114b963209b157358b27e5a0319de1bb723df3f760ca2d?s=96&d=mm&r=g\",\"caption\":\"Gueweb\"},\"sameAs\":[\"https:\\\/\\\/www.cycles-blain.com\\\/\\\/fr\"],\"url\":\"https:\\\/\\\/www.cycles-blain.com\\\/fr\\\/author\\\/gueweb\\\/\"}]}<\/script>\n<!-- \/ Yoast SEO plugin. -->","yoast_head_json":{"title":"Semelles v\u00e9los Thermoform\u00e9es RET\u00dcL chez CYCLES BLAIN","description":"Douleurs aux pieds ou inconfort quand vous faites du v\u00e9lo ? Prenez rendez-vous pour cr\u00e9er vos semelles v\u00e9los thermoform\u00e9es RET\u00dcL sur mesure sur Lyon","robots":{"index":"index","follow":"follow","max-snippet":"max-snippet:-1","max-image-preview":"max-image-preview:large","max-video-preview":"max-video-preview:-1"},"canonical":"https:\/\/www.cycles-blain.com\/fr\/sante-velo\/semelles-velos-thermoformees-retul-sur-mesure\/","og_locale":"fr_FR","og_type":"article","og_title":"Semelles v\u00e9los Thermoform\u00e9es RET\u00dcL chez CYCLES BLAIN","og_description":"Douleurs aux pieds ou inconfort quand vous faites du v\u00e9lo ? Prenez rendez-vous pour cr\u00e9er vos semelles v\u00e9los thermoform\u00e9es RET\u00dcL sur mesure sur Lyon","og_url":"https:\/\/www.cycles-blain.com\/fr\/sante-velo\/semelles-velos-thermoformees-retul-sur-mesure\/","og_site_name":"CyclesBlain - Magasins de v\u00e9los, accessoires et ateliers","article_publisher":"https:\/\/www.facebook.com\/cyclesblain\/?locale=fr_FR","article_published_time":"2026-03-27T08:24:03+00:00","article_modified_time":"2026-04-09T13:27:24+00:00","og_image":[{"width":600,"height":400,"url":"https:\/\/www.cycles-blain.com\/fr\/wp-content\/uploads\/2026\/03\/semelles-retul.jpg","type":"image\/jpeg"}],"author":"Gueweb","twitter_card":"summary_large_image","twitter_misc":{"\u00c9crit par":"Gueweb","Dur\u00e9e de lecture estim\u00e9e":"4 minutes"},"schema":{"@context":"https:\/\/schema.org","@graph":[{"@type":"Article","@id":"https:\/\/www.cycles-blain.com\/fr\/sante-velo\/semelles-velos-thermoformees-retul-sur-mesure\/#article","isPartOf":{"@id":"https:\/\/www.cycles-blain.com\/fr\/sante-velo\/semelles-velos-thermoformees-retul-sur-mesure\/"},"author":{"name":"Gueweb","@id":"https:\/\/www.cycles-blain.com\/fr\/#\/schema\/person\/6fb8bad852fde893fb61b7b05936af37"},"headline":"Cr\u00e9ation de Semelles v\u00e9los Thermoform\u00e9es RET\u00dcL sur mesure","datePublished":"2026-03-27T08:24:03+00:00","dateModified":"2026-04-09T13:27:24+00:00","mainEntityOfPage":{"@id":"https:\/\/www.cycles-blain.com\/fr\/sante-velo\/semelles-velos-thermoformees-retul-sur-mesure\/"},"wordCount":809,"commentCount":2,"publisher":{"@id":"https:\/\/www.cycles-blain.com\/fr\/#organization"},"image":{"@id":"https:\/\/www.cycles-blain.com\/fr\/sante-velo\/semelles-velos-thermoformees-retul-sur-mesure\/#primaryimage"},"thumbnailUrl":"https:\/\/www.cycles-blain.com\/fr\/wp-content\/uploads\/2026\/03\/semelles-retul.jpg","keywords":["RETUL","semelles"],"articleSection":["Actus Magasins","Conseils-Pratique","Magasin Vienne","Sant\u00e9","Sport"],"inLanguage":"fr-FR","potentialAction":[{"@type":"CommentAction","name":"Comment","target":["https:\/\/www.cycles-blain.com\/fr\/sante-velo\/semelles-velos-thermoformees-retul-sur-mesure\/#respond"]}]},{"@type":"WebPage","@id":"https:\/\/www.cycles-blain.com\/fr\/sante-velo\/semelles-velos-thermoformees-retul-sur-mesure\/","url":"https:\/\/www.cycles-blain.com\/fr\/sante-velo\/semelles-velos-thermoformees-retul-sur-mesure\/","name":"Semelles v\u00e9los Thermoform\u00e9es RET\u00dcL chez CYCLES BLAIN","isPartOf":{"@id":"https:\/\/www.cycles-blain.com\/fr\/#website"},"primaryImageOfPage":{"@id":"https:\/\/www.cycles-blain.com\/fr\/sante-velo\/semelles-velos-thermoformees-retul-sur-mesure\/#primaryimage"},"image":{"@id":"https:\/\/www.cycles-blain.com\/fr\/sante-velo\/semelles-velos-thermoformees-retul-sur-mesure\/#primaryimage"},"thumbnailUrl":"https:\/\/www.cycles-blain.com\/fr\/wp-content\/uploads\/2026\/03\/semelles-retul.jpg","datePublished":"2026-03-27T08:24:03+00:00","dateModified":"2026-04-09T13:27:24+00:00","description":"Douleurs aux pieds ou inconfort quand vous faites du v\u00e9lo ? Prenez rendez-vous pour cr\u00e9er vos semelles v\u00e9los thermoform\u00e9es RET\u00dcL sur mesure sur Lyon","breadcrumb":{"@id":"https:\/\/www.cycles-blain.com\/fr\/sante-velo\/semelles-velos-thermoformees-retul-sur-mesure\/#breadcrumb"},"inLanguage":"fr-FR","potentialAction":[{"@type":"ReadAction","target":["https:\/\/www.cycles-blain.com\/fr\/sante-velo\/semelles-velos-thermoformees-retul-sur-mesure\/"]}]},{"@type":"ImageObject","inLanguage":"fr-FR","@id":"https:\/\/www.cycles-blain.com\/fr\/sante-velo\/semelles-velos-thermoformees-retul-sur-mesure\/#primaryimage","url":"https:\/\/www.cycles-blain.com\/fr\/wp-content\/uploads\/2026\/03\/semelles-retul.jpg","contentUrl":"https:\/\/www.cycles-blain.com\/fr\/wp-content\/uploads\/2026\/03\/semelles-retul.jpg","width":600,"height":400},{"@type":"BreadcrumbList","@id":"https:\/\/www.cycles-blain.com\/fr\/sante-velo\/semelles-velos-thermoformees-retul-sur-mesure\/#breadcrumb","itemListElement":[{"@type":"ListItem","position":1,"name":"Accueil","item":"https:\/\/www.cycles-blain.com\/fr\/"},{"@type":"ListItem","position":2,"name":"Cr\u00e9ation de Semelles v\u00e9los Thermoform\u00e9es RET\u00dcL sur mesure"}]},{"@type":"WebSite","@id":"https:\/\/www.cycles-blain.com\/fr\/#website","url":"https:\/\/www.cycles-blain.com\/fr\/","name":"CyclesBlain - Magasins de v\u00e9los, accessoires et ateliers","description":"Blog Cycles Blain","publisher":{"@id":"https:\/\/www.cycles-blain.com\/fr\/#organization"},"potentialAction":[{"@type":"SearchAction","target":{"@type":"EntryPoint","urlTemplate":"https:\/\/www.cycles-blain.com\/fr\/?s={search_term_string}"},"query-input":{"@type":"PropertyValueSpecification","valueRequired":true,"valueName":"search_term_string"}}],"inLanguage":"fr-FR"},{"@type":"Organization","@id":"https:\/\/www.cycles-blain.com\/fr\/#organization","name":"CyclesBlain - Magasins de v\u00e9los, accessoires et ateliers","url":"https:\/\/www.cycles-blain.com\/fr\/","logo":{"@type":"ImageObject","inLanguage":"fr-FR","@id":"https:\/\/www.cycles-blain.com\/fr\/#\/schema\/logo\/image\/","url":"https:\/\/www.cycles-blain.com\/fr\/wp-content\/uploads\/2023\/10\/logo-cycles-blain.jpeg","contentUrl":"https:\/\/www.cycles-blain.com\/fr\/wp-content\/uploads\/2023\/10\/logo-cycles-blain.jpeg","width":264,"height":191,"caption":"CyclesBlain - Magasins de v\u00e9los, accessoires et ateliers"},"image":{"@id":"https:\/\/www.cycles-blain.com\/fr\/#\/schema\/logo\/image\/"},"sameAs":["https:\/\/www.facebook.com\/cyclesblain\/?locale=fr_FR","https:\/\/www.instagram.com\/cycles_blain\/?hl=fr"]},{"@type":"Person","@id":"https:\/\/www.cycles-blain.com\/fr\/#\/schema\/person\/6fb8bad852fde893fb61b7b05936af37","name":"Gueweb","image":{"@type":"ImageObject","inLanguage":"fr-FR","@id":"https:\/\/secure.gravatar.com\/avatar\/52550bc594eb074508114b963209b157358b27e5a0319de1bb723df3f760ca2d?s=96&d=mm&r=g","url":"https:\/\/secure.gravatar.com\/avatar\/52550bc594eb074508114b963209b157358b27e5a0319de1bb723df3f760ca2d?s=96&d=mm&r=g","contentUrl":"https:\/\/secure.gravatar.com\/avatar\/52550bc594eb074508114b963209b157358b27e5a0319de1bb723df3f760ca2d?s=96&d=mm&r=g","caption":"Gueweb"},"sameAs":["https:\/\/www.cycles-blain.com\/\/fr"],"url":"https:\/\/www.cycles-blain.com\/fr\/author\/gueweb\/"}]}},"_links":{"self":[{"href":"https:\/\/www.cycles-blain.com\/fr\/wp-json\/wp\/v2\/posts\/20910","targetHints":{"allow":["GET"]}}],"collection":[{"href":"https:\/\/www.cycles-blain.com\/fr\/wp-json\/wp\/v2\/posts"}],"about":[{"href":"https:\/\/www.cycles-blain.com\/fr\/wp-json\/wp\/v2\/types\/post"}],"author":[{"embeddable":true,"href":"https:\/\/www.cycles-blain.com\/fr\/wp-json\/wp\/v2\/users\/1"}],"replies":[{"embeddable":true,"href":"https:\/\/www.cycles-blain.com\/fr\/wp-json\/wp\/v2\/comments?post=20910"}],"version-history":[{"count":32,"href":"https:\/\/www.cycles-blain.com\/fr\/wp-json\/wp\/v2\/posts\/20910\/revisions"}],"predecessor-version":[{"id":21039,"href":"https:\/\/www.cycles-blain.com\/fr\/wp-json\/wp\/v2\/posts\/20910\/revisions\/21039"}],"wp:featuredmedia":[{"embeddable":true,"href":"https:\/\/www.cycles-blain.com\/fr\/wp-json\/wp\/v2\/media\/21125"}],"wp:attachment":[{"href":"https:\/\/www.cycles-blain.com\/fr\/wp-json\/wp\/v2\/media?parent=20910"}],"wp:term":[{"taxonomy":"category","embeddable":true,"href":"https:\/\/www.cycles-blain.com\/fr\/wp-json\/wp\/v2\/categories?post=20910"},{"taxonomy":"post_tag","embeddable":true,"href":"https:\/\/www.cycles-blain.com\/fr\/wp-json\/wp\/v2\/tags?post=20910"}],"curies":[{"name":"wp","href":"https:\/\/api.w.org\/{rel}","templated":true}]}}