{"id":21090,"date":"2026-04-09T09:11:49","date_gmt":"2026-04-09T07:11:49","guid":{"rendered":"https:\/\/www.cycles-blain.com\/fr\/?p=21090"},"modified":"2026-04-16T12:30:06","modified_gmt":"2026-04-16T10:30:06","slug":"cycles-blain-present-a-la-grande-braderie-oullins-2026","status":"publish","type":"post","link":"https:\/\/www.cycles-blain.com\/fr\/magasins-velo\/cycles-blain-present-a-la-grande-braderie-oullins-2026\/","title":{"rendered":"Cycles Blain pr\u00e9sent \u00e0 la grande braderie d\u2019Oullins !"},"content":{"rendered":"\t\t<div data-elementor-type=\"wp-post\" data-elementor-id=\"21090\" class=\"elementor elementor-21090\" data-elementor-post-type=\"post\">\n\t\t\t\t<div class=\"elementor-element elementor-element-161010f e-flex e-con-boxed e-con e-parent\" data-id=\"161010f\" data-element_type=\"container\" data-e-type=\"container\">\n\t\t\t\t\t<div class=\"e-con-inner\">\n\t\t\t\t<div class=\"elementor-element elementor-element-3ab4562 elementor-widget elementor-widget-heading\" data-id=\"3ab4562\" data-element_type=\"widget\" data-e-type=\"widget\" data-widget_type=\"heading.default\">\n\t\t\t\t<div class=\"elementor-widget-container\">\n\t\t\t\t\t<h3 class=\"elementor-heading-title elementor-size-default\">Cycles Blain aux Printani\u00e8res d\u2019Oullins 2026 : tests, nouveaut\u00e9s et offres exceptionnelles !<\/h3>\t\t\t\t<\/div>\n\t\t\t\t<\/div>\n\t\t\t\t\t<\/div>\n\t\t\t\t<\/div>\n\t\t<div class=\"elementor-element elementor-element-dfe87f4 e-flex e-con-boxed e-con e-parent\" data-id=\"dfe87f4\" data-element_type=\"container\" data-e-type=\"container\">\n\t\t\t\t\t<div class=\"e-con-inner\">\n\t\t\t\t<div class=\"elementor-element elementor-element-a3f2a56 elementor-widget elementor-widget-text-editor\" data-id=\"a3f2a56\" data-element_type=\"widget\" data-e-type=\"widget\" data-widget_type=\"text-editor.default\">\n\t\t\t\t<div class=\"elementor-widget-container\">\n\t\t\t\t\t\t\t\t\t<p data-start=\"143\" data-end=\"450\">Le<strong> 25 avril 2026<\/strong>, la Grande Rue d\u2019Oullins, entre la rue Pierre Semard et la rue de la Camille, deviendra enti\u00e8rement pi\u00e9tonne \u00e0 l\u2019occasion de la <strong>26\u1d49 \u00e9dition des Printani\u00e8res<\/strong>. Une tradition incontournable depuis 1974, organis\u00e9e par la Ville d\u2019Oullins en partenariat avec l\u2019association Oullins Centre Ville.<\/p>\n<p data-start=\"452\" data-end=\"614\"><strong>Cycles Blain sera une nouvelle fois au rendez-vous<\/strong>, avec un stand install\u00e9 devant le&nbsp;<a href=\"https:\/\/www.cycles-blain.com\/content\/15-magasin-velos-oullins\" target=\"_blank\">magasin d&rsquo;Oullins<\/a>\u2026 et, comme chaque ann\u00e9e, de belles surprises vous attendent ! <img decoding=\"async\" draggable=\"false\" role=\"img\" class=\"emoji\" alt=\"\ud83d\udeb4\u200d\u2642\ufe0f\" src=\"https:\/\/s.w.org\/images\/core\/emoji\/17.0.2\/svg\/1f6b4-200d-2642-fe0f.svg\"><\/p>\t\t\t\t\t\t\t\t<\/div>\n\t\t\t\t<\/div>\n\t\t\t\t\t<\/div>\n\t\t\t\t<\/div>\n\t\t<div class=\"elementor-element elementor-element-1676471 e-flex e-con-boxed e-con e-parent\" data-id=\"1676471\" data-element_type=\"container\" data-e-type=\"container\">\n\t\t\t\t\t<div class=\"e-con-inner\">\n\t\t\t\t<div class=\"elementor-element elementor-element-f23f1ca elementor-widget elementor-widget-heading\" data-id=\"f23f1ca\" data-element_type=\"widget\" data-e-type=\"widget\" data-widget_type=\"heading.default\">\n\t\t\t\t<div class=\"elementor-widget-container\">\n\t\t\t\t\t<h3 class=\"elementor-heading-title elementor-size-default\">\ud83d\udc40A retrouver sur notre stand<\/h3>\t\t\t\t<\/div>\n\t\t\t\t<\/div>\n\t\t\t\t\t<\/div>\n\t\t\t\t<\/div>\n\t\t<div class=\"elementor-element elementor-element-3b9d8e7 e-flex e-con-boxed e-con e-parent\" data-id=\"3b9d8e7\" data-element_type=\"container\" data-e-type=\"container\">\n\t\t\t\t\t<div class=\"e-con-inner\">\n\t\t\t\t<div class=\"elementor-element elementor-element-e0757df elementor-widget elementor-widget-text-editor\" data-id=\"e0757df\" data-element_type=\"widget\" data-e-type=\"widget\" data-widget_type=\"text-editor.default\">\n\t\t\t\t<div class=\"elementor-widget-container\">\n\t\t\t\t\t\t\t\t\t<ul>\n<li><span style=\"text-decoration: underline;\"><strong><a href=\"https:\/\/www.cycles-blain.com\/14-velo-electrique\" target=\"_blank\">Test V\u00e9los \u00c9lectriques<\/a>&nbsp;:<\/strong><\/span>&nbsp;Profitez de l\u2019\u00e9v\u00e9nement pour tester diff\u00e9rents mod\u00e8les directement sur place. C\u2019est l\u2019occasion id\u00e9ale de d\u00e9couvrir les sensations, poser vos questions et trouver le v\u00e9lo qui correspond \u00e0 vos besoins, accompagn\u00e9 par nos experts.<\/li>\n<li><span style=\"text-decoration: underline;\"><strong>D\u00e9couvrez les v\u00e9los cargo&nbsp;<a href=\"#essai\" target=\"_blank\">(sur inscription)<\/a>&nbsp;: <\/strong><\/span>Suite au succ\u00e8s de l\u2019ann\u00e9e derni\u00e8re, les essais de&nbsp;<a href=\"https:\/\/www.cycles-blain.com\/32-velo-cargo-electrique\" target=\"_blank\">v\u00e9los cargo<\/a>&nbsp;font leur grand retour ! Id\u00e9als pour les d\u00e9placements du quotidien ou en famille, ils seront de nouveau disponibles \u00e0 l\u2019essai, sur inscription, afin de vous garantir une exp\u00e9rience personnalis\u00e9e et dans les meilleures conditions. Retrouvez des mod\u00e8les phares des marques <a href=\"https:\/\/www.cycles-blain.com\/8-velo-neufs?q=Marque-Yuba\" target=\"_blank\" rel=\"noopener\">YUBA<\/a>, <a href=\"https:\/\/www.cycles-blain.com\/8-velo-neufs?q=Marque-Moustache\" target=\"_blank\" rel=\"noopener\">MOUSTACHE<\/a> ou encore <a href=\"https:\/\/www.cycles-blain.com\/8-velo-neufs?q=Marque-Cube\" target=\"_blank\" rel=\"noopener\">CUBE<\/a>, afin de trouver LE v\u00e9lo qu&rsquo;il vous faut.<\/li>\n<li><span style=\"text-decoration: underline;\"><strong>Des offres exceptionnelles sur les anciennes collections:<\/strong><\/span> jusqu\u2019\u00e0 -50 % de r\u00e9duction sur une s\u00e9lection d&rsquo;<a href=\"https:\/\/www.cycles-blain.com\/4-accessoires-velo\" target=\"_blank\">accessoires v\u00e9los<\/a>&nbsp;et&nbsp;<a href=\"https:\/\/www.cycles-blain.com\/88-equipement-cycliste\" target=\"_blank\">\u00e9quipements cyclistes<\/a>&nbsp;pour toute la famille : textiles urbains,&nbsp;<a href=\"https:\/\/www.cycles-blain.com\/99-casque-velo\" target=\"_blank\">casques<\/a>,&nbsp;<a href=\"https:\/\/www.cycles-blain.com\/91-bagage-velo\" target=\"_blank\">sacoches<\/a>,&nbsp;<a href=\"https:\/\/www.cycles-blain.com\/131-eclairage-velo\" target=\"_blank\">\u00e9clairages<\/a>\u2026 et d\u2019autres surprises \u00e0 d\u00e9couvrir sur place !<br data-start=\"575\" data-end=\"578\">\u00c9quipez-vous \u00e0 prix r\u00e9duit, c\u2019est le moment !<\/li>\n<\/ul>\t\t\t\t\t\t\t\t<\/div>\n\t\t\t\t<\/div>\n\t\t\t\t<div class=\"elementor-element elementor-element-68c3066 elementor-align-center elementor-widget elementor-widget-button\" data-id=\"68c3066\" data-element_type=\"widget\" data-e-type=\"widget\" data-widget_type=\"button.default\">\n\t\t\t\t<div class=\"elementor-widget-container\">\n\t\t\t\t\t\t\t\t\t<div class=\"elementor-button-wrapper\">\n\t\t\t\t\t<a class=\"elementor-button elementor-button-link elementor-size-sm\" href=\"#essai\">\n\t\t\t\t\t\t<span class=\"elementor-button-content-wrapper\">\n\t\t\t\t\t\t\t\t\t<span class=\"elementor-button-text\">Je m'inscris aux essais de v\u00e9los<\/span>\n\t\t\t\t\t<\/span>\n\t\t\t\t\t<\/a>\n\t\t\t\t<\/div>\n\t\t\t\t\t\t\t\t<\/div>\n\t\t\t\t<\/div>\n\t\t\t\t\t<\/div>\n\t\t\t\t<\/div>\n\t\t<div class=\"elementor-element elementor-element-ff9c049 e-flex e-con-boxed e-con e-parent\" data-id=\"ff9c049\" data-element_type=\"container\" data-e-type=\"container\">\n\t\t\t\t\t<div class=\"e-con-inner\">\n\t\t\t\t<div class=\"elementor-element elementor-element-cedac8f elementor-widget elementor-widget-heading\" data-id=\"cedac8f\" data-element_type=\"widget\" data-e-type=\"widget\" data-widget_type=\"heading.default\">\n\t\t\t\t<div class=\"elementor-widget-container\">\n\t\t\t\t\t<h3 class=\"elementor-heading-title elementor-size-default\"><img decoding=\"async\" role=\"img\" class=\"emoji\" alt=\"\ud83e\uddd0\" src=\"https:\/\/s.w.org\/images\/core\/emoji\/17.0.2\/svg\/1f9d0.svg\">En r\u00e9sumer : pourquoi venir \u00e0 la braderie ?<\/h3>\t\t\t\t<\/div>\n\t\t\t\t<\/div>\n\t\t\t\t\t<\/div>\n\t\t\t\t<\/div>\n\t\t<div class=\"elementor-element elementor-element-ef0d174 e-flex e-con-boxed e-con e-parent\" data-id=\"ef0d174\" data-element_type=\"container\" data-e-type=\"container\">\n\t\t\t\t\t<div class=\"e-con-inner\">\n\t\t\t\t<div class=\"elementor-element elementor-element-ef3544a elementor-widget elementor-widget-text-editor\" data-id=\"ef3544a\" data-element_type=\"widget\" data-e-type=\"widget\" data-widget_type=\"text-editor.default\">\n\t\t\t\t<div class=\"elementor-widget-container\">\n\t\t\t\t\t\t\t\t\t<p>Les Printani\u00e8res d\u2019Oullins, c\u2019est l\u2019occasion id\u00e9ale de vivre une journ\u00e9e 100 % v\u00e9lo:<\/p><p>\ud83d\udeb4\ud83c\udffc<strong>Tester<\/strong>\u00a0nos v\u00e9los en conditions r\u00e9elles avec l\u2019aide de nos vendeurs passionn\u00e9s, afin de trouver celui qui vous correspond.<\/p><p>\ud83d\udca1<strong>D\u00e9couvrir et apprendre<\/strong> : conseils pratiques, astuces et bonnes id\u00e9es pour vos trajets quotidiens.<\/p><p>\ud83d\udecd\ufe0fFaire le plein de <strong>bonnes affaires<\/strong> avec nos textiles v\u00e9lo \u00e0 prix r\u00e9duit.<\/p><p>\u2600\ufe0fProfiter d\u2019une <strong>ambiance conviviale<\/strong> et rencontrer d\u2019autres passionn\u00e9s de v\u00e9lo.<\/p>\t\t\t\t\t\t\t\t<\/div>\n\t\t\t\t<\/div>\n\t\t\t\t<div class=\"elementor-element elementor-element-7bfef01 elementor-widget elementor-widget-heading\" data-id=\"7bfef01\" data-element_type=\"widget\" data-e-type=\"widget\" data-widget_type=\"heading.default\">\n\t\t\t\t<div class=\"elementor-widget-container\">\n\t\t\t\t\t<h4 class=\"elementor-heading-title elementor-size-default\">Informations pratiques<\/h4>\t\t\t\t<\/div>\n\t\t\t\t<\/div>\n\t\t\t\t\t<\/div>\n\t\t\t\t<\/div>\n\t\t<div class=\"elementor-element elementor-element-18cedd6 e-flex e-con-boxed e-con e-parent\" data-id=\"18cedd6\" data-element_type=\"container\" data-e-type=\"container\">\n\t\t\t\t\t<div class=\"e-con-inner\">\n\t\t\t\t<div class=\"elementor-element elementor-element-14628b4 elementor-widget elementor-widget-text-editor\" data-id=\"14628b4\" data-element_type=\"widget\" data-e-type=\"widget\" data-widget_type=\"text-editor.default\">\n\t\t\t\t<div class=\"elementor-widget-container\">\n\t\t\t\t\t\t\t\t\t<p><strong>Date<\/strong>: 25 avril 2026<\/p><p><strong>Lieu<\/strong>: Grande Rue de Oullins (entre les rue Pierre S\u00e9mard et de la Camille)<\/p><p><strong>Horaire<\/strong>: 10h-18h<\/p><p>Inscrivez vous ci dessous pour tester nos v\u00e9los cargo !<\/p>\t\t\t\t\t\t\t\t<\/div>\n\t\t\t\t<\/div>\n\t\t\t\t<div class=\"elementor-element elementor-element-7bdceb2 elementor-widget elementor-widget-menu-anchor\" data-id=\"7bdceb2\" data-element_type=\"widget\" data-e-type=\"widget\" data-widget_type=\"menu-anchor.default\">\n\t\t\t\t<div class=\"elementor-widget-container\">\n\t\t\t\t\t\t\t<div class=\"elementor-menu-anchor\" id=\"essai\"><\/div>\n\t\t\t\t\t\t<\/div>\n\t\t\t\t<\/div>\n\t\t\t\t<div class=\"elementor-element elementor-element-6f1ed26 elementor-widget elementor-widget-heading\" data-id=\"6f1ed26\" data-element_type=\"widget\" data-e-type=\"widget\" data-widget_type=\"heading.default\">\n\t\t\t\t<div class=\"elementor-widget-container\">\n\t\t\t\t\t<h3 class=\"elementor-heading-title elementor-size-default\">Inscription pour un essai de v\u00e9lo<\/h3>\t\t\t\t<\/div>\n\t\t\t\t<\/div>\n\t\t\t\t\t<\/div>\n\t\t\t\t<\/div>\n\t\t<div class=\"elementor-element elementor-element-6405bd8 e-flex e-con-boxed e-con e-parent\" data-id=\"6405bd8\" data-element_type=\"container\" data-e-type=\"container\">\n\t\t\t\t\t<div class=\"e-con-inner\">\n\t\t\t\t<div class=\"elementor-element elementor-element-381a949 elementor-button-align-stretch elementor-widget elementor-widget-form\" data-id=\"381a949\" data-element_type=\"widget\" data-e-type=\"widget\" data-settings=\"{&quot;step_next_label&quot;:&quot;Suivant&quot;,&quot;step_previous_label&quot;:&quot;Pr\\u00e9c\\u00e9dent&quot;,&quot;button_width&quot;:&quot;100&quot;,&quot;step_type&quot;:&quot;number_text&quot;,&quot;step_icon_shape&quot;:&quot;circle&quot;}\" data-widget_type=\"form.default\">\n\t\t\t\t<div class=\"elementor-widget-container\">\n\t\t\t\t\t\t\t<form class=\"elementor-form\" method=\"post\" name=\"essai-braderie0426\" aria-label=\"essai-braderie0426\">\n\t\t\t<input type=\"hidden\" name=\"post_id\" value=\"21090\"\/>\n\t\t\t<input type=\"hidden\" name=\"form_id\" value=\"381a949\"\/>\n\t\t\t<input type=\"hidden\" name=\"referer_title\" value=\"CyclesBlain &#8211; Magasins de v\u00e9los, accessoires et ateliers\" \/>\n\n\t\t\t\n\t\t\t<div class=\"elementor-form-fields-wrapper elementor-labels-above\">\n\t\t\t\t\t\t\t\t<div class=\"elementor-field-type-text elementor-field-group elementor-column elementor-field-group-nom elementor-col-100 elementor-field-required elementor-mark-required\">\n\t\t\t\t\t\t\t\t\t\t\t\t<label for=\"form-field-nom\" class=\"elementor-field-label\">\n\t\t\t\t\t\t\t\tNom\t\t\t\t\t\t\t<\/label>\n\t\t\t\t\t\t\t\t\t\t\t\t\t\t<input size=\"1\" type=\"text\" name=\"form_fields[nom]\" id=\"form-field-nom\" class=\"elementor-field elementor-size-sm  elementor-field-textual\" placeholder=\"Nom\" required=\"required\">\n\t\t\t\t\t\t\t\t\t\t\t<\/div>\n\t\t\t\t\t\t\t\t<div class=\"elementor-field-type-text elementor-field-group elementor-column elementor-field-group-prenom elementor-col-100 elementor-field-required elementor-mark-required\">\n\t\t\t\t\t\t\t\t\t\t\t\t<label for=\"form-field-prenom\" class=\"elementor-field-label\">\n\t\t\t\t\t\t\t\tPr\u00e9nom\t\t\t\t\t\t\t<\/label>\n\t\t\t\t\t\t\t\t\t\t\t\t\t\t<input size=\"1\" type=\"text\" name=\"form_fields[prenom]\" id=\"form-field-prenom\" class=\"elementor-field elementor-size-sm  elementor-field-textual\" placeholder=\"Pr\u00e9nom\" required=\"required\">\n\t\t\t\t\t\t\t\t\t\t\t<\/div>\n\t\t\t\t\t\t\t\t<div class=\"elementor-field-type-email elementor-field-group elementor-column elementor-field-group-email elementor-col-100 elementor-field-required elementor-mark-required\">\n\t\t\t\t\t\t\t\t\t\t\t\t<label for=\"form-field-email\" class=\"elementor-field-label\">\n\t\t\t\t\t\t\t\tE-mail\t\t\t\t\t\t\t<\/label>\n\t\t\t\t\t\t\t\t\t\t\t\t\t\t<input size=\"1\" type=\"email\" name=\"form_fields[email]\" id=\"form-field-email\" class=\"elementor-field elementor-size-sm  elementor-field-textual\" placeholder=\"E-mail\" required=\"required\">\n\t\t\t\t\t\t\t\t\t\t\t<\/div>\n\t\t\t\t\t\t\t\t<div class=\"elementor-field-type-tel elementor-field-group elementor-column elementor-field-group-tel elementor-col-100 elementor-field-required elementor-mark-required\">\n\t\t\t\t\t\t\t\t\t\t\t\t<label for=\"form-field-tel\" class=\"elementor-field-label\">\n\t\t\t\t\t\t\t\tNum\u00e9ro de t\u00e9l\u00e9phone\t\t\t\t\t\t\t<\/label>\n\t\t\t\t\t\t\t\t<input size=\"1\" type=\"tel\" name=\"form_fields[tel]\" id=\"form-field-tel\" class=\"elementor-field elementor-size-sm  elementor-field-textual\" required=\"required\" pattern=\"[0-9()#&amp;+*-=.]+\" title=\"Seuls les caract\u00e8res de num\u00e9ros de t\u00e9l\u00e9phone (#, -, *, etc.) sont accept\u00e9s.\">\n\n\t\t\t\t\t\t<\/div>\n\t\t\t\t\t\t\t\t<div class=\"elementor-field-type-radio elementor-field-group elementor-column elementor-field-group-essai elementor-col-100 elementor-field-required elementor-mark-required\">\n\t\t\t\t\t\t\t\t\t\t\t\t<label for=\"form-field-essai\" class=\"elementor-field-label\">\n\t\t\t\t\t\t\t\tVotre demande d'essai concerne :\t\t\t\t\t\t\t<\/label>\n\t\t\t\t\t\t<div class=\"elementor-field-subgroup  \"><span class=\"elementor-field-option\"><input type=\"radio\" value=\"Je souhaite essayer un v\u00e9lo CARGO\" id=\"form-field-essai-0\" name=\"form_fields[essai]\" required=\"required\"> <label for=\"form-field-essai-0\">Je souhaite essayer un v\u00e9lo CARGO<\/label><\/span><span class=\"elementor-field-option\"><input type=\"radio\" value=\"Je souhaite essayer un v\u00e9lo \u00e9lectrique URBAIN\" id=\"form-field-essai-1\" name=\"form_fields[essai]\" required=\"required\"> <label for=\"form-field-essai-1\">Je souhaite essayer un v\u00e9lo \u00e9lectrique URBAIN<\/label><\/span><span class=\"elementor-field-option\"><input type=\"radio\" value=\"Je souhaite essayer un VTC \u00e9lecrique\" id=\"form-field-essai-2\" name=\"form_fields[essai]\" required=\"required\"> <label for=\"form-field-essai-2\">Je souhaite essayer un VTC \u00e9lecrique<\/label><\/span><span class=\"elementor-field-option\"><input type=\"radio\" value=\"Je souhaite essayer un VTT \u00e9lectrique\" id=\"form-field-essai-3\" name=\"form_fields[essai]\" required=\"required\"> <label for=\"form-field-essai-3\">Je souhaite essayer un VTT \u00e9lectrique<\/label><\/span><span class=\"elementor-field-option\"><input type=\"radio\" value=\"Autre\" id=\"form-field-essai-4\" name=\"form_fields[essai]\" required=\"required\"> <label for=\"form-field-essai-4\">Autre<\/label><\/span><\/div>\t\t\t\t<\/div>\n\t\t\t\t\t\t\t\t<div class=\"elementor-field-type-checkbox elementor-field-group elementor-column elementor-field-group-newsletter elementor-col-100\">\n\t\t\t\t\t\t\t\t\t\t\t\t<label for=\"form-field-newsletter\" class=\"elementor-field-label\">\n\t\t\t\t\t\t\t\tNewsletter CYCLES BLAIN : Promos et actualit\u00e9s\t\t\t\t\t\t\t<\/label>\n\t\t\t\t\t\t<div class=\"elementor-field-subgroup  \"><span class=\"elementor-field-option\"><input type=\"checkbox\" value=\"Je m&#039;inscris \u00e0 la Newsletter Mensuelle\" id=\"form-field-newsletter-0\" name=\"form_fields[newsletter]\"> <label for=\"form-field-newsletter-0\">Je m'inscris \u00e0 la Newsletter Mensuelle<\/label><\/span><\/div>\t\t\t\t<\/div>\n\t\t\t\t\t\t\t\t<div class=\"elementor-field-type-acceptance elementor-field-group elementor-column elementor-field-group-rgpd elementor-col-100 elementor-field-required elementor-mark-required\">\n\t\t\t\t\t\t\t\t\t\t\t\t<label for=\"form-field-rgpd\" class=\"elementor-field-label\">\n\t\t\t\t\t\t\t\tTraitement de vos donn\u00e9es personnelles\t\t\t\t\t\t\t<\/label>\n\t\t\t\t\t\t\t\t<div class=\"elementor-field-subgroup\">\n\t\t\t<span class=\"elementor-field-option\">\n\t\t\t\t<input type=\"checkbox\" name=\"form_fields[rgpd]\" id=\"form-field-rgpd\" class=\"elementor-field elementor-size-sm  elementor-acceptance-field\" required=\"required\">\n\t\t\t\t<label for=\"form-field-rgpd\">En cochant cette case vous admettez \u00eatre en accord avec notre politique de confidentialit\u00e9, les informations personnelles r\u00e9colt\u00e9es seront utilis\u00e9es dans le cadre de votre demande avec Cycles Blain.<\/label>\t\t\t<\/span>\n\t\t<\/div>\n\t\t\t\t\t\t<\/div>\n\t\t\t\t\t\t\t\t<div class=\"elementor-field-group elementor-column elementor-field-type-submit elementor-col-100 e-form__buttons\">\n\t\t\t\t\t<button class=\"elementor-button elementor-size-sm\" type=\"submit\">\n\t\t\t\t\t\t<span class=\"elementor-button-content-wrapper\">\n\t\t\t\t\t\t\t\t\t\t\t\t\t\t\t\t\t\t\t\t\t\t<span class=\"elementor-button-text\">Envoyer<\/span>\n\t\t\t\t\t\t\t\t\t\t\t\t\t<\/span>\n\t\t\t\t\t<\/button>\n\t\t\t\t<\/div>\n\t\t\t<\/div>\n\t\t<\/form>\n\t\t\t\t\t\t<\/div>\n\t\t\t\t<\/div>\n\t\t\t\t\t<\/div>\n\t\t\t\t<\/div>\n\t\t\t\t<\/div>\n\t\t","protected":false},"excerpt":{"rendered":"<p>Cycles Blain \u00e0 la braderie d\u2019Oullins : essais gratuits, conseils experts et promos exceptionnelles \u00e0 ne pas manquer ! Le 25 Avril 2026<\/p>\n","protected":false},"author":5,"featured_media":21374,"comment_status":"open","ping_status":"open","sticky":false,"template":"","format":"standard","meta":{"site-sidebar-layout":"default","site-content-layout":"","ast-site-content-layout":"default","site-content-style":"default","site-sidebar-style":"default","ast-global-header-display":"","ast-banner-title-visibility":"","ast-main-header-display":"","ast-hfb-above-header-display":"","ast-hfb-below-header-display":"","ast-hfb-mobile-header-display":"","site-post-title":"","ast-breadcrumbs-content":"","ast-featured-img":"","footer-sml-layout":"","theme-transparent-header-meta":"","adv-header-id-meta":"","stick-header-meta":"","header-above-stick-meta":"","header-main-stick-meta":"","header-below-stick-meta":"","astra-migrate-meta-layouts":"set","ast-page-background-enabled":"default","ast-page-background-meta":{"desktop":{"background-color":"","background-image":"","background-repeat":"repeat","background-position":"center center","background-size":"auto","background-attachment":"scroll","background-type":"","background-media":"","overlay-type":"","overlay-color":"","overlay-gradient":""},"tablet":{"background-color":"","background-image":"","background-repeat":"repeat","background-position":"center center","background-size":"auto","background-attachment":"scroll","background-type":"","background-media":"","overlay-type":"","overlay-color":"","overlay-gradient":""},"mobile":{"background-color":"","background-image":"","background-repeat":"repeat","background-position":"center center","background-size":"auto","background-attachment":"scroll","background-type":"","background-media":"","overlay-type":"","overlay-color":"","overlay-gradient":""}},"ast-content-background-meta":{"desktop":{"background-color":"var(--ast-global-color-5)","background-image":"","background-repeat":"repeat","background-position":"center center","background-size":"auto","background-attachment":"scroll","background-type":"","background-media":"","overlay-type":"","overlay-color":"","overlay-gradient":""},"tablet":{"background-color":"var(--ast-global-color-5)","background-image":"","background-repeat":"repeat","background-position":"center center","background-size":"auto","background-attachment":"scroll","background-type":"","background-media":"","overlay-type":"","overlay-color":"","overlay-gradient":""},"mobile":{"background-color":"var(--ast-global-color-5)","background-image":"","background-repeat":"repeat","background-position":"center center","background-size":"auto","background-attachment":"scroll","background-type":"","background-media":"","overlay-type":"","overlay-color":"","overlay-gradient":""}},"footnotes":""},"categories":[6,57,21,80,53],"tags":[],"class_list":["post-21090","post","type-post","status-publish","format-standard","has-post-thumbnail","hentry","category-magasins-velo","category-velo-cargo","category-fun-velo","category-magasin-oullins","category-velo-electrique"],"yoast_head":"<!-- This site is optimized with the Yoast SEO plugin v27.4 - https:\/\/yoast.com\/product\/yoast-seo-wordpress\/ -->\n<title>Cycles Blain pr\u00e9sent \u00e0 la grande braderie d\u2019Oullins ! - Le 25 Avril 2026<\/title>\n<meta name=\"description\" content=\"Cycles Blain \u00e0 la braderie d\u2019Oullins : essais gratuits, conseils experts et promos exceptionnelles \u00e0 ne pas manquer !\" \/>\n<meta name=\"robots\" content=\"index, follow, max-snippet:-1, max-image-preview:large, max-video-preview:-1\" \/>\n<link rel=\"canonical\" href=\"https:\/\/www.cycles-blain.com\/fr\/magasins-velo\/cycles-blain-present-a-la-grande-braderie-oullins-2026\/\" \/>\n<meta property=\"og:locale\" content=\"fr_FR\" \/>\n<meta property=\"og:type\" content=\"article\" \/>\n<meta property=\"og:title\" content=\"Cycles Blain pr\u00e9sent \u00e0 la grande braderie d\u2019Oullins ! - Le 25 Avril 2026\" \/>\n<meta property=\"og:description\" content=\"Cycles Blain \u00e0 la braderie d\u2019Oullins : essais gratuits, conseils experts et promos exceptionnelles \u00e0 ne pas manquer !\" \/>\n<meta property=\"og:url\" content=\"https:\/\/www.cycles-blain.com\/fr\/magasins-velo\/cycles-blain-present-a-la-grande-braderie-oullins-2026\/\" \/>\n<meta property=\"og:site_name\" content=\"CyclesBlain - Magasins de v\u00e9los, accessoires et ateliers\" \/>\n<meta property=\"article:publisher\" content=\"https:\/\/www.facebook.com\/cyclesblain\/?locale=fr_FR\" \/>\n<meta property=\"article:published_time\" content=\"2026-04-09T07:11:49+00:00\" \/>\n<meta property=\"article:modified_time\" content=\"2026-04-16T10:30:06+00:00\" \/>\n<meta property=\"og:image\" content=\"https:\/\/www.cycles-blain.com\/fr\/wp-content\/uploads\/2026\/04\/article-braderie.png\" \/>\n\t<meta property=\"og:image:width\" content=\"600\" \/>\n\t<meta property=\"og:image:height\" content=\"400\" \/>\n\t<meta property=\"og:image:type\" content=\"image\/png\" \/>\n<meta name=\"author\" content=\"Manon\" \/>\n<meta name=\"twitter:card\" content=\"summary_large_image\" \/>\n<meta name=\"twitter:label1\" content=\"\u00c9crit par\" \/>\n\t<meta name=\"twitter:data1\" content=\"Manon\" \/>\n\t<meta name=\"twitter:label2\" content=\"Dur\u00e9e de lecture estim\u00e9e\" \/>\n\t<meta name=\"twitter:data2\" content=\"3 minutes\" \/>\n<script type=\"application\/ld+json\" class=\"yoast-schema-graph\">{\"@context\":\"https:\\\/\\\/schema.org\",\"@graph\":[{\"@type\":\"Article\",\"@id\":\"https:\\\/\\\/www.cycles-blain.com\\\/fr\\\/magasins-velo\\\/cycles-blain-present-a-la-grande-braderie-oullins-2026\\\/#article\",\"isPartOf\":{\"@id\":\"https:\\\/\\\/www.cycles-blain.com\\\/fr\\\/magasins-velo\\\/cycles-blain-present-a-la-grande-braderie-oullins-2026\\\/\"},\"author\":{\"name\":\"Manon\",\"@id\":\"https:\\\/\\\/www.cycles-blain.com\\\/fr\\\/#\\\/schema\\\/person\\\/f82a8c0c551dfc1b1a6ac68605ac9d3f\"},\"headline\":\"Cycles Blain pr\u00e9sent \u00e0 la grande braderie d\u2019Oullins !\",\"datePublished\":\"2026-04-09T07:11:49+00:00\",\"dateModified\":\"2026-04-16T10:30:06+00:00\",\"mainEntityOfPage\":{\"@id\":\"https:\\\/\\\/www.cycles-blain.com\\\/fr\\\/magasins-velo\\\/cycles-blain-present-a-la-grande-braderie-oullins-2026\\\/\"},\"wordCount\":432,\"commentCount\":0,\"publisher\":{\"@id\":\"https:\\\/\\\/www.cycles-blain.com\\\/fr\\\/#organization\"},\"image\":{\"@id\":\"https:\\\/\\\/www.cycles-blain.com\\\/fr\\\/magasins-velo\\\/cycles-blain-present-a-la-grande-braderie-oullins-2026\\\/#primaryimage\"},\"thumbnailUrl\":\"https:\\\/\\\/www.cycles-blain.com\\\/fr\\\/wp-content\\\/uploads\\\/2026\\\/04\\\/article-braderie.png\",\"articleSection\":[\"Actus Magasins\",\"Cargo\",\"Fun\",\"Magasin-Oullins\",\"V\u00e9lo Electrique\"],\"inLanguage\":\"fr-FR\",\"potentialAction\":[{\"@type\":\"CommentAction\",\"name\":\"Comment\",\"target\":[\"https:\\\/\\\/www.cycles-blain.com\\\/fr\\\/magasins-velo\\\/cycles-blain-present-a-la-grande-braderie-oullins-2026\\\/#respond\"]}]},{\"@type\":\"WebPage\",\"@id\":\"https:\\\/\\\/www.cycles-blain.com\\\/fr\\\/magasins-velo\\\/cycles-blain-present-a-la-grande-braderie-oullins-2026\\\/\",\"url\":\"https:\\\/\\\/www.cycles-blain.com\\\/fr\\\/magasins-velo\\\/cycles-blain-present-a-la-grande-braderie-oullins-2026\\\/\",\"name\":\"Cycles Blain pr\u00e9sent \u00e0 la grande braderie d\u2019Oullins ! - Le 25 Avril 2026\",\"isPartOf\":{\"@id\":\"https:\\\/\\\/www.cycles-blain.com\\\/fr\\\/#website\"},\"primaryImageOfPage\":{\"@id\":\"https:\\\/\\\/www.cycles-blain.com\\\/fr\\\/magasins-velo\\\/cycles-blain-present-a-la-grande-braderie-oullins-2026\\\/#primaryimage\"},\"image\":{\"@id\":\"https:\\\/\\\/www.cycles-blain.com\\\/fr\\\/magasins-velo\\\/cycles-blain-present-a-la-grande-braderie-oullins-2026\\\/#primaryimage\"},\"thumbnailUrl\":\"https:\\\/\\\/www.cycles-blain.com\\\/fr\\\/wp-content\\\/uploads\\\/2026\\\/04\\\/article-braderie.png\",\"datePublished\":\"2026-04-09T07:11:49+00:00\",\"dateModified\":\"2026-04-16T10:30:06+00:00\",\"description\":\"Cycles Blain \u00e0 la braderie d\u2019Oullins : essais gratuits, conseils experts et promos exceptionnelles \u00e0 ne pas manquer !\",\"breadcrumb\":{\"@id\":\"https:\\\/\\\/www.cycles-blain.com\\\/fr\\\/magasins-velo\\\/cycles-blain-present-a-la-grande-braderie-oullins-2026\\\/#breadcrumb\"},\"inLanguage\":\"fr-FR\",\"potentialAction\":[{\"@type\":\"ReadAction\",\"target\":[\"https:\\\/\\\/www.cycles-blain.com\\\/fr\\\/magasins-velo\\\/cycles-blain-present-a-la-grande-braderie-oullins-2026\\\/\"]}]},{\"@type\":\"ImageObject\",\"inLanguage\":\"fr-FR\",\"@id\":\"https:\\\/\\\/www.cycles-blain.com\\\/fr\\\/magasins-velo\\\/cycles-blain-present-a-la-grande-braderie-oullins-2026\\\/#primaryimage\",\"url\":\"https:\\\/\\\/www.cycles-blain.com\\\/fr\\\/wp-content\\\/uploads\\\/2026\\\/04\\\/article-braderie.png\",\"contentUrl\":\"https:\\\/\\\/www.cycles-blain.com\\\/fr\\\/wp-content\\\/uploads\\\/2026\\\/04\\\/article-braderie.png\",\"width\":600,\"height\":400},{\"@type\":\"BreadcrumbList\",\"@id\":\"https:\\\/\\\/www.cycles-blain.com\\\/fr\\\/magasins-velo\\\/cycles-blain-present-a-la-grande-braderie-oullins-2026\\\/#breadcrumb\",\"itemListElement\":[{\"@type\":\"ListItem\",\"position\":1,\"name\":\"Accueil\",\"item\":\"https:\\\/\\\/www.cycles-blain.com\\\/fr\\\/\"},{\"@type\":\"ListItem\",\"position\":2,\"name\":\"Cycles Blain pr\u00e9sent \u00e0 la grande braderie d\u2019Oullins !\"}]},{\"@type\":\"WebSite\",\"@id\":\"https:\\\/\\\/www.cycles-blain.com\\\/fr\\\/#website\",\"url\":\"https:\\\/\\\/www.cycles-blain.com\\\/fr\\\/\",\"name\":\"CyclesBlain - Magasins de v\u00e9los, accessoires et ateliers\",\"description\":\"Blog Cycles Blain\",\"publisher\":{\"@id\":\"https:\\\/\\\/www.cycles-blain.com\\\/fr\\\/#organization\"},\"potentialAction\":[{\"@type\":\"SearchAction\",\"target\":{\"@type\":\"EntryPoint\",\"urlTemplate\":\"https:\\\/\\\/www.cycles-blain.com\\\/fr\\\/?s={search_term_string}\"},\"query-input\":{\"@type\":\"PropertyValueSpecification\",\"valueRequired\":true,\"valueName\":\"search_term_string\"}}],\"inLanguage\":\"fr-FR\"},{\"@type\":\"Organization\",\"@id\":\"https:\\\/\\\/www.cycles-blain.com\\\/fr\\\/#organization\",\"name\":\"CyclesBlain - Magasins de v\u00e9los, accessoires et ateliers\",\"url\":\"https:\\\/\\\/www.cycles-blain.com\\\/fr\\\/\",\"logo\":{\"@type\":\"ImageObject\",\"inLanguage\":\"fr-FR\",\"@id\":\"https:\\\/\\\/www.cycles-blain.com\\\/fr\\\/#\\\/schema\\\/logo\\\/image\\\/\",\"url\":\"https:\\\/\\\/www.cycles-blain.com\\\/fr\\\/wp-content\\\/uploads\\\/2023\\\/10\\\/logo-cycles-blain.jpeg\",\"contentUrl\":\"https:\\\/\\\/www.cycles-blain.com\\\/fr\\\/wp-content\\\/uploads\\\/2023\\\/10\\\/logo-cycles-blain.jpeg\",\"width\":264,\"height\":191,\"caption\":\"CyclesBlain - Magasins de v\u00e9los, accessoires et ateliers\"},\"image\":{\"@id\":\"https:\\\/\\\/www.cycles-blain.com\\\/fr\\\/#\\\/schema\\\/logo\\\/image\\\/\"},\"sameAs\":[\"https:\\\/\\\/www.facebook.com\\\/cyclesblain\\\/?locale=fr_FR\",\"https:\\\/\\\/www.instagram.com\\\/cycles_blain\\\/?hl=fr\"]},{\"@type\":\"Person\",\"@id\":\"https:\\\/\\\/www.cycles-blain.com\\\/fr\\\/#\\\/schema\\\/person\\\/f82a8c0c551dfc1b1a6ac68605ac9d3f\",\"name\":\"Manon\",\"image\":{\"@type\":\"ImageObject\",\"inLanguage\":\"fr-FR\",\"@id\":\"https:\\\/\\\/secure.gravatar.com\\\/avatar\\\/de5471c82d19e75ec403090373707e8b781572e44c2e6135042a1e6a16f3b379?s=96&d=mm&r=g\",\"url\":\"https:\\\/\\\/secure.gravatar.com\\\/avatar\\\/de5471c82d19e75ec403090373707e8b781572e44c2e6135042a1e6a16f3b379?s=96&d=mm&r=g\",\"contentUrl\":\"https:\\\/\\\/secure.gravatar.com\\\/avatar\\\/de5471c82d19e75ec403090373707e8b781572e44c2e6135042a1e6a16f3b379?s=96&d=mm&r=g\",\"caption\":\"Manon\"},\"url\":\"https:\\\/\\\/www.cycles-blain.com\\\/fr\\\/author\\\/manon\\\/\"}]}<\/script>\n<!-- \/ Yoast SEO plugin. -->","yoast_head_json":{"title":"Cycles Blain pr\u00e9sent \u00e0 la grande braderie d\u2019Oullins ! - Le 25 Avril 2026","description":"Cycles Blain \u00e0 la braderie d\u2019Oullins : essais gratuits, conseils experts et promos exceptionnelles \u00e0 ne pas manquer !","robots":{"index":"index","follow":"follow","max-snippet":"max-snippet:-1","max-image-preview":"max-image-preview:large","max-video-preview":"max-video-preview:-1"},"canonical":"https:\/\/www.cycles-blain.com\/fr\/magasins-velo\/cycles-blain-present-a-la-grande-braderie-oullins-2026\/","og_locale":"fr_FR","og_type":"article","og_title":"Cycles Blain pr\u00e9sent \u00e0 la grande braderie d\u2019Oullins ! - Le 25 Avril 2026","og_description":"Cycles Blain \u00e0 la braderie d\u2019Oullins : essais gratuits, conseils experts et promos exceptionnelles \u00e0 ne pas manquer !","og_url":"https:\/\/www.cycles-blain.com\/fr\/magasins-velo\/cycles-blain-present-a-la-grande-braderie-oullins-2026\/","og_site_name":"CyclesBlain - Magasins de v\u00e9los, accessoires et ateliers","article_publisher":"https:\/\/www.facebook.com\/cyclesblain\/?locale=fr_FR","article_published_time":"2026-04-09T07:11:49+00:00","article_modified_time":"2026-04-16T10:30:06+00:00","og_image":[{"width":600,"height":400,"url":"https:\/\/www.cycles-blain.com\/fr\/wp-content\/uploads\/2026\/04\/article-braderie.png","type":"image\/png"}],"author":"Manon","twitter_card":"summary_large_image","twitter_misc":{"\u00c9crit par":"Manon","Dur\u00e9e de lecture estim\u00e9e":"3 minutes"},"schema":{"@context":"https:\/\/schema.org","@graph":[{"@type":"Article","@id":"https:\/\/www.cycles-blain.com\/fr\/magasins-velo\/cycles-blain-present-a-la-grande-braderie-oullins-2026\/#article","isPartOf":{"@id":"https:\/\/www.cycles-blain.com\/fr\/magasins-velo\/cycles-blain-present-a-la-grande-braderie-oullins-2026\/"},"author":{"name":"Manon","@id":"https:\/\/www.cycles-blain.com\/fr\/#\/schema\/person\/f82a8c0c551dfc1b1a6ac68605ac9d3f"},"headline":"Cycles Blain pr\u00e9sent \u00e0 la grande braderie d\u2019Oullins !","datePublished":"2026-04-09T07:11:49+00:00","dateModified":"2026-04-16T10:30:06+00:00","mainEntityOfPage":{"@id":"https:\/\/www.cycles-blain.com\/fr\/magasins-velo\/cycles-blain-present-a-la-grande-braderie-oullins-2026\/"},"wordCount":432,"commentCount":0,"publisher":{"@id":"https:\/\/www.cycles-blain.com\/fr\/#organization"},"image":{"@id":"https:\/\/www.cycles-blain.com\/fr\/magasins-velo\/cycles-blain-present-a-la-grande-braderie-oullins-2026\/#primaryimage"},"thumbnailUrl":"https:\/\/www.cycles-blain.com\/fr\/wp-content\/uploads\/2026\/04\/article-braderie.png","articleSection":["Actus Magasins","Cargo","Fun","Magasin-Oullins","V\u00e9lo Electrique"],"inLanguage":"fr-FR","potentialAction":[{"@type":"CommentAction","name":"Comment","target":["https:\/\/www.cycles-blain.com\/fr\/magasins-velo\/cycles-blain-present-a-la-grande-braderie-oullins-2026\/#respond"]}]},{"@type":"WebPage","@id":"https:\/\/www.cycles-blain.com\/fr\/magasins-velo\/cycles-blain-present-a-la-grande-braderie-oullins-2026\/","url":"https:\/\/www.cycles-blain.com\/fr\/magasins-velo\/cycles-blain-present-a-la-grande-braderie-oullins-2026\/","name":"Cycles Blain pr\u00e9sent \u00e0 la grande braderie d\u2019Oullins ! - Le 25 Avril 2026","isPartOf":{"@id":"https:\/\/www.cycles-blain.com\/fr\/#website"},"primaryImageOfPage":{"@id":"https:\/\/www.cycles-blain.com\/fr\/magasins-velo\/cycles-blain-present-a-la-grande-braderie-oullins-2026\/#primaryimage"},"image":{"@id":"https:\/\/www.cycles-blain.com\/fr\/magasins-velo\/cycles-blain-present-a-la-grande-braderie-oullins-2026\/#primaryimage"},"thumbnailUrl":"https:\/\/www.cycles-blain.com\/fr\/wp-content\/uploads\/2026\/04\/article-braderie.png","datePublished":"2026-04-09T07:11:49+00:00","dateModified":"2026-04-16T10:30:06+00:00","description":"Cycles Blain \u00e0 la braderie d\u2019Oullins : essais gratuits, conseils experts et promos exceptionnelles \u00e0 ne pas manquer !","breadcrumb":{"@id":"https:\/\/www.cycles-blain.com\/fr\/magasins-velo\/cycles-blain-present-a-la-grande-braderie-oullins-2026\/#breadcrumb"},"inLanguage":"fr-FR","potentialAction":[{"@type":"ReadAction","target":["https:\/\/www.cycles-blain.com\/fr\/magasins-velo\/cycles-blain-present-a-la-grande-braderie-oullins-2026\/"]}]},{"@type":"ImageObject","inLanguage":"fr-FR","@id":"https:\/\/www.cycles-blain.com\/fr\/magasins-velo\/cycles-blain-present-a-la-grande-braderie-oullins-2026\/#primaryimage","url":"https:\/\/www.cycles-blain.com\/fr\/wp-content\/uploads\/2026\/04\/article-braderie.png","contentUrl":"https:\/\/www.cycles-blain.com\/fr\/wp-content\/uploads\/2026\/04\/article-braderie.png","width":600,"height":400},{"@type":"BreadcrumbList","@id":"https:\/\/www.cycles-blain.com\/fr\/magasins-velo\/cycles-blain-present-a-la-grande-braderie-oullins-2026\/#breadcrumb","itemListElement":[{"@type":"ListItem","position":1,"name":"Accueil","item":"https:\/\/www.cycles-blain.com\/fr\/"},{"@type":"ListItem","position":2,"name":"Cycles Blain pr\u00e9sent \u00e0 la grande braderie d\u2019Oullins !"}]},{"@type":"WebSite","@id":"https:\/\/www.cycles-blain.com\/fr\/#website","url":"https:\/\/www.cycles-blain.com\/fr\/","name":"CyclesBlain - Magasins de v\u00e9los, accessoires et ateliers","description":"Blog Cycles Blain","publisher":{"@id":"https:\/\/www.cycles-blain.com\/fr\/#organization"},"potentialAction":[{"@type":"SearchAction","target":{"@type":"EntryPoint","urlTemplate":"https:\/\/www.cycles-blain.com\/fr\/?s={search_term_string}"},"query-input":{"@type":"PropertyValueSpecification","valueRequired":true,"valueName":"search_term_string"}}],"inLanguage":"fr-FR"},{"@type":"Organization","@id":"https:\/\/www.cycles-blain.com\/fr\/#organization","name":"CyclesBlain - Magasins de v\u00e9los, accessoires et ateliers","url":"https:\/\/www.cycles-blain.com\/fr\/","logo":{"@type":"ImageObject","inLanguage":"fr-FR","@id":"https:\/\/www.cycles-blain.com\/fr\/#\/schema\/logo\/image\/","url":"https:\/\/www.cycles-blain.com\/fr\/wp-content\/uploads\/2023\/10\/logo-cycles-blain.jpeg","contentUrl":"https:\/\/www.cycles-blain.com\/fr\/wp-content\/uploads\/2023\/10\/logo-cycles-blain.jpeg","width":264,"height":191,"caption":"CyclesBlain - Magasins de v\u00e9los, accessoires et ateliers"},"image":{"@id":"https:\/\/www.cycles-blain.com\/fr\/#\/schema\/logo\/image\/"},"sameAs":["https:\/\/www.facebook.com\/cyclesblain\/?locale=fr_FR","https:\/\/www.instagram.com\/cycles_blain\/?hl=fr"]},{"@type":"Person","@id":"https:\/\/www.cycles-blain.com\/fr\/#\/schema\/person\/f82a8c0c551dfc1b1a6ac68605ac9d3f","name":"Manon","image":{"@type":"ImageObject","inLanguage":"fr-FR","@id":"https:\/\/secure.gravatar.com\/avatar\/de5471c82d19e75ec403090373707e8b781572e44c2e6135042a1e6a16f3b379?s=96&d=mm&r=g","url":"https:\/\/secure.gravatar.com\/avatar\/de5471c82d19e75ec403090373707e8b781572e44c2e6135042a1e6a16f3b379?s=96&d=mm&r=g","contentUrl":"https:\/\/secure.gravatar.com\/avatar\/de5471c82d19e75ec403090373707e8b781572e44c2e6135042a1e6a16f3b379?s=96&d=mm&r=g","caption":"Manon"},"url":"https:\/\/www.cycles-blain.com\/fr\/author\/manon\/"}]}},"_links":{"self":[{"href":"https:\/\/www.cycles-blain.com\/fr\/wp-json\/wp\/v2\/posts\/21090","targetHints":{"allow":["GET"]}}],"collection":[{"href":"https:\/\/www.cycles-blain.com\/fr\/wp-json\/wp\/v2\/posts"}],"about":[{"href":"https:\/\/www.cycles-blain.com\/fr\/wp-json\/wp\/v2\/types\/post"}],"author":[{"embeddable":true,"href":"https:\/\/www.cycles-blain.com\/fr\/wp-json\/wp\/v2\/users\/5"}],"replies":[{"embeddable":true,"href":"https:\/\/www.cycles-blain.com\/fr\/wp-json\/wp\/v2\/comments?post=21090"}],"version-history":[{"count":49,"href":"https:\/\/www.cycles-blain.com\/fr\/wp-json\/wp\/v2\/posts\/21090\/revisions"}],"predecessor-version":[{"id":21203,"href":"https:\/\/www.cycles-blain.com\/fr\/wp-json\/wp\/v2\/posts\/21090\/revisions\/21203"}],"wp:featuredmedia":[{"embeddable":true,"href":"https:\/\/www.cycles-blain.com\/fr\/wp-json\/wp\/v2\/media\/21374"}],"wp:attachment":[{"href":"https:\/\/www.cycles-blain.com\/fr\/wp-json\/wp\/v2\/media?parent=21090"}],"wp:term":[{"taxonomy":"category","embeddable":true,"href":"https:\/\/www.cycles-blain.com\/fr\/wp-json\/wp\/v2\/categories?post=21090"},{"taxonomy":"post_tag","embeddable":true,"href":"https:\/\/www.cycles-blain.com\/fr\/wp-json\/wp\/v2\/tags?post=21090"}],"curies":[{"name":"wp","href":"https:\/\/api.w.org\/{rel}","templated":true}]}}