{"id":21126,"date":"2026-04-09T16:15:45","date_gmt":"2026-04-09T14:15:45","guid":{"rendered":"https:\/\/www.cycles-blain.com\/fr\/?p=21126"},"modified":"2026-04-10T17:21:59","modified_gmt":"2026-04-10T15:21:59","slug":"look-lance-une-nouvelle-generation-de-pedales-pour-gravel","status":"publish","type":"post","link":"https:\/\/www.cycles-blain.com\/fr\/velo\/look-lance-une-nouvelle-generation-de-pedales-pour-gravel\/","title":{"rendered":"Look lance une nouvelle g\u00e9n\u00e9ration de p\u00e9dales pour Gravel"},"content":{"rendered":"\t\t<div data-elementor-type=\"wp-post\" data-elementor-id=\"21126\" class=\"elementor elementor-21126\" data-elementor-post-type=\"post\">\n\t\t\t\t<div class=\"elementor-element elementor-element-4fbb21a e-flex e-con-boxed e-con e-parent\" data-id=\"4fbb21a\" data-element_type=\"container\" data-e-type=\"container\">\n\t\t\t\t\t<div class=\"e-con-inner\">\n\t\t\t\t<div class=\"elementor-element elementor-element-360038b elementor-widget elementor-widget-heading\" data-id=\"360038b\" data-element_type=\"widget\" data-e-type=\"widget\" data-widget_type=\"heading.default\">\n\t\t\t\t<div class=\"elementor-widget-container\">\n\t\t\t\t\t<h3 class=\"elementor-heading-title elementor-size-default\">Une nouvelle vision du gravel selon Look<\/h3>\t\t\t\t<\/div>\n\t\t\t\t<\/div>\n\t\t\t\t\t<\/div>\n\t\t\t\t<\/div>\n\t\t<div class=\"elementor-element elementor-element-b4f342f e-flex e-con-boxed e-con e-parent\" data-id=\"b4f342f\" data-element_type=\"container\" data-e-type=\"container\">\n\t\t\t\t\t<div class=\"e-con-inner\">\n\t\t\t\t<div class=\"elementor-element elementor-element-dcb3db7 elementor-widget elementor-widget-text-editor\" data-id=\"dcb3db7\" data-element_type=\"widget\" data-e-type=\"widget\" data-widget_type=\"text-editor.default\">\n\t\t\t\t<div class=\"elementor-widget-container\">\n\t\t\t\t\t\t\t\t\t<p data-start=\"1183\" data-end=\"1371\">Avec cette nouvelle gamme, Look ne se contente plus d\u2019adapter des p\u00e9dales VTT au gravel : la marque propose d\u00e9sormais trois familles distinctes, chacune pens\u00e9e pour un usage pr\u00e9cis :<\/p><ul data-start=\"1372\" data-end=\"1460\"><li data-section-id=\"4i9c3u\" data-start=\"1372\" data-end=\"1401\"><strong data-start=\"1374\" data-end=\"1399\">Performance\u00a0<\/strong><\/li><li data-section-id=\"sd4mfj\" data-start=\"1402\" data-end=\"1431\"><strong data-start=\"1404\" data-end=\"1429\">Polyvalence\u00a0<\/strong><\/li><li data-section-id=\"xva2hp\" data-start=\"1432\" data-end=\"1460\"><strong data-start=\"1434\" data-end=\"1458\">Aventure\u00a0<\/strong><\/li><\/ul><p data-start=\"1462\" data-end=\"1639\">Une approche logique, car le gravel regroupe aujourd\u2019hui des pratiques tr\u00e8s diff\u00e9rentes : de la comp\u00e9tition rapide au bikepacking engag\u00e9.<\/p>\t\t\t\t\t\t\t\t<\/div>\n\t\t\t\t<\/div>\n\t\t\t\t<div class=\"elementor-element elementor-element-a8d8507 elementor-widget elementor-widget-heading\" data-id=\"a8d8507\" data-element_type=\"widget\" data-e-type=\"widget\" data-widget_type=\"heading.default\">\n\t\t\t\t<div class=\"elementor-widget-container\">\n\t\t\t\t\t<h3 class=\"elementor-heading-title elementor-size-default\">Look X-One-G TI: la p\u00e9dale pour la performance<\/h3>\t\t\t\t<\/div>\n\t\t\t\t<\/div>\n\t\t\t\t\t<\/div>\n\t\t\t\t<\/div>\n\t\t<div class=\"elementor-element elementor-element-1d55f6b e-flex e-con-boxed e-con e-parent\" data-id=\"1d55f6b\" data-element_type=\"container\" data-e-type=\"container\">\n\t\t\t\t\t<div class=\"e-con-inner\">\n\t\t\t\t<div class=\"elementor-element elementor-element-2a079e6 elementor-widget elementor-widget-text-editor\" data-id=\"2a079e6\" data-element_type=\"widget\" data-e-type=\"widget\" data-widget_type=\"text-editor.default\">\n\t\t\t\t<div class=\"elementor-widget-container\">\n\t\t\t\t\t\t\t\t\t<p>La <a href=\"https:\/\/www.cycles-blain.com\/pedale-velo\/2319-paires-de-pedales-gravel-x-one-g-ti-look.html\" target=\"_blank\" rel=\"noopener\"><strong data-start=\"585\" data-end=\"599\">X-One-G TI<\/strong><\/a> est con\u00e7ue pour les cyclistes exigeants qui veulent <strong data-start=\"652\" data-end=\"680\">maximiser leur rendement<\/strong> sur le gravel. L\u00e9g\u00e8re et rigide, elle se rapproche du comportement d\u2019une p\u00e9dale route.<\/p><p><strong>\u2705Caract\u00e9ristiques principales: <\/strong><\/p><ul><li>Axe titane ultra l\u00e9ger<\/li><li>Poids : environ 120 g par p\u00e9dale<\/li><li>Surface d\u2019appui : 650 mm\u00b2<\/li><li>Syst\u00e8me SPD simple face<\/li><li>Plateforme rigide pour un transfert de puissance optimal<\/li><\/ul><p><strong>\ud83d\udcaaPoints forts:<\/strong><\/p><ul><li>Transfert de puissance exceptionnel, id\u00e9al pour la comp\u00e9tition<\/li><li>L\u00e9g\u00e8ret\u00e9 pour r\u00e9duire la fatigue sur longues sorties<\/li><li>Bonne \u00e9vacuation de la boue, m\u00eame dans des conditions difficiles<\/li><\/ul><p><strong>\ud83d\udca1Pour quel usage ?<\/strong><\/p><ul><li>Gravel comp\u00e9tition et sorties rapides<\/li><li>Cyclistes recherchant performance et sensations route<\/li><li>Moins adapt\u00e9e pour d\u00e9butants ou sorties loisir<\/li><\/ul>\t\t\t\t\t\t\t\t<\/div>\n\t\t\t\t<\/div>\n\t\t\t\t<div class=\"elementor-element elementor-element-c409ddc elementor-skin-carousel elementor-arrows-yes elementor-pagination-type-bullets elementor-pagination-position-outside elementor-widget elementor-widget-media-carousel\" data-id=\"c409ddc\" data-element_type=\"widget\" data-e-type=\"widget\" data-settings=\"{&quot;skin&quot;:&quot;carousel&quot;,&quot;effect&quot;:&quot;slide&quot;,&quot;show_arrows&quot;:&quot;yes&quot;,&quot;pagination&quot;:&quot;bullets&quot;,&quot;speed&quot;:500,&quot;autoplay&quot;:&quot;yes&quot;,&quot;autoplay_speed&quot;:5000,&quot;loop&quot;:&quot;yes&quot;,&quot;pause_on_hover&quot;:&quot;yes&quot;,&quot;pause_on_interaction&quot;:&quot;yes&quot;,&quot;space_between&quot;:{&quot;unit&quot;:&quot;px&quot;,&quot;size&quot;:10,&quot;sizes&quot;:[]},&quot;space_between_tablet&quot;:{&quot;unit&quot;:&quot;px&quot;,&quot;size&quot;:10,&quot;sizes&quot;:[]},&quot;space_between_mobile&quot;:{&quot;unit&quot;:&quot;px&quot;,&quot;size&quot;:10,&quot;sizes&quot;:[]}}\" data-widget_type=\"media-carousel.default\">\n\t\t\t\t<div class=\"elementor-widget-container\">\n\t\t\t\t\t\t\t\t\t<div class=\"elementor-swiper\">\n\t\t\t\t\t<div class=\"elementor-main-swiper swiper\" role=\"region\" aria-roledescription=\"carousel\" aria-label=\"Diapositives\">\n\t\t\t\t<div class=\"swiper-wrapper\">\n\t\t\t\t\t\t\t\t\t\t\t<div class=\"swiper-slide\" role=\"group\" aria-roledescription=\"slide\">\n\t\t\t\t\t\t\t\t\t<div class=\"elementor-carousel-image\" role=\"img\" aria-label=\"SolMtnStudios_LOOK_RussellFinsterwald_44\" style=\"background-image: url(&#039;https:\/\/www.cycles-blain.com\/fr\/wp-content\/uploads\/2026\/04\/SolMtnStudios_LOOK_RussellFinsterwald_44.webp&#039;)\">\n\n\t\t\t\n\t\t\t\t\t<\/div>\n\t\t\t\t\t\t\t\t<\/div>\n\t\t\t\t\t\t\t\t\t\t\t<div class=\"swiper-slide\" role=\"group\" aria-roledescription=\"slide\">\n\t\t\t\t\t\t\t\t\t<div class=\"elementor-carousel-image\" role=\"img\" aria-label=\"SolMtnStudios_LOOK_RussellFinsterwald_20\" style=\"background-image: url(&#039;https:\/\/www.cycles-blain.com\/fr\/wp-content\/uploads\/2026\/04\/SolMtnStudios_LOOK_RussellFinsterwald_20.webp&#039;)\">\n\n\t\t\t\n\t\t\t\t\t<\/div>\n\t\t\t\t\t\t\t\t<\/div>\n\t\t\t\t\t\t\t\t\t\t\t<div class=\"swiper-slide\" role=\"group\" aria-roledescription=\"slide\">\n\t\t\t\t\t\t\t\t\t<div class=\"elementor-carousel-image\" role=\"img\" aria-label=\"arme-gravelv40\" style=\"background-image: url(&#039;https:\/\/www.cycles-blain.com\/fr\/wp-content\/uploads\/2026\/04\/arme-gravelv40.jpg&#039;)\">\n\n\t\t\t\n\t\t\t\t\t<\/div>\n\t\t\t\t\t\t\t\t<\/div>\n\t\t\t\t\t\t\t\t\t<\/div>\n\t\t\t\t\t\t\t\t\t\t\t\t\t\t\t<div class=\"elementor-swiper-button elementor-swiper-button-prev\" role=\"button\" tabindex=\"0\" aria-label=\"Pr\u00e9c\u00e9dent\">\n\t\t\t\t\t\t\t<i aria-hidden=\"true\" class=\"eicon-chevron-left\"><\/i>\t\t\t\t\t\t<\/div>\n\t\t\t\t\t\t<div class=\"elementor-swiper-button elementor-swiper-button-next\" role=\"button\" tabindex=\"0\" aria-label=\"Suivant\">\n\t\t\t\t\t\t\t<i aria-hidden=\"true\" class=\"eicon-chevron-right\"><\/i>\t\t\t\t\t\t<\/div>\n\t\t\t\t\t\t\t\t\t\t\t\t\t\t\t\t<div class=\"swiper-pagination\"><\/div>\n\t\t\t\t\t\t\t\t\t\t\t\t<\/div>\n\t\t\t\t<\/div>\n\t\t\t\t\t\t\t\t<\/div>\n\t\t\t\t<\/div>\n\t\t\t\t<div class=\"elementor-element elementor-element-240ca63 elementor-align-center elementor-widget elementor-widget-button\" data-id=\"240ca63\" data-element_type=\"widget\" data-e-type=\"widget\" data-widget_type=\"button.default\">\n\t\t\t\t<div class=\"elementor-widget-container\">\n\t\t\t\t\t\t\t\t\t<div class=\"elementor-button-wrapper\">\n\t\t\t\t\t<a class=\"elementor-button elementor-button-link elementor-size-sm\" href=\"https:\/\/www.cycles-blain.com\/pedale-velo\/2319-paires-de-pedales-gravel-x-one-g-ti-look.html\" target=\"_blank\">\n\t\t\t\t\t\t<span class=\"elementor-button-content-wrapper\">\n\t\t\t\t\t\t\t\t\t<span class=\"elementor-button-text\">Je d\u00e9couvre la X-One-G TI<\/span>\n\t\t\t\t\t<\/span>\n\t\t\t\t\t<\/a>\n\t\t\t\t<\/div>\n\t\t\t\t\t\t\t\t<\/div>\n\t\t\t\t<\/div>\n\t\t\t\t\t<\/div>\n\t\t\t\t<\/div>\n\t\t<div class=\"elementor-element elementor-element-a47c2a4 e-flex e-con-boxed e-con e-parent\" data-id=\"a47c2a4\" data-element_type=\"container\" data-e-type=\"container\">\n\t\t\t\t\t<div class=\"e-con-inner\">\n\t\t\t\t<div class=\"elementor-element elementor-element-93324ca elementor-widget elementor-widget-heading\" data-id=\"93324ca\" data-element_type=\"widget\" data-e-type=\"widget\" data-widget_type=\"heading.default\">\n\t\t\t\t<div class=\"elementor-widget-container\">\n\t\t\t\t\t<h3 class=\"elementor-heading-title elementor-size-default\">Look X-Track : la p\u00e9dale polyvalente<\/h3>\t\t\t\t<\/div>\n\t\t\t\t<\/div>\n\t\t\t\t\t<\/div>\n\t\t\t\t<\/div>\n\t\t<div class=\"elementor-element elementor-element-19d8d4c e-flex e-con-boxed e-con e-parent\" data-id=\"19d8d4c\" data-element_type=\"container\" data-e-type=\"container\">\n\t\t\t\t\t<div class=\"e-con-inner\">\n\t\t\t\t<div class=\"elementor-element elementor-element-4ec359c elementor-widget elementor-widget-text-editor\" data-id=\"4ec359c\" data-element_type=\"widget\" data-e-type=\"widget\" data-widget_type=\"text-editor.default\">\n\t\t\t\t<div class=\"elementor-widget-container\">\n\t\t\t\t\t\t\t\t\t<p>La <a href=\"https:\/\/www.cycles-blain.com\/pedale-velo\/2320-paires-de-pedales-gravel-x-track-look.html\" target=\"_blank\" rel=\"noopener\"><strong>X-Track<\/strong><\/a> reste le mod\u00e8le le plus universel de la gamme. Elle combine facilit\u00e9 d\u2019usage et robustesse, parfaite pour ceux qui veulent une seule p\u00e9dale pour tout faire. Sa double face permet un engagement rapide et intuitif.<\/p><p><strong>\u2705Caract\u00e9ristiques principales:<\/strong><\/p><ul><li data-section-id=\"1n7zrli\" data-start=\"1898\" data-end=\"1929\">Syst\u00e8me SPD double face<\/li><li data-section-id=\"1cvrb8\" data-start=\"1930\" data-end=\"1963\">Surface d\u2019appui : 515 mm\u00b2<\/li><li data-section-id=\"4on4m1\" data-start=\"1964\" data-end=\"2017\">Construction robuste en aluminium et axe chromoly<\/li><li data-section-id=\"19b53gx\" data-start=\"2018\" data-end=\"2084\">Engagement facile m\u00eame avec des chaussures l\u00e9g\u00e8rement boueuses<\/li><\/ul><p><strong>\ud83d\udcaaPoints forts:<\/strong><\/p><ul><li data-section-id=\"ok34o1\" data-start=\"2105\" data-end=\"2151\">Polyvalente : route, chemins et gravel<\/li><li data-section-id=\"11wncl1\" data-start=\"2152\" data-end=\"2191\">Confort et rendement \u00e9quilibr\u00e9s<\/li><li data-section-id=\"xmkqmq\" data-start=\"2192\" data-end=\"2236\">Fiabilit\u00e9 sur tous types de terrains<\/li><li data-section-id=\"pxnegy\" data-start=\"2237\" data-end=\"2280\">Facile \u00e0 utiliser pour tous les niveaux<\/li><\/ul><p><strong>\ud83d\udca1Pour quel usage ?<\/strong><\/p><ul><li data-section-id=\"1ymbl4l\" data-start=\"2306\" data-end=\"2334\">Gravel loisir et sportif<\/li><li data-section-id=\"89ez3h\" data-start=\"2335\" data-end=\"2406\">Cyclistes recherchant une p\u00e9dale unique pour toutes les sorties<\/li><li data-section-id=\"1dcodqb\" data-start=\"2407\" data-end=\"2455\">Entra\u00eenements r\u00e9guliers sur route et chemins<\/li><\/ul>\t\t\t\t\t\t\t\t<\/div>\n\t\t\t\t<\/div>\n\t\t\t\t\t<\/div>\n\t\t\t\t<\/div>\n\t\t<div class=\"elementor-element elementor-element-189c414 e-flex e-con-boxed e-con e-parent\" data-id=\"189c414\" data-element_type=\"container\" data-e-type=\"container\">\n\t\t\t\t\t<div class=\"e-con-inner\">\n\t\t\t\t<div class=\"elementor-element elementor-element-9f29e83 elementor-skin-carousel elementor-arrows-yes elementor-pagination-type-bullets elementor-pagination-position-outside elementor-widget elementor-widget-media-carousel\" data-id=\"9f29e83\" data-element_type=\"widget\" data-e-type=\"widget\" data-settings=\"{&quot;skin&quot;:&quot;carousel&quot;,&quot;effect&quot;:&quot;slide&quot;,&quot;show_arrows&quot;:&quot;yes&quot;,&quot;pagination&quot;:&quot;bullets&quot;,&quot;speed&quot;:500,&quot;autoplay&quot;:&quot;yes&quot;,&quot;autoplay_speed&quot;:5000,&quot;loop&quot;:&quot;yes&quot;,&quot;pause_on_hover&quot;:&quot;yes&quot;,&quot;pause_on_interaction&quot;:&quot;yes&quot;,&quot;space_between&quot;:{&quot;unit&quot;:&quot;px&quot;,&quot;size&quot;:10,&quot;sizes&quot;:[]},&quot;space_between_tablet&quot;:{&quot;unit&quot;:&quot;px&quot;,&quot;size&quot;:10,&quot;sizes&quot;:[]},&quot;space_between_mobile&quot;:{&quot;unit&quot;:&quot;px&quot;,&quot;size&quot;:10,&quot;sizes&quot;:[]}}\" data-widget_type=\"media-carousel.default\">\n\t\t\t\t<div class=\"elementor-widget-container\">\n\t\t\t\t\t\t\t\t\t<div class=\"elementor-swiper\">\n\t\t\t\t\t<div class=\"elementor-main-swiper swiper\" role=\"region\" aria-roledescription=\"carousel\" aria-label=\"Diapositives\">\n\t\t\t\t<div class=\"swiper-wrapper\">\n\t\t\t\t\t\t\t\t\t\t\t<div class=\"swiper-slide\" role=\"group\" aria-roledescription=\"slide\">\n\t\t\t\t\t\t\t\t\t<div class=\"elementor-carousel-image\" role=\"img\" aria-label=\"X-TRACK-RACE-CARBON-TI_LECOMTE_MAROTTE_ANNECY_18224\u00a9BenjaminBecker146-1\" style=\"background-image: url(&#039;https:\/\/www.cycles-blain.com\/fr\/wp-content\/uploads\/2026\/04\/X-TRACK-RACE-CARBON-TI_LECOMTE_MAROTTE_ANNECY_18224\u00a9BenjaminBecker146-1.webp&#039;)\">\n\n\t\t\t\n\t\t\t\t\t<\/div>\n\t\t\t\t\t\t\t\t<\/div>\n\t\t\t\t\t\t\t\t\t\t\t<div class=\"swiper-slide\" role=\"group\" aria-roledescription=\"slide\">\n\t\t\t\t\t\t\t\t\t<div class=\"elementor-carousel-image\" role=\"img\" aria-label=\"AW4_3932\" style=\"background-image: url(&#039;https:\/\/www.cycles-blain.com\/fr\/wp-content\/uploads\/2026\/04\/AW4_3932.webp&#039;)\">\n\n\t\t\t\n\t\t\t\t\t<\/div>\n\t\t\t\t\t\t\t\t<\/div>\n\t\t\t\t\t\t\t\t\t\t\t<div class=\"swiper-slide\" role=\"group\" aria-roledescription=\"slide\">\n\t\t\t\t\t\t\t\t\t<div class=\"elementor-carousel-image\" role=\"img\" aria-label=\"AW4_3926\" style=\"background-image: url(&#039;https:\/\/www.cycles-blain.com\/fr\/wp-content\/uploads\/2026\/04\/AW4_3926.webp&#039;)\">\n\n\t\t\t\n\t\t\t\t\t<\/div>\n\t\t\t\t\t\t\t\t<\/div>\n\t\t\t\t\t\t\t\t\t<\/div>\n\t\t\t\t\t\t\t\t\t\t\t\t\t\t\t<div class=\"elementor-swiper-button elementor-swiper-button-prev\" role=\"button\" tabindex=\"0\" aria-label=\"Pr\u00e9c\u00e9dent\">\n\t\t\t\t\t\t\t<i aria-hidden=\"true\" class=\"eicon-chevron-left\"><\/i>\t\t\t\t\t\t<\/div>\n\t\t\t\t\t\t<div class=\"elementor-swiper-button elementor-swiper-button-next\" role=\"button\" tabindex=\"0\" aria-label=\"Suivant\">\n\t\t\t\t\t\t\t<i aria-hidden=\"true\" class=\"eicon-chevron-right\"><\/i>\t\t\t\t\t\t<\/div>\n\t\t\t\t\t\t\t\t\t\t\t\t\t\t\t\t<div class=\"swiper-pagination\"><\/div>\n\t\t\t\t\t\t\t\t\t\t\t\t<\/div>\n\t\t\t\t<\/div>\n\t\t\t\t\t\t\t\t<\/div>\n\t\t\t\t<\/div>\n\t\t\t\t<div class=\"elementor-element elementor-element-2974e2b elementor-align-center elementor-widget elementor-widget-button\" data-id=\"2974e2b\" data-element_type=\"widget\" data-e-type=\"widget\" data-widget_type=\"button.default\">\n\t\t\t\t<div class=\"elementor-widget-container\">\n\t\t\t\t\t\t\t\t\t<div class=\"elementor-button-wrapper\">\n\t\t\t\t\t<a class=\"elementor-button elementor-button-link elementor-size-sm\" href=\"https:\/\/www.cycles-blain.com\/pedale-velo\/2320-paires-de-pedales-gravel-x-track-look.html\" target=\"_blank\">\n\t\t\t\t\t\t<span class=\"elementor-button-content-wrapper\">\n\t\t\t\t\t\t\t\t\t<span class=\"elementor-button-text\">Je d\u00e9couvre la X-Track<\/span>\n\t\t\t\t\t<\/span>\n\t\t\t\t\t<\/a>\n\t\t\t\t<\/div>\n\t\t\t\t\t\t\t\t<\/div>\n\t\t\t\t<\/div>\n\t\t\t\t<div class=\"elementor-element elementor-element-7f7dabc elementor-widget elementor-widget-heading\" data-id=\"7f7dabc\" data-element_type=\"widget\" data-e-type=\"widget\" data-widget_type=\"heading.default\">\n\t\t\t\t<div class=\"elementor-widget-container\">\n\t\t\t\t\t<h3 class=\"elementor-heading-title elementor-size-default\">Look X-Venture : pour l\u2019aventure et le bikepacking<\/h3>\t\t\t\t<\/div>\n\t\t\t\t<\/div>\n\t\t\t\t\t<\/div>\n\t\t\t\t<\/div>\n\t\t<div class=\"elementor-element elementor-element-50f11ad e-flex e-con-boxed e-con e-parent\" data-id=\"50f11ad\" data-element_type=\"container\" data-e-type=\"container\">\n\t\t\t\t\t<div class=\"e-con-inner\">\n\t\t\t\t<div class=\"elementor-element elementor-element-3021634 elementor-widget elementor-widget-text-editor\" data-id=\"3021634\" data-element_type=\"widget\" data-e-type=\"widget\" data-widget_type=\"text-editor.default\">\n\t\t\t\t<div class=\"elementor-widget-container\">\n\t\t\t\t\t\t\t\t\t<p>La <a href=\"https:\/\/www.cycles-blain.com\/pedale-velo\/2321-paires-de-pedales-gravel-x-venture-look.html\" target=\"_blank\" rel=\"noopener\"><strong data-start=\"2634\" data-end=\"2647\">X-Venture<\/strong><\/a> est pens\u00e9e pour ceux qui alternent p\u00e9dalage et marche. Sa plateforme large et ses picots offrent stabilit\u00e9 et confort, m\u00eame avec un v\u00e9lo charg\u00e9. C\u2019est le mod\u00e8le parfait pour le bikepacking, le voyage \u00e0 v\u00e9lo ou les longues sorties aventure.<\/p><p><strong>\u2705Caract\u00e9ristiques principales:<\/strong><\/p><ul><li data-section-id=\"1xee93p\" data-start=\"2938\" data-end=\"2992\">Syst\u00e8me mixte : automatique + plateforme plate<\/li><li data-section-id=\"ovb87w\" data-start=\"2993\" data-end=\"3030\">Large plateforme : 77 \u00e0 84 mm<\/li><li data-section-id=\"t6wb4i\" data-start=\"3031\" data-end=\"3066\">Corps en aluminium ou composite<\/li><li data-section-id=\"10am6o7\" data-start=\"3067\" data-end=\"3103\">Picots pour un meilleur maintien<\/li><li data-section-id=\"1xemb5n\" data-start=\"3104\" data-end=\"3140\">Poids : 190\u2013200 g par p\u00e9dale<\/li><\/ul><p><strong>\ud83d\udcaaPoints forts:<\/strong><\/p><ul><li data-section-id=\"v4abfw\" data-start=\"3161\" data-end=\"3210\">Stabilit\u00e9 maximale, m\u00eame sans \u00eatre clips\u00e9<\/li><li data-section-id=\"1s8jig\" data-start=\"3211\" data-end=\"3244\">Confort sur longues distances<\/li><li data-section-id=\"1syur21\" data-start=\"3245\" data-end=\"3287\">Adapt\u00e9e pour marcher \/ pousser le v\u00e9lo<\/li><li data-section-id=\"dufomg\" data-start=\"3288\" data-end=\"3313\">R\u00e9sistante et durable<\/li><\/ul><p><strong>\ud83d\udca1Pour quel usage ?<\/strong><\/p><ul><li data-section-id=\"nz21zd\" data-start=\"3339\" data-end=\"3372\">Bikepacking et voyages \u00e0 v\u00e9lo<\/li><li data-section-id=\"151q6w2\" data-start=\"3373\" data-end=\"3411\">Gravel aventure et terrains mixtes<\/li><li data-section-id=\"1hsx53n\" data-start=\"3412\" data-end=\"3470\">Cyclistes qui veulent pouvoir marcher avec le v\u00e9lo<\/li><\/ul>\t\t\t\t\t\t\t\t<\/div>\n\t\t\t\t<\/div>\n\t\t\t\t<div class=\"elementor-element elementor-element-3309e86 elementor-skin-carousel elementor-arrows-yes elementor-pagination-type-bullets elementor-pagination-position-outside elementor-widget elementor-widget-media-carousel\" data-id=\"3309e86\" data-element_type=\"widget\" data-e-type=\"widget\" data-settings=\"{&quot;skin&quot;:&quot;carousel&quot;,&quot;effect&quot;:&quot;slide&quot;,&quot;show_arrows&quot;:&quot;yes&quot;,&quot;pagination&quot;:&quot;bullets&quot;,&quot;speed&quot;:500,&quot;autoplay&quot;:&quot;yes&quot;,&quot;autoplay_speed&quot;:5000,&quot;loop&quot;:&quot;yes&quot;,&quot;pause_on_hover&quot;:&quot;yes&quot;,&quot;pause_on_interaction&quot;:&quot;yes&quot;,&quot;space_between&quot;:{&quot;unit&quot;:&quot;px&quot;,&quot;size&quot;:10,&quot;sizes&quot;:[]},&quot;space_between_tablet&quot;:{&quot;unit&quot;:&quot;px&quot;,&quot;size&quot;:10,&quot;sizes&quot;:[]},&quot;space_between_mobile&quot;:{&quot;unit&quot;:&quot;px&quot;,&quot;size&quot;:10,&quot;sizes&quot;:[]}}\" data-widget_type=\"media-carousel.default\">\n\t\t\t\t<div class=\"elementor-widget-container\">\n\t\t\t\t\t\t\t\t\t<div class=\"elementor-swiper\">\n\t\t\t\t\t<div class=\"elementor-main-swiper swiper\" role=\"region\" aria-roledescription=\"carousel\" aria-label=\"Diapositives\">\n\t\t\t\t<div class=\"swiper-wrapper\">\n\t\t\t\t\t\t\t\t\t\t\t<div class=\"swiper-slide\" role=\"group\" aria-roledescription=\"slide\">\n\t\t\t\t\t\t\t\t\t<div class=\"elementor-carousel-image\" role=\"img\" aria-label=\"DSCF8859\" style=\"background-image: url(&#039;https:\/\/www.cycles-blain.com\/fr\/wp-content\/uploads\/2026\/04\/DSCF8859.webp&#039;)\">\n\n\t\t\t\n\t\t\t\t\t<\/div>\n\t\t\t\t\t\t\t\t<\/div>\n\t\t\t\t\t\t\t\t\t\t\t<div class=\"swiper-slide\" role=\"group\" aria-roledescription=\"slide\">\n\t\t\t\t\t\t\t\t\t<div class=\"elementor-carousel-image\" role=\"img\" aria-label=\"DSCF8243\" style=\"background-image: url(&#039;https:\/\/www.cycles-blain.com\/fr\/wp-content\/uploads\/2026\/04\/DSCF8243.webp&#039;)\">\n\n\t\t\t\n\t\t\t\t\t<\/div>\n\t\t\t\t\t\t\t\t<\/div>\n\t\t\t\t\t\t\t\t\t\t\t<div class=\"swiper-slide\" role=\"group\" aria-roledescription=\"slide\">\n\t\t\t\t\t\t\t\t\t<div class=\"elementor-carousel-image\" role=\"img\" aria-label=\"DSCF9505\" style=\"background-image: url(&#039;https:\/\/www.cycles-blain.com\/fr\/wp-content\/uploads\/2026\/04\/DSCF9505.webp&#039;)\">\n\n\t\t\t\n\t\t\t\t\t<\/div>\n\t\t\t\t\t\t\t\t<\/div>\n\t\t\t\t\t\t\t\t\t<\/div>\n\t\t\t\t\t\t\t\t\t\t\t\t\t\t\t<div class=\"elementor-swiper-button elementor-swiper-button-prev\" role=\"button\" tabindex=\"0\" aria-label=\"Pr\u00e9c\u00e9dent\">\n\t\t\t\t\t\t\t<i aria-hidden=\"true\" class=\"eicon-chevron-left\"><\/i>\t\t\t\t\t\t<\/div>\n\t\t\t\t\t\t<div class=\"elementor-swiper-button elementor-swiper-button-next\" role=\"button\" tabindex=\"0\" aria-label=\"Suivant\">\n\t\t\t\t\t\t\t<i aria-hidden=\"true\" class=\"eicon-chevron-right\"><\/i>\t\t\t\t\t\t<\/div>\n\t\t\t\t\t\t\t\t\t\t\t\t\t\t\t\t<div class=\"swiper-pagination\"><\/div>\n\t\t\t\t\t\t\t\t\t\t\t\t<\/div>\n\t\t\t\t<\/div>\n\t\t\t\t\t\t\t\t<\/div>\n\t\t\t\t<\/div>\n\t\t\t\t<div class=\"elementor-element elementor-element-5fc4382 elementor-align-center elementor-widget elementor-widget-button\" data-id=\"5fc4382\" data-element_type=\"widget\" data-e-type=\"widget\" data-widget_type=\"button.default\">\n\t\t\t\t<div class=\"elementor-widget-container\">\n\t\t\t\t\t\t\t\t\t<div class=\"elementor-button-wrapper\">\n\t\t\t\t\t<a class=\"elementor-button elementor-button-link elementor-size-sm\" href=\"https:\/\/www.cycles-blain.com\/pedale-velo\/2321-paires-de-pedales-gravel-x-venture-look.html\" target=\"_blank\">\n\t\t\t\t\t\t<span class=\"elementor-button-content-wrapper\">\n\t\t\t\t\t\t\t\t\t<span class=\"elementor-button-text\">Je d\u00e9couvre la X-Venture<\/span>\n\t\t\t\t\t<\/span>\n\t\t\t\t\t<\/a>\n\t\t\t\t<\/div>\n\t\t\t\t\t\t\t\t<\/div>\n\t\t\t\t<\/div>\n\t\t\t\t\t<\/div>\n\t\t\t\t<\/div>\n\t\t<div class=\"elementor-element elementor-element-1cef1ee e-flex e-con-boxed e-con e-parent\" data-id=\"1cef1ee\" data-element_type=\"container\" data-e-type=\"container\">\n\t\t\t\t\t<div class=\"e-con-inner\">\n\t\t\t\t<div class=\"elementor-element elementor-element-8619751 elementor-widget elementor-widget-heading\" data-id=\"8619751\" data-element_type=\"widget\" data-e-type=\"widget\" data-widget_type=\"heading.default\">\n\t\t\t\t<div class=\"elementor-widget-container\">\n\t\t\t\t\t<h3 class=\"elementor-heading-title elementor-size-default\">Pour conclure: quelle p\u00e9dale choisir ?<\/h3>\t\t\t\t<\/div>\n\t\t\t\t<\/div>\n\t\t\t\t\t<\/div>\n\t\t\t\t<\/div>\n\t\t<div class=\"elementor-element elementor-element-02c096f e-flex e-con-boxed e-con e-parent\" data-id=\"02c096f\" data-element_type=\"container\" data-e-type=\"container\">\n\t\t\t\t\t<div class=\"e-con-inner\">\n\t\t\t\t<div class=\"elementor-element elementor-element-369ba00 elementor-widget elementor-widget-text-editor\" data-id=\"369ba00\" data-element_type=\"widget\" data-e-type=\"widget\" data-widget_type=\"text-editor.default\">\n\t\t\t\t<div class=\"elementor-widget-container\">\n\t\t\t\t\t\t\t\t\t<ul data-start=\"4073\" data-end=\"4217\">\n<li data-section-id=\"jiuvj6\" data-start=\"4073\" data-end=\"4115\"><strong data-start=\"4075\" data-end=\"4100\">Performance extr\u00eame ?<\/strong> \u2192 <a href=\"https:\/\/www.cycles-blain.com\/pedale-velo\/2319-paires-de-pedales-gravel-x-one-g-ti-look.html\" target=\"_blank\" rel=\"noopener\">X-One-G TI<\/a><\/li>\n<li data-section-id=\"1fotfvs\" data-start=\"4116\" data-end=\"4171\"><strong data-start=\"4118\" data-end=\"4159\">Polyvalence pour toutes les sorties ?<\/strong> \u2192<a href=\"https:\/\/www.cycles-blain.com\/pedale-velo\/2320-paires-de-pedales-gravel-x-track-look.html\" target=\"_blank\" rel=\"noopener\"> X-Track<\/a><\/li>\n<li data-section-id=\"1rei3cs\" data-start=\"4172\" data-end=\"4217\"><strong data-start=\"4174\" data-end=\"4203\">Aventure et bikepacking ?<\/strong> \u2192 <a href=\"https:\/\/www.cycles-blain.com\/pedale-velo\/2321-paires-de-pedales-gravel-x-venture-look.html\" target=\"_blank\" rel=\"noopener\">X-Venture<\/a><\/li>\n<\/ul>\n<p data-start=\"4219\" data-end=\"4374\">Avec cette nouvelle gamme, <strong data-start=\"4246\" data-end=\"4317\">Look r\u00e9pond enfin aux besoins sp\u00e9cifiques de chaque cycliste gravel<\/strong> : performance, polyvalence ou confort pour l\u2019aventure.<\/p>\n<p data-start=\"4219\" data-end=\"4374\">\n<\/p><p>A lire aussi :&nbsp;<\/p>\n<ul>\n<li><a style=\"background-color: #ffffff; font-size: 1rem;\" href=\"https:\/\/www.cycles-blain.com\/content\/115-gravel-giant-revolt\" target=\"_blank\" rel=\"noopener\">Le Gravel Revolt 2026 : un gravel performant et polyvalent<\/a><\/li>\n<li><a href=\"https:\/\/www.cycles-blain.com\/content\/78-meilleurs-gravels-2025-2026\" target=\"_blank\">Guide des meilleurs Gravels 2026<\/a><\/li>\n<\/ul>\t\t\t\t\t\t\t\t<\/div>\n\t\t\t\t<\/div>\n\t\t\t\t\t<\/div>\n\t\t\t\t<\/div>\n\t\t\t\t<\/div>\n\t\t","protected":false},"excerpt":{"rendered":"<p>Look d\u00e9voile sa nouvelle gamme de p\u00e9dales gravel : performance, polyvalence ou aventure. Trouvez le mod\u00e8le adapt\u00e9 \u00e0 votre pratique.<\/p>\n","protected":false},"author":5,"featured_media":21127,"comment_status":"open","ping_status":"open","sticky":false,"template":"","format":"standard","meta":{"site-sidebar-layout":"default","site-content-layout":"","ast-site-content-layout":"default","site-content-style":"default","site-sidebar-style":"default","ast-global-header-display":"","ast-banner-title-visibility":"","ast-main-header-display":"","ast-hfb-above-header-display":"","ast-hfb-below-header-display":"","ast-hfb-mobile-header-display":"","site-post-title":"","ast-breadcrumbs-content":"","ast-featured-img":"","footer-sml-layout":"","theme-transparent-header-meta":"","adv-header-id-meta":"","stick-header-meta":"","header-above-stick-meta":"","header-main-stick-meta":"","header-below-stick-meta":"","astra-migrate-meta-layouts":"set","ast-page-background-enabled":"default","ast-page-background-meta":{"desktop":{"background-color":"","background-image":"","background-repeat":"repeat","background-position":"center center","background-size":"auto","background-attachment":"scroll","background-type":"","background-media":"","overlay-type":"","overlay-color":"","overlay-gradient":""},"tablet":{"background-color":"","background-image":"","background-repeat":"repeat","background-position":"center center","background-size":"auto","background-attachment":"scroll","background-type":"","background-media":"","overlay-type":"","overlay-color":"","overlay-gradient":""},"mobile":{"background-color":"","background-image":"","background-repeat":"repeat","background-position":"center center","background-size":"auto","background-attachment":"scroll","background-type":"","background-media":"","overlay-type":"","overlay-color":"","overlay-gradient":""}},"ast-content-background-meta":{"desktop":{"background-color":"var(--ast-global-color-5)","background-image":"","background-repeat":"repeat","background-position":"center center","background-size":"auto","background-attachment":"scroll","background-type":"","background-media":"","overlay-type":"","overlay-color":"","overlay-gradient":""},"tablet":{"background-color":"var(--ast-global-color-5)","background-image":"","background-repeat":"repeat","background-position":"center center","background-size":"auto","background-attachment":"scroll","background-type":"","background-media":"","overlay-type":"","overlay-color":"","overlay-gradient":""},"mobile":{"background-color":"var(--ast-global-color-5)","background-image":"","background-repeat":"repeat","background-position":"center center","background-size":"auto","background-attachment":"scroll","background-type":"","background-media":"","overlay-type":"","overlay-color":"","overlay-gradient":""}},"footnotes":""},"categories":[4,9,56,17],"tags":[415,68],"class_list":["post-21126","post","type-post","status-publish","format-standard","has-post-thumbnail","hentry","category-velo","category-conseils-velo","category-velo-gravel","category-sport-velo","tag-look","tag-pedales-automatiques"],"yoast_head":"<!-- This site is optimized with the Yoast SEO plugin v27.5 - https:\/\/yoast.com\/product\/yoast-seo-wordpress\/ -->\n<title>Look lance une nouvelle g\u00e9n\u00e9ration de p\u00e9dales pour Gravel - Cycles Blain<\/title>\n<meta name=\"description\" content=\"Look d\u00e9voile sa nouvelle gamme de p\u00e9dales gravel : performance, polyvalence ou aventure. Trouvez le mod\u00e8le adapt\u00e9 \u00e0 votre pratique.\" \/>\n<meta name=\"robots\" content=\"index, follow, max-snippet:-1, max-image-preview:large, max-video-preview:-1\" \/>\n<link rel=\"canonical\" href=\"https:\/\/www.cycles-blain.com\/fr\/velo\/look-lance-une-nouvelle-generation-de-pedales-pour-gravel\/\" \/>\n<meta property=\"og:locale\" content=\"fr_FR\" \/>\n<meta property=\"og:type\" content=\"article\" \/>\n<meta property=\"og:title\" content=\"Look lance une nouvelle g\u00e9n\u00e9ration de p\u00e9dales pour Gravel - Cycles Blain\" \/>\n<meta property=\"og:description\" content=\"Look d\u00e9voile sa nouvelle gamme de p\u00e9dales gravel : performance, polyvalence ou aventure. Trouvez le mod\u00e8le adapt\u00e9 \u00e0 votre pratique.\" \/>\n<meta property=\"og:url\" content=\"https:\/\/www.cycles-blain.com\/fr\/velo\/look-lance-une-nouvelle-generation-de-pedales-pour-gravel\/\" \/>\n<meta property=\"og:site_name\" content=\"CyclesBlain - Magasins de v\u00e9los, accessoires et ateliers\" \/>\n<meta property=\"article:publisher\" content=\"https:\/\/www.facebook.com\/cyclesblain\/?locale=fr_FR\" \/>\n<meta property=\"article:published_time\" content=\"2026-04-09T14:15:45+00:00\" \/>\n<meta property=\"article:modified_time\" content=\"2026-04-10T15:21:59+00:00\" \/>\n<meta property=\"og:image\" content=\"https:\/\/www.cycles-blain.com\/fr\/wp-content\/uploads\/2026\/04\/pedales-look.jpg\" \/>\n\t<meta property=\"og:image:width\" content=\"600\" \/>\n\t<meta property=\"og:image:height\" content=\"400\" \/>\n\t<meta property=\"og:image:type\" content=\"image\/jpeg\" \/>\n<meta name=\"author\" content=\"Manon\" \/>\n<meta name=\"twitter:card\" content=\"summary_large_image\" \/>\n<meta name=\"twitter:label1\" content=\"\u00c9crit par\" \/>\n\t<meta name=\"twitter:data1\" content=\"Manon\" \/>\n\t<meta name=\"twitter:label2\" content=\"Dur\u00e9e de lecture estim\u00e9e\" \/>\n\t<meta name=\"twitter:data2\" content=\"5 minutes\" \/>\n<script type=\"application\/ld+json\" class=\"yoast-schema-graph\">{\"@context\":\"https:\\\/\\\/schema.org\",\"@graph\":[{\"@type\":\"Article\",\"@id\":\"https:\\\/\\\/www.cycles-blain.com\\\/fr\\\/velo\\\/look-lance-une-nouvelle-generation-de-pedales-pour-gravel\\\/#article\",\"isPartOf\":{\"@id\":\"https:\\\/\\\/www.cycles-blain.com\\\/fr\\\/velo\\\/look-lance-une-nouvelle-generation-de-pedales-pour-gravel\\\/\"},\"author\":{\"name\":\"Manon\",\"@id\":\"https:\\\/\\\/www.cycles-blain.com\\\/fr\\\/#\\\/schema\\\/person\\\/f82a8c0c551dfc1b1a6ac68605ac9d3f\"},\"headline\":\"Look lance une nouvelle g\u00e9n\u00e9ration de p\u00e9dales pour Gravel\",\"datePublished\":\"2026-04-09T14:15:45+00:00\",\"dateModified\":\"2026-04-10T15:21:59+00:00\",\"mainEntityOfPage\":{\"@id\":\"https:\\\/\\\/www.cycles-blain.com\\\/fr\\\/velo\\\/look-lance-une-nouvelle-generation-de-pedales-pour-gravel\\\/\"},\"wordCount\":540,\"commentCount\":0,\"publisher\":{\"@id\":\"https:\\\/\\\/www.cycles-blain.com\\\/fr\\\/#organization\"},\"image\":{\"@id\":\"https:\\\/\\\/www.cycles-blain.com\\\/fr\\\/velo\\\/look-lance-une-nouvelle-generation-de-pedales-pour-gravel\\\/#primaryimage\"},\"thumbnailUrl\":\"https:\\\/\\\/www.cycles-blain.com\\\/fr\\\/wp-content\\\/uploads\\\/2026\\\/04\\\/pedales-look.jpg\",\"keywords\":[\"Look\",\"pedales automatiques\"],\"articleSection\":[\"Actus V\u00e9lo\",\"Conseils-Pratique\",\"Gravel\",\"Sport\"],\"inLanguage\":\"fr-FR\",\"potentialAction\":[{\"@type\":\"CommentAction\",\"name\":\"Comment\",\"target\":[\"https:\\\/\\\/www.cycles-blain.com\\\/fr\\\/velo\\\/look-lance-une-nouvelle-generation-de-pedales-pour-gravel\\\/#respond\"]}]},{\"@type\":\"WebPage\",\"@id\":\"https:\\\/\\\/www.cycles-blain.com\\\/fr\\\/velo\\\/look-lance-une-nouvelle-generation-de-pedales-pour-gravel\\\/\",\"url\":\"https:\\\/\\\/www.cycles-blain.com\\\/fr\\\/velo\\\/look-lance-une-nouvelle-generation-de-pedales-pour-gravel\\\/\",\"name\":\"Look lance une nouvelle g\u00e9n\u00e9ration de p\u00e9dales pour Gravel - Cycles Blain\",\"isPartOf\":{\"@id\":\"https:\\\/\\\/www.cycles-blain.com\\\/fr\\\/#website\"},\"primaryImageOfPage\":{\"@id\":\"https:\\\/\\\/www.cycles-blain.com\\\/fr\\\/velo\\\/look-lance-une-nouvelle-generation-de-pedales-pour-gravel\\\/#primaryimage\"},\"image\":{\"@id\":\"https:\\\/\\\/www.cycles-blain.com\\\/fr\\\/velo\\\/look-lance-une-nouvelle-generation-de-pedales-pour-gravel\\\/#primaryimage\"},\"thumbnailUrl\":\"https:\\\/\\\/www.cycles-blain.com\\\/fr\\\/wp-content\\\/uploads\\\/2026\\\/04\\\/pedales-look.jpg\",\"datePublished\":\"2026-04-09T14:15:45+00:00\",\"dateModified\":\"2026-04-10T15:21:59+00:00\",\"description\":\"Look d\u00e9voile sa nouvelle gamme de p\u00e9dales gravel : performance, polyvalence ou aventure. Trouvez le mod\u00e8le adapt\u00e9 \u00e0 votre pratique.\",\"breadcrumb\":{\"@id\":\"https:\\\/\\\/www.cycles-blain.com\\\/fr\\\/velo\\\/look-lance-une-nouvelle-generation-de-pedales-pour-gravel\\\/#breadcrumb\"},\"inLanguage\":\"fr-FR\",\"potentialAction\":[{\"@type\":\"ReadAction\",\"target\":[\"https:\\\/\\\/www.cycles-blain.com\\\/fr\\\/velo\\\/look-lance-une-nouvelle-generation-de-pedales-pour-gravel\\\/\"]}]},{\"@type\":\"ImageObject\",\"inLanguage\":\"fr-FR\",\"@id\":\"https:\\\/\\\/www.cycles-blain.com\\\/fr\\\/velo\\\/look-lance-une-nouvelle-generation-de-pedales-pour-gravel\\\/#primaryimage\",\"url\":\"https:\\\/\\\/www.cycles-blain.com\\\/fr\\\/wp-content\\\/uploads\\\/2026\\\/04\\\/pedales-look.jpg\",\"contentUrl\":\"https:\\\/\\\/www.cycles-blain.com\\\/fr\\\/wp-content\\\/uploads\\\/2026\\\/04\\\/pedales-look.jpg\",\"width\":600,\"height\":400},{\"@type\":\"BreadcrumbList\",\"@id\":\"https:\\\/\\\/www.cycles-blain.com\\\/fr\\\/velo\\\/look-lance-une-nouvelle-generation-de-pedales-pour-gravel\\\/#breadcrumb\",\"itemListElement\":[{\"@type\":\"ListItem\",\"position\":1,\"name\":\"Accueil\",\"item\":\"https:\\\/\\\/www.cycles-blain.com\\\/fr\\\/\"},{\"@type\":\"ListItem\",\"position\":2,\"name\":\"Look lance une nouvelle g\u00e9n\u00e9ration de p\u00e9dales pour Gravel\"}]},{\"@type\":\"WebSite\",\"@id\":\"https:\\\/\\\/www.cycles-blain.com\\\/fr\\\/#website\",\"url\":\"https:\\\/\\\/www.cycles-blain.com\\\/fr\\\/\",\"name\":\"CyclesBlain - Magasins de v\u00e9los, accessoires et ateliers\",\"description\":\"Blog Cycles Blain\",\"publisher\":{\"@id\":\"https:\\\/\\\/www.cycles-blain.com\\\/fr\\\/#organization\"},\"potentialAction\":[{\"@type\":\"SearchAction\",\"target\":{\"@type\":\"EntryPoint\",\"urlTemplate\":\"https:\\\/\\\/www.cycles-blain.com\\\/fr\\\/?s={search_term_string}\"},\"query-input\":{\"@type\":\"PropertyValueSpecification\",\"valueRequired\":true,\"valueName\":\"search_term_string\"}}],\"inLanguage\":\"fr-FR\"},{\"@type\":\"Organization\",\"@id\":\"https:\\\/\\\/www.cycles-blain.com\\\/fr\\\/#organization\",\"name\":\"CyclesBlain - Magasins de v\u00e9los, accessoires et ateliers\",\"url\":\"https:\\\/\\\/www.cycles-blain.com\\\/fr\\\/\",\"logo\":{\"@type\":\"ImageObject\",\"inLanguage\":\"fr-FR\",\"@id\":\"https:\\\/\\\/www.cycles-blain.com\\\/fr\\\/#\\\/schema\\\/logo\\\/image\\\/\",\"url\":\"https:\\\/\\\/www.cycles-blain.com\\\/fr\\\/wp-content\\\/uploads\\\/2023\\\/10\\\/logo-cycles-blain.jpeg\",\"contentUrl\":\"https:\\\/\\\/www.cycles-blain.com\\\/fr\\\/wp-content\\\/uploads\\\/2023\\\/10\\\/logo-cycles-blain.jpeg\",\"width\":264,\"height\":191,\"caption\":\"CyclesBlain - Magasins de v\u00e9los, accessoires et ateliers\"},\"image\":{\"@id\":\"https:\\\/\\\/www.cycles-blain.com\\\/fr\\\/#\\\/schema\\\/logo\\\/image\\\/\"},\"sameAs\":[\"https:\\\/\\\/www.facebook.com\\\/cyclesblain\\\/?locale=fr_FR\",\"https:\\\/\\\/www.instagram.com\\\/cycles_blain\\\/?hl=fr\"]},{\"@type\":\"Person\",\"@id\":\"https:\\\/\\\/www.cycles-blain.com\\\/fr\\\/#\\\/schema\\\/person\\\/f82a8c0c551dfc1b1a6ac68605ac9d3f\",\"name\":\"Manon\",\"image\":{\"@type\":\"ImageObject\",\"inLanguage\":\"fr-FR\",\"@id\":\"https:\\\/\\\/secure.gravatar.com\\\/avatar\\\/de5471c82d19e75ec403090373707e8b781572e44c2e6135042a1e6a16f3b379?s=96&d=mm&r=g\",\"url\":\"https:\\\/\\\/secure.gravatar.com\\\/avatar\\\/de5471c82d19e75ec403090373707e8b781572e44c2e6135042a1e6a16f3b379?s=96&d=mm&r=g\",\"contentUrl\":\"https:\\\/\\\/secure.gravatar.com\\\/avatar\\\/de5471c82d19e75ec403090373707e8b781572e44c2e6135042a1e6a16f3b379?s=96&d=mm&r=g\",\"caption\":\"Manon\"},\"url\":\"https:\\\/\\\/www.cycles-blain.com\\\/fr\\\/author\\\/manon\\\/\"}]}<\/script>\n<!-- \/ Yoast SEO plugin. -->","yoast_head_json":{"title":"Look lance une nouvelle g\u00e9n\u00e9ration de p\u00e9dales pour Gravel - Cycles Blain","description":"Look d\u00e9voile sa nouvelle gamme de p\u00e9dales gravel : performance, polyvalence ou aventure. Trouvez le mod\u00e8le adapt\u00e9 \u00e0 votre pratique.","robots":{"index":"index","follow":"follow","max-snippet":"max-snippet:-1","max-image-preview":"max-image-preview:large","max-video-preview":"max-video-preview:-1"},"canonical":"https:\/\/www.cycles-blain.com\/fr\/velo\/look-lance-une-nouvelle-generation-de-pedales-pour-gravel\/","og_locale":"fr_FR","og_type":"article","og_title":"Look lance une nouvelle g\u00e9n\u00e9ration de p\u00e9dales pour Gravel - Cycles Blain","og_description":"Look d\u00e9voile sa nouvelle gamme de p\u00e9dales gravel : performance, polyvalence ou aventure. Trouvez le mod\u00e8le adapt\u00e9 \u00e0 votre pratique.","og_url":"https:\/\/www.cycles-blain.com\/fr\/velo\/look-lance-une-nouvelle-generation-de-pedales-pour-gravel\/","og_site_name":"CyclesBlain - Magasins de v\u00e9los, accessoires et ateliers","article_publisher":"https:\/\/www.facebook.com\/cyclesblain\/?locale=fr_FR","article_published_time":"2026-04-09T14:15:45+00:00","article_modified_time":"2026-04-10T15:21:59+00:00","og_image":[{"width":600,"height":400,"url":"https:\/\/www.cycles-blain.com\/fr\/wp-content\/uploads\/2026\/04\/pedales-look.jpg","type":"image\/jpeg"}],"author":"Manon","twitter_card":"summary_large_image","twitter_misc":{"\u00c9crit par":"Manon","Dur\u00e9e de lecture estim\u00e9e":"5 minutes"},"schema":{"@context":"https:\/\/schema.org","@graph":[{"@type":"Article","@id":"https:\/\/www.cycles-blain.com\/fr\/velo\/look-lance-une-nouvelle-generation-de-pedales-pour-gravel\/#article","isPartOf":{"@id":"https:\/\/www.cycles-blain.com\/fr\/velo\/look-lance-une-nouvelle-generation-de-pedales-pour-gravel\/"},"author":{"name":"Manon","@id":"https:\/\/www.cycles-blain.com\/fr\/#\/schema\/person\/f82a8c0c551dfc1b1a6ac68605ac9d3f"},"headline":"Look lance une nouvelle g\u00e9n\u00e9ration de p\u00e9dales pour Gravel","datePublished":"2026-04-09T14:15:45+00:00","dateModified":"2026-04-10T15:21:59+00:00","mainEntityOfPage":{"@id":"https:\/\/www.cycles-blain.com\/fr\/velo\/look-lance-une-nouvelle-generation-de-pedales-pour-gravel\/"},"wordCount":540,"commentCount":0,"publisher":{"@id":"https:\/\/www.cycles-blain.com\/fr\/#organization"},"image":{"@id":"https:\/\/www.cycles-blain.com\/fr\/velo\/look-lance-une-nouvelle-generation-de-pedales-pour-gravel\/#primaryimage"},"thumbnailUrl":"https:\/\/www.cycles-blain.com\/fr\/wp-content\/uploads\/2026\/04\/pedales-look.jpg","keywords":["Look","pedales automatiques"],"articleSection":["Actus V\u00e9lo","Conseils-Pratique","Gravel","Sport"],"inLanguage":"fr-FR","potentialAction":[{"@type":"CommentAction","name":"Comment","target":["https:\/\/www.cycles-blain.com\/fr\/velo\/look-lance-une-nouvelle-generation-de-pedales-pour-gravel\/#respond"]}]},{"@type":"WebPage","@id":"https:\/\/www.cycles-blain.com\/fr\/velo\/look-lance-une-nouvelle-generation-de-pedales-pour-gravel\/","url":"https:\/\/www.cycles-blain.com\/fr\/velo\/look-lance-une-nouvelle-generation-de-pedales-pour-gravel\/","name":"Look lance une nouvelle g\u00e9n\u00e9ration de p\u00e9dales pour Gravel - Cycles Blain","isPartOf":{"@id":"https:\/\/www.cycles-blain.com\/fr\/#website"},"primaryImageOfPage":{"@id":"https:\/\/www.cycles-blain.com\/fr\/velo\/look-lance-une-nouvelle-generation-de-pedales-pour-gravel\/#primaryimage"},"image":{"@id":"https:\/\/www.cycles-blain.com\/fr\/velo\/look-lance-une-nouvelle-generation-de-pedales-pour-gravel\/#primaryimage"},"thumbnailUrl":"https:\/\/www.cycles-blain.com\/fr\/wp-content\/uploads\/2026\/04\/pedales-look.jpg","datePublished":"2026-04-09T14:15:45+00:00","dateModified":"2026-04-10T15:21:59+00:00","description":"Look d\u00e9voile sa nouvelle gamme de p\u00e9dales gravel : performance, polyvalence ou aventure. Trouvez le mod\u00e8le adapt\u00e9 \u00e0 votre pratique.","breadcrumb":{"@id":"https:\/\/www.cycles-blain.com\/fr\/velo\/look-lance-une-nouvelle-generation-de-pedales-pour-gravel\/#breadcrumb"},"inLanguage":"fr-FR","potentialAction":[{"@type":"ReadAction","target":["https:\/\/www.cycles-blain.com\/fr\/velo\/look-lance-une-nouvelle-generation-de-pedales-pour-gravel\/"]}]},{"@type":"ImageObject","inLanguage":"fr-FR","@id":"https:\/\/www.cycles-blain.com\/fr\/velo\/look-lance-une-nouvelle-generation-de-pedales-pour-gravel\/#primaryimage","url":"https:\/\/www.cycles-blain.com\/fr\/wp-content\/uploads\/2026\/04\/pedales-look.jpg","contentUrl":"https:\/\/www.cycles-blain.com\/fr\/wp-content\/uploads\/2026\/04\/pedales-look.jpg","width":600,"height":400},{"@type":"BreadcrumbList","@id":"https:\/\/www.cycles-blain.com\/fr\/velo\/look-lance-une-nouvelle-generation-de-pedales-pour-gravel\/#breadcrumb","itemListElement":[{"@type":"ListItem","position":1,"name":"Accueil","item":"https:\/\/www.cycles-blain.com\/fr\/"},{"@type":"ListItem","position":2,"name":"Look lance une nouvelle g\u00e9n\u00e9ration de p\u00e9dales pour Gravel"}]},{"@type":"WebSite","@id":"https:\/\/www.cycles-blain.com\/fr\/#website","url":"https:\/\/www.cycles-blain.com\/fr\/","name":"CyclesBlain - Magasins de v\u00e9los, accessoires et ateliers","description":"Blog Cycles Blain","publisher":{"@id":"https:\/\/www.cycles-blain.com\/fr\/#organization"},"potentialAction":[{"@type":"SearchAction","target":{"@type":"EntryPoint","urlTemplate":"https:\/\/www.cycles-blain.com\/fr\/?s={search_term_string}"},"query-input":{"@type":"PropertyValueSpecification","valueRequired":true,"valueName":"search_term_string"}}],"inLanguage":"fr-FR"},{"@type":"Organization","@id":"https:\/\/www.cycles-blain.com\/fr\/#organization","name":"CyclesBlain - Magasins de v\u00e9los, accessoires et ateliers","url":"https:\/\/www.cycles-blain.com\/fr\/","logo":{"@type":"ImageObject","inLanguage":"fr-FR","@id":"https:\/\/www.cycles-blain.com\/fr\/#\/schema\/logo\/image\/","url":"https:\/\/www.cycles-blain.com\/fr\/wp-content\/uploads\/2023\/10\/logo-cycles-blain.jpeg","contentUrl":"https:\/\/www.cycles-blain.com\/fr\/wp-content\/uploads\/2023\/10\/logo-cycles-blain.jpeg","width":264,"height":191,"caption":"CyclesBlain - Magasins de v\u00e9los, accessoires et ateliers"},"image":{"@id":"https:\/\/www.cycles-blain.com\/fr\/#\/schema\/logo\/image\/"},"sameAs":["https:\/\/www.facebook.com\/cyclesblain\/?locale=fr_FR","https:\/\/www.instagram.com\/cycles_blain\/?hl=fr"]},{"@type":"Person","@id":"https:\/\/www.cycles-blain.com\/fr\/#\/schema\/person\/f82a8c0c551dfc1b1a6ac68605ac9d3f","name":"Manon","image":{"@type":"ImageObject","inLanguage":"fr-FR","@id":"https:\/\/secure.gravatar.com\/avatar\/de5471c82d19e75ec403090373707e8b781572e44c2e6135042a1e6a16f3b379?s=96&d=mm&r=g","url":"https:\/\/secure.gravatar.com\/avatar\/de5471c82d19e75ec403090373707e8b781572e44c2e6135042a1e6a16f3b379?s=96&d=mm&r=g","contentUrl":"https:\/\/secure.gravatar.com\/avatar\/de5471c82d19e75ec403090373707e8b781572e44c2e6135042a1e6a16f3b379?s=96&d=mm&r=g","caption":"Manon"},"url":"https:\/\/www.cycles-blain.com\/fr\/author\/manon\/"}]}},"_links":{"self":[{"href":"https:\/\/www.cycles-blain.com\/fr\/wp-json\/wp\/v2\/posts\/21126","targetHints":{"allow":["GET"]}}],"collection":[{"href":"https:\/\/www.cycles-blain.com\/fr\/wp-json\/wp\/v2\/posts"}],"about":[{"href":"https:\/\/www.cycles-blain.com\/fr\/wp-json\/wp\/v2\/types\/post"}],"author":[{"embeddable":true,"href":"https:\/\/www.cycles-blain.com\/fr\/wp-json\/wp\/v2\/users\/5"}],"replies":[{"embeddable":true,"href":"https:\/\/www.cycles-blain.com\/fr\/wp-json\/wp\/v2\/comments?post=21126"}],"version-history":[{"count":32,"href":"https:\/\/www.cycles-blain.com\/fr\/wp-json\/wp\/v2\/posts\/21126\/revisions"}],"predecessor-version":[{"id":21190,"href":"https:\/\/www.cycles-blain.com\/fr\/wp-json\/wp\/v2\/posts\/21126\/revisions\/21190"}],"wp:featuredmedia":[{"embeddable":true,"href":"https:\/\/www.cycles-blain.com\/fr\/wp-json\/wp\/v2\/media\/21127"}],"wp:attachment":[{"href":"https:\/\/www.cycles-blain.com\/fr\/wp-json\/wp\/v2\/media?parent=21126"}],"wp:term":[{"taxonomy":"category","embeddable":true,"href":"https:\/\/www.cycles-blain.com\/fr\/wp-json\/wp\/v2\/categories?post=21126"},{"taxonomy":"post_tag","embeddable":true,"href":"https:\/\/www.cycles-blain.com\/fr\/wp-json\/wp\/v2\/tags?post=21126"}],"curies":[{"name":"wp","href":"https:\/\/api.w.org\/{rel}","templated":true}]}}