{"id":21669,"date":"2026-04-29T11:04:54","date_gmt":"2026-04-29T09:04:54","guid":{"rendered":"https:\/\/www.cycles-blain.com\/fr\/?p=21669"},"modified":"2026-04-29T11:50:16","modified_gmt":"2026-04-29T09:50:16","slug":"nouveaux-portes-velos-thule-attelages-velolite-outpace","status":"publish","type":"post","link":"https:\/\/www.cycles-blain.com\/fr\/tourisme-velo\/nouveaux-portes-velos-thule-attelages-velolite-outpace\/","title":{"rendered":"Nouveaux portes v\u00e9los THULE : Velolite et Outpace"},"content":{"rendered":"\t\t<div data-elementor-type=\"wp-post\" data-elementor-id=\"21669\" class=\"elementor elementor-21669\" data-elementor-post-type=\"post\">\n\t\t\t\t<div class=\"elementor-element elementor-element-73672d3 e-flex e-con-boxed e-con e-parent\" data-id=\"73672d3\" data-element_type=\"container\" data-e-type=\"container\">\n\t\t\t\t\t<div class=\"e-con-inner\">\n\t\t\t\t<div class=\"elementor-element elementor-element-dc21704 elementor-widget elementor-widget-text-editor\" data-id=\"dc21704\" data-element_type=\"widget\" data-e-type=\"widget\" data-widget_type=\"text-editor.default\">\n\t\t\t\t<div class=\"elementor-widget-container\">\n\t\t\t\t\t\t\t\t\t<p><i>Thule \u00e9tend sa gamme de porte v\u00e9los sur attelage avec les portes v\u00e9los Velolite et le Outpace disponibles en magasins sur Lyon chez CYCLES BLAIN<\/i><\/p>\t\t\t\t\t\t\t\t<\/div>\n\t\t\t\t<\/div>\n\t\t\t\t\t<\/div>\n\t\t\t\t<\/div>\n\t\t<div class=\"elementor-element elementor-element-3ab399c e-flex e-con-boxed e-con e-parent\" data-id=\"3ab399c\" data-element_type=\"container\" data-e-type=\"container\">\n\t\t\t\t\t<div class=\"e-con-inner\">\n\t\t\t\t<div class=\"elementor-element elementor-element-53cfd25 elementor-widget elementor-widget-heading\" data-id=\"53cfd25\" data-element_type=\"widget\" data-e-type=\"widget\" data-widget_type=\"heading.default\">\n\t\t\t\t<div class=\"elementor-widget-container\">\n\t\t\t\t\t<h2 class=\"elementor-heading-title elementor-size-default\">Deux portes v\u00e9los sur attelage<\/h2>\t\t\t\t<\/div>\n\t\t\t\t<\/div>\n\t\t\t\t\t<\/div>\n\t\t\t\t<\/div>\n\t\t<div class=\"elementor-element elementor-element-f6c0c72 e-flex e-con-boxed e-con e-parent\" data-id=\"f6c0c72\" data-element_type=\"container\" data-e-type=\"container\">\n\t\t\t\t\t<div class=\"e-con-inner\">\n\t\t\t\t<div class=\"elementor-element elementor-element-23d4a45 elementor-widget elementor-widget-text-editor\" data-id=\"23d4a45\" data-element_type=\"widget\" data-e-type=\"widget\" data-widget_type=\"text-editor.default\">\n\t\t\t\t<div class=\"elementor-widget-container\">\n\t\t\t\t\t\t\t\t\t<p>Les nouveaux portes v\u00e9los Thule sont deux plateformes propos\u00e9es pour les attelages de voiture \/ camions permettant ainsi de transporter des v\u00e9los lourds en toute s\u00e9curit\u00e9 comme les v\u00e9los \u00e9lectriques :\u00a0<\/p><ul><li>\u00a0<b>Le porte v\u00e9lo Thule Velolite<\/b> existe en version 1 et 2 v\u00e9los \u00e0 partir de 399\u20ac pour le premier muni d&rsquo;un bras de fixation par v\u00e9lo et sans syst\u00e8me de basculement une fois charg\u00e9.<\/li><li><b>Le porte v\u00e9lo Thule Outpace<\/b> existe en version 2 v\u00e9los \u00e0 639\u20ac avec un bras de fixation par v\u00e9lo et un syst\u00e8me de basculement une fois charg\u00e9 permettant l&rsquo;ouverture du coffre de voiture.<\/li><\/ul>\t\t\t\t\t\t\t\t<\/div>\n\t\t\t\t<\/div>\n\t\t\t\t\t<\/div>\n\t\t\t\t<\/div>\n\t\t<div class=\"elementor-element elementor-element-71b4262 e-flex e-con-boxed e-con e-parent\" data-id=\"71b4262\" data-element_type=\"container\" data-e-type=\"container\">\n\t\t\t\t\t<div class=\"e-con-inner\">\n\t\t\t\t<div class=\"elementor-element elementor-element-196f4b4 elementor-widget elementor-widget-heading\" data-id=\"196f4b4\" data-element_type=\"widget\" data-e-type=\"widget\" data-widget_type=\"heading.default\">\n\t\t\t\t<div class=\"elementor-widget-container\">\n\t\t\t\t\t<h2 class=\"elementor-heading-title elementor-size-default\">Thule Velolite : le porte facile et compact du quotidien<\/h2>\t\t\t\t<\/div>\n\t\t\t\t<\/div>\n\t\t\t\t\t<\/div>\n\t\t\t\t<\/div>\n\t\t<div class=\"elementor-element elementor-element-002f00e e-flex e-con-boxed e-con e-parent\" data-id=\"002f00e\" data-element_type=\"container\" data-e-type=\"container\">\n\t\t\t\t\t<div class=\"e-con-inner\">\n\t\t\t\t<div class=\"elementor-element elementor-element-a8787fa elementor-widget elementor-widget-text-editor\" data-id=\"a8787fa\" data-element_type=\"widget\" data-e-type=\"widget\" data-widget_type=\"text-editor.default\">\n\t\t\t\t<div class=\"elementor-widget-container\">\n\t\t\t\t\t\t\t\t\t<p>Le porte v\u00e9lo Thule Velolite s&rsquo;adresse aux cycliste occasionnels et fr\u00e9quents qui veulent transporter facilement 1 ou 2 v\u00e9los et qui n&rsquo;ont pas besoin d&rsquo;ouvrir leur coffre de voiture quand les v\u00e9los sont charg\u00e9s.<\/p><ul><li>\u00a0Le pliage est simple et compacte pour permettre de ranger le porte v\u00e9lo Velolite facilement dans son coffre avec une dimension pli\u00e9e de 64 x 77 x 20 cm.<\/li><li>Les bras de fixation sont ind\u00e9pendants pour chaque v\u00e9lo facilitant le montage et le d\u00e9montage des v\u00e9los de fa\u00e7ons ind\u00e9pendantes et surtout facilement m\u00eame avec des formes de cadre tr\u00e8s diff\u00e9rents.<\/li><li>L&rsquo;espace de 23 cm entre les v\u00e9los \u00e9vite les contacts.<\/li><li>La poign\u00e9e ergonomique, le verrous et les sangles de fixations sont simples et solides.<\/li><\/ul>\t\t\t\t\t\t\t\t<\/div>\n\t\t\t\t<\/div>\n\t\t<div class=\"elementor-element elementor-element-d9e311e e-grid e-con-full e-con e-child\" data-id=\"d9e311e\" data-element_type=\"container\" data-e-type=\"container\">\n\t\t\t\t<div class=\"elementor-element elementor-element-ac6c028 elementor-widget elementor-widget-image\" data-id=\"ac6c028\" data-element_type=\"widget\" data-e-type=\"widget\" data-widget_type=\"image.default\">\n\t\t\t\t<div class=\"elementor-widget-container\">\n\t\t\t\t\t\t\t\t\t\t\t\t\t\t\t<img decoding=\"async\" src=\"https:\/\/www.cycles-blain.com\/fr\/wp-content\/uploads\/elementor\/thumbs\/1627593-rmpqo9we1r7ef308x4ow420ctf65kzoxtixzuynmo0.jpg\" title=\"Porte v\u00e9lo Thule Velolite\" alt=\"Porte v\u00e9lo Thule Velolite\" loading=\"lazy\" \/>\t\t\t\t\t\t\t\t\t\t\t\t\t\t\t<\/div>\n\t\t\t\t<\/div>\n\t\t\t\t<div class=\"elementor-element elementor-element-1042804 elementor-widget elementor-widget-image\" data-id=\"1042804\" data-element_type=\"widget\" data-e-type=\"widget\" data-widget_type=\"image.default\">\n\t\t\t\t<div class=\"elementor-widget-container\">\n\t\t\t\t\t\t\t\t\t\t\t\t\t\t\t<img decoding=\"async\" src=\"https:\/\/www.cycles-blain.com\/fr\/wp-content\/uploads\/elementor\/thumbs\/1627596-rmpqobs2ff9z2axim5i591ja06ww0dwehs8ytikubk.jpg\" title=\"Thule Velolite\" alt=\"Thule Velolite\" loading=\"lazy\" \/>\t\t\t\t\t\t\t\t\t\t\t\t\t\t\t<\/div>\n\t\t\t\t<\/div>\n\t\t\t\t<\/div>\n\t\t\t\t\t<\/div>\n\t\t\t\t<\/div>\n\t\t<div class=\"elementor-element elementor-element-e387fc4 e-flex e-con-boxed e-con e-parent\" data-id=\"e387fc4\" data-element_type=\"container\" data-e-type=\"container\">\n\t\t\t\t\t<div class=\"e-con-inner\">\n\t\t\t\t<div class=\"elementor-element elementor-element-3c5371f elementor-widget elementor-widget-heading\" data-id=\"3c5371f\" data-element_type=\"widget\" data-e-type=\"widget\" data-widget_type=\"heading.default\">\n\t\t\t\t<div class=\"elementor-widget-container\">\n\t\t\t\t\t<h2 class=\"elementor-heading-title elementor-size-default\">Thule Outpace : Le porte v\u00e9lo occasionnel polyvalent<\/h2>\t\t\t\t<\/div>\n\t\t\t\t<\/div>\n\t\t\t\t\t<\/div>\n\t\t\t\t<\/div>\n\t\t<div class=\"elementor-element elementor-element-f4f1585 e-flex e-con-boxed e-con e-parent\" data-id=\"f4f1585\" data-element_type=\"container\" data-e-type=\"container\">\n\t\t\t\t\t<div class=\"e-con-inner\">\n\t\t\t\t<div class=\"elementor-element elementor-element-d33af6d elementor-widget elementor-widget-text-editor\" data-id=\"d33af6d\" data-element_type=\"widget\" data-e-type=\"widget\" data-widget_type=\"text-editor.default\">\n\t\t\t\t<div class=\"elementor-widget-container\">\n\t\t\t\t\t\t\t\t\t<p>La plateforme du porte v\u00e9lo Thule ressemble \u00e0 celle du Velolite avec quelques \u00e9l\u00e9ments pratiques<\/p><ul><li>Chargement et d\u00e9chargement individuels de v\u00e9los<\/li><li>Sangle polyvalente pour les cadres de 20 \u00e0 90 mm<\/li><li>Fonction de basculement : Le porte-v\u00e9lo s&rsquo;incline pour permettre l&rsquo;acc\u00e8s au coffre \u00e0 tout moment<\/li><li>Poign\u00e9e de transport et design l\u00e9ger pour une manipulation et une installation faciles, ce qui le rend parfait pour une utilisation occasionnelle.<\/li><\/ul>\t\t\t\t\t\t\t\t<\/div>\n\t\t\t\t<\/div>\n\t\t<div class=\"elementor-element elementor-element-d8aa558 e-grid e-con-full e-con e-child\" data-id=\"d8aa558\" data-element_type=\"container\" data-e-type=\"container\">\n\t\t\t\t<div class=\"elementor-element elementor-element-23425b4 elementor-widget elementor-widget-image\" data-id=\"23425b4\" data-element_type=\"widget\" data-e-type=\"widget\" data-widget_type=\"image.default\">\n\t\t\t\t<div class=\"elementor-widget-container\">\n\t\t\t\t\t\t\t\t\t\t\t\t\t\t\t<img decoding=\"async\" src=\"https:\/\/www.cycles-blain.com\/fr\/wp-content\/uploads\/elementor\/thumbs\/1558453-rmpqu3iedt6cc4jrx5ap2345ach09ht2ycf9vo0u4g.jpg\" title=\"Porte v\u00e9los Thule Outpace\" alt=\"Porte v\u00e9los Thule Outpace\" loading=\"lazy\" \/>\t\t\t\t\t\t\t\t\t\t\t\t\t\t\t<\/div>\n\t\t\t\t<\/div>\n\t\t\t\t<div class=\"elementor-element elementor-element-74436e5 elementor-widget elementor-widget-image\" data-id=\"74436e5\" data-element_type=\"widget\" data-e-type=\"widget\" data-widget_type=\"image.default\">\n\t\t\t\t<div class=\"elementor-widget-container\">\n\t\t\t\t\t\t\t\t\t\t\t\t\t\t\t<img decoding=\"async\" src=\"https:\/\/www.cycles-blain.com\/fr\/wp-content\/uploads\/elementor\/thumbs\/1558456-rmpqu5e2rh8wzch1m63y72n2h47qow0jmlq8u7y1s0.jpg\" title=\"Thule Outpace\" alt=\"Thule Outpace\" loading=\"lazy\" \/>\t\t\t\t\t\t\t\t\t\t\t\t\t\t\t<\/div>\n\t\t\t\t<\/div>\n\t\t\t\t<\/div>\n\t\t\t\t\t<\/div>\n\t\t\t\t<\/div>\n\t\t<div class=\"elementor-element elementor-element-edf1e2b e-flex e-con-boxed e-con e-parent\" data-id=\"edf1e2b\" data-element_type=\"container\" data-e-type=\"container\">\n\t\t\t\t\t<div class=\"e-con-inner\">\n\t\t\t\t<div class=\"elementor-element elementor-element-51c427a elementor-align-center elementor-widget elementor-widget-button\" data-id=\"51c427a\" data-element_type=\"widget\" data-e-type=\"widget\" data-widget_type=\"button.default\">\n\t\t\t\t<div class=\"elementor-widget-container\">\n\t\t\t\t\t\t\t\t\t<div class=\"elementor-button-wrapper\">\n\t\t\t\t\t<a class=\"elementor-button elementor-button-link elementor-size-sm\" href=\"https:\/\/www.cycles-blain.com\/94-portes-velo\" target=\"_blank\">\n\t\t\t\t\t\t<span class=\"elementor-button-content-wrapper\">\n\t\t\t\t\t\t\t\t\t<span class=\"elementor-button-text\">Je trouve mon porte v\u00e9los<\/span>\n\t\t\t\t\t<\/span>\n\t\t\t\t\t<\/a>\n\t\t\t\t<\/div>\n\t\t\t\t\t\t\t\t<\/div>\n\t\t\t\t<\/div>\n\t\t\t\t\t<\/div>\n\t\t\t\t<\/div>\n\t\t<div class=\"elementor-element elementor-element-f902fe1 e-flex e-con-boxed e-con e-parent\" data-id=\"f902fe1\" data-element_type=\"container\" data-e-type=\"container\">\n\t\t\t\t\t<div class=\"e-con-inner\">\n\t\t\t\t<div class=\"elementor-element elementor-element-9f3f98e elementor-widget elementor-widget-image\" data-id=\"9f3f98e\" data-element_type=\"widget\" data-e-type=\"widget\" data-widget_type=\"image.default\">\n\t\t\t\t<div class=\"elementor-widget-container\">\n\t\t\t\t\t\t\t\t\t\t\t\t<figure class=\"wp-caption\">\n\t\t\t\t\t\t\t\t\t\t\t<a href=\"https:\/\/www.cycles-blain.com\/fr\/tourisme-velo\/voyage-a-velo-nouveau-cours-de-mecanique\/\">\n\t\t\t\t\t\t\t<img fetchpriority=\"high\" decoding=\"async\" width=\"600\" height=\"400\" src=\"https:\/\/www.cycles-blain.com\/fr\/wp-content\/uploads\/2026\/04\/voyage-a-velo-article-visu.jpg\" class=\"attachment-large size-large wp-image-21351\" alt=\"Cours de m\u00e9canique sp\u00e9cial Voyage \u00e0 v\u00e9los\" srcset=\"https:\/\/www.cycles-blain.com\/fr\/wp-content\/uploads\/2026\/04\/voyage-a-velo-article-visu.jpg 600w, https:\/\/www.cycles-blain.com\/fr\/wp-content\/uploads\/2026\/04\/voyage-a-velo-article-visu-300x200.jpg 300w, https:\/\/www.cycles-blain.com\/fr\/wp-content\/uploads\/2026\/04\/elementor\/thumbs\/voyage-a-velo-article-visu-rm2zytlv7ptgp2scma5w1q1nhynh3kdat648m2hcgw.jpg 360w\" sizes=\"(max-width: 600px) 100vw, 600px\" \/>\t\t\t\t\t\t\t\t<\/a>\n\t\t\t\t\t\t\t\t\t\t\t<figcaption class=\"widget-image-caption wp-caption-text\">Cours de m\u00e9canique v\u00e9los sp\u00e9cial \"voyage \u00e0 v\u00e9los\"<\/figcaption>\n\t\t\t\t\t\t\t\t\t\t<\/figure>\n\t\t\t\t\t\t\t\t\t<\/div>\n\t\t\t\t<\/div>\n\t\t\t\t\t<\/div>\n\t\t\t\t<\/div>\n\t\t\t\t<\/div>\n\t\t","protected":false},"excerpt":{"rendered":"<p>Thule \u00e9tend sa gamme de porte v\u00e9los sur attelage avec les portes v\u00e9los Velolite et le Outpace disponibles en magasins sur Lyon chez CYCLES BLAIN<\/p>\n","protected":false},"author":1,"featured_media":21703,"comment_status":"open","ping_status":"open","sticky":false,"template":"","format":"standard","meta":{"site-sidebar-layout":"default","site-content-layout":"","ast-site-content-layout":"default","site-content-style":"default","site-sidebar-style":"default","ast-global-header-display":"","ast-banner-title-visibility":"","ast-main-header-display":"","ast-hfb-above-header-display":"","ast-hfb-below-header-display":"","ast-hfb-mobile-header-display":"","site-post-title":"","ast-breadcrumbs-content":"","ast-featured-img":"","footer-sml-layout":"","theme-transparent-header-meta":"","adv-header-id-meta":"","stick-header-meta":"","header-above-stick-meta":"","header-main-stick-meta":"","header-below-stick-meta":"","astra-migrate-meta-layouts":"set","ast-page-background-enabled":"default","ast-page-background-meta":{"desktop":{"background-color":"","background-image":"","background-repeat":"repeat","background-position":"center center","background-size":"auto","background-attachment":"scroll","background-type":"","background-media":"","overlay-type":"","overlay-color":"","overlay-gradient":""},"tablet":{"background-color":"","background-image":"","background-repeat":"repeat","background-position":"center center","background-size":"auto","background-attachment":"scroll","background-type":"","background-media":"","overlay-type":"","overlay-color":"","overlay-gradient":""},"mobile":{"background-color":"","background-image":"","background-repeat":"repeat","background-position":"center center","background-size":"auto","background-attachment":"scroll","background-type":"","background-media":"","overlay-type":"","overlay-color":"","overlay-gradient":""}},"ast-content-background-meta":{"desktop":{"background-color":"var(--ast-global-color-5)","background-image":"","background-repeat":"repeat","background-position":"center center","background-size":"auto","background-attachment":"scroll","background-type":"","background-media":"","overlay-type":"","overlay-color":"","overlay-gradient":""},"tablet":{"background-color":"var(--ast-global-color-5)","background-image":"","background-repeat":"repeat","background-position":"center center","background-size":"auto","background-attachment":"scroll","background-type":"","background-media":"","overlay-type":"","overlay-color":"","overlay-gradient":""},"mobile":{"background-color":"var(--ast-global-color-5)","background-image":"","background-repeat":"repeat","background-position":"center center","background-size":"auto","background-attachment":"scroll","background-type":"","background-media":"","overlay-type":"","overlay-color":"","overlay-gradient":""}},"footnotes":""},"categories":[4,9,18],"tags":[416,173],"class_list":["post-21669","post","type-post","status-publish","format-standard","has-post-thumbnail","hentry","category-velo","category-conseils-velo","category-tourisme-velo","tag-porte-velos","tag-thule"],"yoast_head":"<!-- This site is optimized with the Yoast SEO plugin v27.5 - https:\/\/yoast.com\/product\/yoast-seo-wordpress\/ -->\n<title>Nouveaux portes v\u00e9los THULE : Velolite et Outpace - CyclesBlain - Magasins de v\u00e9los, accessoires et ateliers<\/title>\n<meta name=\"description\" content=\"Thule \u00e9tend sa gamme de porte v\u00e9los sur attelage avec les portes v\u00e9los Velolite et le Outpace disponibles en magasins sur Lyon chez CYCLES BLAIN\" \/>\n<meta name=\"robots\" content=\"index, follow, max-snippet:-1, max-image-preview:large, max-video-preview:-1\" \/>\n<link rel=\"canonical\" href=\"https:\/\/www.cycles-blain.com\/fr\/tourisme-velo\/nouveaux-portes-velos-thule-attelages-velolite-outpace\/\" \/>\n<meta property=\"og:locale\" content=\"fr_FR\" \/>\n<meta property=\"og:type\" content=\"article\" \/>\n<meta property=\"og:title\" content=\"Nouveaux portes v\u00e9los THULE : Velolite et Outpace - CyclesBlain - Magasins de v\u00e9los, accessoires et ateliers\" \/>\n<meta property=\"og:description\" content=\"Thule \u00e9tend sa gamme de porte v\u00e9los sur attelage avec les portes v\u00e9los Velolite et le Outpace disponibles en magasins sur Lyon chez CYCLES BLAIN\" \/>\n<meta property=\"og:url\" content=\"https:\/\/www.cycles-blain.com\/fr\/tourisme-velo\/nouveaux-portes-velos-thule-attelages-velolite-outpace\/\" \/>\n<meta property=\"og:site_name\" content=\"CyclesBlain - Magasins de v\u00e9los, accessoires et ateliers\" \/>\n<meta property=\"article:publisher\" content=\"https:\/\/www.facebook.com\/cyclesblain\/?locale=fr_FR\" \/>\n<meta property=\"article:published_time\" content=\"2026-04-29T09:04:54+00:00\" \/>\n<meta property=\"article:modified_time\" content=\"2026-04-29T09:50:16+00:00\" \/>\n<meta property=\"og:image\" content=\"https:\/\/www.cycles-blain.com\/fr\/wp-content\/uploads\/2026\/04\/porte-velos-thule.jpg\" \/>\n\t<meta property=\"og:image:width\" content=\"600\" \/>\n\t<meta property=\"og:image:height\" content=\"437\" \/>\n\t<meta property=\"og:image:type\" content=\"image\/jpeg\" \/>\n<meta name=\"author\" content=\"Gueweb\" \/>\n<meta name=\"twitter:card\" content=\"summary_large_image\" \/>\n<meta name=\"twitter:label1\" content=\"\u00c9crit par\" \/>\n\t<meta name=\"twitter:data1\" content=\"Gueweb\" \/>\n\t<meta name=\"twitter:label2\" content=\"Dur\u00e9e de lecture estim\u00e9e\" \/>\n\t<meta name=\"twitter:data2\" content=\"3 minutes\" \/>\n<script type=\"application\/ld+json\" class=\"yoast-schema-graph\">{\"@context\":\"https:\\\/\\\/schema.org\",\"@graph\":[{\"@type\":\"Article\",\"@id\":\"https:\\\/\\\/www.cycles-blain.com\\\/fr\\\/tourisme-velo\\\/nouveaux-portes-velos-thule-attelages-velolite-outpace\\\/#article\",\"isPartOf\":{\"@id\":\"https:\\\/\\\/www.cycles-blain.com\\\/fr\\\/tourisme-velo\\\/nouveaux-portes-velos-thule-attelages-velolite-outpace\\\/\"},\"author\":{\"name\":\"Gueweb\",\"@id\":\"https:\\\/\\\/www.cycles-blain.com\\\/fr\\\/#\\\/schema\\\/person\\\/6fb8bad852fde893fb61b7b05936af37\"},\"headline\":\"Nouveaux portes v\u00e9los THULE : Velolite et Outpace\",\"datePublished\":\"2026-04-29T09:04:54+00:00\",\"dateModified\":\"2026-04-29T09:50:16+00:00\",\"mainEntityOfPage\":{\"@id\":\"https:\\\/\\\/www.cycles-blain.com\\\/fr\\\/tourisme-velo\\\/nouveaux-portes-velos-thule-attelages-velolite-outpace\\\/\"},\"wordCount\":385,\"commentCount\":0,\"publisher\":{\"@id\":\"https:\\\/\\\/www.cycles-blain.com\\\/fr\\\/#organization\"},\"image\":{\"@id\":\"https:\\\/\\\/www.cycles-blain.com\\\/fr\\\/tourisme-velo\\\/nouveaux-portes-velos-thule-attelages-velolite-outpace\\\/#primaryimage\"},\"thumbnailUrl\":\"https:\\\/\\\/www.cycles-blain.com\\\/fr\\\/wp-content\\\/uploads\\\/2026\\\/04\\\/porte-velos-thule.jpg\",\"keywords\":[\"Porte v\u00e9los\",\"thule\"],\"articleSection\":[\"Actus V\u00e9lo\",\"Conseils-Pratique\",\"Tourisme\"],\"inLanguage\":\"fr-FR\",\"potentialAction\":[{\"@type\":\"CommentAction\",\"name\":\"Comment\",\"target\":[\"https:\\\/\\\/www.cycles-blain.com\\\/fr\\\/tourisme-velo\\\/nouveaux-portes-velos-thule-attelages-velolite-outpace\\\/#respond\"]}]},{\"@type\":\"WebPage\",\"@id\":\"https:\\\/\\\/www.cycles-blain.com\\\/fr\\\/tourisme-velo\\\/nouveaux-portes-velos-thule-attelages-velolite-outpace\\\/\",\"url\":\"https:\\\/\\\/www.cycles-blain.com\\\/fr\\\/tourisme-velo\\\/nouveaux-portes-velos-thule-attelages-velolite-outpace\\\/\",\"name\":\"Nouveaux portes v\u00e9los THULE : Velolite et Outpace - CyclesBlain - Magasins de v\u00e9los, accessoires et ateliers\",\"isPartOf\":{\"@id\":\"https:\\\/\\\/www.cycles-blain.com\\\/fr\\\/#website\"},\"primaryImageOfPage\":{\"@id\":\"https:\\\/\\\/www.cycles-blain.com\\\/fr\\\/tourisme-velo\\\/nouveaux-portes-velos-thule-attelages-velolite-outpace\\\/#primaryimage\"},\"image\":{\"@id\":\"https:\\\/\\\/www.cycles-blain.com\\\/fr\\\/tourisme-velo\\\/nouveaux-portes-velos-thule-attelages-velolite-outpace\\\/#primaryimage\"},\"thumbnailUrl\":\"https:\\\/\\\/www.cycles-blain.com\\\/fr\\\/wp-content\\\/uploads\\\/2026\\\/04\\\/porte-velos-thule.jpg\",\"datePublished\":\"2026-04-29T09:04:54+00:00\",\"dateModified\":\"2026-04-29T09:50:16+00:00\",\"description\":\"Thule \u00e9tend sa gamme de porte v\u00e9los sur attelage avec les portes v\u00e9los Velolite et le Outpace disponibles en magasins sur Lyon chez CYCLES BLAIN\",\"breadcrumb\":{\"@id\":\"https:\\\/\\\/www.cycles-blain.com\\\/fr\\\/tourisme-velo\\\/nouveaux-portes-velos-thule-attelages-velolite-outpace\\\/#breadcrumb\"},\"inLanguage\":\"fr-FR\",\"potentialAction\":[{\"@type\":\"ReadAction\",\"target\":[\"https:\\\/\\\/www.cycles-blain.com\\\/fr\\\/tourisme-velo\\\/nouveaux-portes-velos-thule-attelages-velolite-outpace\\\/\"]}]},{\"@type\":\"ImageObject\",\"inLanguage\":\"fr-FR\",\"@id\":\"https:\\\/\\\/www.cycles-blain.com\\\/fr\\\/tourisme-velo\\\/nouveaux-portes-velos-thule-attelages-velolite-outpace\\\/#primaryimage\",\"url\":\"https:\\\/\\\/www.cycles-blain.com\\\/fr\\\/wp-content\\\/uploads\\\/2026\\\/04\\\/porte-velos-thule.jpg\",\"contentUrl\":\"https:\\\/\\\/www.cycles-blain.com\\\/fr\\\/wp-content\\\/uploads\\\/2026\\\/04\\\/porte-velos-thule.jpg\",\"width\":600,\"height\":437,\"caption\":\"Nouveaux Portes v\u00e9los Thule sur attelage\"},{\"@type\":\"BreadcrumbList\",\"@id\":\"https:\\\/\\\/www.cycles-blain.com\\\/fr\\\/tourisme-velo\\\/nouveaux-portes-velos-thule-attelages-velolite-outpace\\\/#breadcrumb\",\"itemListElement\":[{\"@type\":\"ListItem\",\"position\":1,\"name\":\"Accueil\",\"item\":\"https:\\\/\\\/www.cycles-blain.com\\\/fr\\\/\"},{\"@type\":\"ListItem\",\"position\":2,\"name\":\"Nouveaux portes v\u00e9los THULE : Velolite et Outpace\"}]},{\"@type\":\"WebSite\",\"@id\":\"https:\\\/\\\/www.cycles-blain.com\\\/fr\\\/#website\",\"url\":\"https:\\\/\\\/www.cycles-blain.com\\\/fr\\\/\",\"name\":\"CyclesBlain - Magasins de v\u00e9los, accessoires et ateliers\",\"description\":\"Blog Cycles Blain\",\"publisher\":{\"@id\":\"https:\\\/\\\/www.cycles-blain.com\\\/fr\\\/#organization\"},\"potentialAction\":[{\"@type\":\"SearchAction\",\"target\":{\"@type\":\"EntryPoint\",\"urlTemplate\":\"https:\\\/\\\/www.cycles-blain.com\\\/fr\\\/?s={search_term_string}\"},\"query-input\":{\"@type\":\"PropertyValueSpecification\",\"valueRequired\":true,\"valueName\":\"search_term_string\"}}],\"inLanguage\":\"fr-FR\"},{\"@type\":\"Organization\",\"@id\":\"https:\\\/\\\/www.cycles-blain.com\\\/fr\\\/#organization\",\"name\":\"CyclesBlain - Magasins de v\u00e9los, accessoires et ateliers\",\"url\":\"https:\\\/\\\/www.cycles-blain.com\\\/fr\\\/\",\"logo\":{\"@type\":\"ImageObject\",\"inLanguage\":\"fr-FR\",\"@id\":\"https:\\\/\\\/www.cycles-blain.com\\\/fr\\\/#\\\/schema\\\/logo\\\/image\\\/\",\"url\":\"https:\\\/\\\/www.cycles-blain.com\\\/fr\\\/wp-content\\\/uploads\\\/2023\\\/10\\\/logo-cycles-blain.jpeg\",\"contentUrl\":\"https:\\\/\\\/www.cycles-blain.com\\\/fr\\\/wp-content\\\/uploads\\\/2023\\\/10\\\/logo-cycles-blain.jpeg\",\"width\":264,\"height\":191,\"caption\":\"CyclesBlain - Magasins de v\u00e9los, accessoires et ateliers\"},\"image\":{\"@id\":\"https:\\\/\\\/www.cycles-blain.com\\\/fr\\\/#\\\/schema\\\/logo\\\/image\\\/\"},\"sameAs\":[\"https:\\\/\\\/www.facebook.com\\\/cyclesblain\\\/?locale=fr_FR\",\"https:\\\/\\\/www.instagram.com\\\/cycles_blain\\\/?hl=fr\"]},{\"@type\":\"Person\",\"@id\":\"https:\\\/\\\/www.cycles-blain.com\\\/fr\\\/#\\\/schema\\\/person\\\/6fb8bad852fde893fb61b7b05936af37\",\"name\":\"Gueweb\",\"image\":{\"@type\":\"ImageObject\",\"inLanguage\":\"fr-FR\",\"@id\":\"https:\\\/\\\/secure.gravatar.com\\\/avatar\\\/52550bc594eb074508114b963209b157358b27e5a0319de1bb723df3f760ca2d?s=96&d=mm&r=g\",\"url\":\"https:\\\/\\\/secure.gravatar.com\\\/avatar\\\/52550bc594eb074508114b963209b157358b27e5a0319de1bb723df3f760ca2d?s=96&d=mm&r=g\",\"contentUrl\":\"https:\\\/\\\/secure.gravatar.com\\\/avatar\\\/52550bc594eb074508114b963209b157358b27e5a0319de1bb723df3f760ca2d?s=96&d=mm&r=g\",\"caption\":\"Gueweb\"},\"sameAs\":[\"https:\\\/\\\/www.cycles-blain.com\\\/\\\/fr\"],\"url\":\"https:\\\/\\\/www.cycles-blain.com\\\/fr\\\/author\\\/gueweb\\\/\"}]}<\/script>\n<!-- \/ Yoast SEO plugin. -->","yoast_head_json":{"title":"Nouveaux portes v\u00e9los THULE : Velolite et Outpace - CyclesBlain - Magasins de v\u00e9los, accessoires et ateliers","description":"Thule \u00e9tend sa gamme de porte v\u00e9los sur attelage avec les portes v\u00e9los Velolite et le Outpace disponibles en magasins sur Lyon chez CYCLES BLAIN","robots":{"index":"index","follow":"follow","max-snippet":"max-snippet:-1","max-image-preview":"max-image-preview:large","max-video-preview":"max-video-preview:-1"},"canonical":"https:\/\/www.cycles-blain.com\/fr\/tourisme-velo\/nouveaux-portes-velos-thule-attelages-velolite-outpace\/","og_locale":"fr_FR","og_type":"article","og_title":"Nouveaux portes v\u00e9los THULE : Velolite et Outpace - CyclesBlain - Magasins de v\u00e9los, accessoires et ateliers","og_description":"Thule \u00e9tend sa gamme de porte v\u00e9los sur attelage avec les portes v\u00e9los Velolite et le Outpace disponibles en magasins sur Lyon chez CYCLES BLAIN","og_url":"https:\/\/www.cycles-blain.com\/fr\/tourisme-velo\/nouveaux-portes-velos-thule-attelages-velolite-outpace\/","og_site_name":"CyclesBlain - Magasins de v\u00e9los, accessoires et ateliers","article_publisher":"https:\/\/www.facebook.com\/cyclesblain\/?locale=fr_FR","article_published_time":"2026-04-29T09:04:54+00:00","article_modified_time":"2026-04-29T09:50:16+00:00","og_image":[{"width":600,"height":437,"url":"https:\/\/www.cycles-blain.com\/fr\/wp-content\/uploads\/2026\/04\/porte-velos-thule.jpg","type":"image\/jpeg"}],"author":"Gueweb","twitter_card":"summary_large_image","twitter_misc":{"\u00c9crit par":"Gueweb","Dur\u00e9e de lecture estim\u00e9e":"3 minutes"},"schema":{"@context":"https:\/\/schema.org","@graph":[{"@type":"Article","@id":"https:\/\/www.cycles-blain.com\/fr\/tourisme-velo\/nouveaux-portes-velos-thule-attelages-velolite-outpace\/#article","isPartOf":{"@id":"https:\/\/www.cycles-blain.com\/fr\/tourisme-velo\/nouveaux-portes-velos-thule-attelages-velolite-outpace\/"},"author":{"name":"Gueweb","@id":"https:\/\/www.cycles-blain.com\/fr\/#\/schema\/person\/6fb8bad852fde893fb61b7b05936af37"},"headline":"Nouveaux portes v\u00e9los THULE : Velolite et Outpace","datePublished":"2026-04-29T09:04:54+00:00","dateModified":"2026-04-29T09:50:16+00:00","mainEntityOfPage":{"@id":"https:\/\/www.cycles-blain.com\/fr\/tourisme-velo\/nouveaux-portes-velos-thule-attelages-velolite-outpace\/"},"wordCount":385,"commentCount":0,"publisher":{"@id":"https:\/\/www.cycles-blain.com\/fr\/#organization"},"image":{"@id":"https:\/\/www.cycles-blain.com\/fr\/tourisme-velo\/nouveaux-portes-velos-thule-attelages-velolite-outpace\/#primaryimage"},"thumbnailUrl":"https:\/\/www.cycles-blain.com\/fr\/wp-content\/uploads\/2026\/04\/porte-velos-thule.jpg","keywords":["Porte v\u00e9los","thule"],"articleSection":["Actus V\u00e9lo","Conseils-Pratique","Tourisme"],"inLanguage":"fr-FR","potentialAction":[{"@type":"CommentAction","name":"Comment","target":["https:\/\/www.cycles-blain.com\/fr\/tourisme-velo\/nouveaux-portes-velos-thule-attelages-velolite-outpace\/#respond"]}]},{"@type":"WebPage","@id":"https:\/\/www.cycles-blain.com\/fr\/tourisme-velo\/nouveaux-portes-velos-thule-attelages-velolite-outpace\/","url":"https:\/\/www.cycles-blain.com\/fr\/tourisme-velo\/nouveaux-portes-velos-thule-attelages-velolite-outpace\/","name":"Nouveaux portes v\u00e9los THULE : Velolite et Outpace - CyclesBlain - Magasins de v\u00e9los, accessoires et ateliers","isPartOf":{"@id":"https:\/\/www.cycles-blain.com\/fr\/#website"},"primaryImageOfPage":{"@id":"https:\/\/www.cycles-blain.com\/fr\/tourisme-velo\/nouveaux-portes-velos-thule-attelages-velolite-outpace\/#primaryimage"},"image":{"@id":"https:\/\/www.cycles-blain.com\/fr\/tourisme-velo\/nouveaux-portes-velos-thule-attelages-velolite-outpace\/#primaryimage"},"thumbnailUrl":"https:\/\/www.cycles-blain.com\/fr\/wp-content\/uploads\/2026\/04\/porte-velos-thule.jpg","datePublished":"2026-04-29T09:04:54+00:00","dateModified":"2026-04-29T09:50:16+00:00","description":"Thule \u00e9tend sa gamme de porte v\u00e9los sur attelage avec les portes v\u00e9los Velolite et le Outpace disponibles en magasins sur Lyon chez CYCLES BLAIN","breadcrumb":{"@id":"https:\/\/www.cycles-blain.com\/fr\/tourisme-velo\/nouveaux-portes-velos-thule-attelages-velolite-outpace\/#breadcrumb"},"inLanguage":"fr-FR","potentialAction":[{"@type":"ReadAction","target":["https:\/\/www.cycles-blain.com\/fr\/tourisme-velo\/nouveaux-portes-velos-thule-attelages-velolite-outpace\/"]}]},{"@type":"ImageObject","inLanguage":"fr-FR","@id":"https:\/\/www.cycles-blain.com\/fr\/tourisme-velo\/nouveaux-portes-velos-thule-attelages-velolite-outpace\/#primaryimage","url":"https:\/\/www.cycles-blain.com\/fr\/wp-content\/uploads\/2026\/04\/porte-velos-thule.jpg","contentUrl":"https:\/\/www.cycles-blain.com\/fr\/wp-content\/uploads\/2026\/04\/porte-velos-thule.jpg","width":600,"height":437,"caption":"Nouveaux Portes v\u00e9los Thule sur attelage"},{"@type":"BreadcrumbList","@id":"https:\/\/www.cycles-blain.com\/fr\/tourisme-velo\/nouveaux-portes-velos-thule-attelages-velolite-outpace\/#breadcrumb","itemListElement":[{"@type":"ListItem","position":1,"name":"Accueil","item":"https:\/\/www.cycles-blain.com\/fr\/"},{"@type":"ListItem","position":2,"name":"Nouveaux portes v\u00e9los THULE : Velolite et Outpace"}]},{"@type":"WebSite","@id":"https:\/\/www.cycles-blain.com\/fr\/#website","url":"https:\/\/www.cycles-blain.com\/fr\/","name":"CyclesBlain - Magasins de v\u00e9los, accessoires et ateliers","description":"Blog Cycles Blain","publisher":{"@id":"https:\/\/www.cycles-blain.com\/fr\/#organization"},"potentialAction":[{"@type":"SearchAction","target":{"@type":"EntryPoint","urlTemplate":"https:\/\/www.cycles-blain.com\/fr\/?s={search_term_string}"},"query-input":{"@type":"PropertyValueSpecification","valueRequired":true,"valueName":"search_term_string"}}],"inLanguage":"fr-FR"},{"@type":"Organization","@id":"https:\/\/www.cycles-blain.com\/fr\/#organization","name":"CyclesBlain - Magasins de v\u00e9los, accessoires et ateliers","url":"https:\/\/www.cycles-blain.com\/fr\/","logo":{"@type":"ImageObject","inLanguage":"fr-FR","@id":"https:\/\/www.cycles-blain.com\/fr\/#\/schema\/logo\/image\/","url":"https:\/\/www.cycles-blain.com\/fr\/wp-content\/uploads\/2023\/10\/logo-cycles-blain.jpeg","contentUrl":"https:\/\/www.cycles-blain.com\/fr\/wp-content\/uploads\/2023\/10\/logo-cycles-blain.jpeg","width":264,"height":191,"caption":"CyclesBlain - Magasins de v\u00e9los, accessoires et ateliers"},"image":{"@id":"https:\/\/www.cycles-blain.com\/fr\/#\/schema\/logo\/image\/"},"sameAs":["https:\/\/www.facebook.com\/cyclesblain\/?locale=fr_FR","https:\/\/www.instagram.com\/cycles_blain\/?hl=fr"]},{"@type":"Person","@id":"https:\/\/www.cycles-blain.com\/fr\/#\/schema\/person\/6fb8bad852fde893fb61b7b05936af37","name":"Gueweb","image":{"@type":"ImageObject","inLanguage":"fr-FR","@id":"https:\/\/secure.gravatar.com\/avatar\/52550bc594eb074508114b963209b157358b27e5a0319de1bb723df3f760ca2d?s=96&d=mm&r=g","url":"https:\/\/secure.gravatar.com\/avatar\/52550bc594eb074508114b963209b157358b27e5a0319de1bb723df3f760ca2d?s=96&d=mm&r=g","contentUrl":"https:\/\/secure.gravatar.com\/avatar\/52550bc594eb074508114b963209b157358b27e5a0319de1bb723df3f760ca2d?s=96&d=mm&r=g","caption":"Gueweb"},"sameAs":["https:\/\/www.cycles-blain.com\/\/fr"],"url":"https:\/\/www.cycles-blain.com\/fr\/author\/gueweb\/"}]}},"_links":{"self":[{"href":"https:\/\/www.cycles-blain.com\/fr\/wp-json\/wp\/v2\/posts\/21669","targetHints":{"allow":["GET"]}}],"collection":[{"href":"https:\/\/www.cycles-blain.com\/fr\/wp-json\/wp\/v2\/posts"}],"about":[{"href":"https:\/\/www.cycles-blain.com\/fr\/wp-json\/wp\/v2\/types\/post"}],"author":[{"embeddable":true,"href":"https:\/\/www.cycles-blain.com\/fr\/wp-json\/wp\/v2\/users\/1"}],"replies":[{"embeddable":true,"href":"https:\/\/www.cycles-blain.com\/fr\/wp-json\/wp\/v2\/comments?post=21669"}],"version-history":[{"count":28,"href":"https:\/\/www.cycles-blain.com\/fr\/wp-json\/wp\/v2\/posts\/21669\/revisions"}],"predecessor-version":[{"id":21702,"href":"https:\/\/www.cycles-blain.com\/fr\/wp-json\/wp\/v2\/posts\/21669\/revisions\/21702"}],"wp:featuredmedia":[{"embeddable":true,"href":"https:\/\/www.cycles-blain.com\/fr\/wp-json\/wp\/v2\/media\/21703"}],"wp:attachment":[{"href":"https:\/\/www.cycles-blain.com\/fr\/wp-json\/wp\/v2\/media?parent=21669"}],"wp:term":[{"taxonomy":"category","embeddable":true,"href":"https:\/\/www.cycles-blain.com\/fr\/wp-json\/wp\/v2\/categories?post=21669"},{"taxonomy":"post_tag","embeddable":true,"href":"https:\/\/www.cycles-blain.com\/fr\/wp-json\/wp\/v2\/tags?post=21669"}],"curies":[{"name":"wp","href":"https:\/\/api.w.org\/{rel}","templated":true}]}}