{"id":2279,"date":"2023-12-21T10:05:57","date_gmt":"2023-12-21T09:05:57","guid":{"rendered":"https:\/\/www.cycles-blain.com\/\/fr\/?p=2279"},"modified":"2024-07-24T14:08:48","modified_gmt":"2024-07-24T12:08:48","slug":"vtc-electrique-kalkhoff-1b-move-1223","status":"publish","type":"post","link":"https:\/\/www.cycles-blain.com\/fr\/promotions-velo\/vtc-electrique-kalkhoff-1b-move-1223\/","title":{"rendered":"A saisir : VTC Electrique KALKHOFF Femmes et Hommes en stock"},"content":{"rendered":"\t\t<div data-elementor-type=\"wp-post\" data-elementor-id=\"2279\" class=\"elementor elementor-2279\" data-elementor-post-type=\"post\">\n\t\t\t\t<div class=\"elementor-element elementor-element-31be601 e-flex e-con-boxed e-con e-parent\" data-id=\"31be601\" data-element_type=\"container\" data-e-type=\"container\">\n\t\t\t\t\t<div class=\"e-con-inner\">\n\t\t\t\t<div class=\"elementor-element elementor-element-47d5af3 elementor-widget elementor-widget-heading\" data-id=\"47d5af3\" data-element_type=\"widget\" data-e-type=\"widget\" data-widget_type=\"heading.default\">\n\t\t\t\t<div class=\"elementor-widget-container\">\n\t\t\t\t\t<h2 class=\"elementor-heading-title elementor-size-large\">Offre \u00e0 saisir : VTC Electrique KALKHOFF Hommes et Femmes en stock !<\/h2>\t\t\t\t<\/div>\n\t\t\t\t<\/div>\n\t\t\t\t\t<\/div>\n\t\t\t\t<\/div>\n\t\t<div class=\"elementor-element elementor-element-d9aaaa5 e-flex e-con-boxed e-con e-parent\" data-id=\"d9aaaa5\" data-element_type=\"container\" data-e-type=\"container\">\n\t\t\t\t\t<div class=\"e-con-inner\">\n\t\t\t\t<div class=\"elementor-element elementor-element-e95a27a elementor-widget elementor-widget-text-editor\" data-id=\"e95a27a\" data-element_type=\"widget\" data-e-type=\"widget\" data-widget_type=\"text-editor.default\">\n\t\t\t\t<div class=\"elementor-widget-container\">\n\t\t\t\t\t\t\t\t\t<p><i>Les Magasins Cycles Blain vous propose <b>une promotion de 17 %<\/b> sur un stock de <b>VTC Electrique Kalkhoff Endeavour 1B Move<\/b>\u00a0et le <b>Entice 1B Move<\/b> pour Hommes et Femmes !<\/i><\/p>\t\t\t\t\t\t\t\t<\/div>\n\t\t\t\t<\/div>\n\t\t\t\t\t<\/div>\n\t\t\t\t<\/div>\n\t\t<div class=\"elementor-element elementor-element-d2b9a61 e-flex e-con-boxed e-con e-parent\" data-id=\"d2b9a61\" data-element_type=\"container\" data-e-type=\"container\">\n\t\t\t\t\t<div class=\"e-con-inner\">\n\t\t\t\t<div class=\"elementor-element elementor-element-f88efc0 elementor-widget elementor-widget-heading\" data-id=\"f88efc0\" data-element_type=\"widget\" data-e-type=\"widget\" data-widget_type=\"heading.default\">\n\t\t\t\t<div class=\"elementor-widget-container\">\n\t\t\t\t\t<h3 class=\"elementor-heading-title elementor-size-default\">Deux VTC Electriques robustes et fiables<\/h3>\t\t\t\t<\/div>\n\t\t\t\t<\/div>\n\t\t\t\t\t<\/div>\n\t\t\t\t<\/div>\n\t\t<div class=\"elementor-element elementor-element-65f7202 e-flex e-con-boxed e-con e-parent\" data-id=\"65f7202\" data-element_type=\"container\" data-e-type=\"container\">\n\t\t\t\t\t<div class=\"e-con-inner\">\n\t\t\t\t<div class=\"elementor-element elementor-element-e015ddb elementor-widget elementor-widget-text-editor\" data-id=\"e015ddb\" data-element_type=\"widget\" data-e-type=\"widget\" data-widget_type=\"text-editor.default\">\n\t\t\t\t<div class=\"elementor-widget-container\">\n\t\t\t\t\t\t\t\t\t<p>La marque Allemande KALKHOFF est r\u00e9put\u00e9e pour la qualit\u00e9 et la fiabilit\u00e9 de ses v\u00e9los \u00e9lectriques. Le mod\u00e8le Endeavour est un VTC \u00e9lectrique de <b>e-trekking<\/b> et le Entice 1B MOVE est un VTC \u00e9lectrique\u00a0<b>allroad. <\/b>Ils sont tous les deux tr\u00e8s\u00a0polyvalents avec un excellent rapport qualit\u00e9-prix ! :\u00a0<\/p><p>\u00a0<\/p><ul><li>Un moteur BOSCH Performance Line Smart System \u00e0 <b>75 Nm<\/b> de couple,<\/li><li>Une Batterie BOSCH de <b>545 Wh<\/b>,<\/li><li>Un cadre Alu au choix en version <b>basse<\/b> ou <b>haute<\/b> confortable adapt\u00e9 aux <b>femmes et aux hommes<\/b> selon leurs pr\u00e9f\u00e9rences en taille S, M ou L selon le mod\u00e8le de cadre.<\/li><li>Une fourche t\u00e9l\u00e9scopique pour plus de <b>confort<\/b> \u00e0 l&rsquo;avant SUNTOUR en 75 MM de d\u00e9battement pour le Endeavour et de 100MM r\u00e9glable pour le Entice,<\/li><li>Des freins \u00e0 disques Tektro T280 \u00e0 2 pistons pour une bonne <b>s\u00e9curit\u00e9<\/b> de freinage.<\/li><li>Une <b>garantie de 10 ans<\/b> sur tous les cadres.<\/li><\/ul>\t\t\t\t\t\t\t\t<\/div>\n\t\t\t\t<\/div>\n\t\t\t\t\t<\/div>\n\t\t\t\t<\/div>\n\t\t<div class=\"elementor-element elementor-element-5bacf1f e-flex e-con-boxed e-con e-parent\" data-id=\"5bacf1f\" data-element_type=\"container\" data-e-type=\"container\">\n\t\t\t\t\t<div class=\"e-con-inner\">\n\t\t\t\t<div class=\"elementor-element elementor-element-a6c57f2 elementor-widget elementor-widget-heading\" data-id=\"a6c57f2\" data-element_type=\"widget\" data-e-type=\"widget\" data-widget_type=\"heading.default\">\n\t\t\t\t<div class=\"elementor-widget-container\">\n\t\t\t\t\t<h3 class=\"elementor-heading-title elementor-size-default\">Deux VAE KALKHOFF d\u00e9j\u00e0 bien \u00e9quip\u00e9s<\/h3>\t\t\t\t<\/div>\n\t\t\t\t<\/div>\n\t\t\t\t\t<\/div>\n\t\t\t\t<\/div>\n\t\t<div class=\"elementor-element elementor-element-a4b72d2 e-flex e-con-boxed e-con e-parent\" data-id=\"a4b72d2\" data-element_type=\"container\" data-e-type=\"container\">\n\t\t\t\t\t<div class=\"e-con-inner\">\n\t\t\t\t<div class=\"elementor-element elementor-element-3199f01 elementor-widget elementor-widget-text-editor\" data-id=\"3199f01\" data-element_type=\"widget\" data-e-type=\"widget\" data-widget_type=\"text-editor.default\">\n\t\t\t\t<div class=\"elementor-widget-container\">\n\t\t\t\t\t\t\t\t\t<p>L&rsquo;Endeavour et le Entice sont pr\u00eats pour rouler sur tous les terrains, que ce soit en milieu <b>urbain<\/b> pour les courses, ou aller au <b>travail<\/b> et vos <b>loisirs<\/b> en <b>ballades<\/b> sur les <b>routes<\/b> et <b>chemins<\/b> en <b>famille<\/b> :\u00a0<\/p><ul><li>Un <b>\u00e9clairage<\/b> avant et arri\u00e8re pr\u00e9 install\u00e9 directement branch\u00e9 sur la batterie,<\/li><li>Une <b>porte bagage<\/b> arri\u00e8re,<\/li><li>Des <b>gardes boue<\/b> avant et arri\u00e8re,<\/li><li>Des <b>pneus<\/b> urbains en 28&Prime; sur le Endeavour et des pneus tous chemins en 27&Prime; pour le Entice.<\/li><\/ul>\t\t\t\t\t\t\t\t<\/div>\n\t\t\t\t<\/div>\n\t\t\t\t\t<\/div>\n\t\t\t\t<\/div>\n\t\t<div class=\"elementor-element elementor-element-30229ba e-flex e-con-boxed e-con e-parent\" data-id=\"30229ba\" data-element_type=\"container\" data-e-type=\"container\">\n\t\t\t\t\t<div class=\"e-con-inner\">\n\t\t\t\t<div class=\"elementor-element elementor-element-f7fbd3f elementor-widget elementor-widget-heading\" data-id=\"f7fbd3f\" data-element_type=\"widget\" data-e-type=\"widget\" data-widget_type=\"heading.default\">\n\t\t\t\t<div class=\"elementor-widget-container\">\n\t\t\t\t\t<h3 class=\"elementor-heading-title elementor-size-default\">3 cadres diff\u00e9rents pour femmes et hommes<\/h3>\t\t\t\t<\/div>\n\t\t\t\t<\/div>\n\t\t\t\t\t<\/div>\n\t\t\t\t<\/div>\n\t\t<div class=\"elementor-element elementor-element-1a0dd2b e-flex e-con-boxed e-con e-parent\" data-id=\"1a0dd2b\" data-element_type=\"container\" data-e-type=\"container\">\n\t\t\t\t\t<div class=\"e-con-inner\">\n\t\t\t\t<div class=\"elementor-element elementor-element-b3f3036 elementor-widget elementor-widget-text-editor\" data-id=\"b3f3036\" data-element_type=\"widget\" data-e-type=\"widget\" data-widget_type=\"text-editor.default\">\n\t\t\t\t<div class=\"elementor-widget-container\">\n\t\t\t\t\t\t\t\t\t<p>Nous vous proposons ces VTC Electriques Femmes \/ Hommes avec TROIS cadres au choix :\u00a0<\/p><ul><li>Le VTC\u00a0<b>Endeavour<\/b> avec le <b>barre de cadre basse<\/b> pour plus de facilit\u00e9 pour monter et descendre du v\u00e9lo en taille S ou M. Ce mod\u00e8le convenant souvent mieux aux femmes.<\/li><li>Le VTC\u00a0<b>Endeavour<\/b>\u00a0avec la <b>barre de cadre haute <\/b>en taille M ou L pour un meilleur maintien du v\u00e9lo \u00e0 l&rsquo;arr\u00eat notamment.<\/li><li>Le VTC\u00a0<b>Entice<\/b>\u00a0en version <b>sans barre en tailles S et M.<\/b><\/li><\/ul>\t\t\t\t\t\t\t\t<\/div>\n\t\t\t\t<\/div>\n\t\t\t\t<div class=\"elementor-element elementor-element-b6cb495 elementor-widget elementor-widget-gallery\" data-id=\"b6cb495\" data-element_type=\"widget\" data-e-type=\"widget\" data-settings=\"{&quot;columns&quot;:3,&quot;link_to&quot;:&quot;custom&quot;,&quot;url&quot;:{&quot;url&quot;:&quot;https:\\\/\\\/cycles-blain.com\\\/vtc-electrique\\\/210-117-endeavour-3-b-move-kalkhoff.html&quot;,&quot;is_external&quot;:&quot;on&quot;,&quot;nofollow&quot;:&quot;&quot;,&quot;custom_attributes&quot;:&quot;&quot;},&quot;lazyload&quot;:&quot;yes&quot;,&quot;gallery_layout&quot;:&quot;grid&quot;,&quot;columns_tablet&quot;:2,&quot;columns_mobile&quot;:1,&quot;gap&quot;:{&quot;unit&quot;:&quot;px&quot;,&quot;size&quot;:10,&quot;sizes&quot;:[]},&quot;gap_tablet&quot;:{&quot;unit&quot;:&quot;px&quot;,&quot;size&quot;:10,&quot;sizes&quot;:[]},&quot;gap_mobile&quot;:{&quot;unit&quot;:&quot;px&quot;,&quot;size&quot;:10,&quot;sizes&quot;:[]},&quot;aspect_ratio&quot;:&quot;3:2&quot;,&quot;overlay_background&quot;:&quot;yes&quot;,&quot;content_hover_animation&quot;:&quot;fade-in&quot;}\" data-widget_type=\"gallery.default\">\n\t\t\t\t<div class=\"elementor-widget-container\">\n\t\t\t\t\t\t\t<div class=\"elementor-gallery__container\">\n\t\t\t\t\t\t\t<a class=\"e-gallery-item elementor-gallery-item elementor-animated-content\" href=\"https:\/\/cycles-blain.com\/vtc-electrique\/210-117-endeavour-3-b-move-kalkhoff.html\" target=\"_blank\">\n\t\t\t\t\t<div class=\"e-gallery-image elementor-gallery-item__image\" data-thumbnail=\"https:\/\/www.cycles-blain.com\/fr\/wp-content\/uploads\/2023\/12\/Kalkhoff-endeavour-bas-300x300.jpg\" data-width=\"300\" data-height=\"300\" aria-label=\"Kalkhoff Endeavour Cadre bas\" role=\"img\" ><\/div>\n\t\t\t\t\t\t\t\t\t\t\t<div class=\"elementor-gallery-item__overlay\"><\/div>\n\t\t\t\t\t\t\t\t\t\t\t\t\t\t<\/a>\n\t\t\t\t\t\t\t<a class=\"e-gallery-item elementor-gallery-item elementor-animated-content\" href=\"https:\/\/cycles-blain.com\/vtc-electrique\/210-117-endeavour-3-b-move-kalkhoff.html\" target=\"_blank\">\n\t\t\t\t\t<div class=\"e-gallery-image elementor-gallery-item__image\" data-thumbnail=\"https:\/\/www.cycles-blain.com\/fr\/wp-content\/uploads\/2023\/12\/Kalkhoff-endeavour-haut-300x300.jpg\" data-width=\"300\" data-height=\"300\" aria-label=\"Kalkhoff Endeavour Cadre haut\" role=\"img\" ><\/div>\n\t\t\t\t\t\t\t\t\t\t\t<div class=\"elementor-gallery-item__overlay\"><\/div>\n\t\t\t\t\t\t\t\t\t\t\t\t\t\t<\/a>\n\t\t\t\t\t\t\t<a class=\"e-gallery-item elementor-gallery-item elementor-animated-content\" href=\"https:\/\/cycles-blain.com\/vtc-electrique\/210-117-endeavour-3-b-move-kalkhoff.html\" target=\"_blank\">\n\t\t\t\t\t<div class=\"e-gallery-image elementor-gallery-item__image\" data-thumbnail=\"https:\/\/www.cycles-blain.com\/fr\/wp-content\/uploads\/2023\/12\/Entice_Kalkhoff-bas-300x300.jpg\" data-width=\"300\" data-height=\"300\" aria-label=\"Entice Kalkhoff 1B Move\" role=\"img\" ><\/div>\n\t\t\t\t\t\t\t\t\t\t\t<div class=\"elementor-gallery-item__overlay\"><\/div>\n\t\t\t\t\t\t\t\t\t\t\t\t\t\t<\/a>\n\t\t\t\t\t<\/div>\n\t\t\t\t\t<\/div>\n\t\t\t\t<\/div>\n\t\t\t\t\t<\/div>\n\t\t\t\t<\/div>\n\t\t<div class=\"elementor-element elementor-element-e408d5e e-flex e-con-boxed e-con e-parent\" data-id=\"e408d5e\" data-element_type=\"container\" data-e-type=\"container\">\n\t\t\t\t\t<div class=\"e-con-inner\">\n\t\t\t\t<div class=\"elementor-element elementor-element-8cc968a elementor-widget elementor-widget-heading\" data-id=\"8cc968a\" data-element_type=\"widget\" data-e-type=\"widget\" data-widget_type=\"heading.default\">\n\t\t\t\t<div class=\"elementor-widget-container\">\n\t\t\t\t\t<h3 class=\"elementor-heading-title elementor-size-default\">Une offre \u00e0 saisir sur les v\u00e9los en stock<\/h3>\t\t\t\t<\/div>\n\t\t\t\t<\/div>\n\t\t\t\t\t<\/div>\n\t\t\t\t<\/div>\n\t\t<div class=\"elementor-element elementor-element-912de22 e-flex e-con-boxed e-con e-parent\" data-id=\"912de22\" data-element_type=\"container\" data-e-type=\"container\">\n\t\t\t\t\t<div class=\"e-con-inner\">\n\t\t\t\t<div class=\"elementor-element elementor-element-989f3fc elementor-widget elementor-widget-text-editor\" data-id=\"989f3fc\" data-element_type=\"widget\" data-e-type=\"widget\" data-widget_type=\"text-editor.default\">\n\t\t\t\t<div class=\"elementor-widget-container\">\n\t\t\t\t\t\t\t\t\t<p>Profitez d&rsquo;une offre exceptionnelle sur ces VTC Electriques Kalkhoff Endeavour et Entice 1B Move uniquement sur les stocks\u00a0<span style=\"text-align: var(--text-align); background-color: var(--ast-global-color-5); color: var(--ast-global-color-2); font-size: 1rem;\">disponibles\u00a0<\/span><span style=\"font-style: inherit; font-weight: inherit; text-align: var(--text-align); background-color: var(--ast-global-color-5); color: var(--ast-global-color-2);\">en magasins<\/span><span style=\"font-style: inherit; font-weight: inherit; text-align: var(--text-align); color: var(--ast-global-color-2); background-color: var(--ast-global-color-5);\">\u00a0jusqu&rsquo;au 31\/01\/2024 : <br \/><strong>-17 % de remise \u00e0 partir de 2399\u20ac TTC :\u00a0<\/strong><\/span><\/p><ul><li><b>2 399 \u20ac TTC<\/b> pour les ENDEAVOUR cadres BAS en taille S ou M <br \/>(au lieu de 2 899\u20ac), <a href=\"https:\/\/www.cycles-blain.com\/\/tous-nos-produits\/1094-kalkhoof-endeavour-1b-move.html\" target=\"_blank\" rel=\"noopener\">Je veux en savoir plus<\/a><\/li><li><b>2 399\u20ac TTC<\/b> pour les ENDEAVOUR cadres HAUTS en tailles M ou L <br \/>(au lieu de 2 899 \u20ac), <a href=\"https:\/\/www.cycles-blain.com\/tous-nos-produits\/1094-kalkhoof-endeavour-1b-move.html\" target=\"_blank\" rel=\"noopener\">Je veux en savoir plus<\/a><\/li><li style=\"--tw-translate-x: 0; --tw-translate-y: 0; --tw-rotate: 0; --tw-skew-x: 0; --tw-skew-y: 0; --tw-scale-x: 1; --tw-scale-y: 1; --tw-scroll-snap-strictness: proximity; --tw-ring-offset-width: 0px; --tw-ring-offset-color: #fff; --tw-ring-color: rgb(59 130 246 \/ .5); --tw-ring-offset-shadow: 0 0 #0000; --tw-ring-shadow: 0 0 #0000; --tw-shadow: 0 0 #0000; --tw-shadow-colored: 0 0 #0000; font-size: 14px;\"><b>2 499\u20ac TTC<\/b> pour les ENTICE cadres bas en taille S ou M<br \/>(au lieu de 2 999\u20ac).<\/li><\/ul>\t\t\t\t\t\t\t\t<\/div>\n\t\t\t\t<\/div>\n\t\t\t\t\t<\/div>\n\t\t\t\t<\/div>\n\t\t<div class=\"elementor-element elementor-element-f1d33e9 e-flex e-con-boxed e-con e-parent\" data-id=\"f1d33e9\" data-element_type=\"container\" data-e-type=\"container\">\n\t\t\t\t\t<div class=\"e-con-inner\">\n\t\t\t\t<div class=\"elementor-element elementor-element-a77af34 elementor-cta--skin-classic elementor-animated-content elementor-bg-transform elementor-bg-transform-zoom-in elementor-widget elementor-widget-call-to-action\" data-id=\"a77af34\" data-element_type=\"widget\" data-e-type=\"widget\" data-widget_type=\"call-to-action.default\">\n\t\t\t\t<div class=\"elementor-widget-container\">\n\t\t\t\t\t\t\t<div class=\"elementor-cta\">\n\t\t\t\t\t<div class=\"elementor-cta__bg-wrapper\">\n\t\t\t\t<div class=\"elementor-cta__bg elementor-bg\" style=\"background-image: url(https:\/\/www.cycles-blain.com\/fr\/wp-content\/uploads\/2023\/12\/IMG-20231207-WA0007.jpg);\" role=\"img\" aria-label=\"Magasin de v\u00e9lo Lyon 5\"><\/div>\n\t\t\t\t<div class=\"elementor-cta__bg-overlay\"><\/div>\n\t\t\t<\/div>\n\t\t\t\t\t\t\t<div class=\"elementor-cta__content\">\n\t\t\t\t\n\t\t\t\t\t\t\t\t\t<h2 class=\"elementor-cta__title elementor-cta__content-item elementor-content-item\">\n\t\t\t\t\t\tO\u00f9 trouver un magasin Cycles Blain ?\t\t\t\t\t<\/h2>\n\t\t\t\t\n\t\t\t\t\t\t\t\t\t<div class=\"elementor-cta__description elementor-cta__content-item elementor-content-item\">\n\t\t\t\t\t\t10 magasins de v\u00e9lo \u00e0 Vienne, Lyon et p\u00e9riph\u00e9rie de Lyon\t\t\t\t\t<\/div>\n\t\t\t\t\n\t\t\t\t\t\t\t\t\t<div class=\"elementor-cta__button-wrapper elementor-cta__content-item elementor-content-item \">\n\t\t\t\t\t<a class=\"elementor-cta__button elementor-button elementor-size-\" href=\"https:\/\/www.cycles-blain.com\/content\/category\/2-magasins-velos-lyon-cycles-blain\">\n\t\t\t\t\t\tJe d\u00e9couvre\t\t\t\t\t<\/a>\n\t\t\t\t\t<\/div>\n\t\t\t\t\t\t\t<\/div>\n\t\t\t\t\t\t\t<div class=\"elementor-ribbon\">\n\t\t\t\t<div class=\"elementor-ribbon-inner\">\n\t\t\t\t\tEN STOCK\t\t\t\t<\/div>\n\t\t\t<\/div>\n\t\t\t\t<\/div>\n\t\t\t\t\t\t<\/div>\n\t\t\t\t<\/div>\n\t\t\t\t\t<\/div>\n\t\t\t\t<\/div>\n\t\t\t\t<\/div>\n\t\t","protected":false},"excerpt":{"rendered":"<p>Op\u00e9ration VTC Electrique KALKHOFF Femmes et Hommes en stock \u00e0 -17%.! VAE polyvalents de qualit\u00e9 et fiabilit\u00e9 Allemande \u00e0 partir de 2399\u20ac<\/p>\n","protected":false},"author":1,"featured_media":2345,"comment_status":"closed","ping_status":"open","sticky":false,"template":"","format":"standard","meta":{"site-sidebar-layout":"default","site-content-layout":"","ast-site-content-layout":"default","site-content-style":"default","site-sidebar-style":"default","ast-global-header-display":"","ast-banner-title-visibility":"","ast-main-header-display":"","ast-hfb-above-header-display":"","ast-hfb-below-header-display":"","ast-hfb-mobile-header-display":"","site-post-title":"","ast-breadcrumbs-content":"","ast-featured-img":"","footer-sml-layout":"","theme-transparent-header-meta":"","adv-header-id-meta":"","stick-header-meta":"","header-above-stick-meta":"","header-main-stick-meta":"","header-below-stick-meta":"","astra-migrate-meta-layouts":"set","ast-page-background-enabled":"default","ast-page-background-meta":{"desktop":{"background-color":"","background-image":"","background-repeat":"repeat","background-position":"center center","background-size":"auto","background-attachment":"scroll","background-type":"","background-media":"","overlay-type":"","overlay-color":"","overlay-gradient":""},"tablet":{"background-color":"","background-image":"","background-repeat":"repeat","background-position":"center center","background-size":"auto","background-attachment":"scroll","background-type":"","background-media":"","overlay-type":"","overlay-color":"","overlay-gradient":""},"mobile":{"background-color":"","background-image":"","background-repeat":"repeat","background-position":"center center","background-size":"auto","background-attachment":"scroll","background-type":"","background-media":"","overlay-type":"","overlay-color":"","overlay-gradient":""}},"ast-content-background-meta":{"desktop":{"background-color":"var(--ast-global-color-5)","background-image":"","background-repeat":"repeat","background-position":"center center","background-size":"auto","background-attachment":"scroll","background-type":"","background-media":"","overlay-type":"","overlay-color":"","overlay-gradient":""},"tablet":{"background-color":"var(--ast-global-color-5)","background-image":"","background-repeat":"repeat","background-position":"center center","background-size":"auto","background-attachment":"scroll","background-type":"","background-media":"","overlay-type":"","overlay-color":"","overlay-gradient":""},"mobile":{"background-color":"var(--ast-global-color-5)","background-image":"","background-repeat":"repeat","background-position":"center center","background-size":"auto","background-attachment":"scroll","background-type":"","background-media":"","overlay-type":"","overlay-color":"","overlay-gradient":""}},"footnotes":""},"categories":[6,4,16,54],"tags":[117,116,118,52],"class_list":["post-2279","post","type-post","status-publish","format-standard","has-post-thumbnail","hentry","category-magasins-velo","category-velo","category-promotions-velo","category-vtc-electrique","tag-kalkhoff","tag-vae-electrique","tag-velo-femmes","tag-vtc-electrique"],"yoast_head":"<!-- This site is optimized with the Yoast SEO plugin v27.5 - https:\/\/yoast.com\/product\/yoast-seo-wordpress\/ -->\n<title>A saisir : VTC Electrique KALKHOFF Femmes et Hommes en stock<\/title>\n<meta name=\"description\" content=\"Op\u00e9ration VTC Electrique KALKHOFF Femmes et Hommes en stock chez CYCLES BLAIN \u00e0 -17%. VAE urbain polyvalent de qualit\u00e9 et fiabilit\u00e9 Allemande\" \/>\n<meta name=\"robots\" content=\"index, follow, max-snippet:-1, max-image-preview:large, max-video-preview:-1\" \/>\n<link rel=\"canonical\" href=\"https:\/\/www.cycles-blain.com\/fr\/promotions-velo\/vtc-electrique-kalkhoff-1b-move-1223\/\" \/>\n<meta property=\"og:locale\" content=\"fr_FR\" \/>\n<meta property=\"og:type\" content=\"article\" \/>\n<meta property=\"og:title\" content=\"A saisir : VTC Electrique KALKHOFF Femmes et Hommes en stock\" \/>\n<meta property=\"og:description\" content=\"Op\u00e9ration VTC Electrique KALKHOFF Femmes et Hommes en stock chez CYCLES BLAIN \u00e0 -17%. VAE urbain polyvalent de qualit\u00e9 et fiabilit\u00e9 Allemande\" \/>\n<meta property=\"og:url\" content=\"https:\/\/www.cycles-blain.com\/fr\/promotions-velo\/vtc-electrique-kalkhoff-1b-move-1223\/\" \/>\n<meta property=\"og:site_name\" content=\"CyclesBlain - Magasins de v\u00e9los, accessoires et ateliers\" \/>\n<meta property=\"article:publisher\" content=\"https:\/\/www.facebook.com\/cyclesblain\/?locale=fr_FR\" \/>\n<meta property=\"article:published_time\" content=\"2023-12-21T09:05:57+00:00\" \/>\n<meta property=\"article:modified_time\" content=\"2024-07-24T12:08:48+00:00\" \/>\n<meta property=\"og:image\" content=\"https:\/\/www.cycles-blain.com\/fr\/wp-content\/uploads\/2023\/12\/vtc-electrique-Kalkhoff-1BMove.jpg\" \/>\n\t<meta property=\"og:image:width\" content=\"600\" \/>\n\t<meta property=\"og:image:height\" content=\"400\" \/>\n\t<meta property=\"og:image:type\" content=\"image\/jpeg\" \/>\n<meta name=\"author\" content=\"Gueweb\" \/>\n<meta name=\"twitter:card\" content=\"summary_large_image\" \/>\n<meta name=\"twitter:label1\" content=\"\u00c9crit par\" \/>\n\t<meta name=\"twitter:data1\" content=\"Gueweb\" \/>\n\t<meta name=\"twitter:label2\" content=\"Dur\u00e9e de lecture estim\u00e9e\" \/>\n\t<meta name=\"twitter:data2\" content=\"3 minutes\" \/>\n<script type=\"application\/ld+json\" class=\"yoast-schema-graph\">{\"@context\":\"https:\\\/\\\/schema.org\",\"@graph\":[{\"@type\":\"Article\",\"@id\":\"https:\\\/\\\/www.cycles-blain.com\\\/fr\\\/promotions-velo\\\/vtc-electrique-kalkhoff-1b-move-1223\\\/#article\",\"isPartOf\":{\"@id\":\"https:\\\/\\\/www.cycles-blain.com\\\/fr\\\/promotions-velo\\\/vtc-electrique-kalkhoff-1b-move-1223\\\/\"},\"author\":{\"name\":\"Gueweb\",\"@id\":\"https:\\\/\\\/www.cycles-blain.com\\\/fr\\\/#\\\/schema\\\/person\\\/6fb8bad852fde893fb61b7b05936af37\"},\"headline\":\"A saisir : VTC Electrique KALKHOFF Femmes et Hommes en stock\",\"datePublished\":\"2023-12-21T09:05:57+00:00\",\"dateModified\":\"2024-07-24T12:08:48+00:00\",\"mainEntityOfPage\":{\"@id\":\"https:\\\/\\\/www.cycles-blain.com\\\/fr\\\/promotions-velo\\\/vtc-electrique-kalkhoff-1b-move-1223\\\/\"},\"wordCount\":497,\"publisher\":{\"@id\":\"https:\\\/\\\/www.cycles-blain.com\\\/fr\\\/#organization\"},\"image\":{\"@id\":\"https:\\\/\\\/www.cycles-blain.com\\\/fr\\\/promotions-velo\\\/vtc-electrique-kalkhoff-1b-move-1223\\\/#primaryimage\"},\"thumbnailUrl\":\"https:\\\/\\\/www.cycles-blain.com\\\/fr\\\/wp-content\\\/uploads\\\/2023\\\/12\\\/vtc-electrique-Kalkhoff-1BMove.jpg\",\"keywords\":[\"kalkhoff\",\"vae electrique\",\"velo femmes\",\"vtc electrique\"],\"articleSection\":[\"Actus Magasins\",\"Actus V\u00e9lo\",\"Promotions\",\"VTC Electrique\"],\"inLanguage\":\"fr-FR\"},{\"@type\":\"WebPage\",\"@id\":\"https:\\\/\\\/www.cycles-blain.com\\\/fr\\\/promotions-velo\\\/vtc-electrique-kalkhoff-1b-move-1223\\\/\",\"url\":\"https:\\\/\\\/www.cycles-blain.com\\\/fr\\\/promotions-velo\\\/vtc-electrique-kalkhoff-1b-move-1223\\\/\",\"name\":\"A saisir : VTC Electrique KALKHOFF Femmes et Hommes en stock\",\"isPartOf\":{\"@id\":\"https:\\\/\\\/www.cycles-blain.com\\\/fr\\\/#website\"},\"primaryImageOfPage\":{\"@id\":\"https:\\\/\\\/www.cycles-blain.com\\\/fr\\\/promotions-velo\\\/vtc-electrique-kalkhoff-1b-move-1223\\\/#primaryimage\"},\"image\":{\"@id\":\"https:\\\/\\\/www.cycles-blain.com\\\/fr\\\/promotions-velo\\\/vtc-electrique-kalkhoff-1b-move-1223\\\/#primaryimage\"},\"thumbnailUrl\":\"https:\\\/\\\/www.cycles-blain.com\\\/fr\\\/wp-content\\\/uploads\\\/2023\\\/12\\\/vtc-electrique-Kalkhoff-1BMove.jpg\",\"datePublished\":\"2023-12-21T09:05:57+00:00\",\"dateModified\":\"2024-07-24T12:08:48+00:00\",\"description\":\"Op\u00e9ration VTC Electrique KALKHOFF Femmes et Hommes en stock chez CYCLES BLAIN \u00e0 -17%. VAE urbain polyvalent de qualit\u00e9 et fiabilit\u00e9 Allemande\",\"breadcrumb\":{\"@id\":\"https:\\\/\\\/www.cycles-blain.com\\\/fr\\\/promotions-velo\\\/vtc-electrique-kalkhoff-1b-move-1223\\\/#breadcrumb\"},\"inLanguage\":\"fr-FR\",\"potentialAction\":[{\"@type\":\"ReadAction\",\"target\":[\"https:\\\/\\\/www.cycles-blain.com\\\/fr\\\/promotions-velo\\\/vtc-electrique-kalkhoff-1b-move-1223\\\/\"]}]},{\"@type\":\"ImageObject\",\"inLanguage\":\"fr-FR\",\"@id\":\"https:\\\/\\\/www.cycles-blain.com\\\/fr\\\/promotions-velo\\\/vtc-electrique-kalkhoff-1b-move-1223\\\/#primaryimage\",\"url\":\"https:\\\/\\\/www.cycles-blain.com\\\/fr\\\/wp-content\\\/uploads\\\/2023\\\/12\\\/vtc-electrique-Kalkhoff-1BMove.jpg\",\"contentUrl\":\"https:\\\/\\\/www.cycles-blain.com\\\/fr\\\/wp-content\\\/uploads\\\/2023\\\/12\\\/vtc-electrique-Kalkhoff-1BMove.jpg\",\"width\":600,\"height\":400,\"caption\":\"VTC electrique Kalkhoff 1B Move\"},{\"@type\":\"BreadcrumbList\",\"@id\":\"https:\\\/\\\/www.cycles-blain.com\\\/fr\\\/promotions-velo\\\/vtc-electrique-kalkhoff-1b-move-1223\\\/#breadcrumb\",\"itemListElement\":[{\"@type\":\"ListItem\",\"position\":1,\"name\":\"Accueil\",\"item\":\"https:\\\/\\\/www.cycles-blain.com\\\/fr\\\/\"},{\"@type\":\"ListItem\",\"position\":2,\"name\":\"A saisir : VTC Electrique KALKHOFF Femmes et Hommes en stock\"}]},{\"@type\":\"WebSite\",\"@id\":\"https:\\\/\\\/www.cycles-blain.com\\\/fr\\\/#website\",\"url\":\"https:\\\/\\\/www.cycles-blain.com\\\/fr\\\/\",\"name\":\"CyclesBlain - Magasins de v\u00e9los, accessoires et ateliers\",\"description\":\"Blog Cycles Blain\",\"publisher\":{\"@id\":\"https:\\\/\\\/www.cycles-blain.com\\\/fr\\\/#organization\"},\"potentialAction\":[{\"@type\":\"SearchAction\",\"target\":{\"@type\":\"EntryPoint\",\"urlTemplate\":\"https:\\\/\\\/www.cycles-blain.com\\\/fr\\\/?s={search_term_string}\"},\"query-input\":{\"@type\":\"PropertyValueSpecification\",\"valueRequired\":true,\"valueName\":\"search_term_string\"}}],\"inLanguage\":\"fr-FR\"},{\"@type\":\"Organization\",\"@id\":\"https:\\\/\\\/www.cycles-blain.com\\\/fr\\\/#organization\",\"name\":\"CyclesBlain - Magasins de v\u00e9los, accessoires et ateliers\",\"url\":\"https:\\\/\\\/www.cycles-blain.com\\\/fr\\\/\",\"logo\":{\"@type\":\"ImageObject\",\"inLanguage\":\"fr-FR\",\"@id\":\"https:\\\/\\\/www.cycles-blain.com\\\/fr\\\/#\\\/schema\\\/logo\\\/image\\\/\",\"url\":\"https:\\\/\\\/www.cycles-blain.com\\\/fr\\\/wp-content\\\/uploads\\\/2023\\\/10\\\/logo-cycles-blain.jpeg\",\"contentUrl\":\"https:\\\/\\\/www.cycles-blain.com\\\/fr\\\/wp-content\\\/uploads\\\/2023\\\/10\\\/logo-cycles-blain.jpeg\",\"width\":264,\"height\":191,\"caption\":\"CyclesBlain - Magasins de v\u00e9los, accessoires et ateliers\"},\"image\":{\"@id\":\"https:\\\/\\\/www.cycles-blain.com\\\/fr\\\/#\\\/schema\\\/logo\\\/image\\\/\"},\"sameAs\":[\"https:\\\/\\\/www.facebook.com\\\/cyclesblain\\\/?locale=fr_FR\",\"https:\\\/\\\/www.instagram.com\\\/cycles_blain\\\/?hl=fr\"]},{\"@type\":\"Person\",\"@id\":\"https:\\\/\\\/www.cycles-blain.com\\\/fr\\\/#\\\/schema\\\/person\\\/6fb8bad852fde893fb61b7b05936af37\",\"name\":\"Gueweb\",\"image\":{\"@type\":\"ImageObject\",\"inLanguage\":\"fr-FR\",\"@id\":\"https:\\\/\\\/secure.gravatar.com\\\/avatar\\\/52550bc594eb074508114b963209b157358b27e5a0319de1bb723df3f760ca2d?s=96&d=mm&r=g\",\"url\":\"https:\\\/\\\/secure.gravatar.com\\\/avatar\\\/52550bc594eb074508114b963209b157358b27e5a0319de1bb723df3f760ca2d?s=96&d=mm&r=g\",\"contentUrl\":\"https:\\\/\\\/secure.gravatar.com\\\/avatar\\\/52550bc594eb074508114b963209b157358b27e5a0319de1bb723df3f760ca2d?s=96&d=mm&r=g\",\"caption\":\"Gueweb\"},\"sameAs\":[\"https:\\\/\\\/www.cycles-blain.com\\\/\\\/fr\"],\"url\":\"https:\\\/\\\/www.cycles-blain.com\\\/fr\\\/author\\\/gueweb\\\/\"}]}<\/script>\n<!-- \/ Yoast SEO plugin. -->","yoast_head_json":{"title":"A saisir : VTC Electrique KALKHOFF Femmes et Hommes en stock","description":"Op\u00e9ration VTC Electrique KALKHOFF Femmes et Hommes en stock chez CYCLES BLAIN \u00e0 -17%. VAE urbain polyvalent de qualit\u00e9 et fiabilit\u00e9 Allemande","robots":{"index":"index","follow":"follow","max-snippet":"max-snippet:-1","max-image-preview":"max-image-preview:large","max-video-preview":"max-video-preview:-1"},"canonical":"https:\/\/www.cycles-blain.com\/fr\/promotions-velo\/vtc-electrique-kalkhoff-1b-move-1223\/","og_locale":"fr_FR","og_type":"article","og_title":"A saisir : VTC Electrique KALKHOFF Femmes et Hommes en stock","og_description":"Op\u00e9ration VTC Electrique KALKHOFF Femmes et Hommes en stock chez CYCLES BLAIN \u00e0 -17%. VAE urbain polyvalent de qualit\u00e9 et fiabilit\u00e9 Allemande","og_url":"https:\/\/www.cycles-blain.com\/fr\/promotions-velo\/vtc-electrique-kalkhoff-1b-move-1223\/","og_site_name":"CyclesBlain - Magasins de v\u00e9los, accessoires et ateliers","article_publisher":"https:\/\/www.facebook.com\/cyclesblain\/?locale=fr_FR","article_published_time":"2023-12-21T09:05:57+00:00","article_modified_time":"2024-07-24T12:08:48+00:00","og_image":[{"width":600,"height":400,"url":"https:\/\/www.cycles-blain.com\/fr\/wp-content\/uploads\/2023\/12\/vtc-electrique-Kalkhoff-1BMove.jpg","type":"image\/jpeg"}],"author":"Gueweb","twitter_card":"summary_large_image","twitter_misc":{"\u00c9crit par":"Gueweb","Dur\u00e9e de lecture estim\u00e9e":"3 minutes"},"schema":{"@context":"https:\/\/schema.org","@graph":[{"@type":"Article","@id":"https:\/\/www.cycles-blain.com\/fr\/promotions-velo\/vtc-electrique-kalkhoff-1b-move-1223\/#article","isPartOf":{"@id":"https:\/\/www.cycles-blain.com\/fr\/promotions-velo\/vtc-electrique-kalkhoff-1b-move-1223\/"},"author":{"name":"Gueweb","@id":"https:\/\/www.cycles-blain.com\/fr\/#\/schema\/person\/6fb8bad852fde893fb61b7b05936af37"},"headline":"A saisir : VTC Electrique KALKHOFF Femmes et Hommes en stock","datePublished":"2023-12-21T09:05:57+00:00","dateModified":"2024-07-24T12:08:48+00:00","mainEntityOfPage":{"@id":"https:\/\/www.cycles-blain.com\/fr\/promotions-velo\/vtc-electrique-kalkhoff-1b-move-1223\/"},"wordCount":497,"publisher":{"@id":"https:\/\/www.cycles-blain.com\/fr\/#organization"},"image":{"@id":"https:\/\/www.cycles-blain.com\/fr\/promotions-velo\/vtc-electrique-kalkhoff-1b-move-1223\/#primaryimage"},"thumbnailUrl":"https:\/\/www.cycles-blain.com\/fr\/wp-content\/uploads\/2023\/12\/vtc-electrique-Kalkhoff-1BMove.jpg","keywords":["kalkhoff","vae electrique","velo femmes","vtc electrique"],"articleSection":["Actus Magasins","Actus V\u00e9lo","Promotions","VTC Electrique"],"inLanguage":"fr-FR"},{"@type":"WebPage","@id":"https:\/\/www.cycles-blain.com\/fr\/promotions-velo\/vtc-electrique-kalkhoff-1b-move-1223\/","url":"https:\/\/www.cycles-blain.com\/fr\/promotions-velo\/vtc-electrique-kalkhoff-1b-move-1223\/","name":"A saisir : VTC Electrique KALKHOFF Femmes et Hommes en stock","isPartOf":{"@id":"https:\/\/www.cycles-blain.com\/fr\/#website"},"primaryImageOfPage":{"@id":"https:\/\/www.cycles-blain.com\/fr\/promotions-velo\/vtc-electrique-kalkhoff-1b-move-1223\/#primaryimage"},"image":{"@id":"https:\/\/www.cycles-blain.com\/fr\/promotions-velo\/vtc-electrique-kalkhoff-1b-move-1223\/#primaryimage"},"thumbnailUrl":"https:\/\/www.cycles-blain.com\/fr\/wp-content\/uploads\/2023\/12\/vtc-electrique-Kalkhoff-1BMove.jpg","datePublished":"2023-12-21T09:05:57+00:00","dateModified":"2024-07-24T12:08:48+00:00","description":"Op\u00e9ration VTC Electrique KALKHOFF Femmes et Hommes en stock chez CYCLES BLAIN \u00e0 -17%. VAE urbain polyvalent de qualit\u00e9 et fiabilit\u00e9 Allemande","breadcrumb":{"@id":"https:\/\/www.cycles-blain.com\/fr\/promotions-velo\/vtc-electrique-kalkhoff-1b-move-1223\/#breadcrumb"},"inLanguage":"fr-FR","potentialAction":[{"@type":"ReadAction","target":["https:\/\/www.cycles-blain.com\/fr\/promotions-velo\/vtc-electrique-kalkhoff-1b-move-1223\/"]}]},{"@type":"ImageObject","inLanguage":"fr-FR","@id":"https:\/\/www.cycles-blain.com\/fr\/promotions-velo\/vtc-electrique-kalkhoff-1b-move-1223\/#primaryimage","url":"https:\/\/www.cycles-blain.com\/fr\/wp-content\/uploads\/2023\/12\/vtc-electrique-Kalkhoff-1BMove.jpg","contentUrl":"https:\/\/www.cycles-blain.com\/fr\/wp-content\/uploads\/2023\/12\/vtc-electrique-Kalkhoff-1BMove.jpg","width":600,"height":400,"caption":"VTC electrique Kalkhoff 1B Move"},{"@type":"BreadcrumbList","@id":"https:\/\/www.cycles-blain.com\/fr\/promotions-velo\/vtc-electrique-kalkhoff-1b-move-1223\/#breadcrumb","itemListElement":[{"@type":"ListItem","position":1,"name":"Accueil","item":"https:\/\/www.cycles-blain.com\/fr\/"},{"@type":"ListItem","position":2,"name":"A saisir : VTC Electrique KALKHOFF Femmes et Hommes en stock"}]},{"@type":"WebSite","@id":"https:\/\/www.cycles-blain.com\/fr\/#website","url":"https:\/\/www.cycles-blain.com\/fr\/","name":"CyclesBlain - Magasins de v\u00e9los, accessoires et ateliers","description":"Blog Cycles Blain","publisher":{"@id":"https:\/\/www.cycles-blain.com\/fr\/#organization"},"potentialAction":[{"@type":"SearchAction","target":{"@type":"EntryPoint","urlTemplate":"https:\/\/www.cycles-blain.com\/fr\/?s={search_term_string}"},"query-input":{"@type":"PropertyValueSpecification","valueRequired":true,"valueName":"search_term_string"}}],"inLanguage":"fr-FR"},{"@type":"Organization","@id":"https:\/\/www.cycles-blain.com\/fr\/#organization","name":"CyclesBlain - Magasins de v\u00e9los, accessoires et ateliers","url":"https:\/\/www.cycles-blain.com\/fr\/","logo":{"@type":"ImageObject","inLanguage":"fr-FR","@id":"https:\/\/www.cycles-blain.com\/fr\/#\/schema\/logo\/image\/","url":"https:\/\/www.cycles-blain.com\/fr\/wp-content\/uploads\/2023\/10\/logo-cycles-blain.jpeg","contentUrl":"https:\/\/www.cycles-blain.com\/fr\/wp-content\/uploads\/2023\/10\/logo-cycles-blain.jpeg","width":264,"height":191,"caption":"CyclesBlain - Magasins de v\u00e9los, accessoires et ateliers"},"image":{"@id":"https:\/\/www.cycles-blain.com\/fr\/#\/schema\/logo\/image\/"},"sameAs":["https:\/\/www.facebook.com\/cyclesblain\/?locale=fr_FR","https:\/\/www.instagram.com\/cycles_blain\/?hl=fr"]},{"@type":"Person","@id":"https:\/\/www.cycles-blain.com\/fr\/#\/schema\/person\/6fb8bad852fde893fb61b7b05936af37","name":"Gueweb","image":{"@type":"ImageObject","inLanguage":"fr-FR","@id":"https:\/\/secure.gravatar.com\/avatar\/52550bc594eb074508114b963209b157358b27e5a0319de1bb723df3f760ca2d?s=96&d=mm&r=g","url":"https:\/\/secure.gravatar.com\/avatar\/52550bc594eb074508114b963209b157358b27e5a0319de1bb723df3f760ca2d?s=96&d=mm&r=g","contentUrl":"https:\/\/secure.gravatar.com\/avatar\/52550bc594eb074508114b963209b157358b27e5a0319de1bb723df3f760ca2d?s=96&d=mm&r=g","caption":"Gueweb"},"sameAs":["https:\/\/www.cycles-blain.com\/\/fr"],"url":"https:\/\/www.cycles-blain.com\/fr\/author\/gueweb\/"}]}},"_links":{"self":[{"href":"https:\/\/www.cycles-blain.com\/fr\/wp-json\/wp\/v2\/posts\/2279","targetHints":{"allow":["GET"]}}],"collection":[{"href":"https:\/\/www.cycles-blain.com\/fr\/wp-json\/wp\/v2\/posts"}],"about":[{"href":"https:\/\/www.cycles-blain.com\/fr\/wp-json\/wp\/v2\/types\/post"}],"author":[{"embeddable":true,"href":"https:\/\/www.cycles-blain.com\/fr\/wp-json\/wp\/v2\/users\/1"}],"replies":[{"embeddable":true,"href":"https:\/\/www.cycles-blain.com\/fr\/wp-json\/wp\/v2\/comments?post=2279"}],"version-history":[{"count":73,"href":"https:\/\/www.cycles-blain.com\/fr\/wp-json\/wp\/v2\/posts\/2279\/revisions"}],"predecessor-version":[{"id":6936,"href":"https:\/\/www.cycles-blain.com\/fr\/wp-json\/wp\/v2\/posts\/2279\/revisions\/6936"}],"wp:featuredmedia":[{"embeddable":true,"href":"https:\/\/www.cycles-blain.com\/fr\/wp-json\/wp\/v2\/media\/2345"}],"wp:attachment":[{"href":"https:\/\/www.cycles-blain.com\/fr\/wp-json\/wp\/v2\/media?parent=2279"}],"wp:term":[{"taxonomy":"category","embeddable":true,"href":"https:\/\/www.cycles-blain.com\/fr\/wp-json\/wp\/v2\/categories?post=2279"},{"taxonomy":"post_tag","embeddable":true,"href":"https:\/\/www.cycles-blain.com\/fr\/wp-json\/wp\/v2\/tags?post=2279"}],"curies":[{"name":"wp","href":"https:\/\/api.w.org\/{rel}","templated":true}]}}