{"id":23369,"date":"2026-08-26T09:02:56","date_gmt":"2026-08-26T07:02:56","guid":{"rendered":"https:\/\/www.cycles-blain.com\/fr\/?p=23369"},"modified":"2026-08-27T14:43:33","modified_gmt":"2026-08-27T12:43:33","slug":"nouvelle-gamme-velos-cube-2027-arrive-chez-cyclesblain","status":"publish","type":"post","link":"https:\/\/www.cycles-blain.com\/fr\/velo\/nouvelle-gamme-velos-cube-2027-arrive-chez-cyclesblain\/","title":{"rendered":"Nouvelle gamme V\u00e9los CUBE 2027 &#8211; Commandez-les vite !"},"content":{"rendered":"\t\t<div data-elementor-type=\"wp-post\" data-elementor-id=\"23369\" class=\"elementor elementor-23369\" data-elementor-post-type=\"post\">\n\t\t\t\t<div class=\"elementor-element elementor-element-00cf2fa e-flex e-con-boxed e-con e-parent\" data-id=\"00cf2fa\" data-element_type=\"container\" data-e-type=\"container\">\n\t\t\t\t\t<div class=\"e-con-inner\">\n\t\t\t\t<div class=\"elementor-element elementor-element-47470c3 elementor-widget elementor-widget-text-editor\" data-id=\"47470c3\" data-element_type=\"widget\" data-e-type=\"widget\" data-widget_type=\"text-editor.default\">\n\t\t\t\t<div class=\"elementor-widget-container\">\n\t\t\t\t\t\t\t\t\t<p><em>Il y a quelques semaines, nos \u00e9quipes avaient rendez-vous en Allemagne pour d\u00e9couvrir la gamme musculaires et \u00e9lectriques CUBE 2027. Au vu de la qualit\u00e9 des v\u00e9los de 2026 et de l&rsquo;excellent rapport qualit\u00e9-prix qui fait la r\u00e9putation de Cube, <b>nous avons h\u00e2te de vous pr\u00e9senter la gamme 2027 disponible d\u00e8s maintenant en pr\u00e9-commande chez CYCLES BLAIN et les premiers v\u00e9los qui arrivent dans nos magasins Cube sur Lyon d\u00e8s septembre 2026 !<\/b><\/em><\/p>\t\t\t\t\t\t\t\t<\/div>\n\t\t\t\t<\/div>\n\t\t\t\t\t<\/div>\n\t\t\t\t<\/div>\n\t\t<div class=\"elementor-element elementor-element-6a6244a e-flex e-con-boxed e-con e-parent\" data-id=\"6a6244a\" data-element_type=\"container\" data-e-type=\"container\">\n\t\t\t\t\t<div class=\"e-con-inner\">\n\t\t\t\t<div class=\"elementor-element elementor-element-dfae677 elementor-widget elementor-widget-heading\" data-id=\"dfae677\" data-element_type=\"widget\" data-e-type=\"widget\" data-widget_type=\"heading.default\">\n\t\t\t\t<div class=\"elementor-widget-container\">\n\t\t\t\t\t<h2 class=\"elementor-heading-title elementor-size-default\">Les VTTAE et VTT CUBE 2027<\/h2>\t\t\t\t<\/div>\n\t\t\t\t<\/div>\n\t\t\t\t\t<\/div>\n\t\t\t\t<\/div>\n\t\t<div class=\"elementor-element elementor-element-4419687 e-flex e-con-boxed e-con e-parent\" data-id=\"4419687\" data-element_type=\"container\" data-e-type=\"container\">\n\t\t\t\t\t<div class=\"e-con-inner\">\n\t\t\t\t<div class=\"elementor-element elementor-element-aeff87f elementor-widget elementor-widget-text-editor\" data-id=\"aeff87f\" data-element_type=\"widget\" data-e-type=\"widget\" data-widget_type=\"text-editor.default\">\n\t\t\t\t<div class=\"elementor-widget-container\">\n\t\t\t\t\t\t\t\t\t<p>La gamme de&nbsp;<a href=\"https:\/\/www.cycles-blain.com\/15-vtt-musculaire?q=Marque-Cube\/Ann%C3%A9e-2027\" target=\"_blank\">vtt 2027<\/a>&nbsp;et&nbsp;<a href=\"https:\/\/www.cycles-blain.com\/26-vtt-electrique-vttae?q=Marque-Cube\/Ann%C3%A9e-2027\" target=\"_blank\">vtt \u00e9lectriques CUBE 2027<\/a>&nbsp;reprend les mod\u00e8les 2026 avec des tarifs et des \u00e9quipements toujours aussi comp\u00e9titifs et un choix de 43 vtt et 126 vttae pour toutes les pratiques en loisirs ou sport et diff\u00e9rentes colories !<br>Nous ajoutons progressivement les nouveaut\u00e9s \u00e0 notre boutique en ligne, mais n&rsquo;h\u00e9sitez pas \u00e0 passer en magasin si vous avez des questions !&nbsp;<\/p>\t\t\t\t\t\t\t\t<\/div>\n\t\t\t\t<\/div>\n\t\t\t\t\t<\/div>\n\t\t\t\t<\/div>\n\t\t<div class=\"elementor-element elementor-element-e1425f8 e-flex e-con-boxed e-con e-parent\" data-id=\"e1425f8\" data-element_type=\"container\" data-e-type=\"container\">\n\t\t\t\t\t<div class=\"e-con-inner\">\n\t\t\t\t<div class=\"elementor-element elementor-element-e30d546 elementor-widget elementor-widget-heading\" data-id=\"e30d546\" data-element_type=\"widget\" data-e-type=\"widget\" data-widget_type=\"heading.default\">\n\t\t\t\t<div class=\"elementor-widget-container\">\n\t\t\t\t\t<h3 class=\"elementor-heading-title elementor-size-default\">La gamme vtt \u00e9lectriques CUBE 2027 optimis\u00e9e et \u00e9largie !<\/h3>\t\t\t\t<\/div>\n\t\t\t\t<\/div>\n\t\t\t\t<div class=\"elementor-element elementor-element-33c8d60 elementor-widget elementor-widget-text-editor\" data-id=\"33c8d60\" data-element_type=\"widget\" data-e-type=\"widget\" data-widget_type=\"text-editor.default\">\n\t\t\t\t<div class=\"elementor-widget-container\">\n\t\t\t\t\t\t\t\t\t<p>Pour 2027, Cube a revu l&rsquo;\u00e9quipement de toute la gamme VTTAE et ajout\u00e9 de nouveaux mod\u00e8les.<br \/>Voici un petit r\u00e9capitulatif des principaux mod\u00e8les de la gamme vttae 2027 pour y voir plus clair \ud83d\ude09<\/p>\t\t\t\t\t\t\t\t<\/div>\n\t\t\t\t<\/div>\n\t\t\t\t\t<\/div>\n\t\t\t\t<\/div>\n\t\t<div class=\"elementor-element elementor-element-bfdcfe1 e-flex e-con-boxed e-con e-parent\" data-id=\"bfdcfe1\" data-element_type=\"container\" data-e-type=\"container\">\n\t\t\t\t\t<div class=\"e-con-inner\">\n\t\t\t\t<div class=\"elementor-element elementor-element-1b716cb elementor-widget elementor-widget-text-editor\" data-id=\"1b716cb\" data-element_type=\"widget\" data-e-type=\"widget\" data-widget_type=\"text-editor.default\">\n\t\t\t\t<div class=\"elementor-widget-container\">\n\t\t\t\t\t\t\t\t\t<style>\n  .cube-accordion {<br \/>    margin-bottom: 12px;<br \/>    border: 1px solid #e2e8f0;<br \/>    border-radius: 8px;<br \/>    overflow: hidden;<br \/>    font-family: system-ui, -apple-system, sans-serif;<br \/>  }<br \/>  .cube-accordion summary {<br \/>    background-color: #f8fafc;<br \/>    padding: 14px 18px;<br \/>    font-weight: 700;<br \/>    font-size: 1.05rem;<br \/>    cursor: pointer;<br \/>    color: #0f172a;<br \/>    list-style: none;<br \/>    display: flex;<br \/>    justify-content: space-between;<br \/>    align-items: center;<br \/>  }<br \/>  .cube-accordion summary::-webkit-details-marker {<br \/>    display: none;<br \/>  }<br \/>  .cube-accordion summary::after {<br \/>    content: \"+\";<br \/>    font-size: 1.3rem;<br \/>    font-weight: 400;<br \/>    color: #64748b;<br \/>  }<br \/>  .cube-accordion[open] summary::after {<br \/>    content: \"\u2212\";<br \/>  }<br \/>  .cube-accordion[open] summary {<br \/>    border-bottom: 1px solid #e2e8f0;<br \/>    background-color: #f1f5f9;<br \/>  }<br \/>  .cube-table-container {<br \/>    padding: 12px;<br \/>    overflow-x: auto;<br \/>  }<br \/>  .cube-table {<br \/>    width: 100%;<br \/>    border-collapse: collapse;<br \/>    text-align: left;<br \/>    font-size: 0.95rem;<br \/>  }<br \/>  .cube-table th {<br \/>    background-color: #f8fafc;<br \/>    color: #475569;<br \/>    padding: 10px 12px;<br \/>    border-bottom: 2px solid #cbd5e1;<br \/>    font-size: 0.85rem;<br \/>    text-transform: uppercase;<br \/>    letter-spacing: 0.05em;<br \/>  }<br \/>  .cube-table td {<br \/>    padding: 12px;<br \/>    border-bottom: 1px solid #f1f5f9;<br \/>    color: #334155;<br \/>  }<br \/>  .cube-table tr:nth-child(even) {<br \/>    background-color: #f8fafc;<br \/>  }<br \/>  .cube-table a {<br \/>    color: #2563eb;<br \/>    font-weight: 600;<br \/>    text-decoration: none;<br \/>  }<br \/>  .cube-table a:hover {<br \/>    text-decoration: underline;<br \/>  }<br \/>  .col-modele {<br \/>    white-space: nowrap;<br \/>  }<br \/>  .col-categorie {<br \/>    width: 30%;<br \/>  }<br \/>  .col-prix {<br \/>    white-space: nowrap;<br \/>  }<br \/><\/style>\n\n<!-- Accord\u00e9on 1: Semi-Rigides CUBE 2027 -->\n\n<details class=\"cube-accordion\"><summary>1. Gamme VTTAE Semi-Rigide : CUBE Reaction Hybrid 2027<\/summary>\n<div class=\"cube-table-container\">\n<table class=\"cube-table\">\n<thead>\n<tr>\n<th>Mod\u00e8le 2027<\/th>\n<th class=\"col-categorie\">Cat\u00e9gorie \/ Usage<\/th>\n<th>Prix public<\/th>\n<\/tr>\n<\/thead>\n<tbody>\n<tr>\n<td class=\"col-modele\"><a href=\"https:\/\/www.cycles-blain.com\/26-vtt-electrique-vttae?q=Type+de+Cadre-Semi+Rigide\/Marque-Cube\" target=\"_blank\" rel=\"noopener\">Reaction Hybrid Performance 720 2027<\/a><\/td>\n<td class=\"col-categorie\">Semi-Rigide Loisir\n(Grande Autonomie)<\/td>\n<td class=\"col-prix\">D\u00e8s\n2 649 \u20ac<\/td>\n<\/tr>\n<tr>\n<td class=\"col-modele\"><a href=\"https:\/\/www.cycles-blain.com\/26-vtt-electrique-vttae?q=Type+de+Cadre-Semi+Rigide\/Marque-Cube\" target=\"_blank\" rel=\"noopener\">Reaction Hybrid ONE 720 2027<\/a><\/td>\n<td class=\"col-categorie\">Semi-Rigide Sport<\/td>\n<td class=\"col-prix\">D\u00e8s\n2 999 \u20ac<\/td>\n<\/tr>\n<tr>\n<td class=\"col-modele\"><a href=\"https:\/\/www.cycles-blain.com\/26-vtt-electrique-vttae?q=Type+de+Cadre-Semi+Rigide\/Marque-Cube\" target=\"_blank\" rel=\"noopener\">Reaction Hybrid Pro 800 2027<\/a><\/td>\n<td class=\"col-categorie\">Semi-Rigide Trail \/ Rando<\/td>\n<td class=\"col-prix\">D\u00e8s\n3 359 \u20ac<\/td>\n<\/tr>\n<tr>\n<td class=\"col-modele\"><a href=\"https:\/\/www.cycles-blain.com\/26-vtt-electrique-vttae?q=Type+de+Cadre-Semi+Rigide\/Marque-Cube\" target=\"_blank\" rel=\"noopener\">Reaction Hybrid Race 800 2027<\/a><\/td>\n<td class=\"col-categorie\">Semi-Rigide Trail Performance<\/td>\n<td class=\"col-prix\">D\u00e8s\n3 899 \u20ac<\/td>\n<\/tr>\n<tr>\n<td class=\"col-modele\"><a href=\"https:\/\/www.cycles-blain.com\/26-vtt-electrique-vttae?q=Type+de+Cadre-Semi+Rigide\/Marque-Cube\" target=\"_blank\" rel=\"noopener\">Reaction Hybrid SLX 800 2027<\/a><\/td>\n<td class=\"col-categorie\">Semi-Rigide Trail Premium<\/td>\n<td class=\"col-prix\">D\u00e8s\n4 399 \u20ac<\/td>\n<\/tr>\n<tr>\n<td class=\"col-modele\"><a href=\"https:\/\/www.cycles-blain.com\/26-vtt-electrique-vttae?q=Type+de+Cadre-Semi+Rigide\/Marque-Cube\" target=\"_blank\" rel=\"noopener\">Reaction Hybrid Allroad \/ FE (720 \/ 800) 2027<\/a><\/td>\n<td class=\"col-categorie\">Semi-Rigide Tout \u00c9quip\u00e9\n(Garde-boue \/ B\u00e9quille)<\/td>\n<td class=\"col-prix\">D\u00e8s\n2 849 \u20ac<\/td>\n<\/tr>\n<\/tbody>\n<\/table>\n<\/div>\n<\/details><!-- Accord\u00e9on 2: CUBE Stereo Hybrid ONE22 2027 -->\n\n<details class=\"cube-accordion\"><summary>2. Gamme VTTAE Tout-Suspendu Polyvalent : CUBE Stereo Hybrid ONE22 2027<\/summary>\n<div class=\"cube-table-container\">\n<table class=\"cube-table\">\n<thead>\n<tr>\n<th>Mod\u00e8le 2027<\/th>\n<th class=\"col-categorie\">Cat\u00e9gorie \/ Usage<\/th>\n<th>Prix public<\/th>\n<\/tr>\n<\/thead>\n<tbody>\n<tr>\n<td class=\"col-modele\"><a href=\"https:\/\/www.cycles-blain.com\/recherche?controller=search&amp;search_query=hybrid+one22\" target=\"_blank\" rel=\"noopener\">Stereo Hybrid ONE22 ONE 600 2027<\/a><\/td>\n<td class=\"col-categorie\">Tout-Suspendu Trail \/ Confort<\/td>\n<td class=\"col-prix\">D\u00e8s\n3 899 \u20ac<\/td>\n<\/tr>\n<tr>\n<td class=\"col-modele\"><a href=\"https:\/\/www.cycles-blain.com\/recherche?controller=search&amp;search_query=hybrid+one22\" target=\"_blank\" rel=\"noopener\">Stereo Hybrid ONE22 Pro 800 2027<\/a><\/td>\n<td class=\"col-categorie\">Tout-Suspendu Trail Randonn\u00e9e<\/td>\n<td class=\"col-prix\">D\u00e8s\n3 899 \u20ac<\/td>\n<\/tr>\n<tr>\n<td class=\"col-modele\"><a href=\"https:\/\/www.cycles-blain.com\/recherche?controller=search&amp;search_query=hybrid+one22\" target=\"_blank\" rel=\"noopener\">Stereo Hybrid ONE22 Race 800 2027<\/a><\/td>\n<td class=\"col-categorie\">Tout-Suspendu Trail Sportif<\/td>\n<td class=\"col-prix\">D\u00e8s\n4 299 \u20ac<\/td>\n<\/tr>\n<tr>\n<td class=\"col-modele\"><a href=\"https:\/\/www.cycles-blain.com\/recherche?controller=search&amp;search_query=hybrid+one22\" target=\"_blank\" rel=\"noopener\">Stereo Hybrid ONE22 SLX 800 2027<\/a><\/td>\n<td class=\"col-categorie\">Tout-Suspendu Trail Premium<\/td>\n<td class=\"col-prix\">D\u00e8s\n4 399 \u20ac<\/td>\n<\/tr>\n<tr>\n<td class=\"col-modele\"><a href=\"https:\/\/www.cycles-blain.com\/recherche?controller=search&amp;search_query=hybrid+one22\" target=\"_blank\" rel=\"noopener\">Stereo Hybrid ONE22 Allroad \/ FE 800 2027<\/a><\/td>\n<td class=\"col-categorie\">Tout-Suspendu Tout \u00c9quip\u00e9<\/td>\n<td class=\"col-prix\">D\u00e8s\n4 099 \u20ac<\/td>\n<\/tr>\n<\/tbody>\n<\/table>\n<\/div>\n<\/details><!-- Accord\u00e9on 3: CUBE Stereo Hybrid ONE44 2027 -->\n\n<details class=\"cube-accordion\"><summary>3. Gamme VTTAE All-Mountain : CUBE Stereo Hybrid ONE44 2027<\/summary>\n<div class=\"cube-table-container\">\n\n<a href=\"https:\/\/www.cycles-blain.com\/vtt-electrique-vttae\/2530-7033-stereo-hybrid-one44-hpc-at-800-2027-cube.html\" target=\"_blank\" rel=\"noopener\">Stereo Hybrid ONE44 HPC AT 800 2027<\/a>All-Mountain Carbone Haut de GammeD\u00e8s\n7 199 \u20ac\n<table class=\"cube-table\">\n<thead>\n<tr>\n<th>Mod\u00e8le 2027<\/th>\n<th class=\"col-categorie\">Cat\u00e9gorie \/ Usage<\/th>\n<th>Prix public<\/th>\n<\/tr>\n<\/thead>\n<tbody>\n<tr>\n<td class=\"col-modele\"><a href=\"https:\/\/www.cycles-blain.com\/vtt-electrique-vttae\/2511-6906-stereo-hybrid-one44-hpc-pro-800-2027-cube.html\" target=\"_blank\" rel=\"noopener\">Stereo Hybrid ONE44 Pro 800 2027<\/a><\/td>\n<td class=\"col-categorie\">All-Mountain Aluminium<\/td>\n<td class=\"col-prix\">D\u00e8s\n4 299 \u20ac<\/td>\n<\/tr>\n<tr>\n<td class=\"col-modele\"><a href=\"https:\/\/www.cycles-blain.com\/vtt-electrique-vttae\/2524-7001-stereo-hybrid-one44-hpc-race-800-2027-cube.html\" target=\"_blank\" rel=\"noopener\">Stereo Hybrid ONE44 HPC Race 800 2027<\/a><\/td>\n<td class=\"col-categorie\">All-Mountain Carbone<\/td>\n<td class=\"col-prix\">D\u00e8s\n4 649 \u20ac<\/td>\n<\/tr>\n<tr>\n<td class=\"col-modele\"><a href=\"https:\/\/www.cycles-blain.com\/vtt-electrique-vttae\/2532-7046-stereo-hybrid-one44-exc-800-2027-cube.html\" target=\"_blank\" rel=\"noopener\">Stereo Hybrid ONE44 EXC 800 2027<\/a><\/td>\n<td class=\"col-categorie\">All-Mountain Carbone<\/td>\n<td class=\"col-prix\">D\u00e8s\n4 999 \u20ac<\/td>\n<\/tr>\n<tr>\n<td class=\"col-modele\"><a href=\"https:\/\/www.cycles-blain.com\/recherche?controller=search&amp;search_query=hybrid+one44\" target=\"_blank\" rel=\"noopener\">Stereo Hybrid ONE44 HPC SLX 800 2027<\/a><\/td>\n<td class=\"col-categorie\">All-Mountain Carbone Advanced<\/td>\n<td class=\"col-prix\">D\u00e8s\n5 249 \u20ac<\/td>\n<\/tr>\n<tr>\n<td class=\"col-modele\"><a href=\"https:\/\/www.cycles-blain.com\/vtt-electrique-vttae\/2533-7054-stereo-hybrid-one44-hpc-super-tm-800-2027-cube.html\" target=\"_blank\" rel=\"noopener\">Stereo Hybrid ONE44 HPC Super TM 800 2027<\/a><\/td>\n<td class=\"col-categorie\">All-Mountain Trail Motion<\/td>\n<td class=\"col-prix\">D\u00e8s\n7 199 \u20ac<\/td>\n<\/tr>\n<\/tbody>\n<\/table>\n<\/div>\n<\/details><!-- Accord\u00e9on 4: CUBE ONE77 & AMS Hybrid 2027 -->\n\n<details class=\"cube-accordion\"><summary>4. Gamme VTTAE Enduro &amp; VTTAE L\u00e9ger : CUBE ONE77 &amp; AMS Hybrid 2027<\/summary>\n<div class=\"cube-table-container\">\n<table class=\"cube-table\">\n<thead>\n<tr>\n<th>Mod\u00e8le 2027<\/th>\n<th class=\"col-categorie\">Cat\u00e9gorie \/ Usage<\/th>\n<th>Prix public<\/th>\n<\/tr>\n<\/thead>\n<tbody>\n<tr>\n<td class=\"col-modele\"><a href=\"https:\/\/www.cycles-blain.com\/recherche?controller=search&amp;search_query=one77\" target=\"_blank\" rel=\"noopener\">Stereo Hybrid ONE77 HPC Race 800 2027<\/a><\/td>\n<td class=\"col-categorie\">Enduro Gros D\u00e9battement\n(170 mm)<\/td>\n<td class=\"col-prix\">D\u00e8s\n4 599 \u20ac<\/td>\n<\/tr>\n<tr>\n<td class=\"col-modele\"><a href=\"https:\/\/www.cycles-blain.com\/recherche?controller=search&amp;search_query=one77\" target=\"_blank\" rel=\"noopener\">Stereo Hybrid ONE77 HPC SLX 800 2027<\/a><\/td>\n<td class=\"col-categorie\">Enduro Carbone Premium<\/td>\n<td class=\"col-prix\">D\u00e8s\n5 249 \u20ac<\/td>\n<\/tr>\n<tr>\n<td class=\"col-modele\"><a href=\"https:\/\/www.cycles-blain.com\/recherche?controller=search&amp;search_query=one77\" target=\"_blank\" rel=\"noopener\">Stereo Hybrid ONE77 HPC\u00a0 TM \/ AT 800 2027<\/a><\/td>\n<td class=\"col-categorie\">Enduro Competition \/ Factory<\/td>\n<td class=\"col-prix\">D\u00e8s\n6 499 \u20ac<\/td>\n<\/tr>\n<tr>\n<td class=\"col-modele\"><a href=\"https:\/\/www.cycles-blain.com\/recherche?controller=search&amp;search_query=one44\" target=\"_blank\" rel=\"noopener\">AMS Hybrid ONE44 C:68X 2027<\/a><\/td>\n<td class=\"col-categorie\">Light E-MTB\n(Bosch SX &#8211; Carbone &#8211; 400 wh)<\/td>\n<td class=\"col-prix\">D\u00e8s\n4 399 \u20ac<\/td>\n<\/tr>\n<tr>\n<td class=\"col-modele\"><a href=\"https:\/\/www.cycles-blain.com\/recherche?controller=search&amp;search_query=ams\" target=\"_blank\" rel=\"noopener\">AMS Hybrid ONE44 C:62 2027<\/a><\/td>\n<td class=\"col-categorie\">Light E-MTB\n(Bosch CX &#8211; Carbone &#8211; 170mm &#8211; 600 wh)<\/td>\n<td class=\"col-prix\">D\u00e8s\n6 099 \u20ac<\/td>\n<\/tr>\n<\/tbody>\n<\/table>\n<\/div>\n<\/details>\t\t\t\t\t\t\t\t<\/div>\n\t\t\t\t<\/div>\n\t\t\t\t\t<\/div>\n\t\t\t\t<\/div>\n\t\t<div class=\"elementor-element elementor-element-38f10bf e-flex e-con-boxed e-con e-parent\" data-id=\"38f10bf\" data-element_type=\"container\" data-e-type=\"container\">\n\t\t\t\t\t<div class=\"e-con-inner\">\n\t\t\t\t<div class=\"elementor-element elementor-element-77fea4a elementor-widget elementor-widget-text-editor\" data-id=\"77fea4a\" data-element_type=\"widget\" data-e-type=\"widget\" data-widget_type=\"text-editor.default\">\n\t\t\t\t<div class=\"elementor-widget-container\">\n\t\t\t\t\t\t\t\t\t<p><a style=\"background-color: #ffffff; font-size: 1rem;\" href=\"https:\/\/www.cycles-blain.com\/183-vtt-trail-all-mountain?q=Marque-CUBE\" target=\"_blank\" rel=\"noopener\"><b>Pour le TRAIL<\/b><\/a>, Cube pr\u00e9sente ses nouveaux <b>Stereo HPC 2027<\/b> et <b>Stereo C:62<\/b> (Carbone) avec des d\u00e9battements de 145 \u00e0 l&rsquo;arri\u00e8re et des fourches de 150mm, des tiges de selles t\u00e9lescopiques \u00e0 grand d\u00e9battement, un large espace de rangement dans le tube diagonal du cadre ainsi qu&rsquo;un support de GPS int\u00e9gr\u00e9.<\/p><p><a style=\"background-color: #ffffff; font-size: 1rem;\" href=\"https:\/\/www.cycles-blain.com\/184-vtt-loisirs-balades?q=Marque-CUBE\" target=\"_blank\" rel=\"noopener\"><b>Pour le VTT de loisirs<\/b><\/a><b>, <\/b>la gamme de vtt semi rigide <b>CUBE AIM 2027<\/b>, avec un cadre en\u00a0<span style=\"font-size: 1rem;\">aluminium HPA, qui peut d\u00e9sormais accueillir une tige de selle t\u00e9lescopique. On notera aussi que CUBE a pens\u00e9 aux v\u00e9lotaffeurs avec des versions \u00e9quip\u00e9s FE avec des gardes boues&#8230;.<\/span><\/p><p><span style=\"font-size: 1rem;\"><b>Pour la descente DH<\/b> (gamme gravity de Cube), Cube a revu le <b>Fritzz 2027<\/b> avec un cadre en carbone de 170mm de d\u00e9battement, un amortisseur \u00e0 point de pivot haut.<br \/>Si cela ne suffit pas le vtt de descente haut de gamme, le <b>TWO15 2027\u00a0<\/b>vous propose 200 mm de d\u00e9battement en configuration mullet, point de pivot haut et une multitude de r\u00e9glages pour un maximum de plaisir et de performances !<\/span><\/p>\t\t\t\t\t\t\t\t<\/div>\n\t\t\t\t<\/div>\n\t\t\t\t\t<\/div>\n\t\t\t\t<\/div>\n\t\t<div class=\"elementor-element elementor-element-19b4960 e-flex e-con-boxed e-con e-parent\" data-id=\"19b4960\" data-element_type=\"container\" data-e-type=\"container\">\n\t\t\t\t\t<div class=\"e-con-inner\">\n\t\t\t\t<div class=\"elementor-element elementor-element-331cc35 elementor-skin-carousel elementor-arrows-yes elementor-pagination-type-bullets elementor-pagination-position-outside elementor-widget elementor-widget-media-carousel\" data-id=\"331cc35\" data-element_type=\"widget\" data-e-type=\"widget\" data-settings=\"{&quot;skin&quot;:&quot;carousel&quot;,&quot;effect&quot;:&quot;slide&quot;,&quot;show_arrows&quot;:&quot;yes&quot;,&quot;pagination&quot;:&quot;bullets&quot;,&quot;speed&quot;:500,&quot;autoplay&quot;:&quot;yes&quot;,&quot;autoplay_speed&quot;:5000,&quot;loop&quot;:&quot;yes&quot;,&quot;pause_on_hover&quot;:&quot;yes&quot;,&quot;pause_on_interaction&quot;:&quot;yes&quot;,&quot;space_between&quot;:{&quot;unit&quot;:&quot;px&quot;,&quot;size&quot;:10,&quot;sizes&quot;:[]},&quot;space_between_tablet&quot;:{&quot;unit&quot;:&quot;px&quot;,&quot;size&quot;:10,&quot;sizes&quot;:[]},&quot;space_between_mobile&quot;:{&quot;unit&quot;:&quot;px&quot;,&quot;size&quot;:10,&quot;sizes&quot;:[]}}\" data-widget_type=\"media-carousel.default\">\n\t\t\t\t<div class=\"elementor-widget-container\">\n\t\t\t\t\t\t\t\t\t<div class=\"elementor-swiper\">\n\t\t\t\t\t<div class=\"elementor-main-swiper swiper\" role=\"region\" aria-roledescription=\"carousel\" aria-label=\"Diapositives\">\n\t\t\t\t<div class=\"swiper-wrapper\">\n\t\t\t\t\t\t\t\t\t\t\t<div class=\"swiper-slide\" role=\"group\" aria-roledescription=\"slide\">\n\t\t\t\t\t\t\t\t\t<div class=\"elementor-carousel-image\" role=\"img\" aria-label=\"VTT Cube Stereo 2027\" style=\"background-image: url(&#039;https:\/\/www.cycles-blain.com\/fr\/wp-content\/uploads\/2026\/08\/CUBE_Stereo.webp&#039;)\">\n\n\t\t\t\n\t\t\t\t\t<\/div>\n\t\t\t\t\t\t\t\t<\/div>\n\t\t\t\t\t\t\t\t\t\t\t<div class=\"swiper-slide\" role=\"group\" aria-roledescription=\"slide\">\n\t\t\t\t\t\t\t\t\t<div class=\"elementor-carousel-image\" role=\"img\" aria-label=\"vtt CUBE Aim 2027\" style=\"background-image: url(&#039;https:\/\/www.cycles-blain.com\/fr\/wp-content\/uploads\/2026\/08\/CUBE_Aim.webp&#039;)\">\n\n\t\t\t\n\t\t\t\t\t<\/div>\n\t\t\t\t\t\t\t\t<\/div>\n\t\t\t\t\t\t\t\t\t\t\t<div class=\"swiper-slide\" role=\"group\" aria-roledescription=\"slide\">\n\t\t\t\t\t\t\t\t\t<div class=\"elementor-carousel-image\" role=\"img\" aria-label=\"vtt dh CUBE Fritzz 2027\" style=\"background-image: url(&#039;https:\/\/www.cycles-blain.com\/fr\/wp-content\/uploads\/2026\/08\/CUBE_Fritzz-2.webp&#039;)\">\n\n\t\t\t\n\t\t\t\t\t<\/div>\n\t\t\t\t\t\t\t\t<\/div>\n\t\t\t\t\t\t\t\t\t\t\t<div class=\"swiper-slide\" role=\"group\" aria-roledescription=\"slide\">\n\t\t\t\t\t\t\t\t\t<div class=\"elementor-carousel-image\" role=\"img\" aria-label=\"Vtt dh Cube Two15 2027\" style=\"background-image: url(&#039;https:\/\/www.cycles-blain.com\/fr\/wp-content\/uploads\/2026\/08\/CUBE_TWO15.webp&#039;)\">\n\n\t\t\t\n\t\t\t\t\t<\/div>\n\t\t\t\t\t\t\t\t<\/div>\n\t\t\t\t\t\t\t\t\t<\/div>\n\t\t\t\t\t\t\t\t\t\t\t\t\t\t\t<div class=\"elementor-swiper-button elementor-swiper-button-prev\" role=\"button\" tabindex=\"0\" aria-label=\"Pr\u00e9c\u00e9dent\">\n\t\t\t\t\t\t\t<i aria-hidden=\"true\" class=\"eicon-chevron-left\"><\/i>\t\t\t\t\t\t<\/div>\n\t\t\t\t\t\t<div class=\"elementor-swiper-button elementor-swiper-button-next\" role=\"button\" tabindex=\"0\" aria-label=\"Suivant\">\n\t\t\t\t\t\t\t<i aria-hidden=\"true\" class=\"eicon-chevron-right\"><\/i>\t\t\t\t\t\t<\/div>\n\t\t\t\t\t\t\t\t\t\t\t\t\t\t\t\t<div class=\"swiper-pagination\"><\/div>\n\t\t\t\t\t\t\t\t\t\t\t\t<\/div>\n\t\t\t\t<\/div>\n\t\t\t\t\t\t\t\t<\/div>\n\t\t\t\t<\/div>\n\t\t\t\t<div class=\"elementor-element elementor-element-188f66d elementor-widget elementor-widget-heading\" data-id=\"188f66d\" data-element_type=\"widget\" data-e-type=\"widget\" data-widget_type=\"heading.default\">\n\t\t\t\t<div class=\"elementor-widget-container\">\n\t\t\t\t\t<h2 class=\"elementor-heading-title elementor-size-default\">Les nouveaut\u00e9s ROUTE et GRAVEL CUBE 2027<\/h2>\t\t\t\t<\/div>\n\t\t\t\t<\/div>\n\t\t\t\t\t<\/div>\n\t\t\t\t<\/div>\n\t\t<div class=\"elementor-element elementor-element-bd68ae8 e-flex e-con-boxed e-con e-parent\" data-id=\"bd68ae8\" data-element_type=\"container\" data-e-type=\"container\">\n\t\t\t\t\t<div class=\"e-con-inner\">\n\t\t\t\t<div class=\"elementor-element elementor-element-ae814e7 elementor-widget elementor-widget-text-editor\" data-id=\"ae814e7\" data-element_type=\"widget\" data-e-type=\"widget\" data-widget_type=\"text-editor.default\">\n\t\t\t\t<div class=\"elementor-widget-container\">\n\t\t\t\t\t\t\t\t\t<p><b>Pour son v\u00e9lo de course a\u00e9rodynamique<\/b> \u00e9lu meilleur meilleur v\u00e9lo de route 2026, CUBE a enti\u00e8rement revu le <b>Litening Aero C:68X<\/b> en all\u00e9geant le cadre+fourche de 150g tout en optimisant le profil de ses tubes et favoriser son a\u00e9rodynamisme. Avec un nouveau cockpit IC Aero Max l&rsquo;ensemble gagne 6W d&rsquo;efficacit\u00e9. Le confort est aussi am\u00e9lior\u00e9 avec une tige de selle plus souple, sans oublier un capteur de puissance int\u00e9gr\u00e9 pr\u00e8s pour la performance et la comp\u00e9tition : une b\u00eate de course !<\/p><p><a style=\"background-color: #ffffff; font-size: 1rem;\" href=\"https:\/\/www.cycles-blain.com\/18-velo-gravel-musculaire?q=Marque-Cube\" target=\"_blank\" rel=\"noopener\"><b>En gravels<\/b><\/a>, Cube int\u00e8gre un nouveau\u00a0<a href=\"https:\/\/www.cycles-blain.com\/velo-gravel-musculaire\/2515-6930-nuroad-one-2027-cube.html\" target=\"_blank\" rel=\"noopener\">Nuroad One 2027.<\/a><br \/>Pour toute la gamme gravel <b>:\u00a0 Cadre alu HPA ou carbone C:62 au choix et une version FE \u00e9quip\u00e9e\u00a0<\/b>pour la polyvalence par tous les temps.<br \/><b>Pour les gravels sportifs<\/b>, un nouveau cockpit en carbone et un capteur de puissance sont maintenant disponibles !<\/p>\t\t\t\t\t\t\t\t<\/div>\n\t\t\t\t<\/div>\n\t\t\t\t<div class=\"elementor-element elementor-element-1cf8fa4 elementor-skin-carousel elementor-arrows-yes elementor-pagination-type-bullets elementor-pagination-position-outside elementor-widget elementor-widget-media-carousel\" data-id=\"1cf8fa4\" data-element_type=\"widget\" data-e-type=\"widget\" data-settings=\"{&quot;skin&quot;:&quot;carousel&quot;,&quot;effect&quot;:&quot;slide&quot;,&quot;show_arrows&quot;:&quot;yes&quot;,&quot;pagination&quot;:&quot;bullets&quot;,&quot;speed&quot;:500,&quot;autoplay&quot;:&quot;yes&quot;,&quot;autoplay_speed&quot;:5000,&quot;loop&quot;:&quot;yes&quot;,&quot;pause_on_hover&quot;:&quot;yes&quot;,&quot;pause_on_interaction&quot;:&quot;yes&quot;,&quot;space_between&quot;:{&quot;unit&quot;:&quot;px&quot;,&quot;size&quot;:10,&quot;sizes&quot;:[]},&quot;space_between_tablet&quot;:{&quot;unit&quot;:&quot;px&quot;,&quot;size&quot;:10,&quot;sizes&quot;:[]},&quot;space_between_mobile&quot;:{&quot;unit&quot;:&quot;px&quot;,&quot;size&quot;:10,&quot;sizes&quot;:[]}}\" data-widget_type=\"media-carousel.default\">\n\t\t\t\t<div class=\"elementor-widget-container\">\n\t\t\t\t\t\t\t\t\t<div class=\"elementor-swiper\">\n\t\t\t\t\t<div class=\"elementor-main-swiper swiper\" role=\"region\" aria-roledescription=\"carousel\" aria-label=\"Diapositives\">\n\t\t\t\t<div class=\"swiper-wrapper\">\n\t\t\t\t\t\t\t\t\t\t\t<div class=\"swiper-slide\" role=\"group\" aria-roledescription=\"slide\">\n\t\t\t\t\t\t\t\t\t<div class=\"elementor-carousel-image\" role=\"img\" aria-label=\"Cube Litening Aero 2027\" style=\"background-image: url(&#039;https:\/\/www.cycles-blain.com\/fr\/wp-content\/uploads\/2026\/08\/litening.webp&#039;)\">\n\n\t\t\t\n\t\t\t\t\t<\/div>\n\t\t\t\t\t\t\t\t<\/div>\n\t\t\t\t\t\t\t\t\t\t\t<div class=\"swiper-slide\" role=\"group\" aria-roledescription=\"slide\">\n\t\t\t\t\t\t\t\t\t<div class=\"elementor-carousel-image\" role=\"img\" aria-label=\"CUBE Nuroad 2027\" style=\"background-image: url(&#039;https:\/\/www.cycles-blain.com\/fr\/wp-content\/uploads\/2026\/08\/CUBE_Nuroad.webp&#039;)\">\n\n\t\t\t\n\t\t\t\t\t<\/div>\n\t\t\t\t\t\t\t\t<\/div>\n\t\t\t\t\t\t\t\t\t<\/div>\n\t\t\t\t\t\t\t\t\t\t\t\t\t\t\t<div class=\"elementor-swiper-button elementor-swiper-button-prev\" role=\"button\" tabindex=\"0\" aria-label=\"Pr\u00e9c\u00e9dent\">\n\t\t\t\t\t\t\t<i aria-hidden=\"true\" class=\"eicon-chevron-left\"><\/i>\t\t\t\t\t\t<\/div>\n\t\t\t\t\t\t<div class=\"elementor-swiper-button elementor-swiper-button-next\" role=\"button\" tabindex=\"0\" aria-label=\"Suivant\">\n\t\t\t\t\t\t\t<i aria-hidden=\"true\" class=\"eicon-chevron-right\"><\/i>\t\t\t\t\t\t<\/div>\n\t\t\t\t\t\t\t\t\t\t\t\t\t\t\t\t<div class=\"swiper-pagination\"><\/div>\n\t\t\t\t\t\t\t\t\t\t\t\t<\/div>\n\t\t\t\t<\/div>\n\t\t\t\t\t\t\t\t<\/div>\n\t\t\t\t<\/div>\n\t\t<div class=\"elementor-element elementor-element-c3b91f5 e-grid e-con-full e-con e-child\" data-id=\"c3b91f5\" data-element_type=\"container\" data-e-type=\"container\">\n\t\t\t\t<div class=\"elementor-element elementor-element-56a1a60 elementor-align-center elementor-widget elementor-widget-button\" data-id=\"56a1a60\" data-element_type=\"widget\" data-e-type=\"widget\" data-widget_type=\"button.default\">\n\t\t\t\t<div class=\"elementor-widget-container\">\n\t\t\t\t\t\t\t\t\t<div class=\"elementor-button-wrapper\">\n\t\t\t\t\t<a class=\"elementor-button elementor-button-link elementor-size-sm\" href=\"https:\/\/www.cycles-blain.com\/17-velo-route-musculaire?q=Marque-Cube\/Ann%C3%A9e-2027\" target=\"_blank\">\n\t\t\t\t\t\t<span class=\"elementor-button-content-wrapper\">\n\t\t\t\t\t\t\t\t\t<span class=\"elementor-button-text\">Je trouve mon v\u00e9lo route CUBE 2027<\/span>\n\t\t\t\t\t<\/span>\n\t\t\t\t\t<\/a>\n\t\t\t\t<\/div>\n\t\t\t\t\t\t\t\t<\/div>\n\t\t\t\t<\/div>\n\t\t\t\t<div class=\"elementor-element elementor-element-4fe458c elementor-align-center elementor-widget elementor-widget-button\" data-id=\"4fe458c\" data-element_type=\"widget\" data-e-type=\"widget\" data-widget_type=\"button.default\">\n\t\t\t\t<div class=\"elementor-widget-container\">\n\t\t\t\t\t\t\t\t\t<div class=\"elementor-button-wrapper\">\n\t\t\t\t\t<a class=\"elementor-button elementor-button-link elementor-size-sm\" href=\"https:\/\/www.cycles-blain.com\/18-velo-gravel-musculaire?q=Marque-Cube\/Ann%C3%A9e-2027\" target=\"_blank\">\n\t\t\t\t\t\t<span class=\"elementor-button-content-wrapper\">\n\t\t\t\t\t\t\t\t\t<span class=\"elementor-button-text\">Je trouve mon Gravel CUBE 2027<\/span>\n\t\t\t\t\t<\/span>\n\t\t\t\t\t<\/a>\n\t\t\t\t<\/div>\n\t\t\t\t\t\t\t\t<\/div>\n\t\t\t\t<\/div>\n\t\t\t\t<\/div>\n\t\t\t\t\t<\/div>\n\t\t\t\t<\/div>\n\t\t<div class=\"elementor-element elementor-element-9ec3cc3 e-flex e-con-boxed e-con e-parent\" data-id=\"9ec3cc3\" data-element_type=\"container\" data-e-type=\"container\">\n\t\t\t\t\t<div class=\"e-con-inner\">\n\t\t\t\t<div class=\"elementor-element elementor-element-8822c27 elementor-widget elementor-widget-heading\" data-id=\"8822c27\" data-element_type=\"widget\" data-e-type=\"widget\" data-widget_type=\"heading.default\">\n\t\t\t\t<div class=\"elementor-widget-container\">\n\t\t\t\t\t<h2 class=\"elementor-heading-title elementor-size-default\">Ville ou Campagne : les nouveaut\u00e9s CUBE 2027<\/h2>\t\t\t\t<\/div>\n\t\t\t\t<\/div>\n\t\t\t\t\t<\/div>\n\t\t\t\t<\/div>\n\t\t<div class=\"elementor-element elementor-element-d98a3f1 e-flex e-con-boxed e-con e-parent\" data-id=\"d98a3f1\" data-element_type=\"container\" data-e-type=\"container\">\n\t\t\t\t\t<div class=\"e-con-inner\">\n\t\t\t\t<div class=\"elementor-element elementor-element-daf405c elementor-widget elementor-widget-text-editor\" data-id=\"daf405c\" data-element_type=\"widget\" data-e-type=\"widget\" data-widget_type=\"text-editor.default\">\n\t\t\t\t<div class=\"elementor-widget-container\">\n\t\t\t\t\t\t\t\t\t<p><a style=\"background-color: #ffffff; font-size: 1rem;\" href=\"https:\/\/www.cycles-blain.com\/31-velo-pliant-compact-electrique?q=Marque-Cube\" target=\"_blank\" rel=\"noopener\"><b>En v\u00e9lo pliant \u00e9lectrique<\/b>,<\/a>\u00a0Cube a repens\u00e9 son\u00a0<a href=\"https:\/\/www.cycles-blain.com\/velo-pliant-compact-electrique\/2534-7057-fold-hybrid-540-2027-cube.html\" target=\"_blank\" rel=\"noopener\"><b>Fold Hybrid 2027<\/b><\/a>\u00a0avec un nouveau cadre et un nouveau syst\u00e8me de pliage plus facile et rapide ainsi qu&rsquo;une poign\u00e9e de portage pour le quotidien : escaliers, transports etc&#8230;Tous les r\u00e9glages sont simples pour le guidon ou la selle et de nombreuses options de transport de bagages sont propos\u00e9es<\/p>\t\t\t\t\t\t\t\t<\/div>\n\t\t\t\t<\/div>\n\t\t\t\t\t<\/div>\n\t\t\t\t<\/div>\n\t\t<div class=\"elementor-element elementor-element-c8d368e e-flex e-con-boxed e-con e-parent\" data-id=\"c8d368e\" data-element_type=\"container\" data-e-type=\"container\">\n\t\t\t\t\t<div class=\"e-con-inner\">\n\t\t\t\t<div class=\"elementor-element elementor-element-f1015df elementor-widget elementor-widget-text-editor\" data-id=\"f1015df\" data-element_type=\"widget\" data-e-type=\"widget\" data-widget_type=\"text-editor.default\">\n\t\t\t\t<div class=\"elementor-widget-container\">\n\t\t\t\t\t\t\t\t\t<p><b>Si vous cherchez un\u00a0<\/b><a href=\"https:\/\/www.cycles-blain.com\/28-velo-ville-electrique?q=Marque-Cube\" target=\"_blank\" rel=\"noopener\"><b>v\u00e9lo de ville \u00e9lectrique<\/b><\/a>\u00a0CUBE simple et moderne, CUBE propose un nouvel <b>Editor Hybrid 360 FE 2027<\/b> avec une batterie de 360wh qui propulse un moyeu Bosch silencieux et puissant. Gardes boue, \u00e9clairages, b\u00e9quille, ce v\u00e9lo sera parfait pour le quotidien en ville !<\/p><p><b>En\u00a0<\/b><a href=\"https:\/\/www.cycles-blain.com\/27-vtc-electrique?q=Marque-Cube\" target=\"_blank\" rel=\"noopener\"><b>vtc \u00e9lectrique<\/b><\/a>, <b>le nouveau Nuride Hybrid One11 2027<\/b> fait son entr\u00e9e dans la gamme 2027 avec une suspension de 100mm pour le confort sur les chemins, un moteur Bosch CX et une batterie de 800 wh et tous les \u00e9quipements parfaits pour le trekking et vos randonn\u00e9es les plus exigeantes !<\/p>\t\t\t\t\t\t\t\t<\/div>\n\t\t\t\t<\/div>\n\t\t\t\t\t<\/div>\n\t\t\t\t<\/div>\n\t\t<div class=\"elementor-element elementor-element-54efcbd e-flex e-con-boxed e-con e-parent\" data-id=\"54efcbd\" data-element_type=\"container\" data-e-type=\"container\">\n\t\t\t\t\t<div class=\"e-con-inner\">\n\t\t\t\t<div class=\"elementor-element elementor-element-6d21754 elementor-skin-carousel elementor-arrows-yes elementor-pagination-type-bullets elementor-pagination-position-outside elementor-widget elementor-widget-media-carousel\" data-id=\"6d21754\" data-element_type=\"widget\" data-e-type=\"widget\" data-settings=\"{&quot;skin&quot;:&quot;carousel&quot;,&quot;effect&quot;:&quot;slide&quot;,&quot;show_arrows&quot;:&quot;yes&quot;,&quot;pagination&quot;:&quot;bullets&quot;,&quot;speed&quot;:500,&quot;autoplay&quot;:&quot;yes&quot;,&quot;autoplay_speed&quot;:5000,&quot;loop&quot;:&quot;yes&quot;,&quot;pause_on_hover&quot;:&quot;yes&quot;,&quot;pause_on_interaction&quot;:&quot;yes&quot;,&quot;space_between&quot;:{&quot;unit&quot;:&quot;px&quot;,&quot;size&quot;:10,&quot;sizes&quot;:[]},&quot;space_between_tablet&quot;:{&quot;unit&quot;:&quot;px&quot;,&quot;size&quot;:10,&quot;sizes&quot;:[]},&quot;space_between_mobile&quot;:{&quot;unit&quot;:&quot;px&quot;,&quot;size&quot;:10,&quot;sizes&quot;:[]}}\" data-widget_type=\"media-carousel.default\">\n\t\t\t\t<div class=\"elementor-widget-container\">\n\t\t\t\t\t\t\t\t\t<div class=\"elementor-swiper\">\n\t\t\t\t\t<div class=\"elementor-main-swiper swiper\" role=\"region\" aria-roledescription=\"carousel\" aria-label=\"Diapositives\">\n\t\t\t\t<div class=\"swiper-wrapper\">\n\t\t\t\t\t\t\t\t\t\t\t<div class=\"swiper-slide\" role=\"group\" aria-roledescription=\"slide\">\n\t\t\t\t\t\t\t\t\t<div class=\"elementor-carousel-image\" role=\"img\" aria-label=\"V\u00e9lo pliant \u00e9lectrique Cube Fold 2027\" style=\"background-image: url(&#039;https:\/\/www.cycles-blain.com\/fr\/wp-content\/uploads\/2026\/08\/CUBE_FOLD.webp&#039;)\">\n\n\t\t\t\n\t\t\t\t\t<\/div>\n\t\t\t\t\t\t\t\t<\/div>\n\t\t\t\t\t\t\t\t\t\t\t<div class=\"swiper-slide\" role=\"group\" aria-roledescription=\"slide\">\n\t\t\t\t\t\t\t\t\t<div class=\"elementor-carousel-image\" role=\"img\" aria-label=\"CUBE Nuride Hybrid ONE11 2027\" style=\"background-image: url(&#039;https:\/\/www.cycles-blain.com\/fr\/wp-content\/uploads\/2026\/08\/CUBE_Nuride_Hybrid_ONE11_1.webp&#039;)\">\n\n\t\t\t\n\t\t\t\t\t<\/div>\n\t\t\t\t\t\t\t\t<\/div>\n\t\t\t\t\t\t\t\t\t\t\t<div class=\"swiper-slide\" role=\"group\" aria-roledescription=\"slide\">\n\t\t\t\t\t\t\t\t\t<div class=\"elementor-carousel-image\" role=\"img\" aria-label=\"CUBE Editor Hybrid 360 2027\" style=\"background-image: url(&#039;https:\/\/www.cycles-blain.com\/fr\/wp-content\/uploads\/2026\/08\/CUBE_Editor_Hybrid_360.webp&#039;)\">\n\n\t\t\t\n\t\t\t\t\t<\/div>\n\t\t\t\t\t\t\t\t<\/div>\n\t\t\t\t\t\t\t\t\t<\/div>\n\t\t\t\t\t\t\t\t\t\t\t\t\t\t\t<div class=\"elementor-swiper-button elementor-swiper-button-prev\" role=\"button\" tabindex=\"0\" aria-label=\"Pr\u00e9c\u00e9dent\">\n\t\t\t\t\t\t\t<i aria-hidden=\"true\" class=\"eicon-chevron-left\"><\/i>\t\t\t\t\t\t<\/div>\n\t\t\t\t\t\t<div class=\"elementor-swiper-button elementor-swiper-button-next\" role=\"button\" tabindex=\"0\" aria-label=\"Suivant\">\n\t\t\t\t\t\t\t<i aria-hidden=\"true\" class=\"eicon-chevron-right\"><\/i>\t\t\t\t\t\t<\/div>\n\t\t\t\t\t\t\t\t\t\t\t\t\t\t\t\t<div class=\"swiper-pagination\"><\/div>\n\t\t\t\t\t\t\t\t\t\t\t\t<\/div>\n\t\t\t\t<\/div>\n\t\t\t\t\t\t\t\t<\/div>\n\t\t\t\t<\/div>\n\t\t\t\t\t<\/div>\n\t\t\t\t<\/div>\n\t\t<div class=\"elementor-element elementor-element-20e0c50 e-flex e-con-boxed e-con e-parent\" data-id=\"20e0c50\" data-element_type=\"container\" data-e-type=\"container\">\n\t\t\t\t\t<div class=\"e-con-inner\">\n\t\t\t\t<div class=\"elementor-element elementor-element-dde7d54 elementor-widget elementor-widget-heading\" data-id=\"dde7d54\" data-element_type=\"widget\" data-e-type=\"widget\" data-widget_type=\"heading.default\">\n\t\t\t\t<div class=\"elementor-widget-container\">\n\t\t\t\t\t<h4 class=\"elementor-heading-title elementor-size-default\">Questions et autres articles pouvant vous int\u00e9resser<\/h4>\t\t\t\t<\/div>\n\t\t\t\t<\/div>\n\t\t\t\t\t<\/div>\n\t\t\t\t<\/div>\n\t\t<div class=\"elementor-element elementor-element-e100643 e-flex e-con-boxed e-con e-parent\" data-id=\"e100643\" data-element_type=\"container\" data-e-type=\"container\">\n\t\t\t\t\t<div class=\"e-con-inner\">\n\t\t\t\t<div class=\"elementor-element elementor-element-00f93d0 elementor-widget elementor-widget-text-editor\" data-id=\"00f93d0\" data-element_type=\"widget\" data-e-type=\"widget\" data-widget_type=\"text-editor.default\">\n\t\t\t\t<div class=\"elementor-widget-container\">\n\t\t\t\t\t\t\t\t\t<ul><li><b>Quand les v\u00e9los CUBE 2027 seront-ils disponibles en magasins ou en ligne ?<\/b><\/li><\/ul><p>Les v\u00e9los CUBE 2027 commencent \u00e0 \u00eatre livr\u00e9s dans nos magasins CUBE depuis fin Ao\u00fbt 2026 au fur et \u00e0 mesure. L&rsquo;ensemble de la gamme est disponible en pr\u00e9-commande en magasins et le sera bient\u00f4t en ligne au fur et \u00e0 mesure des livraisons.<\/p><ul><li>\u00a0<b>O\u00f9 trouver un magasin de v\u00e9los CUBE sur Lyon et sa r\u00e9gion ?<br \/><\/b><\/li><\/ul><div>Nos magasins CUBE se trouvent \u00e0\u00a0<a href=\"https:\/\/www.cycles-blain.com\/content\/8-magasin-velo-brignais\" target=\"_blank\" rel=\"noopener\">Brignais<\/a>,\u00a0<a href=\"https:\/\/www.cycles-blain.com\/content\/17-magasin-velos-st-priest\" target=\"_blank\" rel=\"noopener\">St Priest<\/a>,\u00a0<a href=\"https:\/\/www.cycles-blain.com\/content\/15-magasin-velos-oullins\" target=\"_blank\" rel=\"noopener\">Oullins<\/a>, Craponne et Lyon<\/div>\t\t\t\t\t\t\t\t<\/div>\n\t\t\t\t<\/div>\n\t\t\t\t\t<\/div>\n\t\t\t\t<\/div>\n\t\t\t\t<\/div>\n\t\t","protected":false},"excerpt":{"rendered":"<p>La nouvelle gamme de v\u00e9los musculaires et \u00e9lectriques CUBE 2027 est disponible en pr\u00e9-commande et arrivent en magasins Cube pour la rentr\u00e9e : Venez vite les commander !<\/p>\n","protected":false},"author":1,"featured_media":23371,"comment_status":"open","ping_status":"open","sticky":false,"template":"","format":"standard","meta":{"site-sidebar-layout":"default","site-content-layout":"","ast-site-content-layout":"default","site-content-style":"default","site-sidebar-style":"default","ast-global-header-display":"","ast-banner-title-visibility":"","ast-main-header-display":"","ast-hfb-above-header-display":"","ast-hfb-below-header-display":"","ast-hfb-mobile-header-display":"","site-post-title":"","ast-breadcrumbs-content":"","ast-featured-img":"","footer-sml-layout":"","theme-transparent-header-meta":"","adv-header-id-meta":"","stick-header-meta":"","header-above-stick-meta":"","header-main-stick-meta":"","header-below-stick-meta":"","astra-migrate-meta-layouts":"set","ast-page-background-enabled":"default","ast-page-background-meta":{"desktop":{"background-color":"","background-image":"","background-repeat":"repeat","background-position":"center center","background-size":"auto","background-attachment":"scroll","background-type":"","background-media":"","overlay-type":"","overlay-color":"","overlay-gradient":""},"tablet":{"background-color":"","background-image":"","background-repeat":"repeat","background-position":"center center","background-size":"auto","background-attachment":"scroll","background-type":"","background-media":"","overlay-type":"","overlay-color":"","overlay-gradient":""},"mobile":{"background-color":"","background-image":"","background-repeat":"repeat","background-position":"center center","background-size":"auto","background-attachment":"scroll","background-type":"","background-media":"","overlay-type":"","overlay-color":"","overlay-gradient":""}},"ast-content-background-meta":{"desktop":{"background-color":"var(--ast-global-color-5)","background-image":"","background-repeat":"repeat","background-position":"center center","background-size":"auto","background-attachment":"scroll","background-type":"","background-media":"","overlay-type":"","overlay-color":"","overlay-gradient":""},"tablet":{"background-color":"var(--ast-global-color-5)","background-image":"","background-repeat":"repeat","background-position":"center center","background-size":"auto","background-attachment":"scroll","background-type":"","background-media":"","overlay-type":"","overlay-color":"","overlay-gradient":""},"mobile":{"background-color":"var(--ast-global-color-5)","background-image":"","background-repeat":"repeat","background-position":"center center","background-size":"auto","background-attachment":"scroll","background-type":"","background-media":"","overlay-type":"","overlay-color":"","overlay-gradient":""}},"footnotes":""},"categories":[6,4,57,56,7,78,37,81,77,80,55,53,99,404,314,54,5,58],"tags":[201],"class_list":["post-23369","post","type-post","status-publish","format-standard","has-post-thumbnail","hentry","category-magasins-velo","category-velo","category-velo-cargo","category-velo-gravel","category-magasin-brignais","category-magasin-craponne","category-magasin-saint-priest","category-magasin-lyon-5","category-magasin-lyon-6","category-magasin-oullins","category-velo-route","category-velo-electrique","category-velo-enfant","category-velo-pliant-compact","category-velo-trekking","category-vtc-electrique","category-vtt-electrique","category-vtt-musculaire","tag-cube"],"yoast_head":"<!-- This site is optimized with the Yoast SEO plugin v28.4 - https:\/\/yoast.com\/product\/yoast-seo-wordpress\/ -->\n<title>Nouvelle gamme V\u00e9los CUBE 2027 - Commandez-les vite ! - CYCLES BLAIN<\/title>\n<meta name=\"description\" content=\"Venez-vite commander la nouvelle gamme de v\u00e9los CUBE 2027 \u00e0 des tarifs toujours plus serr\u00e9s et un \u00e9quipement de fou chez CYCLES BLAIN !\" \/>\n<meta name=\"robots\" content=\"index, follow, max-snippet:-1, max-image-preview:large, max-video-preview:-1\" \/>\n<link rel=\"canonical\" href=\"https:\/\/www.cycles-blain.com\/fr\/velo\/nouvelle-gamme-velos-cube-2027-arrive-chez-cyclesblain\/\" \/>\n<meta property=\"og:locale\" content=\"fr_FR\" \/>\n<meta property=\"og:type\" content=\"article\" \/>\n<meta property=\"og:title\" content=\"Nouvelle gamme V\u00e9los CUBE 2027 - Commandez-les vite ! - CYCLES BLAIN\" \/>\n<meta property=\"og:description\" content=\"Venez-vite commander la nouvelle gamme de v\u00e9los CUBE 2027 \u00e0 des tarifs toujours plus serr\u00e9s et un \u00e9quipement de fou chez CYCLES BLAIN !\" \/>\n<meta property=\"og:url\" content=\"https:\/\/www.cycles-blain.com\/fr\/velo\/nouvelle-gamme-velos-cube-2027-arrive-chez-cyclesblain\/\" \/>\n<meta property=\"og:site_name\" content=\"CyclesBlain - Magasins de v\u00e9los, accessoires et ateliers\" \/>\n<meta property=\"article:publisher\" content=\"https:\/\/www.facebook.com\/cyclesblain\/?locale=fr_FR\" \/>\n<meta property=\"article:published_time\" content=\"2026-08-26T07:02:56+00:00\" \/>\n<meta property=\"article:modified_time\" content=\"2026-08-27T12:43:33+00:00\" \/>\n<meta property=\"og:image\" content=\"https:\/\/www.cycles-blain.com\/fr\/wp-content\/uploads\/2026\/08\/cube2027.jpg\" \/>\n\t<meta property=\"og:image:width\" content=\"600\" \/>\n\t<meta property=\"og:image:height\" content=\"400\" \/>\n\t<meta property=\"og:image:type\" content=\"image\/jpeg\" \/>\n<meta name=\"author\" content=\"Gueweb\" \/>\n<meta name=\"twitter:card\" content=\"summary_large_image\" \/>\n<meta name=\"twitter:label1\" content=\"\u00c9crit par\" \/>\n\t<meta name=\"twitter:data1\" content=\"Gueweb\" \/>\n\t<meta name=\"twitter:label2\" content=\"Dur\u00e9e de lecture estim\u00e9e\" \/>\n\t<meta name=\"twitter:data2\" content=\"6 minutes\" \/>\n<script type=\"application\/ld+json\" class=\"yoast-schema-graph\">{\"@context\":\"https:\\\/\\\/schema.org\",\"@graph\":[{\"@type\":\"Article\",\"@id\":\"https:\\\/\\\/www.cycles-blain.com\\\/fr\\\/velo\\\/nouvelle-gamme-velos-cube-2027-arrive-chez-cyclesblain\\\/#article\",\"isPartOf\":{\"@id\":\"https:\\\/\\\/www.cycles-blain.com\\\/fr\\\/velo\\\/nouvelle-gamme-velos-cube-2027-arrive-chez-cyclesblain\\\/\"},\"author\":{\"name\":\"Gueweb\",\"@id\":\"https:\\\/\\\/www.cycles-blain.com\\\/fr\\\/#\\\/schema\\\/person\\\/6fb8bad852fde893fb61b7b05936af37\"},\"headline\":\"Nouvelle gamme V\u00e9los CUBE 2027 &#8211; Commandez-les vite !\",\"datePublished\":\"2026-08-26T07:02:56+00:00\",\"dateModified\":\"2026-08-27T12:43:33+00:00\",\"mainEntityOfPage\":{\"@id\":\"https:\\\/\\\/www.cycles-blain.com\\\/fr\\\/velo\\\/nouvelle-gamme-velos-cube-2027-arrive-chez-cyclesblain\\\/\"},\"wordCount\":1085,\"commentCount\":0,\"publisher\":{\"@id\":\"https:\\\/\\\/www.cycles-blain.com\\\/fr\\\/#organization\"},\"image\":{\"@id\":\"https:\\\/\\\/www.cycles-blain.com\\\/fr\\\/velo\\\/nouvelle-gamme-velos-cube-2027-arrive-chez-cyclesblain\\\/#primaryimage\"},\"thumbnailUrl\":\"https:\\\/\\\/www.cycles-blain.com\\\/fr\\\/wp-content\\\/uploads\\\/2026\\\/08\\\/cube2027.jpg\",\"keywords\":[\"cube\"],\"articleSection\":[\"Actus Magasins\",\"Actus V\u00e9lo\",\"Cargo\",\"Gravel\",\"Magasin Brignais\",\"Magasin Craponne\",\"Magasin St Priest\",\"Magasin-CyclesVeran\",\"Magasin-Lyon6\",\"Magasin-Oullins\",\"V\u00e9lo de route\",\"V\u00e9lo Electrique\",\"Velo enfant\",\"V\u00e9lo Pliant - Compact\",\"Velo Trekking\",\"VTC Electrique\",\"VTT Electrique\",\"VTT musculaire\"],\"inLanguage\":\"fr-FR\",\"potentialAction\":[{\"@type\":\"CommentAction\",\"name\":\"Comment\",\"target\":[\"https:\\\/\\\/www.cycles-blain.com\\\/fr\\\/velo\\\/nouvelle-gamme-velos-cube-2027-arrive-chez-cyclesblain\\\/#respond\"]}]},{\"@type\":\"WebPage\",\"@id\":\"https:\\\/\\\/www.cycles-blain.com\\\/fr\\\/velo\\\/nouvelle-gamme-velos-cube-2027-arrive-chez-cyclesblain\\\/\",\"url\":\"https:\\\/\\\/www.cycles-blain.com\\\/fr\\\/velo\\\/nouvelle-gamme-velos-cube-2027-arrive-chez-cyclesblain\\\/\",\"name\":\"Nouvelle gamme V\u00e9los CUBE 2027 - Commandez-les vite ! - CYCLES BLAIN\",\"isPartOf\":{\"@id\":\"https:\\\/\\\/www.cycles-blain.com\\\/fr\\\/#website\"},\"primaryImageOfPage\":{\"@id\":\"https:\\\/\\\/www.cycles-blain.com\\\/fr\\\/velo\\\/nouvelle-gamme-velos-cube-2027-arrive-chez-cyclesblain\\\/#primaryimage\"},\"image\":{\"@id\":\"https:\\\/\\\/www.cycles-blain.com\\\/fr\\\/velo\\\/nouvelle-gamme-velos-cube-2027-arrive-chez-cyclesblain\\\/#primaryimage\"},\"thumbnailUrl\":\"https:\\\/\\\/www.cycles-blain.com\\\/fr\\\/wp-content\\\/uploads\\\/2026\\\/08\\\/cube2027.jpg\",\"datePublished\":\"2026-08-26T07:02:56+00:00\",\"dateModified\":\"2026-08-27T12:43:33+00:00\",\"description\":\"Venez-vite commander la nouvelle gamme de v\u00e9los CUBE 2027 \u00e0 des tarifs toujours plus serr\u00e9s et un \u00e9quipement de fou chez CYCLES BLAIN !\",\"breadcrumb\":{\"@id\":\"https:\\\/\\\/www.cycles-blain.com\\\/fr\\\/velo\\\/nouvelle-gamme-velos-cube-2027-arrive-chez-cyclesblain\\\/#breadcrumb\"},\"inLanguage\":\"fr-FR\",\"potentialAction\":[{\"@type\":\"ReadAction\",\"target\":[\"https:\\\/\\\/www.cycles-blain.com\\\/fr\\\/velo\\\/nouvelle-gamme-velos-cube-2027-arrive-chez-cyclesblain\\\/\"]}]},{\"@type\":\"ImageObject\",\"inLanguage\":\"fr-FR\",\"@id\":\"https:\\\/\\\/www.cycles-blain.com\\\/fr\\\/velo\\\/nouvelle-gamme-velos-cube-2027-arrive-chez-cyclesblain\\\/#primaryimage\",\"url\":\"https:\\\/\\\/www.cycles-blain.com\\\/fr\\\/wp-content\\\/uploads\\\/2026\\\/08\\\/cube2027.jpg\",\"contentUrl\":\"https:\\\/\\\/www.cycles-blain.com\\\/fr\\\/wp-content\\\/uploads\\\/2026\\\/08\\\/cube2027.jpg\",\"width\":600,\"height\":400,\"caption\":\"Nouvelle gamme V\u00e9los CUBE 2027\"},{\"@type\":\"BreadcrumbList\",\"@id\":\"https:\\\/\\\/www.cycles-blain.com\\\/fr\\\/velo\\\/nouvelle-gamme-velos-cube-2027-arrive-chez-cyclesblain\\\/#breadcrumb\",\"itemListElement\":[{\"@type\":\"ListItem\",\"position\":1,\"name\":\"Accueil\",\"item\":\"https:\\\/\\\/www.cycles-blain.com\\\/fr\\\/\"},{\"@type\":\"ListItem\",\"position\":2,\"name\":\"Nouvelle gamme V\u00e9los CUBE 2027 &#8211; Commandez-les vite !\"}]},{\"@type\":\"WebSite\",\"@id\":\"https:\\\/\\\/www.cycles-blain.com\\\/fr\\\/#website\",\"url\":\"https:\\\/\\\/www.cycles-blain.com\\\/fr\\\/\",\"name\":\"CyclesBlain - Magasins de v\u00e9los, accessoires et ateliers\",\"description\":\"Blog Cycles Blain\",\"publisher\":{\"@id\":\"https:\\\/\\\/www.cycles-blain.com\\\/fr\\\/#organization\"},\"potentialAction\":[{\"@type\":\"SearchAction\",\"target\":{\"@type\":\"EntryPoint\",\"urlTemplate\":\"https:\\\/\\\/www.cycles-blain.com\\\/fr\\\/?s={search_term_string}\"},\"query-input\":{\"@type\":\"PropertyValueSpecification\",\"valueRequired\":true,\"valueName\":\"search_term_string\"}}],\"inLanguage\":\"fr-FR\"},{\"@type\":\"Organization\",\"@id\":\"https:\\\/\\\/www.cycles-blain.com\\\/fr\\\/#organization\",\"name\":\"CyclesBlain - Magasins de v\u00e9los, accessoires et ateliers\",\"url\":\"https:\\\/\\\/www.cycles-blain.com\\\/fr\\\/\",\"logo\":{\"@type\":\"ImageObject\",\"inLanguage\":\"fr-FR\",\"@id\":\"https:\\\/\\\/www.cycles-blain.com\\\/fr\\\/#\\\/schema\\\/logo\\\/image\\\/\",\"url\":\"https:\\\/\\\/www.cycles-blain.com\\\/fr\\\/wp-content\\\/uploads\\\/2023\\\/10\\\/logo-cycles-blain.jpeg\",\"contentUrl\":\"https:\\\/\\\/www.cycles-blain.com\\\/fr\\\/wp-content\\\/uploads\\\/2023\\\/10\\\/logo-cycles-blain.jpeg\",\"width\":264,\"height\":191,\"caption\":\"CyclesBlain - Magasins de v\u00e9los, accessoires et ateliers\"},\"image\":{\"@id\":\"https:\\\/\\\/www.cycles-blain.com\\\/fr\\\/#\\\/schema\\\/logo\\\/image\\\/\"},\"sameAs\":[\"https:\\\/\\\/www.facebook.com\\\/cyclesblain\\\/?locale=fr_FR\",\"https:\\\/\\\/www.instagram.com\\\/cycles_blain\\\/?hl=fr\"]},{\"@type\":\"Person\",\"@id\":\"https:\\\/\\\/www.cycles-blain.com\\\/fr\\\/#\\\/schema\\\/person\\\/6fb8bad852fde893fb61b7b05936af37\",\"name\":\"Gueweb\",\"image\":{\"@type\":\"ImageObject\",\"inLanguage\":\"fr-FR\",\"@id\":\"https:\\\/\\\/secure.gravatar.com\\\/avatar\\\/52550bc594eb074508114b963209b157358b27e5a0319de1bb723df3f760ca2d?s=96&d=mm&r=g\",\"url\":\"https:\\\/\\\/secure.gravatar.com\\\/avatar\\\/52550bc594eb074508114b963209b157358b27e5a0319de1bb723df3f760ca2d?s=96&d=mm&r=g\",\"contentUrl\":\"https:\\\/\\\/secure.gravatar.com\\\/avatar\\\/52550bc594eb074508114b963209b157358b27e5a0319de1bb723df3f760ca2d?s=96&d=mm&r=g\",\"caption\":\"Gueweb\"},\"sameAs\":[\"https:\\\/\\\/www.cycles-blain.com\\\/\\\/fr\"],\"url\":\"https:\\\/\\\/www.cycles-blain.com\\\/fr\\\/author\\\/gueweb\\\/\"}]}<\/script>\n<!-- \/ Yoast SEO plugin. -->","yoast_head_json":{"title":"Nouvelle gamme V\u00e9los CUBE 2027 - Commandez-les vite ! - CYCLES BLAIN","description":"Venez-vite commander la nouvelle gamme de v\u00e9los CUBE 2027 \u00e0 des tarifs toujours plus serr\u00e9s et un \u00e9quipement de fou chez CYCLES BLAIN !","robots":{"index":"index","follow":"follow","max-snippet":"max-snippet:-1","max-image-preview":"max-image-preview:large","max-video-preview":"max-video-preview:-1"},"canonical":"https:\/\/www.cycles-blain.com\/fr\/velo\/nouvelle-gamme-velos-cube-2027-arrive-chez-cyclesblain\/","og_locale":"fr_FR","og_type":"article","og_title":"Nouvelle gamme V\u00e9los CUBE 2027 - Commandez-les vite ! - CYCLES BLAIN","og_description":"Venez-vite commander la nouvelle gamme de v\u00e9los CUBE 2027 \u00e0 des tarifs toujours plus serr\u00e9s et un \u00e9quipement de fou chez CYCLES BLAIN !","og_url":"https:\/\/www.cycles-blain.com\/fr\/velo\/nouvelle-gamme-velos-cube-2027-arrive-chez-cyclesblain\/","og_site_name":"CyclesBlain - Magasins de v\u00e9los, accessoires et ateliers","article_publisher":"https:\/\/www.facebook.com\/cyclesblain\/?locale=fr_FR","article_published_time":"2026-08-26T07:02:56+00:00","article_modified_time":"2026-08-27T12:43:33+00:00","og_image":[{"width":600,"height":400,"url":"https:\/\/www.cycles-blain.com\/fr\/wp-content\/uploads\/2026\/08\/cube2027.jpg","type":"image\/jpeg"}],"author":"Gueweb","twitter_card":"summary_large_image","twitter_misc":{"\u00c9crit par":"Gueweb","Dur\u00e9e de lecture estim\u00e9e":"6 minutes"},"schema":{"@context":"https:\/\/schema.org","@graph":[{"@type":"Article","@id":"https:\/\/www.cycles-blain.com\/fr\/velo\/nouvelle-gamme-velos-cube-2027-arrive-chez-cyclesblain\/#article","isPartOf":{"@id":"https:\/\/www.cycles-blain.com\/fr\/velo\/nouvelle-gamme-velos-cube-2027-arrive-chez-cyclesblain\/"},"author":{"name":"Gueweb","@id":"https:\/\/www.cycles-blain.com\/fr\/#\/schema\/person\/6fb8bad852fde893fb61b7b05936af37"},"headline":"Nouvelle gamme V\u00e9los CUBE 2027 &#8211; Commandez-les vite !","datePublished":"2026-08-26T07:02:56+00:00","dateModified":"2026-08-27T12:43:33+00:00","mainEntityOfPage":{"@id":"https:\/\/www.cycles-blain.com\/fr\/velo\/nouvelle-gamme-velos-cube-2027-arrive-chez-cyclesblain\/"},"wordCount":1085,"commentCount":0,"publisher":{"@id":"https:\/\/www.cycles-blain.com\/fr\/#organization"},"image":{"@id":"https:\/\/www.cycles-blain.com\/fr\/velo\/nouvelle-gamme-velos-cube-2027-arrive-chez-cyclesblain\/#primaryimage"},"thumbnailUrl":"https:\/\/www.cycles-blain.com\/fr\/wp-content\/uploads\/2026\/08\/cube2027.jpg","keywords":["cube"],"articleSection":["Actus Magasins","Actus V\u00e9lo","Cargo","Gravel","Magasin Brignais","Magasin Craponne","Magasin St Priest","Magasin-CyclesVeran","Magasin-Lyon6","Magasin-Oullins","V\u00e9lo de route","V\u00e9lo Electrique","Velo enfant","V\u00e9lo Pliant - Compact","Velo Trekking","VTC Electrique","VTT Electrique","VTT musculaire"],"inLanguage":"fr-FR","potentialAction":[{"@type":"CommentAction","name":"Comment","target":["https:\/\/www.cycles-blain.com\/fr\/velo\/nouvelle-gamme-velos-cube-2027-arrive-chez-cyclesblain\/#respond"]}]},{"@type":"WebPage","@id":"https:\/\/www.cycles-blain.com\/fr\/velo\/nouvelle-gamme-velos-cube-2027-arrive-chez-cyclesblain\/","url":"https:\/\/www.cycles-blain.com\/fr\/velo\/nouvelle-gamme-velos-cube-2027-arrive-chez-cyclesblain\/","name":"Nouvelle gamme V\u00e9los CUBE 2027 - Commandez-les vite ! - CYCLES BLAIN","isPartOf":{"@id":"https:\/\/www.cycles-blain.com\/fr\/#website"},"primaryImageOfPage":{"@id":"https:\/\/www.cycles-blain.com\/fr\/velo\/nouvelle-gamme-velos-cube-2027-arrive-chez-cyclesblain\/#primaryimage"},"image":{"@id":"https:\/\/www.cycles-blain.com\/fr\/velo\/nouvelle-gamme-velos-cube-2027-arrive-chez-cyclesblain\/#primaryimage"},"thumbnailUrl":"https:\/\/www.cycles-blain.com\/fr\/wp-content\/uploads\/2026\/08\/cube2027.jpg","datePublished":"2026-08-26T07:02:56+00:00","dateModified":"2026-08-27T12:43:33+00:00","description":"Venez-vite commander la nouvelle gamme de v\u00e9los CUBE 2027 \u00e0 des tarifs toujours plus serr\u00e9s et un \u00e9quipement de fou chez CYCLES BLAIN !","breadcrumb":{"@id":"https:\/\/www.cycles-blain.com\/fr\/velo\/nouvelle-gamme-velos-cube-2027-arrive-chez-cyclesblain\/#breadcrumb"},"inLanguage":"fr-FR","potentialAction":[{"@type":"ReadAction","target":["https:\/\/www.cycles-blain.com\/fr\/velo\/nouvelle-gamme-velos-cube-2027-arrive-chez-cyclesblain\/"]}]},{"@type":"ImageObject","inLanguage":"fr-FR","@id":"https:\/\/www.cycles-blain.com\/fr\/velo\/nouvelle-gamme-velos-cube-2027-arrive-chez-cyclesblain\/#primaryimage","url":"https:\/\/www.cycles-blain.com\/fr\/wp-content\/uploads\/2026\/08\/cube2027.jpg","contentUrl":"https:\/\/www.cycles-blain.com\/fr\/wp-content\/uploads\/2026\/08\/cube2027.jpg","width":600,"height":400,"caption":"Nouvelle gamme V\u00e9los CUBE 2027"},{"@type":"BreadcrumbList","@id":"https:\/\/www.cycles-blain.com\/fr\/velo\/nouvelle-gamme-velos-cube-2027-arrive-chez-cyclesblain\/#breadcrumb","itemListElement":[{"@type":"ListItem","position":1,"name":"Accueil","item":"https:\/\/www.cycles-blain.com\/fr\/"},{"@type":"ListItem","position":2,"name":"Nouvelle gamme V\u00e9los CUBE 2027 &#8211; Commandez-les vite !"}]},{"@type":"WebSite","@id":"https:\/\/www.cycles-blain.com\/fr\/#website","url":"https:\/\/www.cycles-blain.com\/fr\/","name":"CyclesBlain - Magasins de v\u00e9los, accessoires et ateliers","description":"Blog Cycles Blain","publisher":{"@id":"https:\/\/www.cycles-blain.com\/fr\/#organization"},"potentialAction":[{"@type":"SearchAction","target":{"@type":"EntryPoint","urlTemplate":"https:\/\/www.cycles-blain.com\/fr\/?s={search_term_string}"},"query-input":{"@type":"PropertyValueSpecification","valueRequired":true,"valueName":"search_term_string"}}],"inLanguage":"fr-FR"},{"@type":"Organization","@id":"https:\/\/www.cycles-blain.com\/fr\/#organization","name":"CyclesBlain - Magasins de v\u00e9los, accessoires et ateliers","url":"https:\/\/www.cycles-blain.com\/fr\/","logo":{"@type":"ImageObject","inLanguage":"fr-FR","@id":"https:\/\/www.cycles-blain.com\/fr\/#\/schema\/logo\/image\/","url":"https:\/\/www.cycles-blain.com\/fr\/wp-content\/uploads\/2023\/10\/logo-cycles-blain.jpeg","contentUrl":"https:\/\/www.cycles-blain.com\/fr\/wp-content\/uploads\/2023\/10\/logo-cycles-blain.jpeg","width":264,"height":191,"caption":"CyclesBlain - Magasins de v\u00e9los, accessoires et ateliers"},"image":{"@id":"https:\/\/www.cycles-blain.com\/fr\/#\/schema\/logo\/image\/"},"sameAs":["https:\/\/www.facebook.com\/cyclesblain\/?locale=fr_FR","https:\/\/www.instagram.com\/cycles_blain\/?hl=fr"]},{"@type":"Person","@id":"https:\/\/www.cycles-blain.com\/fr\/#\/schema\/person\/6fb8bad852fde893fb61b7b05936af37","name":"Gueweb","image":{"@type":"ImageObject","inLanguage":"fr-FR","@id":"https:\/\/secure.gravatar.com\/avatar\/52550bc594eb074508114b963209b157358b27e5a0319de1bb723df3f760ca2d?s=96&d=mm&r=g","url":"https:\/\/secure.gravatar.com\/avatar\/52550bc594eb074508114b963209b157358b27e5a0319de1bb723df3f760ca2d?s=96&d=mm&r=g","contentUrl":"https:\/\/secure.gravatar.com\/avatar\/52550bc594eb074508114b963209b157358b27e5a0319de1bb723df3f760ca2d?s=96&d=mm&r=g","caption":"Gueweb"},"sameAs":["https:\/\/www.cycles-blain.com\/\/fr"],"url":"https:\/\/www.cycles-blain.com\/fr\/author\/gueweb\/"}]}},"_links":{"self":[{"href":"https:\/\/www.cycles-blain.com\/fr\/wp-json\/wp\/v2\/posts\/23369","targetHints":{"allow":["GET"]}}],"collection":[{"href":"https:\/\/www.cycles-blain.com\/fr\/wp-json\/wp\/v2\/posts"}],"about":[{"href":"https:\/\/www.cycles-blain.com\/fr\/wp-json\/wp\/v2\/types\/post"}],"author":[{"embeddable":true,"href":"https:\/\/www.cycles-blain.com\/fr\/wp-json\/wp\/v2\/users\/1"}],"replies":[{"embeddable":true,"href":"https:\/\/www.cycles-blain.com\/fr\/wp-json\/wp\/v2\/comments?post=23369"}],"version-history":[{"count":178,"href":"https:\/\/www.cycles-blain.com\/fr\/wp-json\/wp\/v2\/posts\/23369\/revisions"}],"predecessor-version":[{"id":23573,"href":"https:\/\/www.cycles-blain.com\/fr\/wp-json\/wp\/v2\/posts\/23369\/revisions\/23573"}],"wp:featuredmedia":[{"embeddable":true,"href":"https:\/\/www.cycles-blain.com\/fr\/wp-json\/wp\/v2\/media\/23371"}],"wp:attachment":[{"href":"https:\/\/www.cycles-blain.com\/fr\/wp-json\/wp\/v2\/media?parent=23369"}],"wp:term":[{"taxonomy":"category","embeddable":true,"href":"https:\/\/www.cycles-blain.com\/fr\/wp-json\/wp\/v2\/categories?post=23369"},{"taxonomy":"post_tag","embeddable":true,"href":"https:\/\/www.cycles-blain.com\/fr\/wp-json\/wp\/v2\/tags?post=23369"}],"curies":[{"name":"wp","href":"https:\/\/api.w.org\/{rel}","templated":true}]}}