{"id":2444,"date":"2023-12-26T14:34:33","date_gmt":"2023-12-26T13:34:33","guid":{"rendered":"https:\/\/www.cycles-blain.com\/\/fr\/?p=2444"},"modified":"2024-07-24T12:36:25","modified_gmt":"2024-07-24T10:36:25","slug":"nouveaux-velos-giant-2024","status":"publish","type":"post","link":"https:\/\/www.cycles-blain.com\/fr\/velo\/nouveaux-velos-giant-2024\/","title":{"rendered":"Nouveaux v\u00e9los Giant 2024 avec Cycles Blain"},"content":{"rendered":"\t\t<div data-elementor-type=\"wp-post\" data-elementor-id=\"2444\" class=\"elementor elementor-2444\" data-elementor-post-type=\"post\">\n\t\t\t\t<div class=\"elementor-element elementor-element-79cdb53 e-flex e-con-boxed e-con e-parent\" data-id=\"79cdb53\" data-element_type=\"container\" data-e-type=\"container\">\n\t\t\t\t\t<div class=\"e-con-inner\">\n\t\t\t\t<div class=\"elementor-element elementor-element-8729342 elementor-widget elementor-widget-text-editor\" data-id=\"8729342\" data-element_type=\"widget\" data-e-type=\"widget\" data-widget_type=\"text-editor.default\">\n\t\t\t\t<div class=\"elementor-widget-container\">\n\t\t\t\t\t\t\t\t\t<p><i>Les magasins GIANT STORE autour de Lyon de Cycles Blain vous pr\u00e9sentent la nouvelle gamme de v\u00e9lo Giant 2024.<\/i><\/p>\t\t\t\t\t\t\t\t<\/div>\n\t\t\t\t<\/div>\n\t\t\t\t\t<\/div>\n\t\t\t\t<\/div>\n\t\t<div class=\"elementor-element elementor-element-9e6224e e-flex e-con-boxed e-con e-parent\" data-id=\"9e6224e\" data-element_type=\"container\" data-e-type=\"container\">\n\t\t\t\t\t<div class=\"e-con-inner\">\n\t\t\t\t<div class=\"elementor-element elementor-element-56a99c6 elementor-widget elementor-widget-heading\" data-id=\"56a99c6\" data-element_type=\"widget\" data-e-type=\"widget\" data-widget_type=\"heading.default\">\n\t\t\t\t<div class=\"elementor-widget-container\">\n\t\t\t\t\t<h2 class=\"elementor-heading-title elementor-size-large\">Une gamme de nouveaux v\u00e9los Giant compl\u00e8te pour 2024<\/h2>\t\t\t\t<\/div>\n\t\t\t\t<\/div>\n\t\t\t\t\t<\/div>\n\t\t\t\t<\/div>\n\t\t<div class=\"elementor-element elementor-element-ccaeb82 e-flex e-con-boxed e-con e-parent\" data-id=\"ccaeb82\" data-element_type=\"container\" data-e-type=\"container\">\n\t\t\t\t\t<div class=\"e-con-inner\">\n\t\t\t\t<div class=\"elementor-element elementor-element-46a5c17 elementor-widget elementor-widget-text-editor\" data-id=\"46a5c17\" data-element_type=\"widget\" data-e-type=\"widget\" data-widget_type=\"text-editor.default\">\n\t\t\t\t<div class=\"elementor-widget-container\">\n\t\t\t\t\t\t\t\t\t<p>Cette ann\u00e9e 2024, commence bien avec une gamme de v\u00e9lo totalement renouvel\u00e9e par Giant !\u00a0<\/p><ul><li>12 nouveaux V\u00e9los Electriques Giant,<\/li><li>10 nouveaux V\u00e9los de route Giant,<\/li><li>16 nouveaux VTT Giant,<\/li><li>7 nouveaut\u00e9s en V\u00e9los chemins et Trekking et Gravels Giant,<\/li><li>5 nouveaux V\u00e9los urbains et trajets Quotidiens \/ Velotaf \/ Commuting Giant,<\/li><li>5 nouveaux V\u00e9los enfants \u00e0 partir de la draisi\u00e8ne Giant en passant par les 20, 24 et 26 pouces y compris en \u00e9lectriques !<p>Pour d\u00e9couvrir les nouveaux v\u00e9los Giant 2024, rendez-vous sur le site\u00a0<a href=\"http:\/\/www.giant-bicycles.com\/fr\" target=\"_blank\" rel=\"noopener\">www.giant-bicycles.com\/fr<\/a><\/p><\/li><\/ul>\t\t\t\t\t\t\t\t<\/div>\n\t\t\t\t<\/div>\n\t\t\t\t\t<\/div>\n\t\t\t\t<\/div>\n\t\t<div class=\"elementor-element elementor-element-ae70b9d e-flex e-con-boxed e-con e-parent\" data-id=\"ae70b9d\" data-element_type=\"container\" data-e-type=\"container\">\n\t\t\t\t\t<div class=\"e-con-inner\">\n\t\t\t\t<div class=\"elementor-element elementor-element-57c4f45 elementor-widget elementor-widget-heading\" data-id=\"57c4f45\" data-element_type=\"widget\" data-e-type=\"widget\" data-widget_type=\"heading.default\">\n\t\t\t\t<div class=\"elementor-widget-container\">\n\t\t\t\t\t<h3 class=\"elementor-heading-title elementor-size-default\">La s\u00e9lection de v\u00e9los Giant de Cycles Blain<\/h3>\t\t\t\t<\/div>\n\t\t\t\t<\/div>\n\t\t\t\t\t<\/div>\n\t\t\t\t<\/div>\n\t\t<div class=\"elementor-element elementor-element-04ebc8d e-flex e-con-boxed e-con e-parent\" data-id=\"04ebc8d\" data-element_type=\"container\" data-e-type=\"container\">\n\t\t\t\t\t<div class=\"e-con-inner\">\n\t\t\t\t<div class=\"elementor-element elementor-element-b60a631 elementor-widget elementor-widget-text-editor\" data-id=\"b60a631\" data-element_type=\"widget\" data-e-type=\"widget\" data-widget_type=\"text-editor.default\">\n\t\t\t\t<div class=\"elementor-widget-container\">\n\t\t\t\t\t\t\t\t\t<p>Parmi les nouveaut\u00e9s 2024, voici quelques mod\u00e8les qui ont retenu l&rsquo;attention des \u00e9quipes des magasins Giant Store de Cycles Blain autour de Lyon et Vienne.<br>Il y a des v\u00e9los dans pour tous les usages, pour enfants et adultes \ud83d\ude09<\/p>\t\t\t\t\t\t\t\t<\/div>\n\t\t\t\t<\/div>\n\t\t\t\t\t<\/div>\n\t\t\t\t<\/div>\n\t\t<div class=\"elementor-element elementor-element-5abe164 e-con-full e-flex e-con e-parent\" data-id=\"5abe164\" data-element_type=\"container\" data-e-type=\"container\">\n\t\t\t\t<div class=\"elementor-element elementor-element-e0efec6 elementor--h-position-center elementor--v-position-middle elementor-arrows-position-inside elementor-pagination-position-inside elementor-widget elementor-widget-slides\" data-id=\"e0efec6\" data-element_type=\"widget\" data-e-type=\"widget\" data-settings=\"{&quot;navigation&quot;:&quot;both&quot;,&quot;autoplay&quot;:&quot;yes&quot;,&quot;pause_on_hover&quot;:&quot;yes&quot;,&quot;pause_on_interaction&quot;:&quot;yes&quot;,&quot;autoplay_speed&quot;:5000,&quot;infinite&quot;:&quot;yes&quot;,&quot;transition&quot;:&quot;slide&quot;,&quot;transition_speed&quot;:500}\" data-widget_type=\"slides.default\">\n\t\t\t\t<div class=\"elementor-widget-container\">\n\t\t\t\t\t\t\t\t\t<div class=\"elementor-swiper\">\n\t\t\t\t\t<div class=\"elementor-slides-wrapper elementor-main-swiper swiper\" role=\"region\" aria-roledescription=\"carousel\" aria-label=\"Diapositives\" dir=\"ltr\" data-animation=\"fadeInUp\">\n\t\t\t\t<div class=\"swiper-wrapper elementor-slides\">\n\t\t\t\t\t\t\t\t\t\t<div class=\"elementor-repeater-item-788f5d8 swiper-slide\" role=\"group\" aria-roledescription=\"slide\"><div class=\"swiper-slide-bg\" role=\"img\" aria-label=\"Nouveau Giant enfant Talon 24\"><\/div><div class=\"swiper-slide-inner\" ><div class=\"swiper-slide-contents\"><div class=\"elementor-slide-description\">V\u00e9lo enfant 24 pouces<\/div><a href=\"https:\/\/www.giant-bicycles.com\/fr\/talon-24-disc\" target=\"_blank\" rel=\"nofollow\" class=\"elementor-button elementor-slide-button elementor-size-sm\">Talon 24<\/a><\/div><\/div><\/div><div class=\"elementor-repeater-item-43b81cd swiper-slide\" role=\"group\" aria-roledescription=\"slide\"><div class=\"swiper-slide-bg\" role=\"img\" aria-label=\"Defy Advanced pro 1 2024\"><\/div><div class=\"swiper-slide-inner\" ><div class=\"swiper-slide-contents\"><div class=\"elementor-slide-description\">V\u00e9lo de route<\/div><a href=\"https:\/\/www.giant-bicycles.com\/fr\/defy\" target=\"_blank\" rel=\"nofollow\" class=\"elementor-button elementor-slide-button elementor-size-sm\">Defy Advanced<\/a><\/div><\/div><\/div><div class=\"elementor-repeater-item-cebbbd7 swiper-slide\" role=\"group\" aria-roledescription=\"slide\"><div class=\"swiper-slide-bg\" role=\"img\" aria-label=\"vtt Electrique Giant 2024\"><\/div><div class=\"swiper-slide-inner\" ><div class=\"swiper-slide-contents\"><div class=\"elementor-slide-description\">VTT Electrique<\/div><a href=\"https:\/\/www.giant-bicycles.com\/fr\/bikes-stance-eplus-pro-2023\" target=\"_blank\" rel=\"nofollow\" class=\"elementor-button elementor-slide-button elementor-size-sm\">Stance E+ Pro<\/a><\/div><\/div><\/div><div class=\"elementor-repeater-item-6f9c203 swiper-slide\" role=\"group\" aria-roledescription=\"slide\"><div class=\"swiper-slide-bg\" role=\"img\" aria-label=\"velo Gravel Giant 2024\"><\/div><div class=\"swiper-slide-inner\" ><div class=\"swiper-slide-contents\"><div class=\"elementor-slide-description\">V\u00e9lo Gravel<\/div><a href=\"https:\/\/www.giant-bicycles.com\/fr\/revolt-x-advanced-pro-2\" target=\"_blank\" rel=\"nofollow\" class=\"elementor-button elementor-slide-button elementor-size-sm\">Revolt X Advanced Pro 2<\/a><\/div><\/div><\/div><div class=\"elementor-repeater-item-6ca46a9 swiper-slide\" role=\"group\" aria-roledescription=\"slide\"><div class=\"swiper-slide-bg\" role=\"img\" aria-label=\"Vtc electrique Giant 2024\"><\/div><div class=\"swiper-slide-inner\" ><div class=\"swiper-slide-contents\"><div class=\"elementor-slide-description\">VTC Electrique<\/div><a href=\"https:\/\/www.giant-bicycles.com\/fr\/velos\/velos-electriques\/chemin\" target=\"_blank\" rel=\"nofollow\" class=\"elementor-button elementor-slide-button elementor-size-sm\">Explore E+<\/a><\/div><\/div><\/div>\t\t\t\t<\/div>\n\t\t\t\t\t\t\t\t\t\t\t\t\t\t\t<div class=\"elementor-swiper-button elementor-swiper-button-prev\" role=\"button\" tabindex=\"0\" aria-label=\"Diapositive pr\u00e9c\u00e9dente\">\n\t\t\t\t\t\t\t<i aria-hidden=\"true\" class=\"eicon-chevron-left\"><\/i>\t\t\t\t\t\t<\/div>\n\t\t\t\t\t\t<div class=\"elementor-swiper-button elementor-swiper-button-next\" role=\"button\" tabindex=\"0\" aria-label=\"Diapositive suivante\">\n\t\t\t\t\t\t\t<i aria-hidden=\"true\" class=\"eicon-chevron-right\"><\/i>\t\t\t\t\t\t<\/div>\n\t\t\t\t\t\t\t\t\t\t\t\t\t\t\t\t<div class=\"swiper-pagination\"><\/div>\n\t\t\t\t\t\t\t\t\t\t\t\t<\/div>\n\t\t\t\t<\/div>\n\t\t\t\t\t\t\t\t<\/div>\n\t\t\t\t<\/div>\n\t\t\t\t<\/div>\n\t\t<div class=\"elementor-element elementor-element-c909b75 e-flex e-con-boxed e-con e-parent\" data-id=\"c909b75\" data-element_type=\"container\" data-e-type=\"container\">\n\t\t\t\t\t<div class=\"e-con-inner\">\n\t\t\t\t<div class=\"elementor-element elementor-element-08696c4 elementor-widget elementor-widget-heading\" data-id=\"08696c4\" data-element_type=\"widget\" data-e-type=\"widget\" data-widget_type=\"heading.default\">\n\t\t\t\t<div class=\"elementor-widget-container\">\n\t\t\t\t\t<h3 class=\"elementor-heading-title elementor-size-default\">Rendez-vous en magasins Giant chez Cycles Blain ! <\/h3>\t\t\t\t<\/div>\n\t\t\t\t<\/div>\n\t\t\t\t\t<\/div>\n\t\t\t\t<\/div>\n\t\t<div class=\"elementor-element elementor-element-74e780a e-flex e-con-boxed e-con e-parent\" data-id=\"74e780a\" data-element_type=\"container\" data-e-type=\"container\">\n\t\t\t\t\t<div class=\"e-con-inner\">\n\t\t\t\t<div class=\"elementor-element elementor-element-ec715d1 elementor-widget elementor-widget-text-editor\" data-id=\"ec715d1\" data-element_type=\"widget\" data-e-type=\"widget\" data-widget_type=\"text-editor.default\">\n\t\t\t\t<div class=\"elementor-widget-container\">\n\t\t\t\t\t\t\t\t\t<p>Int\u00e9ress\u00e9 par un nouveau v\u00e9lo Giant 2024 ? N&rsquo;h\u00e9sitez pas \u00e0 nous rendre visite en magasins autour de Lyon ou Vienne parmi nos 5 magasins et ateliers Giant :\u00a0<\/p><ul><li><a href=\"https:\/\/cycles-blain.com\/content\/8-magasin-velo-brignais\" target=\"_blank\" rel=\"noopener\">Magasin de v\u00e9los Giant Store de Brignais (69530)<\/a><\/li><li><a href=\"https:\/\/cycles-blain.com\/content\/11-magasin-velos-lyon-3\" target=\"_blank\" rel=\"noopener\">Magasin de v\u00e9los Giant Store de Lyon 3 centre (69003)<\/a><\/li><li><a href=\"https:\/\/cycles-blain.com\/content\/17-magasin-velos-st-priest\" target=\"_blank\" rel=\"noopener\">Magasin de v\u00e9los Giant Store de St Priest (69800)<\/a><\/li><li><a href=\"https:\/\/cycles-blain.com\/content\/12-magasin-velo-vienne\" target=\"_blank\" rel=\"noopener\">Magasin de v\u00e9los Giant Store de Vienne (38200)<\/a><\/li><\/ul><div>Au fait, vous saviez que les magasins de v\u00e9lo et ateliers Giant \u00e9taient \u00e9lu meilleure enseigne pour la qualit\u00e9 de service \u00ab\u00a0magasins et r\u00e9parateurs de v\u00e9lo\u00a0\u00bb en 2024 pour la 4\u00e8me ann\u00e9e cons\u00e9cutive ?<br \/>Lire l&rsquo;article \u00ab\u00a0<a href=\"https:\/\/www.giant-bicycles.com\/fr\/meilleure-enseigne-magasin-velo\" target=\"_blank\" rel=\"noopener\">meilleur magasin de v\u00e9lo 2024<\/a>\u00ab\u00a0<\/div>\t\t\t\t\t\t\t\t<\/div>\n\t\t\t\t<\/div>\n\t\t\t\t\t<\/div>\n\t\t\t\t<\/div>\n\t\t\t\t<\/div>\n\t\t","protected":false},"excerpt":{"rendered":"<p>Les Cycles Blain GIANT STORE autour de Lyon vous pr\u00e9sentent la nouvelle gamme de v\u00e9los Giant 2024 : v\u00e9los \u00e9lectriques et musculaires pour toutes les pratiques du v\u00e9lo d\u00e8s 1 an.<\/p>\n","protected":false},"author":1,"featured_media":2476,"comment_status":"closed","ping_status":"open","sticky":false,"template":"","format":"standard","meta":{"site-sidebar-layout":"default","site-content-layout":"","ast-site-content-layout":"default","site-content-style":"default","site-sidebar-style":"default","ast-global-header-display":"","ast-banner-title-visibility":"","ast-main-header-display":"","ast-hfb-above-header-display":"","ast-hfb-below-header-display":"","ast-hfb-mobile-header-display":"","site-post-title":"","ast-breadcrumbs-content":"","ast-featured-img":"","footer-sml-layout":"","theme-transparent-header-meta":"","adv-header-id-meta":"","stick-header-meta":"","header-above-stick-meta":"","header-main-stick-meta":"","header-below-stick-meta":"","astra-migrate-meta-layouts":"set","ast-page-background-enabled":"default","ast-page-background-meta":{"desktop":{"background-color":"","background-image":"","background-repeat":"repeat","background-position":"center center","background-size":"auto","background-attachment":"scroll","background-type":"","background-media":"","overlay-type":"","overlay-color":"","overlay-gradient":""},"tablet":{"background-color":"","background-image":"","background-repeat":"repeat","background-position":"center center","background-size":"auto","background-attachment":"scroll","background-type":"","background-media":"","overlay-type":"","overlay-color":"","overlay-gradient":""},"mobile":{"background-color":"","background-image":"","background-repeat":"repeat","background-position":"center center","background-size":"auto","background-attachment":"scroll","background-type":"","background-media":"","overlay-type":"","overlay-color":"","overlay-gradient":""}},"ast-content-background-meta":{"desktop":{"background-color":"var(--ast-global-color-5)","background-image":"","background-repeat":"repeat","background-position":"center center","background-size":"auto","background-attachment":"scroll","background-type":"","background-media":"","overlay-type":"","overlay-color":"","overlay-gradient":""},"tablet":{"background-color":"var(--ast-global-color-5)","background-image":"","background-repeat":"repeat","background-position":"center center","background-size":"auto","background-attachment":"scroll","background-type":"","background-media":"","overlay-type":"","overlay-color":"","overlay-gradient":""},"mobile":{"background-color":"var(--ast-global-color-5)","background-image":"","background-repeat":"repeat","background-position":"center center","background-size":"auto","background-attachment":"scroll","background-type":"","background-media":"","overlay-type":"","overlay-color":"","overlay-gradient":""}},"footnotes":""},"categories":[4,7,78,44,37],"tags":[122,123,124,121],"class_list":["post-2444","post","type-post","status-publish","format-standard","has-post-thumbnail","hentry","category-velo","category-magasin-brignais","category-magasin-craponne","category-magasin-lyon-3","category-magasin-saint-priest","tag-giant-store","tag-magasin-giant","tag-velo-electrique-giant","tag-velo-giant"],"yoast_head":"<!-- This site is optimized with the Yoast SEO plugin v27.5 - https:\/\/yoast.com\/product\/yoast-seo-wordpress\/ -->\n<title>Nouveaux v\u00e9los Giant 2024 avec Cycles Blain - Magasins Giant<\/title>\n<meta name=\"description\" content=\"Les Cycles Blain GIANT STORE autour de Lyon vous pr\u00e9sentent la nouvelle gamme de v\u00e9los Giant 2024 : v\u00e9los \u00e9lectriques et musculaires d\u00e8s 1 an.\" \/>\n<meta name=\"robots\" content=\"index, follow, max-snippet:-1, max-image-preview:large, max-video-preview:-1\" \/>\n<link rel=\"canonical\" href=\"https:\/\/www.cycles-blain.com\/fr\/velo\/nouveaux-velos-giant-2024\/\" \/>\n<meta property=\"og:locale\" content=\"fr_FR\" \/>\n<meta property=\"og:type\" content=\"article\" \/>\n<meta property=\"og:title\" content=\"Nouveaux v\u00e9los Giant 2024 avec Cycles Blain - Magasins Giant\" \/>\n<meta property=\"og:description\" content=\"Les Cycles Blain GIANT STORE autour de Lyon vous pr\u00e9sentent la nouvelle gamme de v\u00e9los Giant 2024 : v\u00e9los \u00e9lectriques et musculaires d\u00e8s 1 an.\" \/>\n<meta property=\"og:url\" content=\"https:\/\/www.cycles-blain.com\/fr\/velo\/nouveaux-velos-giant-2024\/\" \/>\n<meta property=\"og:site_name\" content=\"CyclesBlain - Magasins de v\u00e9los, accessoires et ateliers\" \/>\n<meta property=\"article:publisher\" content=\"https:\/\/www.facebook.com\/cyclesblain\/?locale=fr_FR\" \/>\n<meta property=\"article:published_time\" content=\"2023-12-26T13:34:33+00:00\" \/>\n<meta property=\"article:modified_time\" content=\"2024-07-24T10:36:25+00:00\" \/>\n<meta property=\"og:image\" content=\"https:\/\/www.cycles-blain.com\/fr\/wp-content\/uploads\/2024\/01\/nouveaux-velos-giant-2024-1.jpg\" \/>\n\t<meta property=\"og:image:width\" content=\"600\" \/>\n\t<meta property=\"og:image:height\" content=\"399\" \/>\n\t<meta property=\"og:image:type\" content=\"image\/jpeg\" \/>\n<meta name=\"author\" content=\"Gueweb\" \/>\n<meta name=\"twitter:card\" content=\"summary_large_image\" \/>\n<meta name=\"twitter:label1\" content=\"\u00c9crit par\" \/>\n\t<meta name=\"twitter:data1\" content=\"Gueweb\" \/>\n\t<meta name=\"twitter:label2\" content=\"Dur\u00e9e de lecture estim\u00e9e\" \/>\n\t<meta name=\"twitter:data2\" content=\"2 minutes\" \/>\n<script type=\"application\/ld+json\" class=\"yoast-schema-graph\">{\"@context\":\"https:\\\/\\\/schema.org\",\"@graph\":[{\"@type\":\"Article\",\"@id\":\"https:\\\/\\\/www.cycles-blain.com\\\/fr\\\/velo\\\/nouveaux-velos-giant-2024\\\/#article\",\"isPartOf\":{\"@id\":\"https:\\\/\\\/www.cycles-blain.com\\\/fr\\\/velo\\\/nouveaux-velos-giant-2024\\\/\"},\"author\":{\"name\":\"Gueweb\",\"@id\":\"https:\\\/\\\/www.cycles-blain.com\\\/fr\\\/#\\\/schema\\\/person\\\/6fb8bad852fde893fb61b7b05936af37\"},\"headline\":\"Nouveaux v\u00e9los Giant 2024 avec Cycles Blain\",\"datePublished\":\"2023-12-26T13:34:33+00:00\",\"dateModified\":\"2024-07-24T10:36:25+00:00\",\"mainEntityOfPage\":{\"@id\":\"https:\\\/\\\/www.cycles-blain.com\\\/fr\\\/velo\\\/nouveaux-velos-giant-2024\\\/\"},\"wordCount\":317,\"publisher\":{\"@id\":\"https:\\\/\\\/www.cycles-blain.com\\\/fr\\\/#organization\"},\"image\":{\"@id\":\"https:\\\/\\\/www.cycles-blain.com\\\/fr\\\/velo\\\/nouveaux-velos-giant-2024\\\/#primaryimage\"},\"thumbnailUrl\":\"https:\\\/\\\/www.cycles-blain.com\\\/fr\\\/wp-content\\\/uploads\\\/2024\\\/01\\\/nouveaux-velos-giant-2024-1.jpg\",\"keywords\":[\"giant store\",\"magasin giant\",\"velo electrique giant\",\"velo giant\"],\"articleSection\":[\"Actus V\u00e9lo\",\"Magasin Brignais\",\"Magasin Craponne\",\"Magasin Lyon Centre\",\"Magasin St Priest\"],\"inLanguage\":\"fr-FR\"},{\"@type\":\"WebPage\",\"@id\":\"https:\\\/\\\/www.cycles-blain.com\\\/fr\\\/velo\\\/nouveaux-velos-giant-2024\\\/\",\"url\":\"https:\\\/\\\/www.cycles-blain.com\\\/fr\\\/velo\\\/nouveaux-velos-giant-2024\\\/\",\"name\":\"Nouveaux v\u00e9los Giant 2024 avec Cycles Blain - Magasins Giant\",\"isPartOf\":{\"@id\":\"https:\\\/\\\/www.cycles-blain.com\\\/fr\\\/#website\"},\"primaryImageOfPage\":{\"@id\":\"https:\\\/\\\/www.cycles-blain.com\\\/fr\\\/velo\\\/nouveaux-velos-giant-2024\\\/#primaryimage\"},\"image\":{\"@id\":\"https:\\\/\\\/www.cycles-blain.com\\\/fr\\\/velo\\\/nouveaux-velos-giant-2024\\\/#primaryimage\"},\"thumbnailUrl\":\"https:\\\/\\\/www.cycles-blain.com\\\/fr\\\/wp-content\\\/uploads\\\/2024\\\/01\\\/nouveaux-velos-giant-2024-1.jpg\",\"datePublished\":\"2023-12-26T13:34:33+00:00\",\"dateModified\":\"2024-07-24T10:36:25+00:00\",\"description\":\"Les Cycles Blain GIANT STORE autour de Lyon vous pr\u00e9sentent la nouvelle gamme de v\u00e9los Giant 2024 : v\u00e9los \u00e9lectriques et musculaires d\u00e8s 1 an.\",\"breadcrumb\":{\"@id\":\"https:\\\/\\\/www.cycles-blain.com\\\/fr\\\/velo\\\/nouveaux-velos-giant-2024\\\/#breadcrumb\"},\"inLanguage\":\"fr-FR\",\"potentialAction\":[{\"@type\":\"ReadAction\",\"target\":[\"https:\\\/\\\/www.cycles-blain.com\\\/fr\\\/velo\\\/nouveaux-velos-giant-2024\\\/\"]}]},{\"@type\":\"ImageObject\",\"inLanguage\":\"fr-FR\",\"@id\":\"https:\\\/\\\/www.cycles-blain.com\\\/fr\\\/velo\\\/nouveaux-velos-giant-2024\\\/#primaryimage\",\"url\":\"https:\\\/\\\/www.cycles-blain.com\\\/fr\\\/wp-content\\\/uploads\\\/2024\\\/01\\\/nouveaux-velos-giant-2024-1.jpg\",\"contentUrl\":\"https:\\\/\\\/www.cycles-blain.com\\\/fr\\\/wp-content\\\/uploads\\\/2024\\\/01\\\/nouveaux-velos-giant-2024-1.jpg\",\"width\":600,\"height\":399,\"caption\":\"nouveaux velos Giant 2024\"},{\"@type\":\"BreadcrumbList\",\"@id\":\"https:\\\/\\\/www.cycles-blain.com\\\/fr\\\/velo\\\/nouveaux-velos-giant-2024\\\/#breadcrumb\",\"itemListElement\":[{\"@type\":\"ListItem\",\"position\":1,\"name\":\"Accueil\",\"item\":\"https:\\\/\\\/www.cycles-blain.com\\\/fr\\\/\"},{\"@type\":\"ListItem\",\"position\":2,\"name\":\"Nouveaux v\u00e9los Giant 2024 avec Cycles Blain\"}]},{\"@type\":\"WebSite\",\"@id\":\"https:\\\/\\\/www.cycles-blain.com\\\/fr\\\/#website\",\"url\":\"https:\\\/\\\/www.cycles-blain.com\\\/fr\\\/\",\"name\":\"CyclesBlain - Magasins de v\u00e9los, accessoires et ateliers\",\"description\":\"Blog Cycles Blain\",\"publisher\":{\"@id\":\"https:\\\/\\\/www.cycles-blain.com\\\/fr\\\/#organization\"},\"potentialAction\":[{\"@type\":\"SearchAction\",\"target\":{\"@type\":\"EntryPoint\",\"urlTemplate\":\"https:\\\/\\\/www.cycles-blain.com\\\/fr\\\/?s={search_term_string}\"},\"query-input\":{\"@type\":\"PropertyValueSpecification\",\"valueRequired\":true,\"valueName\":\"search_term_string\"}}],\"inLanguage\":\"fr-FR\"},{\"@type\":\"Organization\",\"@id\":\"https:\\\/\\\/www.cycles-blain.com\\\/fr\\\/#organization\",\"name\":\"CyclesBlain - Magasins de v\u00e9los, accessoires et ateliers\",\"url\":\"https:\\\/\\\/www.cycles-blain.com\\\/fr\\\/\",\"logo\":{\"@type\":\"ImageObject\",\"inLanguage\":\"fr-FR\",\"@id\":\"https:\\\/\\\/www.cycles-blain.com\\\/fr\\\/#\\\/schema\\\/logo\\\/image\\\/\",\"url\":\"https:\\\/\\\/www.cycles-blain.com\\\/fr\\\/wp-content\\\/uploads\\\/2023\\\/10\\\/logo-cycles-blain.jpeg\",\"contentUrl\":\"https:\\\/\\\/www.cycles-blain.com\\\/fr\\\/wp-content\\\/uploads\\\/2023\\\/10\\\/logo-cycles-blain.jpeg\",\"width\":264,\"height\":191,\"caption\":\"CyclesBlain - Magasins de v\u00e9los, accessoires et ateliers\"},\"image\":{\"@id\":\"https:\\\/\\\/www.cycles-blain.com\\\/fr\\\/#\\\/schema\\\/logo\\\/image\\\/\"},\"sameAs\":[\"https:\\\/\\\/www.facebook.com\\\/cyclesblain\\\/?locale=fr_FR\",\"https:\\\/\\\/www.instagram.com\\\/cycles_blain\\\/?hl=fr\"]},{\"@type\":\"Person\",\"@id\":\"https:\\\/\\\/www.cycles-blain.com\\\/fr\\\/#\\\/schema\\\/person\\\/6fb8bad852fde893fb61b7b05936af37\",\"name\":\"Gueweb\",\"image\":{\"@type\":\"ImageObject\",\"inLanguage\":\"fr-FR\",\"@id\":\"https:\\\/\\\/secure.gravatar.com\\\/avatar\\\/52550bc594eb074508114b963209b157358b27e5a0319de1bb723df3f760ca2d?s=96&d=mm&r=g\",\"url\":\"https:\\\/\\\/secure.gravatar.com\\\/avatar\\\/52550bc594eb074508114b963209b157358b27e5a0319de1bb723df3f760ca2d?s=96&d=mm&r=g\",\"contentUrl\":\"https:\\\/\\\/secure.gravatar.com\\\/avatar\\\/52550bc594eb074508114b963209b157358b27e5a0319de1bb723df3f760ca2d?s=96&d=mm&r=g\",\"caption\":\"Gueweb\"},\"sameAs\":[\"https:\\\/\\\/www.cycles-blain.com\\\/\\\/fr\"],\"url\":\"https:\\\/\\\/www.cycles-blain.com\\\/fr\\\/author\\\/gueweb\\\/\"}]}<\/script>\n<!-- \/ Yoast SEO plugin. -->","yoast_head_json":{"title":"Nouveaux v\u00e9los Giant 2024 avec Cycles Blain - Magasins Giant","description":"Les Cycles Blain GIANT STORE autour de Lyon vous pr\u00e9sentent la nouvelle gamme de v\u00e9los Giant 2024 : v\u00e9los \u00e9lectriques et musculaires d\u00e8s 1 an.","robots":{"index":"index","follow":"follow","max-snippet":"max-snippet:-1","max-image-preview":"max-image-preview:large","max-video-preview":"max-video-preview:-1"},"canonical":"https:\/\/www.cycles-blain.com\/fr\/velo\/nouveaux-velos-giant-2024\/","og_locale":"fr_FR","og_type":"article","og_title":"Nouveaux v\u00e9los Giant 2024 avec Cycles Blain - Magasins Giant","og_description":"Les Cycles Blain GIANT STORE autour de Lyon vous pr\u00e9sentent la nouvelle gamme de v\u00e9los Giant 2024 : v\u00e9los \u00e9lectriques et musculaires d\u00e8s 1 an.","og_url":"https:\/\/www.cycles-blain.com\/fr\/velo\/nouveaux-velos-giant-2024\/","og_site_name":"CyclesBlain - Magasins de v\u00e9los, accessoires et ateliers","article_publisher":"https:\/\/www.facebook.com\/cyclesblain\/?locale=fr_FR","article_published_time":"2023-12-26T13:34:33+00:00","article_modified_time":"2024-07-24T10:36:25+00:00","og_image":[{"width":600,"height":399,"url":"https:\/\/www.cycles-blain.com\/fr\/wp-content\/uploads\/2024\/01\/nouveaux-velos-giant-2024-1.jpg","type":"image\/jpeg"}],"author":"Gueweb","twitter_card":"summary_large_image","twitter_misc":{"\u00c9crit par":"Gueweb","Dur\u00e9e de lecture estim\u00e9e":"2 minutes"},"schema":{"@context":"https:\/\/schema.org","@graph":[{"@type":"Article","@id":"https:\/\/www.cycles-blain.com\/fr\/velo\/nouveaux-velos-giant-2024\/#article","isPartOf":{"@id":"https:\/\/www.cycles-blain.com\/fr\/velo\/nouveaux-velos-giant-2024\/"},"author":{"name":"Gueweb","@id":"https:\/\/www.cycles-blain.com\/fr\/#\/schema\/person\/6fb8bad852fde893fb61b7b05936af37"},"headline":"Nouveaux v\u00e9los Giant 2024 avec Cycles Blain","datePublished":"2023-12-26T13:34:33+00:00","dateModified":"2024-07-24T10:36:25+00:00","mainEntityOfPage":{"@id":"https:\/\/www.cycles-blain.com\/fr\/velo\/nouveaux-velos-giant-2024\/"},"wordCount":317,"publisher":{"@id":"https:\/\/www.cycles-blain.com\/fr\/#organization"},"image":{"@id":"https:\/\/www.cycles-blain.com\/fr\/velo\/nouveaux-velos-giant-2024\/#primaryimage"},"thumbnailUrl":"https:\/\/www.cycles-blain.com\/fr\/wp-content\/uploads\/2024\/01\/nouveaux-velos-giant-2024-1.jpg","keywords":["giant store","magasin giant","velo electrique giant","velo giant"],"articleSection":["Actus V\u00e9lo","Magasin Brignais","Magasin Craponne","Magasin Lyon Centre","Magasin St Priest"],"inLanguage":"fr-FR"},{"@type":"WebPage","@id":"https:\/\/www.cycles-blain.com\/fr\/velo\/nouveaux-velos-giant-2024\/","url":"https:\/\/www.cycles-blain.com\/fr\/velo\/nouveaux-velos-giant-2024\/","name":"Nouveaux v\u00e9los Giant 2024 avec Cycles Blain - Magasins Giant","isPartOf":{"@id":"https:\/\/www.cycles-blain.com\/fr\/#website"},"primaryImageOfPage":{"@id":"https:\/\/www.cycles-blain.com\/fr\/velo\/nouveaux-velos-giant-2024\/#primaryimage"},"image":{"@id":"https:\/\/www.cycles-blain.com\/fr\/velo\/nouveaux-velos-giant-2024\/#primaryimage"},"thumbnailUrl":"https:\/\/www.cycles-blain.com\/fr\/wp-content\/uploads\/2024\/01\/nouveaux-velos-giant-2024-1.jpg","datePublished":"2023-12-26T13:34:33+00:00","dateModified":"2024-07-24T10:36:25+00:00","description":"Les Cycles Blain GIANT STORE autour de Lyon vous pr\u00e9sentent la nouvelle gamme de v\u00e9los Giant 2024 : v\u00e9los \u00e9lectriques et musculaires d\u00e8s 1 an.","breadcrumb":{"@id":"https:\/\/www.cycles-blain.com\/fr\/velo\/nouveaux-velos-giant-2024\/#breadcrumb"},"inLanguage":"fr-FR","potentialAction":[{"@type":"ReadAction","target":["https:\/\/www.cycles-blain.com\/fr\/velo\/nouveaux-velos-giant-2024\/"]}]},{"@type":"ImageObject","inLanguage":"fr-FR","@id":"https:\/\/www.cycles-blain.com\/fr\/velo\/nouveaux-velos-giant-2024\/#primaryimage","url":"https:\/\/www.cycles-blain.com\/fr\/wp-content\/uploads\/2024\/01\/nouveaux-velos-giant-2024-1.jpg","contentUrl":"https:\/\/www.cycles-blain.com\/fr\/wp-content\/uploads\/2024\/01\/nouveaux-velos-giant-2024-1.jpg","width":600,"height":399,"caption":"nouveaux velos Giant 2024"},{"@type":"BreadcrumbList","@id":"https:\/\/www.cycles-blain.com\/fr\/velo\/nouveaux-velos-giant-2024\/#breadcrumb","itemListElement":[{"@type":"ListItem","position":1,"name":"Accueil","item":"https:\/\/www.cycles-blain.com\/fr\/"},{"@type":"ListItem","position":2,"name":"Nouveaux v\u00e9los Giant 2024 avec Cycles Blain"}]},{"@type":"WebSite","@id":"https:\/\/www.cycles-blain.com\/fr\/#website","url":"https:\/\/www.cycles-blain.com\/fr\/","name":"CyclesBlain - Magasins de v\u00e9los, accessoires et ateliers","description":"Blog Cycles Blain","publisher":{"@id":"https:\/\/www.cycles-blain.com\/fr\/#organization"},"potentialAction":[{"@type":"SearchAction","target":{"@type":"EntryPoint","urlTemplate":"https:\/\/www.cycles-blain.com\/fr\/?s={search_term_string}"},"query-input":{"@type":"PropertyValueSpecification","valueRequired":true,"valueName":"search_term_string"}}],"inLanguage":"fr-FR"},{"@type":"Organization","@id":"https:\/\/www.cycles-blain.com\/fr\/#organization","name":"CyclesBlain - Magasins de v\u00e9los, accessoires et ateliers","url":"https:\/\/www.cycles-blain.com\/fr\/","logo":{"@type":"ImageObject","inLanguage":"fr-FR","@id":"https:\/\/www.cycles-blain.com\/fr\/#\/schema\/logo\/image\/","url":"https:\/\/www.cycles-blain.com\/fr\/wp-content\/uploads\/2023\/10\/logo-cycles-blain.jpeg","contentUrl":"https:\/\/www.cycles-blain.com\/fr\/wp-content\/uploads\/2023\/10\/logo-cycles-blain.jpeg","width":264,"height":191,"caption":"CyclesBlain - Magasins de v\u00e9los, accessoires et ateliers"},"image":{"@id":"https:\/\/www.cycles-blain.com\/fr\/#\/schema\/logo\/image\/"},"sameAs":["https:\/\/www.facebook.com\/cyclesblain\/?locale=fr_FR","https:\/\/www.instagram.com\/cycles_blain\/?hl=fr"]},{"@type":"Person","@id":"https:\/\/www.cycles-blain.com\/fr\/#\/schema\/person\/6fb8bad852fde893fb61b7b05936af37","name":"Gueweb","image":{"@type":"ImageObject","inLanguage":"fr-FR","@id":"https:\/\/secure.gravatar.com\/avatar\/52550bc594eb074508114b963209b157358b27e5a0319de1bb723df3f760ca2d?s=96&d=mm&r=g","url":"https:\/\/secure.gravatar.com\/avatar\/52550bc594eb074508114b963209b157358b27e5a0319de1bb723df3f760ca2d?s=96&d=mm&r=g","contentUrl":"https:\/\/secure.gravatar.com\/avatar\/52550bc594eb074508114b963209b157358b27e5a0319de1bb723df3f760ca2d?s=96&d=mm&r=g","caption":"Gueweb"},"sameAs":["https:\/\/www.cycles-blain.com\/\/fr"],"url":"https:\/\/www.cycles-blain.com\/fr\/author\/gueweb\/"}]}},"_links":{"self":[{"href":"https:\/\/www.cycles-blain.com\/fr\/wp-json\/wp\/v2\/posts\/2444","targetHints":{"allow":["GET"]}}],"collection":[{"href":"https:\/\/www.cycles-blain.com\/fr\/wp-json\/wp\/v2\/posts"}],"about":[{"href":"https:\/\/www.cycles-blain.com\/fr\/wp-json\/wp\/v2\/types\/post"}],"author":[{"embeddable":true,"href":"https:\/\/www.cycles-blain.com\/fr\/wp-json\/wp\/v2\/users\/1"}],"replies":[{"embeddable":true,"href":"https:\/\/www.cycles-blain.com\/fr\/wp-json\/wp\/v2\/comments?post=2444"}],"version-history":[{"count":50,"href":"https:\/\/www.cycles-blain.com\/fr\/wp-json\/wp\/v2\/posts\/2444\/revisions"}],"predecessor-version":[{"id":6923,"href":"https:\/\/www.cycles-blain.com\/fr\/wp-json\/wp\/v2\/posts\/2444\/revisions\/6923"}],"wp:featuredmedia":[{"embeddable":true,"href":"https:\/\/www.cycles-blain.com\/fr\/wp-json\/wp\/v2\/media\/2476"}],"wp:attachment":[{"href":"https:\/\/www.cycles-blain.com\/fr\/wp-json\/wp\/v2\/media?parent=2444"}],"wp:term":[{"taxonomy":"category","embeddable":true,"href":"https:\/\/www.cycles-blain.com\/fr\/wp-json\/wp\/v2\/categories?post=2444"},{"taxonomy":"post_tag","embeddable":true,"href":"https:\/\/www.cycles-blain.com\/fr\/wp-json\/wp\/v2\/tags?post=2444"}],"curies":[{"name":"wp","href":"https:\/\/api.w.org\/{rel}","templated":true}]}}