{"id":2587,"date":"2024-01-01T12:47:11","date_gmt":"2024-01-01T11:47:11","guid":{"rendered":"https:\/\/www.cycles-blain.com\/\/fr\/?p=2587"},"modified":"2024-01-31T20:52:35","modified_gmt":"2024-01-31T19:52:35","slug":"bonne-annee-2024","status":"publish","type":"post","link":"https:\/\/www.cycles-blain.com\/fr\/magasins-velo\/bonne-annee-2024\/","title":{"rendered":"Bonne ann\u00e9e 2024"},"content":{"rendered":"\t\t<div data-elementor-type=\"wp-post\" data-elementor-id=\"2587\" class=\"elementor elementor-2587\" data-elementor-post-type=\"post\">\n\t\t\t\t<div class=\"elementor-element elementor-element-dea5770 e-flex e-con-boxed e-con e-parent\" data-id=\"dea5770\" data-element_type=\"container\" data-e-type=\"container\">\n\t\t\t\t\t<div class=\"e-con-inner\">\n\t\t\t\t<div class=\"elementor-element elementor-element-17a83af elementor-widget elementor-widget-text-editor\" data-id=\"17a83af\" data-element_type=\"widget\" data-e-type=\"widget\" data-widget_type=\"text-editor.default\">\n\t\t\t\t<div class=\"elementor-widget-container\">\n\t\t\t\t\t\t\t\t\t<table role=\"presentation\" border=\"0\" width=\"100%\" cellspacing=\"0\" cellpadding=\"0\"><tbody><tr><td class=\"r8-c\" align=\"left\"><table class=\"r9-o\" role=\"presentation\" border=\"0\" width=\"100%\" cellspacing=\"0\" cellpadding=\"0\"><tbody><tr><td class=\"r15-i nl2go-default-textstyle\" align=\"center\" valign=\"top\"><div><p><strong>Toute l&rsquo;\u00e9quipe des Cycles Blain vous souhaite une excellente ann\u00e9e 2024 !\u00a0<\/strong><\/p><p><strong>Nous sommes heureux de vous compter parmi nos clients et vous remercions infiniment de votre fid\u00e9lit\u00e9 depuis tant d&rsquo;ann\u00e9es.\u00a0<\/strong><\/p><\/div><\/td><\/tr><\/tbody><\/table><\/td><\/tr><tr><td class=\"r16-c nl2go-default-textstyle\" align=\"left\"><p>En 2023 nous avons f\u00eat\u00e9 notre 10\u00e8me magasin avec l&rsquo;arriv\u00e9e des Cycles Veran dans la grande famille Cycles Blain.\u00a0<\/p><p>Nous avons \u00e9galement ouvert un entrep\u00f4t logistique pour orchestrer au mieux l&rsquo;approvisionnement des magasins dans le but de vous servir mieux et plus vite.\u00a0<\/p><p>15 collaborateurs nous ont rejoins pour renforcer les \u00e9quipes !<\/p><p>Quant au march\u00e9 du cycle, il est perturb\u00e9, chamboul\u00e9, incertain. L&rsquo;activit\u00e9 est en dents de scie, les fabricants de v\u00e9los souffrent, les magasins \u00e9galement mais nous sommes toujours aussi heureux de nous lever le matin pour partager notre passion avec vous.\u00a0<\/p><p>Nous avons h\u00e2te de d\u00e9couvrir 2024, de vous pr\u00e9senter toutes les nouveaut\u00e9s \u00e0 venir et sommes confiants quant \u00e0 l&rsquo;avenir.\u00a0<\/p><p>On en profite pour vous donner 3 informations importantes du d\u00e9but de l&rsquo;ann\u00e9e :\u00a0<\/p><ul><li>Nous lan\u00e7ons notre Newsletter mensuelle. Cliquez sur le bouton ci-dessous pour vous abonner et recevoir chaque mois un concentr\u00e9 d&rsquo;info v\u00e9lo : Actualit\u00e9, nouveaut\u00e9s, etc&#8230;<\/li><li><a href=\"https:\/\/www.cycles-blain.com\/\/fr\/promotions-velo\/soldes-hiver-velos-mode-accessoires-cycles-blain-2024\/\">Les soldes<\/a> arrivent, -30% sur TOUT le textile, sur les articles FOX et jusqu&rsquo;a -40% sur une s\u00e9lection de v\u00e9los \u00e0 partir du 10 janvier jusqu&rsquo;au 6 f\u00e9vrier<\/li><li>Nous avons lanc\u00e9 <a href=\"https:\/\/www.cycles-blain.com\/\/fr\/\">notre blog<\/a> accessible sur notre site internet pour partager avec vous davantage d&rsquo;informations pr\u00e9cieuse tout au long de l&rsquo;ann\u00e9e<\/li><\/ul><p>Merci encore et \u00e0 tr\u00e8s vite en magasin et sur les routes et chemins.\u00a0<br \/>Les Cycles Blain<\/p><\/td><\/tr><\/tbody><\/table>\t\t\t\t\t\t\t\t<\/div>\n\t\t\t\t<\/div>\n\t\t\t\t\t<\/div>\n\t\t\t\t<\/div>\n\t\t\t\t<\/div>\n\t\t","protected":false},"excerpt":{"rendered":"<p>Toute l&rsquo;\u00e9quipe Cycles Blain vous souhaite une bonne ann\u00e9e 2024 et vous pr\u00e9sente les nouveaut\u00e9s 2024.<\/p>\n","protected":false},"author":1,"featured_media":2597,"comment_status":"open","ping_status":"open","sticky":false,"template":"","format":"standard","meta":{"site-sidebar-layout":"default","site-content-layout":"","ast-site-content-layout":"default","site-content-style":"default","site-sidebar-style":"default","ast-global-header-display":"","ast-banner-title-visibility":"","ast-main-header-display":"","ast-hfb-above-header-display":"","ast-hfb-below-header-display":"","ast-hfb-mobile-header-display":"","site-post-title":"","ast-breadcrumbs-content":"","ast-featured-img":"","footer-sml-layout":"","theme-transparent-header-meta":"","adv-header-id-meta":"","stick-header-meta":"","header-above-stick-meta":"","header-main-stick-meta":"","header-below-stick-meta":"","astra-migrate-meta-layouts":"set","ast-page-background-enabled":"default","ast-page-background-meta":{"desktop":{"background-color":"","background-image":"","background-repeat":"repeat","background-position":"center center","background-size":"auto","background-attachment":"scroll","background-type":"","background-media":"","overlay-type":"","overlay-color":"","overlay-gradient":""},"tablet":{"background-color":"","background-image":"","background-repeat":"repeat","background-position":"center center","background-size":"auto","background-attachment":"scroll","background-type":"","background-media":"","overlay-type":"","overlay-color":"","overlay-gradient":""},"mobile":{"background-color":"","background-image":"","background-repeat":"repeat","background-position":"center center","background-size":"auto","background-attachment":"scroll","background-type":"","background-media":"","overlay-type":"","overlay-color":"","overlay-gradient":""}},"ast-content-background-meta":{"desktop":{"background-color":"var(--ast-global-color-5)","background-image":"","background-repeat":"repeat","background-position":"center center","background-size":"auto","background-attachment":"scroll","background-type":"","background-media":"","overlay-type":"","overlay-color":"","overlay-gradient":""},"tablet":{"background-color":"var(--ast-global-color-5)","background-image":"","background-repeat":"repeat","background-position":"center center","background-size":"auto","background-attachment":"scroll","background-type":"","background-media":"","overlay-type":"","overlay-color":"","overlay-gradient":""},"mobile":{"background-color":"var(--ast-global-color-5)","background-image":"","background-repeat":"repeat","background-position":"center center","background-size":"auto","background-attachment":"scroll","background-type":"","background-media":"","overlay-type":"","overlay-color":"","overlay-gradient":""}},"footnotes":""},"categories":[6],"tags":[127],"class_list":["post-2587","post","type-post","status-publish","format-standard","has-post-thumbnail","hentry","category-magasins-velo","tag-voeux-2024"],"yoast_head":"<!-- This site is optimized with the Yoast SEO plugin v27.5 - https:\/\/yoast.com\/product\/yoast-seo-wordpress\/ -->\n<title>Bonne ann\u00e9e 2024 - CyclesBlain - Magasins de v\u00e9los, accessoires et ateliers<\/title>\n<meta name=\"description\" content=\"Toute l&#039;\u00e9quipe Cycles Blain vous souhaite une excellente ann\u00e9e 2024 !\" \/>\n<meta name=\"robots\" content=\"index, follow, max-snippet:-1, max-image-preview:large, max-video-preview:-1\" \/>\n<link rel=\"canonical\" href=\"https:\/\/www.cycles-blain.com\/fr\/magasins-velo\/bonne-annee-2024\/\" \/>\n<meta property=\"og:locale\" content=\"fr_FR\" \/>\n<meta property=\"og:type\" content=\"article\" \/>\n<meta property=\"og:title\" content=\"Bonne ann\u00e9e 2024 - CyclesBlain - Magasins de v\u00e9los, accessoires et ateliers\" \/>\n<meta property=\"og:description\" content=\"Toute l&#039;\u00e9quipe Cycles Blain vous souhaite une excellente ann\u00e9e 2024 !\" \/>\n<meta property=\"og:url\" content=\"https:\/\/www.cycles-blain.com\/fr\/magasins-velo\/bonne-annee-2024\/\" \/>\n<meta property=\"og:site_name\" content=\"CyclesBlain - Magasins de v\u00e9los, accessoires et ateliers\" \/>\n<meta property=\"article:publisher\" content=\"https:\/\/www.facebook.com\/cyclesblain\/?locale=fr_FR\" \/>\n<meta property=\"article:published_time\" content=\"2024-01-01T11:47:11+00:00\" \/>\n<meta property=\"article:modified_time\" content=\"2024-01-31T19:52:35+00:00\" \/>\n<meta property=\"og:image\" content=\"https:\/\/www.cycles-blain.com\/fr\/wp-content\/uploads\/2024\/01\/Voeux-2024.png\" \/>\n\t<meta property=\"og:image:width\" content=\"600\" \/>\n\t<meta property=\"og:image:height\" content=\"400\" \/>\n\t<meta property=\"og:image:type\" content=\"image\/png\" \/>\n<meta name=\"author\" content=\"Gueweb\" \/>\n<meta name=\"twitter:card\" content=\"summary_large_image\" \/>\n<meta name=\"twitter:label1\" content=\"\u00c9crit par\" \/>\n\t<meta name=\"twitter:data1\" content=\"Gueweb\" \/>\n\t<meta name=\"twitter:label2\" content=\"Dur\u00e9e de lecture estim\u00e9e\" \/>\n\t<meta name=\"twitter:data2\" content=\"2 minutes\" \/>\n<script type=\"application\/ld+json\" class=\"yoast-schema-graph\">{\"@context\":\"https:\\\/\\\/schema.org\",\"@graph\":[{\"@type\":\"Article\",\"@id\":\"https:\\\/\\\/www.cycles-blain.com\\\/fr\\\/magasins-velo\\\/bonne-annee-2024\\\/#article\",\"isPartOf\":{\"@id\":\"https:\\\/\\\/www.cycles-blain.com\\\/fr\\\/magasins-velo\\\/bonne-annee-2024\\\/\"},\"author\":{\"name\":\"Gueweb\",\"@id\":\"https:\\\/\\\/www.cycles-blain.com\\\/fr\\\/#\\\/schema\\\/person\\\/6fb8bad852fde893fb61b7b05936af37\"},\"headline\":\"Bonne ann\u00e9e 2024\",\"datePublished\":\"2024-01-01T11:47:11+00:00\",\"dateModified\":\"2024-01-31T19:52:35+00:00\",\"mainEntityOfPage\":{\"@id\":\"https:\\\/\\\/www.cycles-blain.com\\\/fr\\\/magasins-velo\\\/bonne-annee-2024\\\/\"},\"wordCount\":273,\"commentCount\":2,\"publisher\":{\"@id\":\"https:\\\/\\\/www.cycles-blain.com\\\/fr\\\/#organization\"},\"image\":{\"@id\":\"https:\\\/\\\/www.cycles-blain.com\\\/fr\\\/magasins-velo\\\/bonne-annee-2024\\\/#primaryimage\"},\"thumbnailUrl\":\"https:\\\/\\\/www.cycles-blain.com\\\/fr\\\/wp-content\\\/uploads\\\/2024\\\/01\\\/Voeux-2024.png\",\"keywords\":[\"voeux 2024\"],\"articleSection\":[\"Actus Magasins\"],\"inLanguage\":\"fr-FR\",\"potentialAction\":[{\"@type\":\"CommentAction\",\"name\":\"Comment\",\"target\":[\"https:\\\/\\\/www.cycles-blain.com\\\/fr\\\/magasins-velo\\\/bonne-annee-2024\\\/#respond\"]}]},{\"@type\":\"WebPage\",\"@id\":\"https:\\\/\\\/www.cycles-blain.com\\\/fr\\\/magasins-velo\\\/bonne-annee-2024\\\/\",\"url\":\"https:\\\/\\\/www.cycles-blain.com\\\/fr\\\/magasins-velo\\\/bonne-annee-2024\\\/\",\"name\":\"Bonne ann\u00e9e 2024 - CyclesBlain - Magasins de v\u00e9los, accessoires et ateliers\",\"isPartOf\":{\"@id\":\"https:\\\/\\\/www.cycles-blain.com\\\/fr\\\/#website\"},\"primaryImageOfPage\":{\"@id\":\"https:\\\/\\\/www.cycles-blain.com\\\/fr\\\/magasins-velo\\\/bonne-annee-2024\\\/#primaryimage\"},\"image\":{\"@id\":\"https:\\\/\\\/www.cycles-blain.com\\\/fr\\\/magasins-velo\\\/bonne-annee-2024\\\/#primaryimage\"},\"thumbnailUrl\":\"https:\\\/\\\/www.cycles-blain.com\\\/fr\\\/wp-content\\\/uploads\\\/2024\\\/01\\\/Voeux-2024.png\",\"datePublished\":\"2024-01-01T11:47:11+00:00\",\"dateModified\":\"2024-01-31T19:52:35+00:00\",\"description\":\"Toute l'\u00e9quipe Cycles Blain vous souhaite une excellente ann\u00e9e 2024 !\",\"breadcrumb\":{\"@id\":\"https:\\\/\\\/www.cycles-blain.com\\\/fr\\\/magasins-velo\\\/bonne-annee-2024\\\/#breadcrumb\"},\"inLanguage\":\"fr-FR\",\"potentialAction\":[{\"@type\":\"ReadAction\",\"target\":[\"https:\\\/\\\/www.cycles-blain.com\\\/fr\\\/magasins-velo\\\/bonne-annee-2024\\\/\"]}]},{\"@type\":\"ImageObject\",\"inLanguage\":\"fr-FR\",\"@id\":\"https:\\\/\\\/www.cycles-blain.com\\\/fr\\\/magasins-velo\\\/bonne-annee-2024\\\/#primaryimage\",\"url\":\"https:\\\/\\\/www.cycles-blain.com\\\/fr\\\/wp-content\\\/uploads\\\/2024\\\/01\\\/Voeux-2024.png\",\"contentUrl\":\"https:\\\/\\\/www.cycles-blain.com\\\/fr\\\/wp-content\\\/uploads\\\/2024\\\/01\\\/Voeux-2024.png\",\"width\":600,\"height\":400,\"caption\":\"Cycles Blain\"},{\"@type\":\"BreadcrumbList\",\"@id\":\"https:\\\/\\\/www.cycles-blain.com\\\/fr\\\/magasins-velo\\\/bonne-annee-2024\\\/#breadcrumb\",\"itemListElement\":[{\"@type\":\"ListItem\",\"position\":1,\"name\":\"Accueil\",\"item\":\"https:\\\/\\\/www.cycles-blain.com\\\/fr\\\/\"},{\"@type\":\"ListItem\",\"position\":2,\"name\":\"Bonne ann\u00e9e 2024\"}]},{\"@type\":\"WebSite\",\"@id\":\"https:\\\/\\\/www.cycles-blain.com\\\/fr\\\/#website\",\"url\":\"https:\\\/\\\/www.cycles-blain.com\\\/fr\\\/\",\"name\":\"CyclesBlain - Magasins de v\u00e9los, accessoires et ateliers\",\"description\":\"Blog Cycles Blain\",\"publisher\":{\"@id\":\"https:\\\/\\\/www.cycles-blain.com\\\/fr\\\/#organization\"},\"potentialAction\":[{\"@type\":\"SearchAction\",\"target\":{\"@type\":\"EntryPoint\",\"urlTemplate\":\"https:\\\/\\\/www.cycles-blain.com\\\/fr\\\/?s={search_term_string}\"},\"query-input\":{\"@type\":\"PropertyValueSpecification\",\"valueRequired\":true,\"valueName\":\"search_term_string\"}}],\"inLanguage\":\"fr-FR\"},{\"@type\":\"Organization\",\"@id\":\"https:\\\/\\\/www.cycles-blain.com\\\/fr\\\/#organization\",\"name\":\"CyclesBlain - Magasins de v\u00e9los, accessoires et ateliers\",\"url\":\"https:\\\/\\\/www.cycles-blain.com\\\/fr\\\/\",\"logo\":{\"@type\":\"ImageObject\",\"inLanguage\":\"fr-FR\",\"@id\":\"https:\\\/\\\/www.cycles-blain.com\\\/fr\\\/#\\\/schema\\\/logo\\\/image\\\/\",\"url\":\"https:\\\/\\\/www.cycles-blain.com\\\/fr\\\/wp-content\\\/uploads\\\/2023\\\/10\\\/logo-cycles-blain.jpeg\",\"contentUrl\":\"https:\\\/\\\/www.cycles-blain.com\\\/fr\\\/wp-content\\\/uploads\\\/2023\\\/10\\\/logo-cycles-blain.jpeg\",\"width\":264,\"height\":191,\"caption\":\"CyclesBlain - Magasins de v\u00e9los, accessoires et ateliers\"},\"image\":{\"@id\":\"https:\\\/\\\/www.cycles-blain.com\\\/fr\\\/#\\\/schema\\\/logo\\\/image\\\/\"},\"sameAs\":[\"https:\\\/\\\/www.facebook.com\\\/cyclesblain\\\/?locale=fr_FR\",\"https:\\\/\\\/www.instagram.com\\\/cycles_blain\\\/?hl=fr\"]},{\"@type\":\"Person\",\"@id\":\"https:\\\/\\\/www.cycles-blain.com\\\/fr\\\/#\\\/schema\\\/person\\\/6fb8bad852fde893fb61b7b05936af37\",\"name\":\"Gueweb\",\"image\":{\"@type\":\"ImageObject\",\"inLanguage\":\"fr-FR\",\"@id\":\"https:\\\/\\\/secure.gravatar.com\\\/avatar\\\/52550bc594eb074508114b963209b157358b27e5a0319de1bb723df3f760ca2d?s=96&d=mm&r=g\",\"url\":\"https:\\\/\\\/secure.gravatar.com\\\/avatar\\\/52550bc594eb074508114b963209b157358b27e5a0319de1bb723df3f760ca2d?s=96&d=mm&r=g\",\"contentUrl\":\"https:\\\/\\\/secure.gravatar.com\\\/avatar\\\/52550bc594eb074508114b963209b157358b27e5a0319de1bb723df3f760ca2d?s=96&d=mm&r=g\",\"caption\":\"Gueweb\"},\"sameAs\":[\"https:\\\/\\\/www.cycles-blain.com\\\/\\\/fr\"],\"url\":\"https:\\\/\\\/www.cycles-blain.com\\\/fr\\\/author\\\/gueweb\\\/\"}]}<\/script>\n<!-- \/ Yoast SEO plugin. -->","yoast_head_json":{"title":"Bonne ann\u00e9e 2024 - CyclesBlain - Magasins de v\u00e9los, accessoires et ateliers","description":"Toute l'\u00e9quipe Cycles Blain vous souhaite une excellente ann\u00e9e 2024 !","robots":{"index":"index","follow":"follow","max-snippet":"max-snippet:-1","max-image-preview":"max-image-preview:large","max-video-preview":"max-video-preview:-1"},"canonical":"https:\/\/www.cycles-blain.com\/fr\/magasins-velo\/bonne-annee-2024\/","og_locale":"fr_FR","og_type":"article","og_title":"Bonne ann\u00e9e 2024 - CyclesBlain - Magasins de v\u00e9los, accessoires et ateliers","og_description":"Toute l'\u00e9quipe Cycles Blain vous souhaite une excellente ann\u00e9e 2024 !","og_url":"https:\/\/www.cycles-blain.com\/fr\/magasins-velo\/bonne-annee-2024\/","og_site_name":"CyclesBlain - Magasins de v\u00e9los, accessoires et ateliers","article_publisher":"https:\/\/www.facebook.com\/cyclesblain\/?locale=fr_FR","article_published_time":"2024-01-01T11:47:11+00:00","article_modified_time":"2024-01-31T19:52:35+00:00","og_image":[{"width":600,"height":400,"url":"https:\/\/www.cycles-blain.com\/fr\/wp-content\/uploads\/2024\/01\/Voeux-2024.png","type":"image\/png"}],"author":"Gueweb","twitter_card":"summary_large_image","twitter_misc":{"\u00c9crit par":"Gueweb","Dur\u00e9e de lecture estim\u00e9e":"2 minutes"},"schema":{"@context":"https:\/\/schema.org","@graph":[{"@type":"Article","@id":"https:\/\/www.cycles-blain.com\/fr\/magasins-velo\/bonne-annee-2024\/#article","isPartOf":{"@id":"https:\/\/www.cycles-blain.com\/fr\/magasins-velo\/bonne-annee-2024\/"},"author":{"name":"Gueweb","@id":"https:\/\/www.cycles-blain.com\/fr\/#\/schema\/person\/6fb8bad852fde893fb61b7b05936af37"},"headline":"Bonne ann\u00e9e 2024","datePublished":"2024-01-01T11:47:11+00:00","dateModified":"2024-01-31T19:52:35+00:00","mainEntityOfPage":{"@id":"https:\/\/www.cycles-blain.com\/fr\/magasins-velo\/bonne-annee-2024\/"},"wordCount":273,"commentCount":2,"publisher":{"@id":"https:\/\/www.cycles-blain.com\/fr\/#organization"},"image":{"@id":"https:\/\/www.cycles-blain.com\/fr\/magasins-velo\/bonne-annee-2024\/#primaryimage"},"thumbnailUrl":"https:\/\/www.cycles-blain.com\/fr\/wp-content\/uploads\/2024\/01\/Voeux-2024.png","keywords":["voeux 2024"],"articleSection":["Actus Magasins"],"inLanguage":"fr-FR","potentialAction":[{"@type":"CommentAction","name":"Comment","target":["https:\/\/www.cycles-blain.com\/fr\/magasins-velo\/bonne-annee-2024\/#respond"]}]},{"@type":"WebPage","@id":"https:\/\/www.cycles-blain.com\/fr\/magasins-velo\/bonne-annee-2024\/","url":"https:\/\/www.cycles-blain.com\/fr\/magasins-velo\/bonne-annee-2024\/","name":"Bonne ann\u00e9e 2024 - CyclesBlain - Magasins de v\u00e9los, accessoires et ateliers","isPartOf":{"@id":"https:\/\/www.cycles-blain.com\/fr\/#website"},"primaryImageOfPage":{"@id":"https:\/\/www.cycles-blain.com\/fr\/magasins-velo\/bonne-annee-2024\/#primaryimage"},"image":{"@id":"https:\/\/www.cycles-blain.com\/fr\/magasins-velo\/bonne-annee-2024\/#primaryimage"},"thumbnailUrl":"https:\/\/www.cycles-blain.com\/fr\/wp-content\/uploads\/2024\/01\/Voeux-2024.png","datePublished":"2024-01-01T11:47:11+00:00","dateModified":"2024-01-31T19:52:35+00:00","description":"Toute l'\u00e9quipe Cycles Blain vous souhaite une excellente ann\u00e9e 2024 !","breadcrumb":{"@id":"https:\/\/www.cycles-blain.com\/fr\/magasins-velo\/bonne-annee-2024\/#breadcrumb"},"inLanguage":"fr-FR","potentialAction":[{"@type":"ReadAction","target":["https:\/\/www.cycles-blain.com\/fr\/magasins-velo\/bonne-annee-2024\/"]}]},{"@type":"ImageObject","inLanguage":"fr-FR","@id":"https:\/\/www.cycles-blain.com\/fr\/magasins-velo\/bonne-annee-2024\/#primaryimage","url":"https:\/\/www.cycles-blain.com\/fr\/wp-content\/uploads\/2024\/01\/Voeux-2024.png","contentUrl":"https:\/\/www.cycles-blain.com\/fr\/wp-content\/uploads\/2024\/01\/Voeux-2024.png","width":600,"height":400,"caption":"Cycles Blain"},{"@type":"BreadcrumbList","@id":"https:\/\/www.cycles-blain.com\/fr\/magasins-velo\/bonne-annee-2024\/#breadcrumb","itemListElement":[{"@type":"ListItem","position":1,"name":"Accueil","item":"https:\/\/www.cycles-blain.com\/fr\/"},{"@type":"ListItem","position":2,"name":"Bonne ann\u00e9e 2024"}]},{"@type":"WebSite","@id":"https:\/\/www.cycles-blain.com\/fr\/#website","url":"https:\/\/www.cycles-blain.com\/fr\/","name":"CyclesBlain - Magasins de v\u00e9los, accessoires et ateliers","description":"Blog Cycles Blain","publisher":{"@id":"https:\/\/www.cycles-blain.com\/fr\/#organization"},"potentialAction":[{"@type":"SearchAction","target":{"@type":"EntryPoint","urlTemplate":"https:\/\/www.cycles-blain.com\/fr\/?s={search_term_string}"},"query-input":{"@type":"PropertyValueSpecification","valueRequired":true,"valueName":"search_term_string"}}],"inLanguage":"fr-FR"},{"@type":"Organization","@id":"https:\/\/www.cycles-blain.com\/fr\/#organization","name":"CyclesBlain - Magasins de v\u00e9los, accessoires et ateliers","url":"https:\/\/www.cycles-blain.com\/fr\/","logo":{"@type":"ImageObject","inLanguage":"fr-FR","@id":"https:\/\/www.cycles-blain.com\/fr\/#\/schema\/logo\/image\/","url":"https:\/\/www.cycles-blain.com\/fr\/wp-content\/uploads\/2023\/10\/logo-cycles-blain.jpeg","contentUrl":"https:\/\/www.cycles-blain.com\/fr\/wp-content\/uploads\/2023\/10\/logo-cycles-blain.jpeg","width":264,"height":191,"caption":"CyclesBlain - Magasins de v\u00e9los, accessoires et ateliers"},"image":{"@id":"https:\/\/www.cycles-blain.com\/fr\/#\/schema\/logo\/image\/"},"sameAs":["https:\/\/www.facebook.com\/cyclesblain\/?locale=fr_FR","https:\/\/www.instagram.com\/cycles_blain\/?hl=fr"]},{"@type":"Person","@id":"https:\/\/www.cycles-blain.com\/fr\/#\/schema\/person\/6fb8bad852fde893fb61b7b05936af37","name":"Gueweb","image":{"@type":"ImageObject","inLanguage":"fr-FR","@id":"https:\/\/secure.gravatar.com\/avatar\/52550bc594eb074508114b963209b157358b27e5a0319de1bb723df3f760ca2d?s=96&d=mm&r=g","url":"https:\/\/secure.gravatar.com\/avatar\/52550bc594eb074508114b963209b157358b27e5a0319de1bb723df3f760ca2d?s=96&d=mm&r=g","contentUrl":"https:\/\/secure.gravatar.com\/avatar\/52550bc594eb074508114b963209b157358b27e5a0319de1bb723df3f760ca2d?s=96&d=mm&r=g","caption":"Gueweb"},"sameAs":["https:\/\/www.cycles-blain.com\/\/fr"],"url":"https:\/\/www.cycles-blain.com\/fr\/author\/gueweb\/"}]}},"_links":{"self":[{"href":"https:\/\/www.cycles-blain.com\/fr\/wp-json\/wp\/v2\/posts\/2587","targetHints":{"allow":["GET"]}}],"collection":[{"href":"https:\/\/www.cycles-blain.com\/fr\/wp-json\/wp\/v2\/posts"}],"about":[{"href":"https:\/\/www.cycles-blain.com\/fr\/wp-json\/wp\/v2\/types\/post"}],"author":[{"embeddable":true,"href":"https:\/\/www.cycles-blain.com\/fr\/wp-json\/wp\/v2\/users\/1"}],"replies":[{"embeddable":true,"href":"https:\/\/www.cycles-blain.com\/fr\/wp-json\/wp\/v2\/comments?post=2587"}],"version-history":[{"count":37,"href":"https:\/\/www.cycles-blain.com\/fr\/wp-json\/wp\/v2\/posts\/2587\/revisions"}],"predecessor-version":[{"id":11552,"href":"https:\/\/www.cycles-blain.com\/fr\/wp-json\/wp\/v2\/posts\/2587\/revisions\/11552"}],"wp:featuredmedia":[{"embeddable":true,"href":"https:\/\/www.cycles-blain.com\/fr\/wp-json\/wp\/v2\/media\/2597"}],"wp:attachment":[{"href":"https:\/\/www.cycles-blain.com\/fr\/wp-json\/wp\/v2\/media?parent=2587"}],"wp:term":[{"taxonomy":"category","embeddable":true,"href":"https:\/\/www.cycles-blain.com\/fr\/wp-json\/wp\/v2\/categories?post=2587"},{"taxonomy":"post_tag","embeddable":true,"href":"https:\/\/www.cycles-blain.com\/fr\/wp-json\/wp\/v2\/tags?post=2587"}],"curies":[{"name":"wp","href":"https:\/\/api.w.org\/{rel}","templated":true}]}}