{"id":2899,"date":"2024-01-29T08:17:36","date_gmt":"2024-01-29T07:17:36","guid":{"rendered":"https:\/\/www.cycles-blain.com\/\/fr\/?p=2899"},"modified":"2024-07-24T15:49:46","modified_gmt":"2024-07-24T13:49:46","slug":"nouveau-magasin-velo-vtt-santa-cruz-craponne","status":"publish","type":"post","link":"https:\/\/www.cycles-blain.com\/fr\/magasins-velo\/magasin-craponne\/nouveau-magasin-velo-vtt-santa-cruz-craponne\/","title":{"rendered":"Nouveau magasin de v\u00e9los Santa Cruz \u00e0 Craponne"},"content":{"rendered":"\t\t<div data-elementor-type=\"wp-post\" data-elementor-id=\"2899\" class=\"elementor elementor-2899\" data-elementor-post-type=\"post\">\n\t\t\t\t<div class=\"elementor-element elementor-element-b83c553 e-flex e-con-boxed e-con e-parent\" data-id=\"b83c553\" data-element_type=\"container\" data-e-type=\"container\">\n\t\t\t\t\t<div class=\"e-con-inner\">\n\t\t\t\t<div class=\"elementor-element elementor-element-ae383e9 elementor-widget elementor-widget-heading\" data-id=\"ae383e9\" data-element_type=\"widget\" data-e-type=\"widget\" data-widget_type=\"heading.default\">\n\t\t\t\t<div class=\"elementor-widget-container\">\n\t\t\t\t\t<h2 class=\"elementor-heading-title elementor-size-large\">La marque de v\u00e9los SANTA CRUZ d\u00e9barque au magasin de Craponne<\/h2>\t\t\t\t<\/div>\n\t\t\t\t<\/div>\n\t\t\t\t\t<\/div>\n\t\t\t\t<\/div>\n\t\t<div class=\"elementor-element elementor-element-1929c8e e-flex e-con-boxed e-con e-parent\" data-id=\"1929c8e\" data-element_type=\"container\" data-e-type=\"container\">\n\t\t\t\t\t<div class=\"e-con-inner\">\n\t\t\t\t<div class=\"elementor-element elementor-element-b705917 elementor-widget elementor-widget-text-editor\" data-id=\"b705917\" data-element_type=\"widget\" data-e-type=\"widget\" data-widget_type=\"text-editor.default\">\n\t\t\t\t<div class=\"elementor-widget-container\">\n\t\t\t\t\t\t\t\t\t<p>La c\u00e9l\u00e8bre marque de v\u00e9los et vtt Californiens, SANTA CRUZ est d\u00e9sormais disponible au\u00a0<a href=\"https:\/\/www.cycles-blain.com\/content\/9-magasin-velos-craponne\" target=\"_blank\" rel=\"noopener\">magasin Cycles Blain de Craponne (69290)\u00a0! Ve<\/a>nez d\u00e9couvrir la gamme 2024 de vtt, vtt \u00e9lectriques et Gravel Santa Cruz !<\/p>\t\t\t\t\t\t\t\t<\/div>\n\t\t\t\t<\/div>\n\t\t\t\t\t<\/div>\n\t\t\t\t<\/div>\n\t\t<div class=\"elementor-element elementor-element-95e8de9 e-flex e-con-boxed e-con e-parent\" data-id=\"95e8de9\" data-element_type=\"container\" data-e-type=\"container\">\n\t\t\t\t\t<div class=\"e-con-inner\">\n\t\t\t\t<div class=\"elementor-element elementor-element-0062c36 elementor-align-center elementor-widget elementor-widget-button\" data-id=\"0062c36\" data-element_type=\"widget\" data-e-type=\"widget\" data-widget_type=\"button.default\">\n\t\t\t\t<div class=\"elementor-widget-container\">\n\t\t\t\t\t\t\t\t\t<div class=\"elementor-button-wrapper\">\n\t\t\t\t\t<a class=\"elementor-button elementor-button-link elementor-size-sm\" href=\"https:\/\/www.cycles-blain.com\/content\/9-magasin-velos-craponne\">\n\t\t\t\t\t\t<span class=\"elementor-button-content-wrapper\">\n\t\t\t\t\t\t\t\t\t<span class=\"elementor-button-text\">magasin Santa Cruz\n \u00e0 Craponne<\/span>\n\t\t\t\t\t<\/span>\n\t\t\t\t\t<\/a>\n\t\t\t\t<\/div>\n\t\t\t\t\t\t\t\t<\/div>\n\t\t\t\t<\/div>\n\t\t\t\t<div class=\"elementor-element elementor-element-9369ded elementor-widget elementor-widget-heading\" data-id=\"9369ded\" data-element_type=\"widget\" data-e-type=\"widget\" data-widget_type=\"heading.default\">\n\t\t\t\t<div class=\"elementor-widget-container\">\n\t\t\t\t\t<h3 class=\"elementor-heading-title elementor-size-large\">Une marque de vtt l\u00e9gendaire<\/h3>\t\t\t\t<\/div>\n\t\t\t\t<\/div>\n\t\t\t\t\t<\/div>\n\t\t\t\t<\/div>\n\t\t<div class=\"elementor-element elementor-element-34a0127 e-flex e-con-boxed e-con e-parent\" data-id=\"34a0127\" data-element_type=\"container\" data-e-type=\"container\">\n\t\t\t\t\t<div class=\"e-con-inner\">\n\t\t\t\t<div class=\"elementor-element elementor-element-e1f2221 elementor-widget elementor-widget-text-editor\" data-id=\"e1f2221\" data-element_type=\"widget\" data-e-type=\"widget\" data-widget_type=\"text-editor.default\">\n\t\t\t\t<div class=\"elementor-widget-container\">\n\t\t\t\t\t\t\t\t\t<p>Pour beaucoup, la marque Santa Cruz est une r\u00e9f\u00e9rence en terme de Vtt et Vtt \u00e9lectrique (VTTAE) :\u00a0<\/p><ul><li><b>Un fabriquant de v\u00e9los \u00ab\u00a0artisanal<\/b>\u00a0\u00bb depuis 1994, pionnier du vtt tout-suspendu avec le fameux Tamzon, alliant facult\u00e9s de rouleur et de descendeur, l&rsquo;anc\u00eatre de l&rsquo;enduro vtt en quelques sortes !<\/li><li><b>Une qualit\u00e9 et un service \u00e0 vie<\/b> : cadres Santa Cruz garantis \u00e0 vie, remplacement des roulements \u00e0 vie, roues et guidons Santa Cruz garantis \u00e0 vie !) (<a href=\"https:\/\/www.santacruzbicycles.com\/fr-FR\/warranty\/claims\" target=\"_blank\" rel=\"noopener\">Voir conditions<\/a>\u00a0qui peuvent \u00e9voluer.)<\/li><li><b>Des roues maisons d&rsquo;une qualit\u00e9 rare<\/b>,<\/li><li><b>Des v\u00e9los de toute beaut\u00e9<\/b> avec une qualit\u00e9 de finition \u00e0 la hauteur de leur r\u00e9putation.\u00a0<\/li><\/ul>\t\t\t\t\t\t\t\t<\/div>\n\t\t\t\t<\/div>\n\t\t\t\t\t<\/div>\n\t\t\t\t<\/div>\n\t\t<div class=\"elementor-element elementor-element-5647deb e-flex e-con-boxed e-con e-parent\" data-id=\"5647deb\" data-element_type=\"container\" data-e-type=\"container\">\n\t\t\t\t\t<div class=\"e-con-inner\">\n\t\t\t\t<div class=\"elementor-element elementor-element-4574311 elementor-widget elementor-widget-heading\" data-id=\"4574311\" data-element_type=\"widget\" data-e-type=\"widget\" data-widget_type=\"heading.default\">\n\t\t\t\t<div class=\"elementor-widget-container\">\n\t\t\t\t\t<h3 class=\"elementor-heading-title elementor-size-large\">D\u00e9couvrez la gamme de vtt SANTA CRUZ 2024<\/h3>\t\t\t\t<\/div>\n\t\t\t\t<\/div>\n\t\t\t\t\t<\/div>\n\t\t\t\t<\/div>\n\t\t<div class=\"elementor-element elementor-element-dcb15a8 e-flex e-con-boxed e-con e-parent\" data-id=\"dcb15a8\" data-element_type=\"container\" data-e-type=\"container\">\n\t\t\t\t\t<div class=\"e-con-inner\">\n\t\t\t\t<div class=\"elementor-element elementor-element-8059957 elementor-widget elementor-widget-text-editor\" data-id=\"8059957\" data-element_type=\"widget\" data-e-type=\"widget\" data-widget_type=\"text-editor.default\">\n\t\t\t\t<div class=\"elementor-widget-container\">\n\t\t\t\t\t\t\t\t\t<p>La gamme de vtt Santa Cruz 2024 est \u00e0 d\u00e9couvrir au magasin de v\u00e9los de Craponne. <br \/>Plusieurs v\u00e9los sont en stock, parmi un large choix de vtt pr\u00e9sent\u00e9s sur le site <a href=\"https:\/\/www.santacruzbicycles.com\/fr-FR\/bikes\" target=\"_blank\" rel=\"noopener\">Santa Cruz<\/a><\/p><ul><li>Le g\u00e9nial vtt de descente <b>V10<\/b> avec ses 208mm de d\u00e9battement,<\/li><li>Le vtt <b>Nomad 6<\/b> de 170mm,<\/li><li>Le vtt\u00a0<b>Megatower<\/b> en 165mm,<\/li><li>Le <b>Bronson<\/b>, polyvalent vtt tout suspendu en 150mm,<\/li><li>Le <b>Hightower<\/b> de 145mm,<\/li><li>Le trail\u00a0<b>5010<\/b>, en 130mm,<\/li><li>Le vtt tout suspendu <b>Tallboy<\/b> en 120mm,<\/li><li>Le vtt de x country <b>Blur XC<\/b> de 100 mm,<\/li><li>Le vtt semi rigide <b>Highball<\/b>, rigide et rapide,<\/li><li>Le hardtail <b>Chameleon<\/b>, en 130mm, avec un d\u00e9railleur ou un single speed<\/li><li>Le vtt de Dirt, <b>Jackal<\/b> en 26 pouces<\/li><\/ul>\t\t\t\t\t\t\t\t<\/div>\n\t\t\t\t<\/div>\n\t\t\t\t\t<\/div>\n\t\t\t\t<\/div>\n\t\t<div class=\"elementor-element elementor-element-d4d0b32 e-flex e-con-boxed e-con e-parent\" data-id=\"d4d0b32\" data-element_type=\"container\" data-e-type=\"container\">\n\t\t\t\t\t<div class=\"e-con-inner\">\n\t\t\t\t<div class=\"elementor-element elementor-element-628803a elementor-widget elementor-widget-heading\" data-id=\"628803a\" data-element_type=\"widget\" data-e-type=\"widget\" data-widget_type=\"heading.default\">\n\t\t\t\t<div class=\"elementor-widget-container\">\n\t\t\t\t\t<h3 class=\"elementor-heading-title elementor-size-large\">Les vtt \u00e9lectriques SANTA CRUZ<\/h3>\t\t\t\t<\/div>\n\t\t\t\t<\/div>\n\t\t\t\t\t<\/div>\n\t\t\t\t<\/div>\n\t\t<div class=\"elementor-element elementor-element-6a44bed e-flex e-con-boxed e-con e-parent\" data-id=\"6a44bed\" data-element_type=\"container\" data-e-type=\"container\">\n\t\t\t\t\t<div class=\"e-con-inner\">\n\t\t\t\t<div class=\"elementor-element elementor-element-70b9aa5 elementor-widget elementor-widget-text-editor\" data-id=\"70b9aa5\" data-element_type=\"widget\" data-e-type=\"widget\" data-widget_type=\"text-editor.default\">\n\t\t\t\t<div class=\"elementor-widget-container\">\n\t\t\t\t\t\t\t\t\t<p>Les vtt \u00e9lectriques ne sont pas oubli\u00e9s par Santa Cruz avec des mod\u00e8les de VTTAE d\u00e9j\u00e0 iconiques<\/p>\n<ul>\n<li>Le c\u00e9l\u00e8bre <b>Bullit<\/b>, vtt \u00e9lectrique en 170 mm,<\/li>\n<li>Le e-bike <b>Heckler<\/b> en 150mm,<\/li>\n<li>Le vtt \u00e9lectrique light <b>Heckler SL<\/b> dans sa version int\u00e9gr\u00e9 de 430wh,<\/li>\n<\/ul>\t\t\t\t\t\t\t\t<\/div>\n\t\t\t\t<\/div>\n\t\t\t\t\t<\/div>\n\t\t\t\t<\/div>\n\t\t<div class=\"elementor-element elementor-element-da72a86 e-flex e-con-boxed e-con e-parent\" data-id=\"da72a86\" data-element_type=\"container\" data-e-type=\"container\">\n\t\t\t\t\t<div class=\"e-con-inner\">\n\t\t\t\t<div class=\"elementor-element elementor-element-f7c3ed5 elementor-widget elementor-widget-heading\" data-id=\"f7c3ed5\" data-element_type=\"widget\" data-e-type=\"widget\" data-widget_type=\"heading.default\">\n\t\t\t\t<div class=\"elementor-widget-container\">\n\t\t\t\t\t<h3 class=\"elementor-heading-title elementor-size-large\">Un gravel SANTA CRUZ aussi...<\/h3>\t\t\t\t<\/div>\n\t\t\t\t<\/div>\n\t\t\t\t\t<\/div>\n\t\t\t\t<\/div>\n\t\t<div class=\"elementor-element elementor-element-d3cac18 e-flex e-con-boxed e-con e-parent\" data-id=\"d3cac18\" data-element_type=\"container\" data-e-type=\"container\">\n\t\t\t\t\t<div class=\"e-con-inner\">\n\t\t\t\t<div class=\"elementor-element elementor-element-a4cd996 elementor-widget elementor-widget-text-editor\" data-id=\"a4cd996\" data-element_type=\"widget\" data-e-type=\"widget\" data-widget_type=\"text-editor.default\">\n\t\t\t\t<div class=\"elementor-widget-container\">\n\t\t\t\t\t\t\t\t\t<p>Les v\u00e9t\u00e9tistes aussi ont le droit \u00e0 leur Gravel Santa Cruz pour l&rsquo;hiver, les longs trajets, ou tout simplement d\u00e9couvrir la nouvelle discipline de v\u00e9lo gravel avec la qualit\u00e9 Santa Cruz :\u00a0<\/p><ul><li>Le v\u00e9lo Gravel <b>Stigmata<\/b> Santa Cruz, en 700c, cadre carbone, vous propose 4 mod\u00e8les : <br \/>Apex, Rival-1x, Rival 2x et Force 1x avec 3 choix de couleurs magnifiques.<\/li><\/ul>\t\t\t\t\t\t\t\t<\/div>\n\t\t\t\t<\/div>\n\t\t\t\t<div class=\"elementor-element elementor-element-0403c6e elementor-align-center elementor-widget elementor-widget-button\" data-id=\"0403c6e\" data-element_type=\"widget\" data-e-type=\"widget\" data-widget_type=\"button.default\">\n\t\t\t\t<div class=\"elementor-widget-container\">\n\t\t\t\t\t\t\t\t\t<div class=\"elementor-button-wrapper\">\n\t\t\t\t\t<a class=\"elementor-button elementor-button-link elementor-size-sm\" href=\"https:\/\/www.cycles-blain.com\/brand\/11-santa-cruz\">\n\t\t\t\t\t\t<span class=\"elementor-button-content-wrapper\">\n\t\t\t\t\t\t\t\t\t<span class=\"elementor-button-text\">Je trouve un v\u00e9lo Santa Cruz<\/span>\n\t\t\t\t\t<\/span>\n\t\t\t\t\t<\/a>\n\t\t\t\t<\/div>\n\t\t\t\t\t\t\t\t<\/div>\n\t\t\t\t<\/div>\n\t\t\t\t\t<\/div>\n\t\t\t\t<\/div>\n\t\t<div class=\"elementor-element elementor-element-4a619d0 e-flex e-con-boxed e-con e-parent\" data-id=\"4a619d0\" data-element_type=\"container\" data-e-type=\"container\">\n\t\t\t\t\t<div class=\"e-con-inner\">\n\t\t\t\t<div class=\"elementor-element elementor-element-332a924 elementor-widget elementor-widget-image\" data-id=\"332a924\" data-element_type=\"widget\" data-e-type=\"widget\" data-widget_type=\"image.default\">\n\t\t\t\t<div class=\"elementor-widget-container\">\n\t\t\t\t\t\t\t\t\t\t\t\t\t\t\t<img decoding=\"async\" src=\"https:\/\/www.cycles-blain.com\/fr\/wp-content\/uploads\/elementor\/thumbs\/gamme-vtt-vttae-santa-cruz-2024-qqswav2w0zq3d44zzr1615e8e1hg867srgti4y99bm.jpg\" title=\"gamme-vtt-vttae-santa-cruz-2024\" alt=\"Gamme vtt ,Vttae, Gravel Santa Cruz 2024\" loading=\"lazy\" \/>\t\t\t\t\t\t\t\t\t\t\t\t\t\t\t<\/div>\n\t\t\t\t<\/div>\n\t\t\t\t\t<\/div>\n\t\t\t\t<\/div>\n\t\t<div class=\"elementor-element elementor-element-9c9d867 e-flex e-con-boxed e-con e-parent\" data-id=\"9c9d867\" data-element_type=\"container\" data-e-type=\"container\">\n\t\t\t\t\t<div class=\"e-con-inner\">\n\t\t\t\t<div class=\"elementor-element elementor-element-01c2c4b elementor-widget elementor-widget-heading\" data-id=\"01c2c4b\" data-element_type=\"widget\" data-e-type=\"widget\" data-widget_type=\"heading.default\">\n\t\t\t\t<div class=\"elementor-widget-container\">\n\t\t\t\t\t<h3 class=\"elementor-heading-title elementor-size-large\">Le magasin Cycles Blain de Craponne<\/h3>\t\t\t\t<\/div>\n\t\t\t\t<\/div>\n\t\t\t\t<div class=\"elementor-element elementor-element-d762951 elementor-widget elementor-widget-text-editor\" data-id=\"d762951\" data-element_type=\"widget\" data-e-type=\"widget\" data-widget_type=\"text-editor.default\">\n\t\t\t\t<div class=\"elementor-widget-container\">\n\t\t\t\t\t\t\t\t\t<p>Le magasin Cycles Blain de Craponne est situ\u00e9 \u00e0 quelques kilom\u00e8tres de Lyon entre Francheville, Gr\u00e9zieu, Brindas, Vaugneray et Marcy l&rsquo;\u00e9toile. Il propose plusieurs marques de vtt et vttae, ainsi qu&rsquo;un atelier de r\u00e9paration et entretien pour votre v\u00e9lo Santa Cruz. <br \/>Suivez les actualit\u00e9s du\u00a0<a href=\"https:\/\/cycles-blain.com\/content\/9-magasin-velos-craponne\" target=\"_blank\" rel=\"noopener\">magasin de Craponne<\/a>\u00a0sur notre Blog.<br \/>A bient\u00f4t !<\/p>\t\t\t\t\t\t\t\t<\/div>\n\t\t\t\t<\/div>\n\t\t\t\t\t<\/div>\n\t\t\t\t<\/div>\n\t\t\t\t<\/div>\n\t\t","protected":false},"excerpt":{"rendered":"<p>D\u00e9couvrez la marque de v\u00e9los Santa Cruz dans le magasin Cycles Blain de Craponne : vtt, vtt \u00e9lectrique, gravel, descente, enduro 2024&#8230;<\/p>\n","protected":false},"author":1,"featured_media":2910,"comment_status":"open","ping_status":"open","sticky":false,"template":"","format":"standard","meta":{"site-sidebar-layout":"default","site-content-layout":"","ast-site-content-layout":"default","site-content-style":"default","site-sidebar-style":"default","ast-global-header-display":"","ast-banner-title-visibility":"","ast-main-header-display":"","ast-hfb-above-header-display":"","ast-hfb-below-header-display":"","ast-hfb-mobile-header-display":"","site-post-title":"","ast-breadcrumbs-content":"","ast-featured-img":"","footer-sml-layout":"","theme-transparent-header-meta":"","adv-header-id-meta":"","stick-header-meta":"","header-above-stick-meta":"","header-main-stick-meta":"","header-below-stick-meta":"","astra-migrate-meta-layouts":"set","ast-page-background-enabled":"default","ast-page-background-meta":{"desktop":{"background-color":"","background-image":"","background-repeat":"repeat","background-position":"center center","background-size":"auto","background-attachment":"scroll","background-type":"","background-media":"","overlay-type":"","overlay-color":"","overlay-gradient":""},"tablet":{"background-color":"","background-image":"","background-repeat":"repeat","background-position":"center center","background-size":"auto","background-attachment":"scroll","background-type":"","background-media":"","overlay-type":"","overlay-color":"","overlay-gradient":""},"mobile":{"background-color":"","background-image":"","background-repeat":"repeat","background-position":"center center","background-size":"auto","background-attachment":"scroll","background-type":"","background-media":"","overlay-type":"","overlay-color":"","overlay-gradient":""}},"ast-content-background-meta":{"desktop":{"background-color":"var(--ast-global-color-5)","background-image":"","background-repeat":"repeat","background-position":"center center","background-size":"auto","background-attachment":"scroll","background-type":"","background-media":"","overlay-type":"","overlay-color":"","overlay-gradient":""},"tablet":{"background-color":"var(--ast-global-color-5)","background-image":"","background-repeat":"repeat","background-position":"center center","background-size":"auto","background-attachment":"scroll","background-type":"","background-media":"","overlay-type":"","overlay-color":"","overlay-gradient":""},"mobile":{"background-color":"var(--ast-global-color-5)","background-image":"","background-repeat":"repeat","background-position":"center center","background-size":"auto","background-attachment":"scroll","background-type":"","background-media":"","overlay-type":"","overlay-color":"","overlay-gradient":""}},"footnotes":""},"categories":[6,56,78,5,58],"tags":[140,104,31,141],"class_list":["post-2899","post","type-post","status-publish","format-standard","has-post-thumbnail","hentry","category-magasins-velo","category-velo-gravel","category-magasin-craponne","category-vtt-electrique","category-vtt-musculaire","tag-gravel","tag-santa-cruz","tag-vtt","tag-vtt-electrique"],"yoast_head":"<!-- This site is optimized with the Yoast SEO plugin v27.5 - https:\/\/yoast.com\/product\/yoast-seo-wordpress\/ -->\n<title>Nouveau magasin de v\u00e9los Santa Cruz \u00e0 Craponne - Cycles Blain<\/title>\n<meta name=\"description\" content=\"La c\u00e9l\u00e8bre marque Californienne, de VTT Santa Cruz d\u00e9barque chez CYCLES BLAIN. D\u00e9couvrez les v\u00e9los 2024 Santa Cruz au magasin de Craponne\" \/>\n<meta name=\"robots\" content=\"index, follow, max-snippet:-1, max-image-preview:large, max-video-preview:-1\" \/>\n<link rel=\"canonical\" href=\"https:\/\/www.cycles-blain.com\/fr\/magasins-velo\/magasin-craponne\/nouveau-magasin-velo-vtt-santa-cruz-craponne\/\" \/>\n<meta property=\"og:locale\" content=\"fr_FR\" \/>\n<meta property=\"og:type\" content=\"article\" \/>\n<meta property=\"og:title\" content=\"Nouveau magasin de v\u00e9los Santa Cruz \u00e0 Craponne - Cycles Blain\" \/>\n<meta property=\"og:description\" content=\"La c\u00e9l\u00e8bre marque Californienne, de VTT Santa Cruz d\u00e9barque chez CYCLES BLAIN. D\u00e9couvrez les v\u00e9los 2024 Santa Cruz au magasin de Craponne\" \/>\n<meta property=\"og:url\" content=\"https:\/\/www.cycles-blain.com\/fr\/magasins-velo\/magasin-craponne\/nouveau-magasin-velo-vtt-santa-cruz-craponne\/\" \/>\n<meta property=\"og:site_name\" content=\"CyclesBlain - Magasins de v\u00e9los, accessoires et ateliers\" \/>\n<meta property=\"article:publisher\" content=\"https:\/\/www.facebook.com\/cyclesblain\/?locale=fr_FR\" \/>\n<meta property=\"article:published_time\" content=\"2024-01-29T07:17:36+00:00\" \/>\n<meta property=\"article:modified_time\" content=\"2024-07-24T13:49:46+00:00\" \/>\n<meta property=\"og:image\" content=\"https:\/\/www.cycles-blain.com\/fr\/wp-content\/uploads\/2024\/01\/magasin-vtt-santa-cruz-craponne-1.jpg\" \/>\n\t<meta property=\"og:image:width\" content=\"600\" \/>\n\t<meta property=\"og:image:height\" content=\"450\" \/>\n\t<meta property=\"og:image:type\" content=\"image\/jpeg\" \/>\n<meta name=\"author\" content=\"Gueweb\" \/>\n<meta name=\"twitter:card\" content=\"summary_large_image\" \/>\n<meta name=\"twitter:label1\" content=\"\u00c9crit par\" \/>\n\t<meta name=\"twitter:data1\" content=\"Gueweb\" \/>\n\t<meta name=\"twitter:label2\" content=\"Dur\u00e9e de lecture estim\u00e9e\" \/>\n\t<meta name=\"twitter:data2\" content=\"3 minutes\" \/>\n<script type=\"application\/ld+json\" class=\"yoast-schema-graph\">{\"@context\":\"https:\\\/\\\/schema.org\",\"@graph\":[{\"@type\":\"Article\",\"@id\":\"https:\\\/\\\/www.cycles-blain.com\\\/fr\\\/magasins-velo\\\/magasin-craponne\\\/nouveau-magasin-velo-vtt-santa-cruz-craponne\\\/#article\",\"isPartOf\":{\"@id\":\"https:\\\/\\\/www.cycles-blain.com\\\/fr\\\/magasins-velo\\\/magasin-craponne\\\/nouveau-magasin-velo-vtt-santa-cruz-craponne\\\/\"},\"author\":{\"name\":\"Gueweb\",\"@id\":\"https:\\\/\\\/www.cycles-blain.com\\\/fr\\\/#\\\/schema\\\/person\\\/6fb8bad852fde893fb61b7b05936af37\"},\"headline\":\"Nouveau magasin de v\u00e9los Santa Cruz \u00e0 Craponne\",\"datePublished\":\"2024-01-29T07:17:36+00:00\",\"dateModified\":\"2024-07-24T13:49:46+00:00\",\"mainEntityOfPage\":{\"@id\":\"https:\\\/\\\/www.cycles-blain.com\\\/fr\\\/magasins-velo\\\/magasin-craponne\\\/nouveau-magasin-velo-vtt-santa-cruz-craponne\\\/\"},\"wordCount\":490,\"commentCount\":0,\"publisher\":{\"@id\":\"https:\\\/\\\/www.cycles-blain.com\\\/fr\\\/#organization\"},\"image\":{\"@id\":\"https:\\\/\\\/www.cycles-blain.com\\\/fr\\\/magasins-velo\\\/magasin-craponne\\\/nouveau-magasin-velo-vtt-santa-cruz-craponne\\\/#primaryimage\"},\"thumbnailUrl\":\"https:\\\/\\\/www.cycles-blain.com\\\/fr\\\/wp-content\\\/uploads\\\/2024\\\/01\\\/magasin-vtt-santa-cruz-craponne-1.jpg\",\"keywords\":[\"gravel\",\"santa cruz\",\"vtt\",\"vtt electrique\"],\"articleSection\":[\"Actus Magasins\",\"Gravel\",\"Magasin Craponne\",\"VTT Electrique\",\"VTT musculaire\"],\"inLanguage\":\"fr-FR\",\"potentialAction\":[{\"@type\":\"CommentAction\",\"name\":\"Comment\",\"target\":[\"https:\\\/\\\/www.cycles-blain.com\\\/fr\\\/magasins-velo\\\/magasin-craponne\\\/nouveau-magasin-velo-vtt-santa-cruz-craponne\\\/#respond\"]}]},{\"@type\":\"WebPage\",\"@id\":\"https:\\\/\\\/www.cycles-blain.com\\\/fr\\\/magasins-velo\\\/magasin-craponne\\\/nouveau-magasin-velo-vtt-santa-cruz-craponne\\\/\",\"url\":\"https:\\\/\\\/www.cycles-blain.com\\\/fr\\\/magasins-velo\\\/magasin-craponne\\\/nouveau-magasin-velo-vtt-santa-cruz-craponne\\\/\",\"name\":\"Nouveau magasin de v\u00e9los Santa Cruz \u00e0 Craponne - Cycles Blain\",\"isPartOf\":{\"@id\":\"https:\\\/\\\/www.cycles-blain.com\\\/fr\\\/#website\"},\"primaryImageOfPage\":{\"@id\":\"https:\\\/\\\/www.cycles-blain.com\\\/fr\\\/magasins-velo\\\/magasin-craponne\\\/nouveau-magasin-velo-vtt-santa-cruz-craponne\\\/#primaryimage\"},\"image\":{\"@id\":\"https:\\\/\\\/www.cycles-blain.com\\\/fr\\\/magasins-velo\\\/magasin-craponne\\\/nouveau-magasin-velo-vtt-santa-cruz-craponne\\\/#primaryimage\"},\"thumbnailUrl\":\"https:\\\/\\\/www.cycles-blain.com\\\/fr\\\/wp-content\\\/uploads\\\/2024\\\/01\\\/magasin-vtt-santa-cruz-craponne-1.jpg\",\"datePublished\":\"2024-01-29T07:17:36+00:00\",\"dateModified\":\"2024-07-24T13:49:46+00:00\",\"description\":\"La c\u00e9l\u00e8bre marque Californienne, de VTT Santa Cruz d\u00e9barque chez CYCLES BLAIN. D\u00e9couvrez les v\u00e9los 2024 Santa Cruz au magasin de Craponne\",\"breadcrumb\":{\"@id\":\"https:\\\/\\\/www.cycles-blain.com\\\/fr\\\/magasins-velo\\\/magasin-craponne\\\/nouveau-magasin-velo-vtt-santa-cruz-craponne\\\/#breadcrumb\"},\"inLanguage\":\"fr-FR\",\"potentialAction\":[{\"@type\":\"ReadAction\",\"target\":[\"https:\\\/\\\/www.cycles-blain.com\\\/fr\\\/magasins-velo\\\/magasin-craponne\\\/nouveau-magasin-velo-vtt-santa-cruz-craponne\\\/\"]}]},{\"@type\":\"ImageObject\",\"inLanguage\":\"fr-FR\",\"@id\":\"https:\\\/\\\/www.cycles-blain.com\\\/fr\\\/magasins-velo\\\/magasin-craponne\\\/nouveau-magasin-velo-vtt-santa-cruz-craponne\\\/#primaryimage\",\"url\":\"https:\\\/\\\/www.cycles-blain.com\\\/fr\\\/wp-content\\\/uploads\\\/2024\\\/01\\\/magasin-vtt-santa-cruz-craponne-1.jpg\",\"contentUrl\":\"https:\\\/\\\/www.cycles-blain.com\\\/fr\\\/wp-content\\\/uploads\\\/2024\\\/01\\\/magasin-vtt-santa-cruz-craponne-1.jpg\",\"width\":600,\"height\":450,\"caption\":\"Magasin de vtt, vttae et gravel Santa Cruz \u00e0 Craponne\"},{\"@type\":\"BreadcrumbList\",\"@id\":\"https:\\\/\\\/www.cycles-blain.com\\\/fr\\\/magasins-velo\\\/magasin-craponne\\\/nouveau-magasin-velo-vtt-santa-cruz-craponne\\\/#breadcrumb\",\"itemListElement\":[{\"@type\":\"ListItem\",\"position\":1,\"name\":\"Accueil\",\"item\":\"https:\\\/\\\/www.cycles-blain.com\\\/fr\\\/\"},{\"@type\":\"ListItem\",\"position\":2,\"name\":\"Nouveau magasin de v\u00e9los Santa Cruz \u00e0 Craponne\"}]},{\"@type\":\"WebSite\",\"@id\":\"https:\\\/\\\/www.cycles-blain.com\\\/fr\\\/#website\",\"url\":\"https:\\\/\\\/www.cycles-blain.com\\\/fr\\\/\",\"name\":\"CyclesBlain - Magasins de v\u00e9los, accessoires et ateliers\",\"description\":\"Blog Cycles Blain\",\"publisher\":{\"@id\":\"https:\\\/\\\/www.cycles-blain.com\\\/fr\\\/#organization\"},\"potentialAction\":[{\"@type\":\"SearchAction\",\"target\":{\"@type\":\"EntryPoint\",\"urlTemplate\":\"https:\\\/\\\/www.cycles-blain.com\\\/fr\\\/?s={search_term_string}\"},\"query-input\":{\"@type\":\"PropertyValueSpecification\",\"valueRequired\":true,\"valueName\":\"search_term_string\"}}],\"inLanguage\":\"fr-FR\"},{\"@type\":\"Organization\",\"@id\":\"https:\\\/\\\/www.cycles-blain.com\\\/fr\\\/#organization\",\"name\":\"CyclesBlain - Magasins de v\u00e9los, accessoires et ateliers\",\"url\":\"https:\\\/\\\/www.cycles-blain.com\\\/fr\\\/\",\"logo\":{\"@type\":\"ImageObject\",\"inLanguage\":\"fr-FR\",\"@id\":\"https:\\\/\\\/www.cycles-blain.com\\\/fr\\\/#\\\/schema\\\/logo\\\/image\\\/\",\"url\":\"https:\\\/\\\/www.cycles-blain.com\\\/fr\\\/wp-content\\\/uploads\\\/2023\\\/10\\\/logo-cycles-blain.jpeg\",\"contentUrl\":\"https:\\\/\\\/www.cycles-blain.com\\\/fr\\\/wp-content\\\/uploads\\\/2023\\\/10\\\/logo-cycles-blain.jpeg\",\"width\":264,\"height\":191,\"caption\":\"CyclesBlain - Magasins de v\u00e9los, accessoires et ateliers\"},\"image\":{\"@id\":\"https:\\\/\\\/www.cycles-blain.com\\\/fr\\\/#\\\/schema\\\/logo\\\/image\\\/\"},\"sameAs\":[\"https:\\\/\\\/www.facebook.com\\\/cyclesblain\\\/?locale=fr_FR\",\"https:\\\/\\\/www.instagram.com\\\/cycles_blain\\\/?hl=fr\"]},{\"@type\":\"Person\",\"@id\":\"https:\\\/\\\/www.cycles-blain.com\\\/fr\\\/#\\\/schema\\\/person\\\/6fb8bad852fde893fb61b7b05936af37\",\"name\":\"Gueweb\",\"image\":{\"@type\":\"ImageObject\",\"inLanguage\":\"fr-FR\",\"@id\":\"https:\\\/\\\/secure.gravatar.com\\\/avatar\\\/52550bc594eb074508114b963209b157358b27e5a0319de1bb723df3f760ca2d?s=96&d=mm&r=g\",\"url\":\"https:\\\/\\\/secure.gravatar.com\\\/avatar\\\/52550bc594eb074508114b963209b157358b27e5a0319de1bb723df3f760ca2d?s=96&d=mm&r=g\",\"contentUrl\":\"https:\\\/\\\/secure.gravatar.com\\\/avatar\\\/52550bc594eb074508114b963209b157358b27e5a0319de1bb723df3f760ca2d?s=96&d=mm&r=g\",\"caption\":\"Gueweb\"},\"sameAs\":[\"https:\\\/\\\/www.cycles-blain.com\\\/\\\/fr\"],\"url\":\"https:\\\/\\\/www.cycles-blain.com\\\/fr\\\/author\\\/gueweb\\\/\"}]}<\/script>\n<!-- \/ Yoast SEO plugin. -->","yoast_head_json":{"title":"Nouveau magasin de v\u00e9los Santa Cruz \u00e0 Craponne - Cycles Blain","description":"La c\u00e9l\u00e8bre marque Californienne, de VTT Santa Cruz d\u00e9barque chez CYCLES BLAIN. D\u00e9couvrez les v\u00e9los 2024 Santa Cruz au magasin de Craponne","robots":{"index":"index","follow":"follow","max-snippet":"max-snippet:-1","max-image-preview":"max-image-preview:large","max-video-preview":"max-video-preview:-1"},"canonical":"https:\/\/www.cycles-blain.com\/fr\/magasins-velo\/magasin-craponne\/nouveau-magasin-velo-vtt-santa-cruz-craponne\/","og_locale":"fr_FR","og_type":"article","og_title":"Nouveau magasin de v\u00e9los Santa Cruz \u00e0 Craponne - Cycles Blain","og_description":"La c\u00e9l\u00e8bre marque Californienne, de VTT Santa Cruz d\u00e9barque chez CYCLES BLAIN. D\u00e9couvrez les v\u00e9los 2024 Santa Cruz au magasin de Craponne","og_url":"https:\/\/www.cycles-blain.com\/fr\/magasins-velo\/magasin-craponne\/nouveau-magasin-velo-vtt-santa-cruz-craponne\/","og_site_name":"CyclesBlain - Magasins de v\u00e9los, accessoires et ateliers","article_publisher":"https:\/\/www.facebook.com\/cyclesblain\/?locale=fr_FR","article_published_time":"2024-01-29T07:17:36+00:00","article_modified_time":"2024-07-24T13:49:46+00:00","og_image":[{"width":600,"height":450,"url":"https:\/\/www.cycles-blain.com\/fr\/wp-content\/uploads\/2024\/01\/magasin-vtt-santa-cruz-craponne-1.jpg","type":"image\/jpeg"}],"author":"Gueweb","twitter_card":"summary_large_image","twitter_misc":{"\u00c9crit par":"Gueweb","Dur\u00e9e de lecture estim\u00e9e":"3 minutes"},"schema":{"@context":"https:\/\/schema.org","@graph":[{"@type":"Article","@id":"https:\/\/www.cycles-blain.com\/fr\/magasins-velo\/magasin-craponne\/nouveau-magasin-velo-vtt-santa-cruz-craponne\/#article","isPartOf":{"@id":"https:\/\/www.cycles-blain.com\/fr\/magasins-velo\/magasin-craponne\/nouveau-magasin-velo-vtt-santa-cruz-craponne\/"},"author":{"name":"Gueweb","@id":"https:\/\/www.cycles-blain.com\/fr\/#\/schema\/person\/6fb8bad852fde893fb61b7b05936af37"},"headline":"Nouveau magasin de v\u00e9los Santa Cruz \u00e0 Craponne","datePublished":"2024-01-29T07:17:36+00:00","dateModified":"2024-07-24T13:49:46+00:00","mainEntityOfPage":{"@id":"https:\/\/www.cycles-blain.com\/fr\/magasins-velo\/magasin-craponne\/nouveau-magasin-velo-vtt-santa-cruz-craponne\/"},"wordCount":490,"commentCount":0,"publisher":{"@id":"https:\/\/www.cycles-blain.com\/fr\/#organization"},"image":{"@id":"https:\/\/www.cycles-blain.com\/fr\/magasins-velo\/magasin-craponne\/nouveau-magasin-velo-vtt-santa-cruz-craponne\/#primaryimage"},"thumbnailUrl":"https:\/\/www.cycles-blain.com\/fr\/wp-content\/uploads\/2024\/01\/magasin-vtt-santa-cruz-craponne-1.jpg","keywords":["gravel","santa cruz","vtt","vtt electrique"],"articleSection":["Actus Magasins","Gravel","Magasin Craponne","VTT Electrique","VTT musculaire"],"inLanguage":"fr-FR","potentialAction":[{"@type":"CommentAction","name":"Comment","target":["https:\/\/www.cycles-blain.com\/fr\/magasins-velo\/magasin-craponne\/nouveau-magasin-velo-vtt-santa-cruz-craponne\/#respond"]}]},{"@type":"WebPage","@id":"https:\/\/www.cycles-blain.com\/fr\/magasins-velo\/magasin-craponne\/nouveau-magasin-velo-vtt-santa-cruz-craponne\/","url":"https:\/\/www.cycles-blain.com\/fr\/magasins-velo\/magasin-craponne\/nouveau-magasin-velo-vtt-santa-cruz-craponne\/","name":"Nouveau magasin de v\u00e9los Santa Cruz \u00e0 Craponne - Cycles Blain","isPartOf":{"@id":"https:\/\/www.cycles-blain.com\/fr\/#website"},"primaryImageOfPage":{"@id":"https:\/\/www.cycles-blain.com\/fr\/magasins-velo\/magasin-craponne\/nouveau-magasin-velo-vtt-santa-cruz-craponne\/#primaryimage"},"image":{"@id":"https:\/\/www.cycles-blain.com\/fr\/magasins-velo\/magasin-craponne\/nouveau-magasin-velo-vtt-santa-cruz-craponne\/#primaryimage"},"thumbnailUrl":"https:\/\/www.cycles-blain.com\/fr\/wp-content\/uploads\/2024\/01\/magasin-vtt-santa-cruz-craponne-1.jpg","datePublished":"2024-01-29T07:17:36+00:00","dateModified":"2024-07-24T13:49:46+00:00","description":"La c\u00e9l\u00e8bre marque Californienne, de VTT Santa Cruz d\u00e9barque chez CYCLES BLAIN. D\u00e9couvrez les v\u00e9los 2024 Santa Cruz au magasin de Craponne","breadcrumb":{"@id":"https:\/\/www.cycles-blain.com\/fr\/magasins-velo\/magasin-craponne\/nouveau-magasin-velo-vtt-santa-cruz-craponne\/#breadcrumb"},"inLanguage":"fr-FR","potentialAction":[{"@type":"ReadAction","target":["https:\/\/www.cycles-blain.com\/fr\/magasins-velo\/magasin-craponne\/nouveau-magasin-velo-vtt-santa-cruz-craponne\/"]}]},{"@type":"ImageObject","inLanguage":"fr-FR","@id":"https:\/\/www.cycles-blain.com\/fr\/magasins-velo\/magasin-craponne\/nouveau-magasin-velo-vtt-santa-cruz-craponne\/#primaryimage","url":"https:\/\/www.cycles-blain.com\/fr\/wp-content\/uploads\/2024\/01\/magasin-vtt-santa-cruz-craponne-1.jpg","contentUrl":"https:\/\/www.cycles-blain.com\/fr\/wp-content\/uploads\/2024\/01\/magasin-vtt-santa-cruz-craponne-1.jpg","width":600,"height":450,"caption":"Magasin de vtt, vttae et gravel Santa Cruz \u00e0 Craponne"},{"@type":"BreadcrumbList","@id":"https:\/\/www.cycles-blain.com\/fr\/magasins-velo\/magasin-craponne\/nouveau-magasin-velo-vtt-santa-cruz-craponne\/#breadcrumb","itemListElement":[{"@type":"ListItem","position":1,"name":"Accueil","item":"https:\/\/www.cycles-blain.com\/fr\/"},{"@type":"ListItem","position":2,"name":"Nouveau magasin de v\u00e9los Santa Cruz \u00e0 Craponne"}]},{"@type":"WebSite","@id":"https:\/\/www.cycles-blain.com\/fr\/#website","url":"https:\/\/www.cycles-blain.com\/fr\/","name":"CyclesBlain - Magasins de v\u00e9los, accessoires et ateliers","description":"Blog Cycles Blain","publisher":{"@id":"https:\/\/www.cycles-blain.com\/fr\/#organization"},"potentialAction":[{"@type":"SearchAction","target":{"@type":"EntryPoint","urlTemplate":"https:\/\/www.cycles-blain.com\/fr\/?s={search_term_string}"},"query-input":{"@type":"PropertyValueSpecification","valueRequired":true,"valueName":"search_term_string"}}],"inLanguage":"fr-FR"},{"@type":"Organization","@id":"https:\/\/www.cycles-blain.com\/fr\/#organization","name":"CyclesBlain - Magasins de v\u00e9los, accessoires et ateliers","url":"https:\/\/www.cycles-blain.com\/fr\/","logo":{"@type":"ImageObject","inLanguage":"fr-FR","@id":"https:\/\/www.cycles-blain.com\/fr\/#\/schema\/logo\/image\/","url":"https:\/\/www.cycles-blain.com\/fr\/wp-content\/uploads\/2023\/10\/logo-cycles-blain.jpeg","contentUrl":"https:\/\/www.cycles-blain.com\/fr\/wp-content\/uploads\/2023\/10\/logo-cycles-blain.jpeg","width":264,"height":191,"caption":"CyclesBlain - Magasins de v\u00e9los, accessoires et ateliers"},"image":{"@id":"https:\/\/www.cycles-blain.com\/fr\/#\/schema\/logo\/image\/"},"sameAs":["https:\/\/www.facebook.com\/cyclesblain\/?locale=fr_FR","https:\/\/www.instagram.com\/cycles_blain\/?hl=fr"]},{"@type":"Person","@id":"https:\/\/www.cycles-blain.com\/fr\/#\/schema\/person\/6fb8bad852fde893fb61b7b05936af37","name":"Gueweb","image":{"@type":"ImageObject","inLanguage":"fr-FR","@id":"https:\/\/secure.gravatar.com\/avatar\/52550bc594eb074508114b963209b157358b27e5a0319de1bb723df3f760ca2d?s=96&d=mm&r=g","url":"https:\/\/secure.gravatar.com\/avatar\/52550bc594eb074508114b963209b157358b27e5a0319de1bb723df3f760ca2d?s=96&d=mm&r=g","contentUrl":"https:\/\/secure.gravatar.com\/avatar\/52550bc594eb074508114b963209b157358b27e5a0319de1bb723df3f760ca2d?s=96&d=mm&r=g","caption":"Gueweb"},"sameAs":["https:\/\/www.cycles-blain.com\/\/fr"],"url":"https:\/\/www.cycles-blain.com\/fr\/author\/gueweb\/"}]}},"_links":{"self":[{"href":"https:\/\/www.cycles-blain.com\/fr\/wp-json\/wp\/v2\/posts\/2899","targetHints":{"allow":["GET"]}}],"collection":[{"href":"https:\/\/www.cycles-blain.com\/fr\/wp-json\/wp\/v2\/posts"}],"about":[{"href":"https:\/\/www.cycles-blain.com\/fr\/wp-json\/wp\/v2\/types\/post"}],"author":[{"embeddable":true,"href":"https:\/\/www.cycles-blain.com\/fr\/wp-json\/wp\/v2\/users\/1"}],"replies":[{"embeddable":true,"href":"https:\/\/www.cycles-blain.com\/fr\/wp-json\/wp\/v2\/comments?post=2899"}],"version-history":[{"count":44,"href":"https:\/\/www.cycles-blain.com\/fr\/wp-json\/wp\/v2\/posts\/2899\/revisions"}],"predecessor-version":[{"id":7003,"href":"https:\/\/www.cycles-blain.com\/fr\/wp-json\/wp\/v2\/posts\/2899\/revisions\/7003"}],"wp:featuredmedia":[{"embeddable":true,"href":"https:\/\/www.cycles-blain.com\/fr\/wp-json\/wp\/v2\/media\/2910"}],"wp:attachment":[{"href":"https:\/\/www.cycles-blain.com\/fr\/wp-json\/wp\/v2\/media?parent=2899"}],"wp:term":[{"taxonomy":"category","embeddable":true,"href":"https:\/\/www.cycles-blain.com\/fr\/wp-json\/wp\/v2\/categories?post=2899"},{"taxonomy":"post_tag","embeddable":true,"href":"https:\/\/www.cycles-blain.com\/fr\/wp-json\/wp\/v2\/tags?post=2899"}],"curies":[{"name":"wp","href":"https:\/\/api.w.org\/{rel}","templated":true}]}}