{"id":3353,"date":"2024-02-13T12:23:19","date_gmt":"2024-02-13T11:23:19","guid":{"rendered":"https:\/\/www.cycles-blain.com\/\/fr\/?p=3353"},"modified":"2024-07-09T10:31:38","modified_gmt":"2024-07-09T08:31:38","slug":"nouveaux-velos-scott-dans-le-magasin-de-velo-craponne","status":"publish","type":"post","link":"https:\/\/www.cycles-blain.com\/fr\/magasins-velo\/magasin-craponne\/nouveaux-velos-scott-dans-le-magasin-de-velo-craponne\/","title":{"rendered":"Nouveaux v\u00e9los SCOTT dans le magasin de v\u00e9los de Craponne"},"content":{"rendered":"\t\t<div data-elementor-type=\"wp-post\" data-elementor-id=\"3353\" class=\"elementor elementor-3353\" data-elementor-post-type=\"post\">\n\t\t\t\t<div class=\"elementor-element elementor-element-eec6997 e-flex e-con-boxed e-con e-parent\" data-id=\"eec6997\" data-element_type=\"container\" data-e-type=\"container\">\n\t\t\t\t\t<div class=\"e-con-inner\">\n\t\t\t\t<div class=\"elementor-element elementor-element-a23412f elementor-widget elementor-widget-heading\" data-id=\"a23412f\" data-element_type=\"widget\" data-e-type=\"widget\" data-widget_type=\"heading.default\">\n\t\t\t\t<div class=\"elementor-widget-container\">\n\t\t\t\t\t<h2 class=\"elementor-heading-title elementor-size-medium\">La marque de v\u00e9los SCOTT est arriv\u00e9e dans le magasin de Craponne de CYCLES BLAIN<\/h2>\t\t\t\t<\/div>\n\t\t\t\t<\/div>\n\t\t\t\t\t<\/div>\n\t\t\t\t<\/div>\n\t\t<div class=\"elementor-element elementor-element-5953305 e-flex e-con-boxed e-con e-parent\" data-id=\"5953305\" data-element_type=\"container\" data-e-type=\"container\">\n\t\t\t\t\t<div class=\"e-con-inner\">\n\t\t\t\t<div class=\"elementor-element elementor-element-a8974a2 elementor-widget elementor-widget-text-editor\" data-id=\"a8974a2\" data-element_type=\"widget\" data-e-type=\"widget\" data-widget_type=\"text-editor.default\">\n\t\t\t\t<div class=\"elementor-widget-container\">\n\t\t\t\t\t\t\t\t\t<p>D\u00e9couvrons ensemble l&rsquo;histoire des v\u00e9los SCOTT et quelques exemples de v\u00e9los SCOTT en stock au magasin de v\u00e9los SCOTT de Craponne, pr\u00e8s de Lyon.<\/p>\t\t\t\t\t\t\t\t<\/div>\n\t\t\t\t<\/div>\n\t\t\t\t<div class=\"elementor-element elementor-element-4a13b33 elementor-widget elementor-widget-heading\" data-id=\"4a13b33\" data-element_type=\"widget\" data-e-type=\"widget\" data-widget_type=\"heading.default\">\n\t\t\t\t<div class=\"elementor-widget-container\">\n\t\t\t\t\t<h3 class=\"elementor-heading-title elementor-size-medium\">D\u00e9couvrez les V\u00e9los SCOTT en stock \u00e0 Craponne<\/h3>\t\t\t\t<\/div>\n\t\t\t\t<\/div>\n\t\t\t\t<div class=\"elementor-element elementor-element-e155610 elementor-widget elementor-widget-text-editor\" data-id=\"e155610\" data-element_type=\"widget\" data-e-type=\"widget\" data-widget_type=\"text-editor.default\">\n\t\t\t\t<div class=\"elementor-widget-container\">\n\t\t\t\t\t\t\t\t\t<p>Le magasin de Craponne propose tous les v\u00e9los SCOTT 2024 sur commande mais aussi plusieurs v\u00e9los SCOTT en stock pr\u00eats \u00e0 rouler :<\/p><ul><li>Des VTT SCOTT comme le c\u00e9l\u00e8bre SCOTT\u00a0<a href=\"https:\/\/www.scott-sports.com\/fr\/fr\/product\/scott-genius-940-bike\" target=\"_blank\" rel=\"noopener\"><b>Genius 940<\/b><\/a>\u00a0ou le\u00a0<b><a href=\"https:\/\/www.scott-sports.com\/fr\/fr\/product\/scott-scale-930-blue-bike\" target=\"_blank\" rel=\"noopener\">Scale 930 blue<\/a>\u00a0<\/b><\/li><li>Des VTT \u00e9lectriques SCOTT comme le SCOTT\u00a0<a href=\"https:\/\/www.scott-sports.com\/fr\/fr\/product\/scott-strike-eride-930-bike-grey\" target=\"_blank\" rel=\"noopener\"><b>Strike 930 Grey<\/b><\/a><\/li><li>Des v\u00e9los de route \/ course ou gravels SCOTT comme le SCOTT\u00a0<a href=\"https:\/\/www.scott-sports.com\/fr\/fr\/product\/scott-addict-rc-15-black-bike\" target=\"_blank\" rel=\"noopener\"><b>Addict RC 15<\/b><\/a><\/li><li>Des v\u00e9los de route <b>femmes<\/b> SCOTT comme le SCOTT\u00a0<a href=\"https:\/\/www.scott-sports.com\/fr\/fr\/product\/scott-contessa-addict-15-bike?article=290495047\" target=\"_blank\" rel=\"noopener\"><b>Contessa Addict 15<\/b><\/a><\/li><\/ul>\t\t\t\t\t\t\t\t<\/div>\n\t\t\t\t<\/div>\n\t\t\t\t<div class=\"elementor-element elementor-element-3efe6d5 elementor-align-right elementor-widget elementor-widget-button\" data-id=\"3efe6d5\" data-element_type=\"widget\" data-e-type=\"widget\" data-widget_type=\"button.default\">\n\t\t\t\t<div class=\"elementor-widget-container\">\n\t\t\t\t\t\t\t\t\t<div class=\"elementor-button-wrapper\">\n\t\t\t\t\t<a class=\"elementor-button elementor-button-link elementor-size-sm\" href=\"https:\/\/www.cycles-blain.com\/\/content\/9-magasin-velos-craponne\">\n\t\t\t\t\t\t<span class=\"elementor-button-content-wrapper\">\n\t\t\t\t\t\t\t\t\t<span class=\"elementor-button-text\">Je vais au magasin Scott de Craponne<\/span>\n\t\t\t\t\t<\/span>\n\t\t\t\t\t<\/a>\n\t\t\t\t<\/div>\n\t\t\t\t\t\t\t\t<\/div>\n\t\t\t\t<\/div>\n\t\t\t\t<div class=\"elementor-element elementor-element-c363fac elementor-widget__width-initial elementor--h-position-center elementor--v-position-middle elementor-arrows-position-inside elementor-pagination-position-inside elementor-widget elementor-widget-slides\" data-id=\"c363fac\" data-element_type=\"widget\" data-e-type=\"widget\" data-settings=\"{&quot;navigation&quot;:&quot;both&quot;,&quot;autoplay&quot;:&quot;yes&quot;,&quot;pause_on_hover&quot;:&quot;yes&quot;,&quot;pause_on_interaction&quot;:&quot;yes&quot;,&quot;autoplay_speed&quot;:5000,&quot;infinite&quot;:&quot;yes&quot;,&quot;transition&quot;:&quot;slide&quot;,&quot;transition_speed&quot;:500}\" data-widget_type=\"slides.default\">\n\t\t\t\t<div class=\"elementor-widget-container\">\n\t\t\t\t\t\t\t\t\t<div class=\"elementor-swiper\">\n\t\t\t\t\t<div class=\"elementor-slides-wrapper elementor-main-swiper swiper\" role=\"region\" aria-roledescription=\"carousel\" aria-label=\"Diapositives\" dir=\"ltr\" data-animation=\"fadeInUp\">\n\t\t\t\t<div class=\"swiper-wrapper elementor-slides\">\n\t\t\t\t\t\t\t\t\t\t<div class=\"elementor-repeater-item-c1e383e swiper-slide\" role=\"group\" aria-roledescription=\"slide\"><div class=\"swiper-slide-bg\" role=\"img\" aria-label=\"V\u00e9lo \u00e9lectrique Scott\"><\/div><div class=\"swiper-slide-inner\" ><div class=\"swiper-slide-contents\"><div class=\"elementor-slide-heading\">VTTAE SCOTT<\/div><\/div><\/div><\/div><div class=\"elementor-repeater-item-4a056e9 swiper-slide\" role=\"group\" aria-roledescription=\"slide\"><div class=\"swiper-slide-bg\" role=\"img\" aria-label=\"VTT SCOTT\"><\/div><div class=\"swiper-slide-inner\" ><div class=\"swiper-slide-contents\"><div class=\"elementor-slide-heading\">VTT SCOTT<\/div><\/div><\/div><\/div><div class=\"elementor-repeater-item-dfb028a swiper-slide\" role=\"group\" aria-roledescription=\"slide\"><div class=\"swiper-slide-bg\" role=\"img\" aria-label=\"Gravel SCOTT\"><\/div><div class=\"swiper-slide-inner\" ><div class=\"swiper-slide-contents\"><div class=\"elementor-slide-heading\">ROUTE ET GRAVEL SCOTT<\/div><\/div><\/div><\/div>\t\t\t\t<\/div>\n\t\t\t\t\t\t\t\t\t\t\t\t\t\t\t<div class=\"elementor-swiper-button elementor-swiper-button-prev\" role=\"button\" tabindex=\"0\" aria-label=\"Diapositive pr\u00e9c\u00e9dente\">\n\t\t\t\t\t\t\t<i aria-hidden=\"true\" class=\"eicon-chevron-left\"><\/i>\t\t\t\t\t\t<\/div>\n\t\t\t\t\t\t<div class=\"elementor-swiper-button elementor-swiper-button-next\" role=\"button\" tabindex=\"0\" aria-label=\"Diapositive suivante\">\n\t\t\t\t\t\t\t<i aria-hidden=\"true\" class=\"eicon-chevron-right\"><\/i>\t\t\t\t\t\t<\/div>\n\t\t\t\t\t\t\t\t\t\t\t\t\t\t\t\t<div class=\"swiper-pagination\"><\/div>\n\t\t\t\t\t\t\t\t\t\t\t\t<\/div>\n\t\t\t\t<\/div>\n\t\t\t\t\t\t\t\t<\/div>\n\t\t\t\t<\/div>\n\t\t\t\t\t<\/div>\n\t\t\t\t<\/div>\n\t\t<div class=\"elementor-element elementor-element-7e7b917 e-flex e-con-boxed e-con e-parent\" data-id=\"7e7b917\" data-element_type=\"container\" data-e-type=\"container\">\n\t\t\t\t\t<div class=\"e-con-inner\">\n\t\t\t\t<div class=\"elementor-element elementor-element-140196d elementor-widget elementor-widget-heading\" data-id=\"140196d\" data-element_type=\"widget\" data-e-type=\"widget\" data-widget_type=\"heading.default\">\n\t\t\t\t<div class=\"elementor-widget-container\">\n\t\t\t\t\t<h3 class=\"elementor-heading-title elementor-size-medium\">Une marque de v\u00e9los pionni\u00e8re en VTT et V\u00e9los de route<\/h3>\t\t\t\t<\/div>\n\t\t\t\t<\/div>\n\t\t\t\t\t<\/div>\n\t\t\t\t<\/div>\n\t\t<div class=\"elementor-element elementor-element-0d2a23e e-flex e-con-boxed e-con e-parent\" data-id=\"0d2a23e\" data-element_type=\"container\" data-e-type=\"container\">\n\t\t\t\t\t<div class=\"e-con-inner\">\n\t\t\t\t<div class=\"elementor-element elementor-element-c640b46 elementor-widget elementor-widget-text-editor\" data-id=\"c640b46\" data-element_type=\"widget\" data-e-type=\"widget\" data-widget_type=\"text-editor.default\">\n\t\t\t\t<div class=\"elementor-widget-container\">\n\t\t\t\t\t\t\t\t\t<p>En v\u00e9los, on peut dire que SCOTT est surtout connu pour ses VTT et V\u00e9los de route gr\u00e2ce \u00e0 plusieurs innovations et victoires :<\/p><ul><li>En <b>1989<\/b>, le premier guidon de v\u00e9lo de course a\u00e9rodynamique aidant Greg Lemon \u00e0 gagner le Tour de France en 1989,<\/li><li>En <b>1995<\/b>, un cadre VTT carbone c\u00e9l\u00e8bre avec le Endorphin r\u00e9compens\u00e9 en coupe du monde et aux jeux Olympiques<\/li><li>En <b>2003<\/b>, le VTT Genius tout suspendu avec son syst\u00e8me innovant de r\u00e9glage de suspensions, victorieux aux championnats du monde la m\u00eame ann\u00e9e.<\/li><li>En <b>2007<\/b>, le nouveau cadre de v\u00e9lo de route Addict, ultra l\u00e9ger avec un v\u00e9lo de course pesant seulement 5,9 kg !<\/li><li>D\u00e8s <b>2011<\/b>, SCOTT se lance dans les v\u00e9los \u00e9lectriques avec Bosch<\/li><li>D\u00e8s <b>2012<\/b>, SCOTT est pr\u00e9curseur avec les premiers vtt 27.5 pouces sur le Scale 700 et le Genius 700, dont le premier voit la victoire en championnat du monde avec le pilote Nino Schurter.<\/li><li>En <b>2017<\/b>, SCOTT confirme son avance avec le v\u00e9lo de course le plus l\u00e9ger du march\u00e9 dot\u00e9 de freins \u00e0 disques : le Foil Disc.<\/li><li>Le m\u00eame coureur ne s&rsquo;est pas arr\u00eat\u00e9 l\u00e0 puisqu&rsquo;il remporte avec son VTT SCOTT les Jo de RIO en <b>2016 <\/b>et toutes les courses de coupe du monde <b>2017 <\/b>! En <b>2021<\/b>, il f\u00eate son 9\u00e8me titre de champion du monde de vtt cross country !<\/li><\/ul><p><b>Si vous en doutiez encore, la marque SCOTT aura certainement un v\u00e9lo qui correspond \u00e0 vos besoins et votre pratique du v\u00e9lo que ce soit en amateur passionn\u00e9, en loisirs ou pour la comp\u00e9tition !<\/b><\/p>\t\t\t\t\t\t\t\t<\/div>\n\t\t\t\t<\/div>\n\t\t\t\t\t<\/div>\n\t\t\t\t<\/div>\n\t\t<div class=\"elementor-element elementor-element-479a54a e-flex e-con-boxed e-con e-parent\" data-id=\"479a54a\" data-element_type=\"container\" data-e-type=\"container\">\n\t\t\t\t\t<div class=\"e-con-inner\">\n\t\t\t\t<div class=\"elementor-element elementor-element-bea323f elementor-align-center elementor-widget elementor-widget-button\" data-id=\"bea323f\" data-element_type=\"widget\" data-e-type=\"widget\" data-widget_type=\"button.default\">\n\t\t\t\t<div class=\"elementor-widget-container\">\n\t\t\t\t\t\t\t\t\t<div class=\"elementor-button-wrapper\">\n\t\t\t\t\t<a class=\"elementor-button elementor-button-link elementor-size-sm\" href=\"https:\/\/www.cycles-blain.com\/\/brand\/10-scott\">\n\t\t\t\t\t\t<span class=\"elementor-button-content-wrapper\">\n\t\t\t\t\t\t\t\t\t<span class=\"elementor-button-text\">Je trouve un v\u00e9lo SCOTT<\/span>\n\t\t\t\t\t<\/span>\n\t\t\t\t\t<\/a>\n\t\t\t\t<\/div>\n\t\t\t\t\t\t\t\t<\/div>\n\t\t\t\t<\/div>\n\t\t\t\t\t<\/div>\n\t\t\t\t<\/div>\n\t\t<div class=\"elementor-element elementor-element-c2eb3ea e-flex e-con-boxed e-con e-parent\" data-id=\"c2eb3ea\" data-element_type=\"container\" data-e-type=\"container\">\n\t\t\t\t\t<div class=\"e-con-inner\">\n\t\t\t\t<div class=\"elementor-element elementor-element-3709c9f elementor-widget elementor-widget-image\" data-id=\"3709c9f\" data-element_type=\"widget\" data-e-type=\"widget\" data-widget_type=\"image.default\">\n\t\t\t\t<div class=\"elementor-widget-container\">\n\t\t\t\t\t\t\t\t\t\t\t\t\t\t\t<img decoding=\"async\" src=\"https:\/\/www.cycles-blain.com\/fr\/wp-content\/uploads\/elementor\/thumbs\/2021-nino-schurter-xco-vtt-scott-qqswb1npxir0nn4srg8si75jr08210x3l8y742m7xc.jpg\" title=\"2021-nino-schurter-xco-vtt-scott\" alt=\"Nino Schurter Champion du monde 2021 avec SCOTT\" loading=\"lazy\" \/>\t\t\t\t\t\t\t\t\t\t\t\t\t\t\t<\/div>\n\t\t\t\t<\/div>\n\t\t\t\t\t<\/div>\n\t\t\t\t<\/div>\n\t\t<div class=\"elementor-element elementor-element-a638cb9 e-flex e-con-boxed e-con e-parent\" data-id=\"a638cb9\" data-element_type=\"container\" data-e-type=\"container\">\n\t\t\t\t\t<div class=\"e-con-inner\">\n\t\t\t\t<div class=\"elementor-element elementor-element-65d4e06 elementor-widget elementor-widget-text-editor\" data-id=\"65d4e06\" data-element_type=\"widget\" data-e-type=\"widget\" data-widget_type=\"text-editor.default\">\n\t\t\t\t<div class=\"elementor-widget-container\">\n\t\t\t\t\t\t\t\t\t<a style=\"text-align: var(--text-align); font-size: 1rem;\" href=\"https:\/\/www.scott-sports.com\/fr\/fr\/page\/history\" target=\"_blank\" rel=\"noopener\">Photo Scott-sports.com<\/a>\t\t\t\t\t\t\t\t<\/div>\n\t\t\t\t<\/div>\n\t\t\t\t\t<\/div>\n\t\t\t\t<\/div>\n\t\t\t\t<\/div>\n\t\t","protected":false},"excerpt":{"rendered":"<p>La marque de v\u00e9los SCOTT est arriv\u00e9e dans le magasin Cycles Blain de Craponne.<\/p>\n","protected":false},"author":1,"featured_media":3551,"comment_status":"open","ping_status":"open","sticky":false,"template":"","format":"standard","meta":{"site-sidebar-layout":"default","site-content-layout":"","ast-site-content-layout":"default","site-content-style":"default","site-sidebar-style":"default","ast-global-header-display":"","ast-banner-title-visibility":"","ast-main-header-display":"","ast-hfb-above-header-display":"","ast-hfb-below-header-display":"","ast-hfb-mobile-header-display":"","site-post-title":"","ast-breadcrumbs-content":"","ast-featured-img":"","footer-sml-layout":"","theme-transparent-header-meta":"","adv-header-id-meta":"","stick-header-meta":"","header-above-stick-meta":"","header-main-stick-meta":"","header-below-stick-meta":"","astra-migrate-meta-layouts":"set","ast-page-background-enabled":"default","ast-page-background-meta":{"desktop":{"background-color":"","background-image":"","background-repeat":"repeat","background-position":"center center","background-size":"auto","background-attachment":"scroll","background-type":"","background-media":"","overlay-type":"","overlay-color":"","overlay-gradient":""},"tablet":{"background-color":"","background-image":"","background-repeat":"repeat","background-position":"center center","background-size":"auto","background-attachment":"scroll","background-type":"","background-media":"","overlay-type":"","overlay-color":"","overlay-gradient":""},"mobile":{"background-color":"","background-image":"","background-repeat":"repeat","background-position":"center center","background-size":"auto","background-attachment":"scroll","background-type":"","background-media":"","overlay-type":"","overlay-color":"","overlay-gradient":""}},"ast-content-background-meta":{"desktop":{"background-color":"var(--ast-global-color-5)","background-image":"","background-repeat":"repeat","background-position":"center center","background-size":"auto","background-attachment":"scroll","background-type":"","background-media":"","overlay-type":"","overlay-color":"","overlay-gradient":""},"tablet":{"background-color":"var(--ast-global-color-5)","background-image":"","background-repeat":"repeat","background-position":"center center","background-size":"auto","background-attachment":"scroll","background-type":"","background-media":"","overlay-type":"","overlay-color":"","overlay-gradient":""},"mobile":{"background-color":"var(--ast-global-color-5)","background-image":"","background-repeat":"repeat","background-position":"center center","background-size":"auto","background-attachment":"scroll","background-type":"","background-media":"","overlay-type":"","overlay-color":"","overlay-gradient":""}},"footnotes":""},"categories":[6,78],"tags":[153,154,152],"class_list":["post-3353","post","type-post","status-publish","format-standard","has-post-thumbnail","hentry","category-magasins-velo","category-magasin-craponne","tag-magasin-craponne","tag-magasin-scott","tag-scott"],"yoast_head":"<!-- This site is optimized with the Yoast SEO plugin v27.5 - https:\/\/yoast.com\/product\/yoast-seo-wordpress\/ -->\n<title>Nouveaux v\u00e9los SCOTT dans le magasin de v\u00e9los de Craponne - CYCLES BLAIN<\/title>\n<meta name=\"description\" content=\"La marque de v\u00e9los SCOTT est arriv\u00e9e dans le magasin CYCLES BLAIN de Craponne : Venez d\u00e9couvrir les vtt, v\u00e9los \u00e9lectriques, route et gravels SCOTT\" \/>\n<meta name=\"robots\" content=\"index, follow, max-snippet:-1, max-image-preview:large, max-video-preview:-1\" \/>\n<link rel=\"canonical\" href=\"https:\/\/www.cycles-blain.com\/fr\/magasins-velo\/magasin-craponne\/nouveaux-velos-scott-dans-le-magasin-de-velo-craponne\/\" \/>\n<meta property=\"og:locale\" content=\"fr_FR\" \/>\n<meta property=\"og:type\" content=\"article\" \/>\n<meta property=\"og:title\" content=\"Nouveaux v\u00e9los SCOTT dans le magasin de v\u00e9los de Craponne - CYCLES BLAIN\" \/>\n<meta property=\"og:description\" content=\"La marque de v\u00e9los SCOTT est arriv\u00e9e dans le magasin CYCLES BLAIN de Craponne : Venez d\u00e9couvrir les vtt, v\u00e9los \u00e9lectriques, route et gravels SCOTT\" \/>\n<meta property=\"og:url\" content=\"https:\/\/www.cycles-blain.com\/fr\/magasins-velo\/magasin-craponne\/nouveaux-velos-scott-dans-le-magasin-de-velo-craponne\/\" \/>\n<meta property=\"og:site_name\" content=\"CyclesBlain - Magasins de v\u00e9los, accessoires et ateliers\" \/>\n<meta property=\"article:publisher\" content=\"https:\/\/www.facebook.com\/cyclesblain\/?locale=fr_FR\" \/>\n<meta property=\"article:published_time\" content=\"2024-02-13T11:23:19+00:00\" \/>\n<meta property=\"article:modified_time\" content=\"2024-07-09T08:31:38+00:00\" \/>\n<meta property=\"og:image\" content=\"https:\/\/www.cycles-blain.com\/fr\/wp-content\/uploads\/2024\/02\/boutique-scott-velos-craponne600.jpg\" \/>\n\t<meta property=\"og:image:width\" content=\"600\" \/>\n\t<meta property=\"og:image:height\" content=\"450\" \/>\n\t<meta property=\"og:image:type\" content=\"image\/jpeg\" \/>\n<meta name=\"author\" content=\"Gueweb\" \/>\n<meta name=\"twitter:card\" content=\"summary_large_image\" \/>\n<meta name=\"twitter:label1\" content=\"\u00c9crit par\" \/>\n\t<meta name=\"twitter:data1\" content=\"Gueweb\" \/>\n\t<meta name=\"twitter:label2\" content=\"Dur\u00e9e de lecture estim\u00e9e\" \/>\n\t<meta name=\"twitter:data2\" content=\"3 minutes\" \/>\n<script type=\"application\/ld+json\" class=\"yoast-schema-graph\">{\"@context\":\"https:\\\/\\\/schema.org\",\"@graph\":[{\"@type\":\"Article\",\"@id\":\"https:\\\/\\\/www.cycles-blain.com\\\/fr\\\/magasins-velo\\\/magasin-craponne\\\/nouveaux-velos-scott-dans-le-magasin-de-velo-craponne\\\/#article\",\"isPartOf\":{\"@id\":\"https:\\\/\\\/www.cycles-blain.com\\\/fr\\\/magasins-velo\\\/magasin-craponne\\\/nouveaux-velos-scott-dans-le-magasin-de-velo-craponne\\\/\"},\"author\":{\"name\":\"Gueweb\",\"@id\":\"https:\\\/\\\/www.cycles-blain.com\\\/fr\\\/#\\\/schema\\\/person\\\/6fb8bad852fde893fb61b7b05936af37\"},\"headline\":\"Nouveaux v\u00e9los SCOTT dans le magasin de v\u00e9los de Craponne\",\"datePublished\":\"2024-02-13T11:23:19+00:00\",\"dateModified\":\"2024-07-09T08:31:38+00:00\",\"mainEntityOfPage\":{\"@id\":\"https:\\\/\\\/www.cycles-blain.com\\\/fr\\\/magasins-velo\\\/magasin-craponne\\\/nouveaux-velos-scott-dans-le-magasin-de-velo-craponne\\\/\"},\"wordCount\":446,\"commentCount\":0,\"publisher\":{\"@id\":\"https:\\\/\\\/www.cycles-blain.com\\\/fr\\\/#organization\"},\"image\":{\"@id\":\"https:\\\/\\\/www.cycles-blain.com\\\/fr\\\/magasins-velo\\\/magasin-craponne\\\/nouveaux-velos-scott-dans-le-magasin-de-velo-craponne\\\/#primaryimage\"},\"thumbnailUrl\":\"https:\\\/\\\/www.cycles-blain.com\\\/fr\\\/wp-content\\\/uploads\\\/2024\\\/02\\\/boutique-scott-velos-craponne600.jpg\",\"keywords\":[\"magasin craponne\",\"magasin scott\",\"scott\"],\"articleSection\":[\"Actus Magasins\",\"Magasin Craponne\"],\"inLanguage\":\"fr-FR\",\"potentialAction\":[{\"@type\":\"CommentAction\",\"name\":\"Comment\",\"target\":[\"https:\\\/\\\/www.cycles-blain.com\\\/fr\\\/magasins-velo\\\/magasin-craponne\\\/nouveaux-velos-scott-dans-le-magasin-de-velo-craponne\\\/#respond\"]}]},{\"@type\":\"WebPage\",\"@id\":\"https:\\\/\\\/www.cycles-blain.com\\\/fr\\\/magasins-velo\\\/magasin-craponne\\\/nouveaux-velos-scott-dans-le-magasin-de-velo-craponne\\\/\",\"url\":\"https:\\\/\\\/www.cycles-blain.com\\\/fr\\\/magasins-velo\\\/magasin-craponne\\\/nouveaux-velos-scott-dans-le-magasin-de-velo-craponne\\\/\",\"name\":\"Nouveaux v\u00e9los SCOTT dans le magasin de v\u00e9los de Craponne - CYCLES BLAIN\",\"isPartOf\":{\"@id\":\"https:\\\/\\\/www.cycles-blain.com\\\/fr\\\/#website\"},\"primaryImageOfPage\":{\"@id\":\"https:\\\/\\\/www.cycles-blain.com\\\/fr\\\/magasins-velo\\\/magasin-craponne\\\/nouveaux-velos-scott-dans-le-magasin-de-velo-craponne\\\/#primaryimage\"},\"image\":{\"@id\":\"https:\\\/\\\/www.cycles-blain.com\\\/fr\\\/magasins-velo\\\/magasin-craponne\\\/nouveaux-velos-scott-dans-le-magasin-de-velo-craponne\\\/#primaryimage\"},\"thumbnailUrl\":\"https:\\\/\\\/www.cycles-blain.com\\\/fr\\\/wp-content\\\/uploads\\\/2024\\\/02\\\/boutique-scott-velos-craponne600.jpg\",\"datePublished\":\"2024-02-13T11:23:19+00:00\",\"dateModified\":\"2024-07-09T08:31:38+00:00\",\"description\":\"La marque de v\u00e9los SCOTT est arriv\u00e9e dans le magasin CYCLES BLAIN de Craponne : Venez d\u00e9couvrir les vtt, v\u00e9los \u00e9lectriques, route et gravels SCOTT\",\"breadcrumb\":{\"@id\":\"https:\\\/\\\/www.cycles-blain.com\\\/fr\\\/magasins-velo\\\/magasin-craponne\\\/nouveaux-velos-scott-dans-le-magasin-de-velo-craponne\\\/#breadcrumb\"},\"inLanguage\":\"fr-FR\",\"potentialAction\":[{\"@type\":\"ReadAction\",\"target\":[\"https:\\\/\\\/www.cycles-blain.com\\\/fr\\\/magasins-velo\\\/magasin-craponne\\\/nouveaux-velos-scott-dans-le-magasin-de-velo-craponne\\\/\"]}]},{\"@type\":\"ImageObject\",\"inLanguage\":\"fr-FR\",\"@id\":\"https:\\\/\\\/www.cycles-blain.com\\\/fr\\\/magasins-velo\\\/magasin-craponne\\\/nouveaux-velos-scott-dans-le-magasin-de-velo-craponne\\\/#primaryimage\",\"url\":\"https:\\\/\\\/www.cycles-blain.com\\\/fr\\\/wp-content\\\/uploads\\\/2024\\\/02\\\/boutique-scott-velos-craponne600.jpg\",\"contentUrl\":\"https:\\\/\\\/www.cycles-blain.com\\\/fr\\\/wp-content\\\/uploads\\\/2024\\\/02\\\/boutique-scott-velos-craponne600.jpg\",\"width\":600,\"height\":450,\"caption\":\"Magasin v\u00e9lo SCOTT \u00e0 Craponne\"},{\"@type\":\"BreadcrumbList\",\"@id\":\"https:\\\/\\\/www.cycles-blain.com\\\/fr\\\/magasins-velo\\\/magasin-craponne\\\/nouveaux-velos-scott-dans-le-magasin-de-velo-craponne\\\/#breadcrumb\",\"itemListElement\":[{\"@type\":\"ListItem\",\"position\":1,\"name\":\"Accueil\",\"item\":\"https:\\\/\\\/www.cycles-blain.com\\\/fr\\\/\"},{\"@type\":\"ListItem\",\"position\":2,\"name\":\"Nouveaux v\u00e9los SCOTT dans le magasin de v\u00e9los de Craponne\"}]},{\"@type\":\"WebSite\",\"@id\":\"https:\\\/\\\/www.cycles-blain.com\\\/fr\\\/#website\",\"url\":\"https:\\\/\\\/www.cycles-blain.com\\\/fr\\\/\",\"name\":\"CyclesBlain - Magasins de v\u00e9los, accessoires et ateliers\",\"description\":\"Blog Cycles Blain\",\"publisher\":{\"@id\":\"https:\\\/\\\/www.cycles-blain.com\\\/fr\\\/#organization\"},\"potentialAction\":[{\"@type\":\"SearchAction\",\"target\":{\"@type\":\"EntryPoint\",\"urlTemplate\":\"https:\\\/\\\/www.cycles-blain.com\\\/fr\\\/?s={search_term_string}\"},\"query-input\":{\"@type\":\"PropertyValueSpecification\",\"valueRequired\":true,\"valueName\":\"search_term_string\"}}],\"inLanguage\":\"fr-FR\"},{\"@type\":\"Organization\",\"@id\":\"https:\\\/\\\/www.cycles-blain.com\\\/fr\\\/#organization\",\"name\":\"CyclesBlain - Magasins de v\u00e9los, accessoires et ateliers\",\"url\":\"https:\\\/\\\/www.cycles-blain.com\\\/fr\\\/\",\"logo\":{\"@type\":\"ImageObject\",\"inLanguage\":\"fr-FR\",\"@id\":\"https:\\\/\\\/www.cycles-blain.com\\\/fr\\\/#\\\/schema\\\/logo\\\/image\\\/\",\"url\":\"https:\\\/\\\/www.cycles-blain.com\\\/fr\\\/wp-content\\\/uploads\\\/2023\\\/10\\\/logo-cycles-blain.jpeg\",\"contentUrl\":\"https:\\\/\\\/www.cycles-blain.com\\\/fr\\\/wp-content\\\/uploads\\\/2023\\\/10\\\/logo-cycles-blain.jpeg\",\"width\":264,\"height\":191,\"caption\":\"CyclesBlain - Magasins de v\u00e9los, accessoires et ateliers\"},\"image\":{\"@id\":\"https:\\\/\\\/www.cycles-blain.com\\\/fr\\\/#\\\/schema\\\/logo\\\/image\\\/\"},\"sameAs\":[\"https:\\\/\\\/www.facebook.com\\\/cyclesblain\\\/?locale=fr_FR\",\"https:\\\/\\\/www.instagram.com\\\/cycles_blain\\\/?hl=fr\"]},{\"@type\":\"Person\",\"@id\":\"https:\\\/\\\/www.cycles-blain.com\\\/fr\\\/#\\\/schema\\\/person\\\/6fb8bad852fde893fb61b7b05936af37\",\"name\":\"Gueweb\",\"image\":{\"@type\":\"ImageObject\",\"inLanguage\":\"fr-FR\",\"@id\":\"https:\\\/\\\/secure.gravatar.com\\\/avatar\\\/52550bc594eb074508114b963209b157358b27e5a0319de1bb723df3f760ca2d?s=96&d=mm&r=g\",\"url\":\"https:\\\/\\\/secure.gravatar.com\\\/avatar\\\/52550bc594eb074508114b963209b157358b27e5a0319de1bb723df3f760ca2d?s=96&d=mm&r=g\",\"contentUrl\":\"https:\\\/\\\/secure.gravatar.com\\\/avatar\\\/52550bc594eb074508114b963209b157358b27e5a0319de1bb723df3f760ca2d?s=96&d=mm&r=g\",\"caption\":\"Gueweb\"},\"sameAs\":[\"https:\\\/\\\/www.cycles-blain.com\\\/\\\/fr\"],\"url\":\"https:\\\/\\\/www.cycles-blain.com\\\/fr\\\/author\\\/gueweb\\\/\"}]}<\/script>\n<!-- \/ Yoast SEO plugin. -->","yoast_head_json":{"title":"Nouveaux v\u00e9los SCOTT dans le magasin de v\u00e9los de Craponne - CYCLES BLAIN","description":"La marque de v\u00e9los SCOTT est arriv\u00e9e dans le magasin CYCLES BLAIN de Craponne : Venez d\u00e9couvrir les vtt, v\u00e9los \u00e9lectriques, route et gravels SCOTT","robots":{"index":"index","follow":"follow","max-snippet":"max-snippet:-1","max-image-preview":"max-image-preview:large","max-video-preview":"max-video-preview:-1"},"canonical":"https:\/\/www.cycles-blain.com\/fr\/magasins-velo\/magasin-craponne\/nouveaux-velos-scott-dans-le-magasin-de-velo-craponne\/","og_locale":"fr_FR","og_type":"article","og_title":"Nouveaux v\u00e9los SCOTT dans le magasin de v\u00e9los de Craponne - CYCLES BLAIN","og_description":"La marque de v\u00e9los SCOTT est arriv\u00e9e dans le magasin CYCLES BLAIN de Craponne : Venez d\u00e9couvrir les vtt, v\u00e9los \u00e9lectriques, route et gravels SCOTT","og_url":"https:\/\/www.cycles-blain.com\/fr\/magasins-velo\/magasin-craponne\/nouveaux-velos-scott-dans-le-magasin-de-velo-craponne\/","og_site_name":"CyclesBlain - Magasins de v\u00e9los, accessoires et ateliers","article_publisher":"https:\/\/www.facebook.com\/cyclesblain\/?locale=fr_FR","article_published_time":"2024-02-13T11:23:19+00:00","article_modified_time":"2024-07-09T08:31:38+00:00","og_image":[{"width":600,"height":450,"url":"https:\/\/www.cycles-blain.com\/fr\/wp-content\/uploads\/2024\/02\/boutique-scott-velos-craponne600.jpg","type":"image\/jpeg"}],"author":"Gueweb","twitter_card":"summary_large_image","twitter_misc":{"\u00c9crit par":"Gueweb","Dur\u00e9e de lecture estim\u00e9e":"3 minutes"},"schema":{"@context":"https:\/\/schema.org","@graph":[{"@type":"Article","@id":"https:\/\/www.cycles-blain.com\/fr\/magasins-velo\/magasin-craponne\/nouveaux-velos-scott-dans-le-magasin-de-velo-craponne\/#article","isPartOf":{"@id":"https:\/\/www.cycles-blain.com\/fr\/magasins-velo\/magasin-craponne\/nouveaux-velos-scott-dans-le-magasin-de-velo-craponne\/"},"author":{"name":"Gueweb","@id":"https:\/\/www.cycles-blain.com\/fr\/#\/schema\/person\/6fb8bad852fde893fb61b7b05936af37"},"headline":"Nouveaux v\u00e9los SCOTT dans le magasin de v\u00e9los de Craponne","datePublished":"2024-02-13T11:23:19+00:00","dateModified":"2024-07-09T08:31:38+00:00","mainEntityOfPage":{"@id":"https:\/\/www.cycles-blain.com\/fr\/magasins-velo\/magasin-craponne\/nouveaux-velos-scott-dans-le-magasin-de-velo-craponne\/"},"wordCount":446,"commentCount":0,"publisher":{"@id":"https:\/\/www.cycles-blain.com\/fr\/#organization"},"image":{"@id":"https:\/\/www.cycles-blain.com\/fr\/magasins-velo\/magasin-craponne\/nouveaux-velos-scott-dans-le-magasin-de-velo-craponne\/#primaryimage"},"thumbnailUrl":"https:\/\/www.cycles-blain.com\/fr\/wp-content\/uploads\/2024\/02\/boutique-scott-velos-craponne600.jpg","keywords":["magasin craponne","magasin scott","scott"],"articleSection":["Actus Magasins","Magasin Craponne"],"inLanguage":"fr-FR","potentialAction":[{"@type":"CommentAction","name":"Comment","target":["https:\/\/www.cycles-blain.com\/fr\/magasins-velo\/magasin-craponne\/nouveaux-velos-scott-dans-le-magasin-de-velo-craponne\/#respond"]}]},{"@type":"WebPage","@id":"https:\/\/www.cycles-blain.com\/fr\/magasins-velo\/magasin-craponne\/nouveaux-velos-scott-dans-le-magasin-de-velo-craponne\/","url":"https:\/\/www.cycles-blain.com\/fr\/magasins-velo\/magasin-craponne\/nouveaux-velos-scott-dans-le-magasin-de-velo-craponne\/","name":"Nouveaux v\u00e9los SCOTT dans le magasin de v\u00e9los de Craponne - CYCLES BLAIN","isPartOf":{"@id":"https:\/\/www.cycles-blain.com\/fr\/#website"},"primaryImageOfPage":{"@id":"https:\/\/www.cycles-blain.com\/fr\/magasins-velo\/magasin-craponne\/nouveaux-velos-scott-dans-le-magasin-de-velo-craponne\/#primaryimage"},"image":{"@id":"https:\/\/www.cycles-blain.com\/fr\/magasins-velo\/magasin-craponne\/nouveaux-velos-scott-dans-le-magasin-de-velo-craponne\/#primaryimage"},"thumbnailUrl":"https:\/\/www.cycles-blain.com\/fr\/wp-content\/uploads\/2024\/02\/boutique-scott-velos-craponne600.jpg","datePublished":"2024-02-13T11:23:19+00:00","dateModified":"2024-07-09T08:31:38+00:00","description":"La marque de v\u00e9los SCOTT est arriv\u00e9e dans le magasin CYCLES BLAIN de Craponne : Venez d\u00e9couvrir les vtt, v\u00e9los \u00e9lectriques, route et gravels SCOTT","breadcrumb":{"@id":"https:\/\/www.cycles-blain.com\/fr\/magasins-velo\/magasin-craponne\/nouveaux-velos-scott-dans-le-magasin-de-velo-craponne\/#breadcrumb"},"inLanguage":"fr-FR","potentialAction":[{"@type":"ReadAction","target":["https:\/\/www.cycles-blain.com\/fr\/magasins-velo\/magasin-craponne\/nouveaux-velos-scott-dans-le-magasin-de-velo-craponne\/"]}]},{"@type":"ImageObject","inLanguage":"fr-FR","@id":"https:\/\/www.cycles-blain.com\/fr\/magasins-velo\/magasin-craponne\/nouveaux-velos-scott-dans-le-magasin-de-velo-craponne\/#primaryimage","url":"https:\/\/www.cycles-blain.com\/fr\/wp-content\/uploads\/2024\/02\/boutique-scott-velos-craponne600.jpg","contentUrl":"https:\/\/www.cycles-blain.com\/fr\/wp-content\/uploads\/2024\/02\/boutique-scott-velos-craponne600.jpg","width":600,"height":450,"caption":"Magasin v\u00e9lo SCOTT \u00e0 Craponne"},{"@type":"BreadcrumbList","@id":"https:\/\/www.cycles-blain.com\/fr\/magasins-velo\/magasin-craponne\/nouveaux-velos-scott-dans-le-magasin-de-velo-craponne\/#breadcrumb","itemListElement":[{"@type":"ListItem","position":1,"name":"Accueil","item":"https:\/\/www.cycles-blain.com\/fr\/"},{"@type":"ListItem","position":2,"name":"Nouveaux v\u00e9los SCOTT dans le magasin de v\u00e9los de Craponne"}]},{"@type":"WebSite","@id":"https:\/\/www.cycles-blain.com\/fr\/#website","url":"https:\/\/www.cycles-blain.com\/fr\/","name":"CyclesBlain - Magasins de v\u00e9los, accessoires et ateliers","description":"Blog Cycles Blain","publisher":{"@id":"https:\/\/www.cycles-blain.com\/fr\/#organization"},"potentialAction":[{"@type":"SearchAction","target":{"@type":"EntryPoint","urlTemplate":"https:\/\/www.cycles-blain.com\/fr\/?s={search_term_string}"},"query-input":{"@type":"PropertyValueSpecification","valueRequired":true,"valueName":"search_term_string"}}],"inLanguage":"fr-FR"},{"@type":"Organization","@id":"https:\/\/www.cycles-blain.com\/fr\/#organization","name":"CyclesBlain - Magasins de v\u00e9los, accessoires et ateliers","url":"https:\/\/www.cycles-blain.com\/fr\/","logo":{"@type":"ImageObject","inLanguage":"fr-FR","@id":"https:\/\/www.cycles-blain.com\/fr\/#\/schema\/logo\/image\/","url":"https:\/\/www.cycles-blain.com\/fr\/wp-content\/uploads\/2023\/10\/logo-cycles-blain.jpeg","contentUrl":"https:\/\/www.cycles-blain.com\/fr\/wp-content\/uploads\/2023\/10\/logo-cycles-blain.jpeg","width":264,"height":191,"caption":"CyclesBlain - Magasins de v\u00e9los, accessoires et ateliers"},"image":{"@id":"https:\/\/www.cycles-blain.com\/fr\/#\/schema\/logo\/image\/"},"sameAs":["https:\/\/www.facebook.com\/cyclesblain\/?locale=fr_FR","https:\/\/www.instagram.com\/cycles_blain\/?hl=fr"]},{"@type":"Person","@id":"https:\/\/www.cycles-blain.com\/fr\/#\/schema\/person\/6fb8bad852fde893fb61b7b05936af37","name":"Gueweb","image":{"@type":"ImageObject","inLanguage":"fr-FR","@id":"https:\/\/secure.gravatar.com\/avatar\/52550bc594eb074508114b963209b157358b27e5a0319de1bb723df3f760ca2d?s=96&d=mm&r=g","url":"https:\/\/secure.gravatar.com\/avatar\/52550bc594eb074508114b963209b157358b27e5a0319de1bb723df3f760ca2d?s=96&d=mm&r=g","contentUrl":"https:\/\/secure.gravatar.com\/avatar\/52550bc594eb074508114b963209b157358b27e5a0319de1bb723df3f760ca2d?s=96&d=mm&r=g","caption":"Gueweb"},"sameAs":["https:\/\/www.cycles-blain.com\/\/fr"],"url":"https:\/\/www.cycles-blain.com\/fr\/author\/gueweb\/"}]}},"_links":{"self":[{"href":"https:\/\/www.cycles-blain.com\/fr\/wp-json\/wp\/v2\/posts\/3353","targetHints":{"allow":["GET"]}}],"collection":[{"href":"https:\/\/www.cycles-blain.com\/fr\/wp-json\/wp\/v2\/posts"}],"about":[{"href":"https:\/\/www.cycles-blain.com\/fr\/wp-json\/wp\/v2\/types\/post"}],"author":[{"embeddable":true,"href":"https:\/\/www.cycles-blain.com\/fr\/wp-json\/wp\/v2\/users\/1"}],"replies":[{"embeddable":true,"href":"https:\/\/www.cycles-blain.com\/fr\/wp-json\/wp\/v2\/comments?post=3353"}],"version-history":[{"count":54,"href":"https:\/\/www.cycles-blain.com\/fr\/wp-json\/wp\/v2\/posts\/3353\/revisions"}],"predecessor-version":[{"id":6517,"href":"https:\/\/www.cycles-blain.com\/fr\/wp-json\/wp\/v2\/posts\/3353\/revisions\/6517"}],"wp:featuredmedia":[{"embeddable":true,"href":"https:\/\/www.cycles-blain.com\/fr\/wp-json\/wp\/v2\/media\/3551"}],"wp:attachment":[{"href":"https:\/\/www.cycles-blain.com\/fr\/wp-json\/wp\/v2\/media?parent=3353"}],"wp:term":[{"taxonomy":"category","embeddable":true,"href":"https:\/\/www.cycles-blain.com\/fr\/wp-json\/wp\/v2\/categories?post=3353"},{"taxonomy":"post_tag","embeddable":true,"href":"https:\/\/www.cycles-blain.com\/fr\/wp-json\/wp\/v2\/tags?post=3353"}],"curies":[{"name":"wp","href":"https:\/\/api.w.org\/{rel}","templated":true}]}}