{"id":3636,"date":"2024-02-21T15:57:26","date_gmt":"2024-02-21T14:57:26","guid":{"rendered":"https:\/\/www.cycles-blain.com\/\/fr\/?p=3636"},"modified":"2024-07-09T12:18:46","modified_gmt":"2024-07-09T10:18:46","slug":"location-velo-electrique-lyon","status":"publish","type":"post","link":"https:\/\/www.cycles-blain.com\/fr\/location-velo\/location-velo-electrique-lyon\/","title":{"rendered":"Location v\u00e9lo \u00e9lectrique Lyon : Louez votre v\u00e9lo facilement"},"content":{"rendered":"\t\t<div data-elementor-type=\"wp-post\" data-elementor-id=\"3636\" class=\"elementor elementor-3636\" data-elementor-post-type=\"post\">\n\t\t\t\t<div class=\"elementor-element elementor-element-a2d88e4 e-flex e-con-boxed e-con e-parent\" data-id=\"a2d88e4\" data-element_type=\"container\" data-e-type=\"container\">\n\t\t\t\t\t<div class=\"e-con-inner\">\n\t\t\t\t<div class=\"elementor-element elementor-element-1f809b3 elementor-widget elementor-widget-text-editor\" data-id=\"1f809b3\" data-element_type=\"widget\" data-e-type=\"widget\" data-widget_type=\"text-editor.default\">\n\t\t\t\t<div class=\"elementor-widget-container\">\n\t\t\t\t\t\t\t\t\t<p>Cycles Blain propose la location de v\u00e9los \u00e9lectriques pour vos week ends ou vacances proches de Lyon dans 7 magasins de v\u00e9los sp\u00e9cialis\u00e9s pour toutes les pratiques du v\u00e9lo.<\/p>\t\t\t\t\t\t\t\t<\/div>\n\t\t\t\t<\/div>\n\t\t\t\t<div class=\"elementor-element elementor-element-c1f515c elementor-widget elementor-widget-heading\" data-id=\"c1f515c\" data-element_type=\"widget\" data-e-type=\"widget\" data-widget_type=\"heading.default\">\n\t\t\t\t<div class=\"elementor-widget-container\">\n\t\t\t\t\t<h2 class=\"elementor-heading-title elementor-size-medium\">Une location de v\u00e9lo \u00e9lectrique dans 7 magasins \u00e0 Lyon et p\u00e9riph\u00e9rie<\/h2>\t\t\t\t<\/div>\n\t\t\t\t<\/div>\n\t\t\t\t\t<\/div>\n\t\t\t\t<\/div>\n\t\t<div class=\"elementor-element elementor-element-b1e5b33 e-flex e-con-boxed e-con e-parent\" data-id=\"b1e5b33\" data-element_type=\"container\" data-e-type=\"container\">\n\t\t\t\t\t<div class=\"e-con-inner\">\n\t\t\t\t<div class=\"elementor-element elementor-element-66bde55 elementor-widget elementor-widget-text-editor\" data-id=\"66bde55\" data-element_type=\"widget\" data-e-type=\"widget\" data-widget_type=\"text-editor.default\">\n\t\t\t\t<div class=\"elementor-widget-container\">\n\t\t\t\t\t\t\t\t\t<p>Quelque soit votre lieu de r\u00e9sidence \u00e0 Lyon pour un week end ou des vacances, nous avons 7 <a href=\"https:\/\/www.cycles-blain.com\/\/pages\/27\/nos-magasins\" target=\"_blank\" rel=\"noopener\">magasins<\/a> autour de Lyon pour louer votre v\u00e9lo \u00e9lectrique facilement et rapidement :<\/p><ul><li>2 magasins de location de v\u00e9lo \u00e9lectrique \u00e0<b> Lyon 3, Lyon 5<\/b>,<\/li><li>1 magasin de location de v\u00e9los \u00e0 <b>Brignais <\/b>Lyon Ouest (69530)<\/li><li>1 magasin au sud de Lyon \u00e0 <b>Vienne Sud<\/b> (38200),<\/li><li>1 magasin de v\u00e9lo \u00e0 l&rsquo;est de Lyon, \u00e0 <b>St Priest<\/b> (69290)<\/li><li>2 magasins de location de v\u00e9los \u00e9lectriques (VAE) (et musculaires) en p\u00e9riph\u00e9rie de Lyon \u00e0, <b>Craponne <\/b>(69290), <b>Oullins <\/b>(69600)<\/li><\/ul>\t\t\t\t\t\t\t\t<\/div>\n\t\t\t\t<\/div>\n\t\t\t\t<div class=\"elementor-element elementor-element-f3610cd elementor-align-center elementor-widget elementor-widget-button\" data-id=\"f3610cd\" data-element_type=\"widget\" data-e-type=\"widget\" data-widget_type=\"button.default\">\n\t\t\t\t<div class=\"elementor-widget-container\">\n\t\t\t\t\t\t\t\t\t<div class=\"elementor-button-wrapper\">\n\t\t\t\t\t<a class=\"elementor-button elementor-button-link elementor-size-sm\" href=\"https:\/\/cyclesblain.lokki.rent\/\">\n\t\t\t\t\t\t<span class=\"elementor-button-content-wrapper\">\n\t\t\t\t\t\t\t\t\t<span class=\"elementor-button-text\">Je loue un v\u00e9lo proche de Lyon<\/span>\n\t\t\t\t\t<\/span>\n\t\t\t\t\t<\/a>\n\t\t\t\t<\/div>\n\t\t\t\t\t\t\t\t<\/div>\n\t\t\t\t<\/div>\n\t\t\t\t\t<\/div>\n\t\t\t\t<\/div>\n\t\t<div class=\"elementor-element elementor-element-a8bc8e5 e-flex e-con-boxed e-con e-parent\" data-id=\"a8bc8e5\" data-element_type=\"container\" data-e-type=\"container\">\n\t\t\t\t\t<div class=\"e-con-inner\">\n\t\t\t\t<div class=\"elementor-element elementor-element-2f2c4f4 elementor-widget elementor-widget-heading\" data-id=\"2f2c4f4\" data-element_type=\"widget\" data-e-type=\"widget\" data-widget_type=\"heading.default\">\n\t\t\t\t<div class=\"elementor-widget-container\">\n\t\t\t\t\t<h2 class=\"elementor-heading-title elementor-size-medium\">Un grand choix de v\u00e9los \u00e9lectriques en location proche de Lyon<\/h2>\t\t\t\t<\/div>\n\t\t\t\t<\/div>\n\t\t\t\t\t<\/div>\n\t\t\t\t<\/div>\n\t\t<div class=\"elementor-element elementor-element-48590c3 e-flex e-con-boxed e-con e-parent\" data-id=\"48590c3\" data-element_type=\"container\" data-e-type=\"container\">\n\t\t\t\t\t<div class=\"e-con-inner\">\n\t\t\t\t<div class=\"elementor-element elementor-element-0a48805 elementor-widget elementor-widget-text-editor\" data-id=\"0a48805\" data-element_type=\"widget\" data-e-type=\"widget\" data-widget_type=\"text-editor.default\">\n\t\t\t\t<div class=\"elementor-widget-container\">\n\t\t\t\t\t\t\t\t\t<p>Vous cherchez un v\u00e9lo \u00e9lectrique pour le loisir, le sport, une ballade touristique autour de Lyon et sa r\u00e9gion ? Cycles Blain vous propose une s\u00e9lection de v\u00e9los au choix :\u00a0<\/p><ul><li><b>V\u00e9los tout chemin (VTC) \u00e9lectriques<\/b> : Giant, Moustache, Grandville, Liv&#8230;en location<\/li><li><b>Vtt \u00e9lectriques (VTTAE)<\/b> : Giant, Orbea, Moustache, Cannondale&#8230; en location<\/li><li><b>V\u00e9los urbains \u00e9lectriques<\/b> : Giant, Grandville, Moustache, Liv&#8230; en location<\/li><li><b>V\u00e9los \u00e9lectriques pour femmes<\/b> : Liv, Grandville, Moustache&#8230; en location<\/li><li><b>Vous cherchez un v\u00e9lo musculaire \u00e0 louer<\/b> ? Vous trouverez aussi votre bonheur\u00a0<a href=\"https:\/\/cyclesblain.lokki.rent\/dates\" target=\"_blank\" rel=\"noopener\">ici<\/a><br \/><br \/>Besoin d&rsquo;un accessoire ? d&rsquo;une remorque pour enfants en location ? <br \/>Nous avons aussi ce qu&rsquo;il vous faut !<\/li><\/ul>\t\t\t\t\t\t\t\t<\/div>\n\t\t\t\t<\/div>\n\t\t\t\t<div class=\"elementor-element elementor-element-4a8e792 elementor-widget elementor-widget-heading\" data-id=\"4a8e792\" data-element_type=\"widget\" data-e-type=\"widget\" data-widget_type=\"heading.default\">\n\t\t\t\t<div class=\"elementor-widget-container\">\n\t\t\t\t\t<h3 class=\"elementor-heading-title elementor-size-medium\">Quelques exemples de v\u00e9los \u00e9lectriques \u00e0 louer<\/h3>\t\t\t\t<\/div>\n\t\t\t\t<\/div>\n\t\t\t\t<div class=\"elementor-element elementor-element-28a9bc0 elementor-widget__width-initial elementor--h-position-center elementor--v-position-middle elementor-arrows-position-inside elementor-pagination-position-inside elementor-widget elementor-widget-slides\" data-id=\"28a9bc0\" data-element_type=\"widget\" data-e-type=\"widget\" data-settings=\"{&quot;navigation&quot;:&quot;both&quot;,&quot;autoplay&quot;:&quot;yes&quot;,&quot;pause_on_hover&quot;:&quot;yes&quot;,&quot;pause_on_interaction&quot;:&quot;yes&quot;,&quot;autoplay_speed&quot;:5000,&quot;infinite&quot;:&quot;yes&quot;,&quot;transition&quot;:&quot;slide&quot;,&quot;transition_speed&quot;:500}\" data-widget_type=\"slides.default\">\n\t\t\t\t<div class=\"elementor-widget-container\">\n\t\t\t\t\t\t\t\t\t<div class=\"elementor-swiper\">\n\t\t\t\t\t<div class=\"elementor-slides-wrapper elementor-main-swiper swiper\" role=\"region\" aria-roledescription=\"carousel\" aria-label=\"Diapositives\" dir=\"ltr\" data-animation=\"fadeInUp\">\n\t\t\t\t<div class=\"swiper-wrapper elementor-slides\">\n\t\t\t\t\t\t\t\t\t\t<div class=\"elementor-repeater-item-429e394 swiper-slide\" role=\"group\" aria-roledescription=\"slide\"><div class=\"swiper-slide-bg\" role=\"img\" aria-label=\"VTC Electrique femme LIV en location\"><\/div><div class=\"swiper-slide-inner\" ><div class=\"swiper-slide-contents\"><\/div><\/div><\/div><div class=\"elementor-repeater-item-d517237 swiper-slide\" role=\"group\" aria-roledescription=\"slide\"><div class=\"swiper-slide-bg\" role=\"img\" aria-label=\"V\u00e9lo \u00e9lectrique Moustache en location\"><\/div><div class=\"swiper-slide-inner\" ><div class=\"swiper-slide-contents\"><\/div><\/div><\/div><div class=\"elementor-repeater-item-d79a048 swiper-slide\" role=\"group\" aria-roledescription=\"slide\"><div class=\"swiper-slide-bg\" role=\"img\" aria-label=\"V\u00e9lo urbain \u00e9lectrique location\"><\/div><div class=\"swiper-slide-inner\" ><div class=\"swiper-slide-contents\"><\/div><\/div><\/div><div class=\"elementor-repeater-item-6928172 swiper-slide\" role=\"group\" aria-roledescription=\"slide\"><div class=\"swiper-slide-bg\" role=\"img\" aria-label=\"vtt \u00e9lectrique location\"><\/div><div class=\"swiper-slide-inner\" ><div class=\"swiper-slide-contents\"><\/div><\/div><\/div>\t\t\t\t<\/div>\n\t\t\t\t\t\t\t\t\t\t\t\t\t\t\t<div class=\"elementor-swiper-button elementor-swiper-button-prev\" role=\"button\" tabindex=\"0\" aria-label=\"Diapositive pr\u00e9c\u00e9dente\">\n\t\t\t\t\t\t\t<i aria-hidden=\"true\" class=\"eicon-chevron-left\"><\/i>\t\t\t\t\t\t<\/div>\n\t\t\t\t\t\t<div class=\"elementor-swiper-button elementor-swiper-button-next\" role=\"button\" tabindex=\"0\" aria-label=\"Diapositive suivante\">\n\t\t\t\t\t\t\t<i aria-hidden=\"true\" class=\"eicon-chevron-right\"><\/i>\t\t\t\t\t\t<\/div>\n\t\t\t\t\t\t\t\t\t\t\t\t\t\t\t\t<div class=\"swiper-pagination\"><\/div>\n\t\t\t\t\t\t\t\t\t\t\t\t<\/div>\n\t\t\t\t<\/div>\n\t\t\t\t\t\t\t\t<\/div>\n\t\t\t\t<\/div>\n\t\t\t\t\t<\/div>\n\t\t\t\t<\/div>\n\t\t<div class=\"elementor-element elementor-element-74fedfd e-flex e-con-boxed e-con e-parent\" data-id=\"74fedfd\" data-element_type=\"container\" data-e-type=\"container\">\n\t\t\t\t\t<div class=\"e-con-inner\">\n\t\t\t\t<div class=\"elementor-element elementor-element-7016d86 elementor-widget elementor-widget-text-editor\" data-id=\"7016d86\" data-element_type=\"widget\" data-e-type=\"widget\" data-widget_type=\"text-editor.default\">\n\t\t\t\t<div class=\"elementor-widget-container\">\n\t\t\t\t\t\t\t\t\t<p><i>Photos non contractuelles \/ Prix et v\u00e9los en stock pouvant \u00e9volu\u00e9s.<\/i><\/p>\t\t\t\t\t\t\t\t<\/div>\n\t\t\t\t<\/div>\n\t\t\t\t\t<\/div>\n\t\t\t\t<\/div>\n\t\t<div class=\"elementor-element elementor-element-f4b3469 e-flex e-con-boxed e-con e-parent\" data-id=\"f4b3469\" data-element_type=\"container\" data-e-type=\"container\">\n\t\t\t\t\t<div class=\"e-con-inner\">\n\t\t\t\t<div class=\"elementor-element elementor-element-f04335a elementor-align-center elementor-widget elementor-widget-button\" data-id=\"f04335a\" data-element_type=\"widget\" data-e-type=\"widget\" data-widget_type=\"button.default\">\n\t\t\t\t<div class=\"elementor-widget-container\">\n\t\t\t\t\t\t\t\t\t<div class=\"elementor-button-wrapper\">\n\t\t\t\t\t<a class=\"elementor-button elementor-button-link elementor-size-sm\" href=\"https:\/\/cyclesblain.lokki.rent\/\">\n\t\t\t\t\t\t<span class=\"elementor-button-content-wrapper\">\n\t\t\t\t\t\t\t\t\t<span class=\"elementor-button-text\">Je choisis un v\u00e9lo \u00e9lectrique \u00e0 louer<\/span>\n\t\t\t\t\t<\/span>\n\t\t\t\t\t<\/a>\n\t\t\t\t<\/div>\n\t\t\t\t\t\t\t\t<\/div>\n\t\t\t\t<\/div>\n\t\t\t\t\t<\/div>\n\t\t\t\t<\/div>\n\t\t<div class=\"elementor-element elementor-element-392fc09 e-flex e-con-boxed e-con e-parent\" data-id=\"392fc09\" data-element_type=\"container\" data-e-type=\"container\">\n\t\t\t\t\t<div class=\"e-con-inner\">\n\t\t\t\t<div class=\"elementor-element elementor-element-ae91b0f elementor-widget elementor-widget-heading\" data-id=\"ae91b0f\" data-element_type=\"widget\" data-e-type=\"widget\" data-widget_type=\"heading.default\">\n\t\t\t\t<div class=\"elementor-widget-container\">\n\t\t\t\t\t<h2 class=\"elementor-heading-title elementor-size-medium\">Besoin d'une location de v\u00e9lo rapidement ?<\/h2>\t\t\t\t<\/div>\n\t\t\t\t<\/div>\n\t\t\t\t\t<\/div>\n\t\t\t\t<\/div>\n\t\t<div class=\"elementor-element elementor-element-6b4efea e-flex e-con-boxed e-con e-parent\" data-id=\"6b4efea\" data-element_type=\"container\" data-e-type=\"container\">\n\t\t\t\t\t<div class=\"e-con-inner\">\n\t\t\t\t<div class=\"elementor-element elementor-element-55ee315 elementor-widget elementor-widget-text-editor\" data-id=\"55ee315\" data-element_type=\"widget\" data-e-type=\"widget\" data-widget_type=\"text-editor.default\">\n\t\t\t\t<div class=\"elementor-widget-container\">\n\t\t\t\t\t\t\t\t\t<p><b>Vous avez besoin d&rsquo;une location de v\u00e9lo \u00e9lectrique en moins de 3 jours ouvr\u00e9s <\/b>? <br \/>C&rsquo;est possible avec la location express de Cycles Blain !\u00a0<br \/>Contactez Gatien, au magasin de Brignais, il mettra tout en oeuvre et vous donnera une r\u00e9ponse rapide pour trouver votre location de v\u00e9los disponibles en 72h chrono !\u00a0<\/p>\t\t\t\t\t\t\t\t<\/div>\n\t\t\t\t<\/div>\n\t\t\t\t\t<\/div>\n\t\t\t\t<\/div>\n\t\t<div class=\"elementor-element elementor-element-b046916 e-flex e-con-boxed e-con e-parent\" data-id=\"b046916\" data-element_type=\"container\" data-e-type=\"container\">\n\t\t\t\t\t<div class=\"e-con-inner\">\n\t\t<div class=\"elementor-element elementor-element-86bfd6a e-flex e-con-boxed e-con e-child\" data-id=\"86bfd6a\" data-element_type=\"container\" data-e-type=\"container\">\n\t\t\t\t\t<div class=\"e-con-inner\">\n\t\t\t\t<div class=\"elementor-element elementor-element-bb0b21b elementor-align-center elementor-widget elementor-widget-button\" data-id=\"bb0b21b\" data-element_type=\"widget\" data-e-type=\"widget\" data-widget_type=\"button.default\">\n\t\t\t\t<div class=\"elementor-widget-container\">\n\t\t\t\t\t\t\t\t\t<div class=\"elementor-button-wrapper\">\n\t\t\t\t\t<a class=\"elementor-button elementor-button-link elementor-size-sm\" href=\"#\">\n\t\t\t\t\t\t<span class=\"elementor-button-content-wrapper\">\n\t\t\t\t\t\t<span class=\"elementor-button-icon\">\n\t\t\t\t<i aria-hidden=\"true\" class=\"fas fa-phone\"><\/i>\t\t\t<\/span>\n\t\t\t\t\t\t\t\t\t<span class=\"elementor-button-text\">Gatien : 04 78 05 75 34<\/span>\n\t\t\t\t\t<\/span>\n\t\t\t\t\t<\/a>\n\t\t\t\t<\/div>\n\t\t\t\t\t\t\t\t<\/div>\n\t\t\t\t<\/div>\n\t\t\t\t\t<\/div>\n\t\t\t\t<\/div>\n\t\t<div class=\"elementor-element elementor-element-9bf868c e-flex e-con-boxed e-con e-child\" data-id=\"9bf868c\" data-element_type=\"container\" data-e-type=\"container\">\n\t\t\t\t\t<div class=\"e-con-inner\">\n\t\t\t\t<div class=\"elementor-element elementor-element-be86aed elementor-widget elementor-widget-button\" data-id=\"be86aed\" data-element_type=\"widget\" data-e-type=\"widget\" data-widget_type=\"button.default\">\n\t\t\t\t<div class=\"elementor-widget-container\">\n\t\t\t\t\t\t\t\t\t<div class=\"elementor-button-wrapper\">\n\t\t\t\t\t<a class=\"elementor-button elementor-button-link elementor-size-sm\" href=\"https:\/\/www.cycles-blain.com\/\/fr\/location-velo-express\/\">\n\t\t\t\t\t\t<span class=\"elementor-button-content-wrapper\">\n\t\t\t\t\t\t<span class=\"elementor-button-icon\">\n\t\t\t\t<i aria-hidden=\"true\" class=\"fas fa-mail-bulk\"><\/i>\t\t\t<\/span>\n\t\t\t\t\t\t\t\t\t<span class=\"elementor-button-text\">J'envoie un Mail<\/span>\n\t\t\t\t\t<\/span>\n\t\t\t\t\t<\/a>\n\t\t\t\t<\/div>\n\t\t\t\t\t\t\t\t<\/div>\n\t\t\t\t<\/div>\n\t\t\t\t\t<\/div>\n\t\t\t\t<\/div>\n\t\t\t\t\t<\/div>\n\t\t\t\t<\/div>\n\t\t\t\t<\/div>\n\t\t","protected":false},"excerpt":{"rendered":"<p>Louez votre v\u00e9lo \u00e9lectrique facilement dans un de nos magasins proches de Lyon : location de votre v\u00e9lo \u00e9lectrique VAE, VTC, VTT \u00e9lectrique..chez Cycles Blain<\/p>\n","protected":false},"author":1,"featured_media":3646,"comment_status":"open","ping_status":"open","sticky":false,"template":"","format":"standard","meta":{"site-sidebar-layout":"default","site-content-layout":"","ast-site-content-layout":"default","site-content-style":"default","site-sidebar-style":"default","ast-global-header-display":"","ast-banner-title-visibility":"","ast-main-header-display":"","ast-hfb-above-header-display":"","ast-hfb-below-header-display":"","ast-hfb-mobile-header-display":"","site-post-title":"","ast-breadcrumbs-content":"","ast-featured-img":"","footer-sml-layout":"","theme-transparent-header-meta":"","adv-header-id-meta":"","stick-header-meta":"","header-above-stick-meta":"","header-main-stick-meta":"","header-below-stick-meta":"","astra-migrate-meta-layouts":"set","ast-page-background-enabled":"default","ast-page-background-meta":{"desktop":{"background-color":"","background-image":"","background-repeat":"repeat","background-position":"center center","background-size":"auto","background-attachment":"scroll","background-type":"","background-media":"","overlay-type":"","overlay-color":"","overlay-gradient":""},"tablet":{"background-color":"","background-image":"","background-repeat":"repeat","background-position":"center center","background-size":"auto","background-attachment":"scroll","background-type":"","background-media":"","overlay-type":"","overlay-color":"","overlay-gradient":""},"mobile":{"background-color":"","background-image":"","background-repeat":"repeat","background-position":"center center","background-size":"auto","background-attachment":"scroll","background-type":"","background-media":"","overlay-type":"","overlay-color":"","overlay-gradient":""}},"ast-content-background-meta":{"desktop":{"background-color":"var(--ast-global-color-5)","background-image":"","background-repeat":"repeat","background-position":"center center","background-size":"auto","background-attachment":"scroll","background-type":"","background-media":"","overlay-type":"","overlay-color":"","overlay-gradient":""},"tablet":{"background-color":"var(--ast-global-color-5)","background-image":"","background-repeat":"repeat","background-position":"center center","background-size":"auto","background-attachment":"scroll","background-type":"","background-media":"","overlay-type":"","overlay-color":"","overlay-gradient":""},"mobile":{"background-color":"var(--ast-global-color-5)","background-image":"","background-repeat":"repeat","background-position":"center center","background-size":"auto","background-attachment":"scroll","background-type":"","background-media":"","overlay-type":"","overlay-color":"","overlay-gradient":""}},"footnotes":""},"categories":[164,19,18],"tags":[163],"class_list":["post-3636","post","type-post","status-publish","format-standard","has-post-thumbnail","hentry","category-location-velo","category-loisirs-velo","category-tourisme-velo","tag-location"],"yoast_head":"<!-- This site is optimized with the Yoast SEO plugin v27.5 - https:\/\/yoast.com\/product\/yoast-seo-wordpress\/ -->\n<title>Location v\u00e9lo \u00e9lectrique Lyon : Louez votre v\u00e9lo facilement - Cycles Blain<\/title>\n<meta name=\"description\" content=\"Vous cherchez une location v\u00e9lo \u00e9lectrique \u00e0 Lyon : Cycles Blain vous propose une location facile avec ses 10 magasins de v\u00e9los proche de Lyon\" \/>\n<meta name=\"robots\" content=\"index, follow, max-snippet:-1, max-image-preview:large, max-video-preview:-1\" \/>\n<link rel=\"canonical\" href=\"https:\/\/www.cycles-blain.com\/fr\/location-velo\/location-velo-electrique-lyon\/\" \/>\n<meta property=\"og:locale\" content=\"fr_FR\" \/>\n<meta property=\"og:type\" content=\"article\" \/>\n<meta property=\"og:title\" content=\"Location v\u00e9lo \u00e9lectrique Lyon : Louez votre v\u00e9lo facilement - Cycles Blain\" \/>\n<meta property=\"og:description\" content=\"Vous cherchez une location v\u00e9lo \u00e9lectrique \u00e0 Lyon : Cycles Blain vous propose une location facile avec ses 10 magasins de v\u00e9los proche de Lyon\" \/>\n<meta property=\"og:url\" content=\"https:\/\/www.cycles-blain.com\/fr\/location-velo\/location-velo-electrique-lyon\/\" \/>\n<meta property=\"og:site_name\" content=\"CyclesBlain - Magasins de v\u00e9los, accessoires et ateliers\" \/>\n<meta property=\"article:publisher\" content=\"https:\/\/www.facebook.com\/cyclesblain\/?locale=fr_FR\" \/>\n<meta property=\"article:published_time\" content=\"2024-02-21T14:57:26+00:00\" \/>\n<meta property=\"article:modified_time\" content=\"2024-07-09T10:18:46+00:00\" \/>\n<meta property=\"og:image\" content=\"https:\/\/www.cycles-blain.com\/fr\/wp-content\/uploads\/2024\/02\/location-velo-electrique-lyon.jpg\" \/>\n\t<meta property=\"og:image:width\" content=\"600\" \/>\n\t<meta property=\"og:image:height\" content=\"415\" \/>\n\t<meta property=\"og:image:type\" content=\"image\/jpeg\" \/>\n<meta name=\"author\" content=\"Gueweb\" \/>\n<meta name=\"twitter:card\" content=\"summary_large_image\" \/>\n<meta name=\"twitter:label1\" content=\"\u00c9crit par\" \/>\n\t<meta name=\"twitter:data1\" content=\"Gueweb\" \/>\n\t<meta name=\"twitter:label2\" content=\"Dur\u00e9e de lecture estim\u00e9e\" \/>\n\t<meta name=\"twitter:data2\" content=\"2 minutes\" \/>\n<script type=\"application\/ld+json\" class=\"yoast-schema-graph\">{\"@context\":\"https:\\\/\\\/schema.org\",\"@graph\":[{\"@type\":\"Article\",\"@id\":\"https:\\\/\\\/www.cycles-blain.com\\\/fr\\\/location-velo\\\/location-velo-electrique-lyon\\\/#article\",\"isPartOf\":{\"@id\":\"https:\\\/\\\/www.cycles-blain.com\\\/fr\\\/location-velo\\\/location-velo-electrique-lyon\\\/\"},\"author\":{\"name\":\"Gueweb\",\"@id\":\"https:\\\/\\\/www.cycles-blain.com\\\/fr\\\/#\\\/schema\\\/person\\\/6fb8bad852fde893fb61b7b05936af37\"},\"headline\":\"Location v\u00e9lo \u00e9lectrique Lyon : Louez votre v\u00e9lo facilement\",\"datePublished\":\"2024-02-21T14:57:26+00:00\",\"dateModified\":\"2024-07-09T10:18:46+00:00\",\"mainEntityOfPage\":{\"@id\":\"https:\\\/\\\/www.cycles-blain.com\\\/fr\\\/location-velo\\\/location-velo-electrique-lyon\\\/\"},\"wordCount\":365,\"commentCount\":0,\"publisher\":{\"@id\":\"https:\\\/\\\/www.cycles-blain.com\\\/fr\\\/#organization\"},\"image\":{\"@id\":\"https:\\\/\\\/www.cycles-blain.com\\\/fr\\\/location-velo\\\/location-velo-electrique-lyon\\\/#primaryimage\"},\"thumbnailUrl\":\"https:\\\/\\\/www.cycles-blain.com\\\/fr\\\/wp-content\\\/uploads\\\/2024\\\/02\\\/location-velo-electrique-lyon.jpg\",\"keywords\":[\"location\"],\"articleSection\":[\"Location v\u00e9lo\",\"Loisirs\",\"Tourisme\"],\"inLanguage\":\"fr-FR\",\"potentialAction\":[{\"@type\":\"CommentAction\",\"name\":\"Comment\",\"target\":[\"https:\\\/\\\/www.cycles-blain.com\\\/fr\\\/location-velo\\\/location-velo-electrique-lyon\\\/#respond\"]}]},{\"@type\":\"WebPage\",\"@id\":\"https:\\\/\\\/www.cycles-blain.com\\\/fr\\\/location-velo\\\/location-velo-electrique-lyon\\\/\",\"url\":\"https:\\\/\\\/www.cycles-blain.com\\\/fr\\\/location-velo\\\/location-velo-electrique-lyon\\\/\",\"name\":\"Location v\u00e9lo \u00e9lectrique Lyon : Louez votre v\u00e9lo facilement - Cycles Blain\",\"isPartOf\":{\"@id\":\"https:\\\/\\\/www.cycles-blain.com\\\/fr\\\/#website\"},\"primaryImageOfPage\":{\"@id\":\"https:\\\/\\\/www.cycles-blain.com\\\/fr\\\/location-velo\\\/location-velo-electrique-lyon\\\/#primaryimage\"},\"image\":{\"@id\":\"https:\\\/\\\/www.cycles-blain.com\\\/fr\\\/location-velo\\\/location-velo-electrique-lyon\\\/#primaryimage\"},\"thumbnailUrl\":\"https:\\\/\\\/www.cycles-blain.com\\\/fr\\\/wp-content\\\/uploads\\\/2024\\\/02\\\/location-velo-electrique-lyon.jpg\",\"datePublished\":\"2024-02-21T14:57:26+00:00\",\"dateModified\":\"2024-07-09T10:18:46+00:00\",\"description\":\"Vous cherchez une location v\u00e9lo \u00e9lectrique \u00e0 Lyon : Cycles Blain vous propose une location facile avec ses 10 magasins de v\u00e9los proche de Lyon\",\"breadcrumb\":{\"@id\":\"https:\\\/\\\/www.cycles-blain.com\\\/fr\\\/location-velo\\\/location-velo-electrique-lyon\\\/#breadcrumb\"},\"inLanguage\":\"fr-FR\",\"potentialAction\":[{\"@type\":\"ReadAction\",\"target\":[\"https:\\\/\\\/www.cycles-blain.com\\\/fr\\\/location-velo\\\/location-velo-electrique-lyon\\\/\"]}]},{\"@type\":\"ImageObject\",\"inLanguage\":\"fr-FR\",\"@id\":\"https:\\\/\\\/www.cycles-blain.com\\\/fr\\\/location-velo\\\/location-velo-electrique-lyon\\\/#primaryimage\",\"url\":\"https:\\\/\\\/www.cycles-blain.com\\\/fr\\\/wp-content\\\/uploads\\\/2024\\\/02\\\/location-velo-electrique-lyon.jpg\",\"contentUrl\":\"https:\\\/\\\/www.cycles-blain.com\\\/fr\\\/wp-content\\\/uploads\\\/2024\\\/02\\\/location-velo-electrique-lyon.jpg\",\"width\":600,\"height\":415,\"caption\":\"Location V\u00e9lo Electrique Lyon\"},{\"@type\":\"BreadcrumbList\",\"@id\":\"https:\\\/\\\/www.cycles-blain.com\\\/fr\\\/location-velo\\\/location-velo-electrique-lyon\\\/#breadcrumb\",\"itemListElement\":[{\"@type\":\"ListItem\",\"position\":1,\"name\":\"Accueil\",\"item\":\"https:\\\/\\\/www.cycles-blain.com\\\/fr\\\/\"},{\"@type\":\"ListItem\",\"position\":2,\"name\":\"Location v\u00e9lo \u00e9lectrique Lyon : Louez votre v\u00e9lo facilement\"}]},{\"@type\":\"WebSite\",\"@id\":\"https:\\\/\\\/www.cycles-blain.com\\\/fr\\\/#website\",\"url\":\"https:\\\/\\\/www.cycles-blain.com\\\/fr\\\/\",\"name\":\"CyclesBlain - Magasins de v\u00e9los, accessoires et ateliers\",\"description\":\"Blog Cycles Blain\",\"publisher\":{\"@id\":\"https:\\\/\\\/www.cycles-blain.com\\\/fr\\\/#organization\"},\"potentialAction\":[{\"@type\":\"SearchAction\",\"target\":{\"@type\":\"EntryPoint\",\"urlTemplate\":\"https:\\\/\\\/www.cycles-blain.com\\\/fr\\\/?s={search_term_string}\"},\"query-input\":{\"@type\":\"PropertyValueSpecification\",\"valueRequired\":true,\"valueName\":\"search_term_string\"}}],\"inLanguage\":\"fr-FR\"},{\"@type\":\"Organization\",\"@id\":\"https:\\\/\\\/www.cycles-blain.com\\\/fr\\\/#organization\",\"name\":\"CyclesBlain - Magasins de v\u00e9los, accessoires et ateliers\",\"url\":\"https:\\\/\\\/www.cycles-blain.com\\\/fr\\\/\",\"logo\":{\"@type\":\"ImageObject\",\"inLanguage\":\"fr-FR\",\"@id\":\"https:\\\/\\\/www.cycles-blain.com\\\/fr\\\/#\\\/schema\\\/logo\\\/image\\\/\",\"url\":\"https:\\\/\\\/www.cycles-blain.com\\\/fr\\\/wp-content\\\/uploads\\\/2023\\\/10\\\/logo-cycles-blain.jpeg\",\"contentUrl\":\"https:\\\/\\\/www.cycles-blain.com\\\/fr\\\/wp-content\\\/uploads\\\/2023\\\/10\\\/logo-cycles-blain.jpeg\",\"width\":264,\"height\":191,\"caption\":\"CyclesBlain - Magasins de v\u00e9los, accessoires et ateliers\"},\"image\":{\"@id\":\"https:\\\/\\\/www.cycles-blain.com\\\/fr\\\/#\\\/schema\\\/logo\\\/image\\\/\"},\"sameAs\":[\"https:\\\/\\\/www.facebook.com\\\/cyclesblain\\\/?locale=fr_FR\",\"https:\\\/\\\/www.instagram.com\\\/cycles_blain\\\/?hl=fr\"]},{\"@type\":\"Person\",\"@id\":\"https:\\\/\\\/www.cycles-blain.com\\\/fr\\\/#\\\/schema\\\/person\\\/6fb8bad852fde893fb61b7b05936af37\",\"name\":\"Gueweb\",\"image\":{\"@type\":\"ImageObject\",\"inLanguage\":\"fr-FR\",\"@id\":\"https:\\\/\\\/secure.gravatar.com\\\/avatar\\\/52550bc594eb074508114b963209b157358b27e5a0319de1bb723df3f760ca2d?s=96&d=mm&r=g\",\"url\":\"https:\\\/\\\/secure.gravatar.com\\\/avatar\\\/52550bc594eb074508114b963209b157358b27e5a0319de1bb723df3f760ca2d?s=96&d=mm&r=g\",\"contentUrl\":\"https:\\\/\\\/secure.gravatar.com\\\/avatar\\\/52550bc594eb074508114b963209b157358b27e5a0319de1bb723df3f760ca2d?s=96&d=mm&r=g\",\"caption\":\"Gueweb\"},\"sameAs\":[\"https:\\\/\\\/www.cycles-blain.com\\\/\\\/fr\"],\"url\":\"https:\\\/\\\/www.cycles-blain.com\\\/fr\\\/author\\\/gueweb\\\/\"}]}<\/script>\n<!-- \/ Yoast SEO plugin. -->","yoast_head_json":{"title":"Location v\u00e9lo \u00e9lectrique Lyon : Louez votre v\u00e9lo facilement - Cycles Blain","description":"Vous cherchez une location v\u00e9lo \u00e9lectrique \u00e0 Lyon : Cycles Blain vous propose une location facile avec ses 10 magasins de v\u00e9los proche de Lyon","robots":{"index":"index","follow":"follow","max-snippet":"max-snippet:-1","max-image-preview":"max-image-preview:large","max-video-preview":"max-video-preview:-1"},"canonical":"https:\/\/www.cycles-blain.com\/fr\/location-velo\/location-velo-electrique-lyon\/","og_locale":"fr_FR","og_type":"article","og_title":"Location v\u00e9lo \u00e9lectrique Lyon : Louez votre v\u00e9lo facilement - Cycles Blain","og_description":"Vous cherchez une location v\u00e9lo \u00e9lectrique \u00e0 Lyon : Cycles Blain vous propose une location facile avec ses 10 magasins de v\u00e9los proche de Lyon","og_url":"https:\/\/www.cycles-blain.com\/fr\/location-velo\/location-velo-electrique-lyon\/","og_site_name":"CyclesBlain - Magasins de v\u00e9los, accessoires et ateliers","article_publisher":"https:\/\/www.facebook.com\/cyclesblain\/?locale=fr_FR","article_published_time":"2024-02-21T14:57:26+00:00","article_modified_time":"2024-07-09T10:18:46+00:00","og_image":[{"width":600,"height":415,"url":"https:\/\/www.cycles-blain.com\/fr\/wp-content\/uploads\/2024\/02\/location-velo-electrique-lyon.jpg","type":"image\/jpeg"}],"author":"Gueweb","twitter_card":"summary_large_image","twitter_misc":{"\u00c9crit par":"Gueweb","Dur\u00e9e de lecture estim\u00e9e":"2 minutes"},"schema":{"@context":"https:\/\/schema.org","@graph":[{"@type":"Article","@id":"https:\/\/www.cycles-blain.com\/fr\/location-velo\/location-velo-electrique-lyon\/#article","isPartOf":{"@id":"https:\/\/www.cycles-blain.com\/fr\/location-velo\/location-velo-electrique-lyon\/"},"author":{"name":"Gueweb","@id":"https:\/\/www.cycles-blain.com\/fr\/#\/schema\/person\/6fb8bad852fde893fb61b7b05936af37"},"headline":"Location v\u00e9lo \u00e9lectrique Lyon : Louez votre v\u00e9lo facilement","datePublished":"2024-02-21T14:57:26+00:00","dateModified":"2024-07-09T10:18:46+00:00","mainEntityOfPage":{"@id":"https:\/\/www.cycles-blain.com\/fr\/location-velo\/location-velo-electrique-lyon\/"},"wordCount":365,"commentCount":0,"publisher":{"@id":"https:\/\/www.cycles-blain.com\/fr\/#organization"},"image":{"@id":"https:\/\/www.cycles-blain.com\/fr\/location-velo\/location-velo-electrique-lyon\/#primaryimage"},"thumbnailUrl":"https:\/\/www.cycles-blain.com\/fr\/wp-content\/uploads\/2024\/02\/location-velo-electrique-lyon.jpg","keywords":["location"],"articleSection":["Location v\u00e9lo","Loisirs","Tourisme"],"inLanguage":"fr-FR","potentialAction":[{"@type":"CommentAction","name":"Comment","target":["https:\/\/www.cycles-blain.com\/fr\/location-velo\/location-velo-electrique-lyon\/#respond"]}]},{"@type":"WebPage","@id":"https:\/\/www.cycles-blain.com\/fr\/location-velo\/location-velo-electrique-lyon\/","url":"https:\/\/www.cycles-blain.com\/fr\/location-velo\/location-velo-electrique-lyon\/","name":"Location v\u00e9lo \u00e9lectrique Lyon : Louez votre v\u00e9lo facilement - Cycles Blain","isPartOf":{"@id":"https:\/\/www.cycles-blain.com\/fr\/#website"},"primaryImageOfPage":{"@id":"https:\/\/www.cycles-blain.com\/fr\/location-velo\/location-velo-electrique-lyon\/#primaryimage"},"image":{"@id":"https:\/\/www.cycles-blain.com\/fr\/location-velo\/location-velo-electrique-lyon\/#primaryimage"},"thumbnailUrl":"https:\/\/www.cycles-blain.com\/fr\/wp-content\/uploads\/2024\/02\/location-velo-electrique-lyon.jpg","datePublished":"2024-02-21T14:57:26+00:00","dateModified":"2024-07-09T10:18:46+00:00","description":"Vous cherchez une location v\u00e9lo \u00e9lectrique \u00e0 Lyon : Cycles Blain vous propose une location facile avec ses 10 magasins de v\u00e9los proche de Lyon","breadcrumb":{"@id":"https:\/\/www.cycles-blain.com\/fr\/location-velo\/location-velo-electrique-lyon\/#breadcrumb"},"inLanguage":"fr-FR","potentialAction":[{"@type":"ReadAction","target":["https:\/\/www.cycles-blain.com\/fr\/location-velo\/location-velo-electrique-lyon\/"]}]},{"@type":"ImageObject","inLanguage":"fr-FR","@id":"https:\/\/www.cycles-blain.com\/fr\/location-velo\/location-velo-electrique-lyon\/#primaryimage","url":"https:\/\/www.cycles-blain.com\/fr\/wp-content\/uploads\/2024\/02\/location-velo-electrique-lyon.jpg","contentUrl":"https:\/\/www.cycles-blain.com\/fr\/wp-content\/uploads\/2024\/02\/location-velo-electrique-lyon.jpg","width":600,"height":415,"caption":"Location V\u00e9lo Electrique Lyon"},{"@type":"BreadcrumbList","@id":"https:\/\/www.cycles-blain.com\/fr\/location-velo\/location-velo-electrique-lyon\/#breadcrumb","itemListElement":[{"@type":"ListItem","position":1,"name":"Accueil","item":"https:\/\/www.cycles-blain.com\/fr\/"},{"@type":"ListItem","position":2,"name":"Location v\u00e9lo \u00e9lectrique Lyon : Louez votre v\u00e9lo facilement"}]},{"@type":"WebSite","@id":"https:\/\/www.cycles-blain.com\/fr\/#website","url":"https:\/\/www.cycles-blain.com\/fr\/","name":"CyclesBlain - Magasins de v\u00e9los, accessoires et ateliers","description":"Blog Cycles Blain","publisher":{"@id":"https:\/\/www.cycles-blain.com\/fr\/#organization"},"potentialAction":[{"@type":"SearchAction","target":{"@type":"EntryPoint","urlTemplate":"https:\/\/www.cycles-blain.com\/fr\/?s={search_term_string}"},"query-input":{"@type":"PropertyValueSpecification","valueRequired":true,"valueName":"search_term_string"}}],"inLanguage":"fr-FR"},{"@type":"Organization","@id":"https:\/\/www.cycles-blain.com\/fr\/#organization","name":"CyclesBlain - Magasins de v\u00e9los, accessoires et ateliers","url":"https:\/\/www.cycles-blain.com\/fr\/","logo":{"@type":"ImageObject","inLanguage":"fr-FR","@id":"https:\/\/www.cycles-blain.com\/fr\/#\/schema\/logo\/image\/","url":"https:\/\/www.cycles-blain.com\/fr\/wp-content\/uploads\/2023\/10\/logo-cycles-blain.jpeg","contentUrl":"https:\/\/www.cycles-blain.com\/fr\/wp-content\/uploads\/2023\/10\/logo-cycles-blain.jpeg","width":264,"height":191,"caption":"CyclesBlain - Magasins de v\u00e9los, accessoires et ateliers"},"image":{"@id":"https:\/\/www.cycles-blain.com\/fr\/#\/schema\/logo\/image\/"},"sameAs":["https:\/\/www.facebook.com\/cyclesblain\/?locale=fr_FR","https:\/\/www.instagram.com\/cycles_blain\/?hl=fr"]},{"@type":"Person","@id":"https:\/\/www.cycles-blain.com\/fr\/#\/schema\/person\/6fb8bad852fde893fb61b7b05936af37","name":"Gueweb","image":{"@type":"ImageObject","inLanguage":"fr-FR","@id":"https:\/\/secure.gravatar.com\/avatar\/52550bc594eb074508114b963209b157358b27e5a0319de1bb723df3f760ca2d?s=96&d=mm&r=g","url":"https:\/\/secure.gravatar.com\/avatar\/52550bc594eb074508114b963209b157358b27e5a0319de1bb723df3f760ca2d?s=96&d=mm&r=g","contentUrl":"https:\/\/secure.gravatar.com\/avatar\/52550bc594eb074508114b963209b157358b27e5a0319de1bb723df3f760ca2d?s=96&d=mm&r=g","caption":"Gueweb"},"sameAs":["https:\/\/www.cycles-blain.com\/\/fr"],"url":"https:\/\/www.cycles-blain.com\/fr\/author\/gueweb\/"}]}},"_links":{"self":[{"href":"https:\/\/www.cycles-blain.com\/fr\/wp-json\/wp\/v2\/posts\/3636","targetHints":{"allow":["GET"]}}],"collection":[{"href":"https:\/\/www.cycles-blain.com\/fr\/wp-json\/wp\/v2\/posts"}],"about":[{"href":"https:\/\/www.cycles-blain.com\/fr\/wp-json\/wp\/v2\/types\/post"}],"author":[{"embeddable":true,"href":"https:\/\/www.cycles-blain.com\/fr\/wp-json\/wp\/v2\/users\/1"}],"replies":[{"embeddable":true,"href":"https:\/\/www.cycles-blain.com\/fr\/wp-json\/wp\/v2\/comments?post=3636"}],"version-history":[{"count":75,"href":"https:\/\/www.cycles-blain.com\/fr\/wp-json\/wp\/v2\/posts\/3636\/revisions"}],"predecessor-version":[{"id":6576,"href":"https:\/\/www.cycles-blain.com\/fr\/wp-json\/wp\/v2\/posts\/3636\/revisions\/6576"}],"wp:featuredmedia":[{"embeddable":true,"href":"https:\/\/www.cycles-blain.com\/fr\/wp-json\/wp\/v2\/media\/3646"}],"wp:attachment":[{"href":"https:\/\/www.cycles-blain.com\/fr\/wp-json\/wp\/v2\/media?parent=3636"}],"wp:term":[{"taxonomy":"category","embeddable":true,"href":"https:\/\/www.cycles-blain.com\/fr\/wp-json\/wp\/v2\/categories?post=3636"},{"taxonomy":"post_tag","embeddable":true,"href":"https:\/\/www.cycles-blain.com\/fr\/wp-json\/wp\/v2\/tags?post=3636"}],"curies":[{"name":"wp","href":"https:\/\/api.w.org\/{rel}","templated":true}]}}