{"id":4502,"date":"2024-03-12T11:48:46","date_gmt":"2024-03-12T10:48:46","guid":{"rendered":"https:\/\/www.cycles-blain.com\/\/fr\/?p=4502"},"modified":"2024-07-25T09:59:31","modified_gmt":"2024-07-25T07:59:31","slug":"velo-trek-magasin-trek-lyon-5","status":"publish","type":"post","link":"https:\/\/www.cycles-blain.com\/fr\/magasins-velo\/velo-trek-magasin-trek-lyon-5\/","title":{"rendered":"Les v\u00e9los TREK au magasin TREK \u00e0 Lyon 5"},"content":{"rendered":"\t\t<div data-elementor-type=\"wp-post\" data-elementor-id=\"4502\" class=\"elementor elementor-4502\" data-elementor-post-type=\"post\">\n\t\t\t\t<div class=\"elementor-element elementor-element-5ef66e2 e-flex e-con-boxed e-con e-parent\" data-id=\"5ef66e2\" data-element_type=\"container\" data-e-type=\"container\">\n\t\t\t\t\t<div class=\"e-con-inner\">\n\t\t\t\t<div class=\"elementor-element elementor-element-ce52253 elementor-widget elementor-widget-text-editor\" data-id=\"ce52253\" data-element_type=\"widget\" data-e-type=\"widget\" data-widget_type=\"text-editor.default\">\n\t\t\t\t<div class=\"elementor-widget-container\">\n\t\t\t\t\t\t\t\t\t<p><i>La c\u00e9l\u00e8bre marque de v\u00e9los&nbsp;<\/i><a href=\"https:\/\/www.cycles-blain.com\/brand\/7-trek\" target=\"_blank\">TREK<\/a><i>&nbsp;est disponible dans le magasin Cycles Veran de Lyon 5 : C&rsquo;est l&rsquo;occasion de vous pr\u00e9senter cette marque et quelques v\u00e9los \u00e9lectriques, route ou vtt de TREK 2024&#8230;<\/i><\/p>\t\t\t\t\t\t\t\t<\/div>\n\t\t\t\t<\/div>\n\t\t\t\t\t<\/div>\n\t\t\t\t<\/div>\n\t\t<div class=\"elementor-element elementor-element-fffff21 e-flex e-con-boxed e-con e-parent\" data-id=\"fffff21\" data-element_type=\"container\" data-e-type=\"container\">\n\t\t\t\t\t<div class=\"e-con-inner\">\n\t\t\t\t<div class=\"elementor-element elementor-element-f37fe44 elementor-widget elementor-widget-heading\" data-id=\"f37fe44\" data-element_type=\"widget\" data-e-type=\"widget\" data-widget_type=\"heading.default\">\n\t\t\t\t<div class=\"elementor-widget-container\">\n\t\t\t\t\t<h2 class=\"elementor-heading-title elementor-size-medium\">TREK - Une marque de v\u00e9los am\u00e9ricaine de 1976 n\u00e9e dans une grange<\/h2>\t\t\t\t<\/div>\n\t\t\t\t<\/div>\n\t\t\t\t\t<\/div>\n\t\t\t\t<\/div>\n\t\t<div class=\"elementor-element elementor-element-68dc580 e-flex e-con-boxed e-con e-parent\" data-id=\"68dc580\" data-element_type=\"container\" data-e-type=\"container\">\n\t\t\t\t\t<div class=\"e-con-inner\">\n\t\t\t\t<div class=\"elementor-element elementor-element-1af0eb6 elementor-widget elementor-widget-text-editor\" data-id=\"1af0eb6\" data-element_type=\"widget\" data-e-type=\"widget\" data-widget_type=\"text-editor.default\">\n\t\t\t\t<div class=\"elementor-widget-container\">\n\t\t\t\t\t\t\t\t\t<p>Dick Burkle et Bevil Hogg ont cr\u00e9\u00e9 la marque TREK \u00e0 Waterloo, non loin des locaux actuels de TREK dans le but de cr\u00e9er des v\u00e9los fait mains avec une culture d&rsquo;artisanat et de r\u00e9bellion de l&rsquo;\u00e9poque !<br><i>\u00ab\u00a0<span style=\"color: #313131; font-family: Roboto, arial, helvetica, sans-serif; text-align: var(--text-align); background-color: var(--ast-global-color-5); font-size: 1rem;\">Chaque coude et chaque soudure poursuivait un objectif car chaque cadre soigneusement construit nous rappelait que les grands v\u00e9los ne devaient pas obligatoirement venir d&rsquo;Europe. Trek allait changer les mentalit\u00e9s\u00a0\u00bb&nbsp;<\/span><\/i><\/p>\t\t\t\t\t\t\t\t<\/div>\n\t\t\t\t<\/div>\n\t\t\t\t\t<\/div>\n\t\t\t\t<\/div>\n\t\t<div class=\"elementor-element elementor-element-4792ab2 e-flex e-con-boxed e-con e-parent\" data-id=\"4792ab2\" data-element_type=\"container\" data-e-type=\"container\">\n\t\t\t\t\t<div class=\"e-con-inner\">\n\t\t\t\t<div class=\"elementor-element elementor-element-ac85739 elementor-widget elementor-widget-heading\" data-id=\"ac85739\" data-element_type=\"widget\" data-e-type=\"widget\" data-widget_type=\"heading.default\">\n\t\t\t\t<div class=\"elementor-widget-container\">\n\t\t\t\t\t<h3 class=\"elementor-heading-title elementor-size-medium\">TREK - Une marque reconnue dans le monde entier<\/h3>\t\t\t\t<\/div>\n\t\t\t\t<\/div>\n\t\t\t\t\t<\/div>\n\t\t\t\t<\/div>\n\t\t<div class=\"elementor-element elementor-element-d8fd326 e-flex e-con-boxed e-con e-parent\" data-id=\"d8fd326\" data-element_type=\"container\" data-e-type=\"container\">\n\t\t\t\t\t<div class=\"e-con-inner\">\n\t\t\t\t<div class=\"elementor-element elementor-element-b41257e elementor-widget elementor-widget-text-editor\" data-id=\"b41257e\" data-element_type=\"widget\" data-e-type=\"widget\" data-widget_type=\"text-editor.default\">\n\t\t\t\t<div class=\"elementor-widget-container\">\n\t\t\t\t\t\t\t\t\t<p>La marque TREK n&rsquo;a cess\u00e9 de progresser pour am\u00e9liorer la performances de ses v\u00e9los :\u00a0<\/p><ul><li>L&rsquo;a\u00e9ronautique au profit de la performance, notamment avec des cadres carbone et alumunium fabriqu\u00e9s aux Etats-Unis,<\/li><li>Des victoires au plus haut niveau,<\/li><li><b>Des cadres garanties \u00e0 vie,\u00a0<\/b><a href=\"https:\/\/www.trekbikes.com\/fr\/fr_FR\/warranty_policy\/\" target=\"_blank\" rel=\"noopener\">(Voir conditions TREK)\u00a0<\/a><\/li><li><b>Les suspensions VTT tr\u00e8s efficaces,<\/b><\/li><li><b>La technologie\u00a0<a href=\"https:\/\/www.trekbikes.com\/fr\/fr_FR\/inside_trek\/isospeed\/\" target=\"_blank\" rel=\"noopener\">ISOSPEED\u00a0<\/a>sur les v\u00e9los de route ou gravel surtout, alliant design, performance et confort d\u00e9j\u00e0 victorieuse dans les courses les plus exigeantes comme le Paris-Roubaix !<\/b><\/li><\/ul>\t\t\t\t\t\t\t\t<\/div>\n\t\t\t\t<\/div>\n\t\t\t\t\t<\/div>\n\t\t\t\t<\/div>\n\t\t<div class=\"elementor-element elementor-element-bb88ba9 e-flex e-con-boxed e-con e-parent\" data-id=\"bb88ba9\" data-element_type=\"container\" data-e-type=\"container\">\n\t\t\t\t\t<div class=\"e-con-inner\">\n\t\t\t\t<div class=\"elementor-element elementor-element-b502980 elementor-widget elementor-widget-heading\" data-id=\"b502980\" data-element_type=\"widget\" data-e-type=\"widget\" data-widget_type=\"heading.default\">\n\t\t\t\t<div class=\"elementor-widget-container\">\n\t\t\t\t\t<h2 class=\"elementor-heading-title elementor-size-medium\">Les nouveaux v\u00e9los TREK 2024 \u00e0 Lyon 5<\/h2>\t\t\t\t<\/div>\n\t\t\t\t<\/div>\n\t\t\t\t\t<\/div>\n\t\t\t\t<\/div>\n\t\t<div class=\"elementor-element elementor-element-0dfed61 e-flex e-con-boxed e-con e-parent\" data-id=\"0dfed61\" data-element_type=\"container\" data-e-type=\"container\">\n\t\t\t\t\t<div class=\"e-con-inner\">\n\t\t\t\t<div class=\"elementor-element elementor-element-1adc901 elementor-widget elementor-widget-text-editor\" data-id=\"1adc901\" data-element_type=\"widget\" data-e-type=\"widget\" data-widget_type=\"text-editor.default\">\n\t\t\t\t<div class=\"elementor-widget-container\">\n\t\t\t\t\t\t\t\t\t<p>Les nouveaux v\u00e9los TREK 2024 sont disponibles en stock ou sur commande au\u00a0<a style=\"text-align: var(--text-align); font-size: 1rem;\" href=\"https:\/\/www.cycles-blain.com\/content\/14-magasin-velos-lyon-5-veran\" target=\"_blank\" rel=\"noopener\" data-wplink-edit=\"true\">magasin TREK Cycles Blain de Lyon 5<\/a>. Parmi les nouveaut\u00e9s 2024 :\u00a0<\/p><ul><li>Les v\u00e9los de route TREK 2024 : <b>Madone SL<\/b>, le <b>Domane AL<\/b> et le <b>Emonda ALR<\/b>,<\/li><li>Les v\u00e9los \u00e9lectriques TREK 2024 : Le VTT \u00e9lectrique <b>Fuel Exe<\/b> Alumminum,<\/li><li>Les VTT musculaires TREK 2024 : Le XC <b>Supercaliber<\/b>, et l&rsquo;enduro <b>Slash,<\/b><\/li><li>Les v\u00e9los cargos TREK 2024 : Le <b>Fetch+ 2 <\/b>et le <b>Fetch+ 4 <\/b><p><b><a href=\"https:\/\/www.trekbikes.com\/fr\/fr_FR\/v%C3%A9los\/nouveaux-v%C3%A9los\/c\/B600\/\" target=\"_blank\" rel=\"noopener\">D\u00e9couvrez les nouveaux v\u00e9los Trek 2024<\/a><br \/><\/b><\/p><\/li><\/ul>\t\t\t\t\t\t\t\t<\/div>\n\t\t\t\t<\/div>\n\t\t\t\t\t<\/div>\n\t\t\t\t<\/div>\n\t\t\t\t<\/div>\n\t\t","protected":false},"excerpt":{"rendered":"<p>Retrouvez les v\u00e9los de la marque TREK dans notre magasin de Lyon 5 Cycles V\u00e9ran : v\u00e9los \u00e9lectriques, route, vtt TREK..<\/p>\n","protected":false},"author":1,"featured_media":4515,"comment_status":"open","ping_status":"open","sticky":false,"template":"","format":"standard","meta":{"site-sidebar-layout":"default","site-content-layout":"","ast-site-content-layout":"default","site-content-style":"default","site-sidebar-style":"default","ast-global-header-display":"","ast-banner-title-visibility":"","ast-main-header-display":"","ast-hfb-above-header-display":"","ast-hfb-below-header-display":"","ast-hfb-mobile-header-display":"","site-post-title":"","ast-breadcrumbs-content":"","ast-featured-img":"","footer-sml-layout":"","theme-transparent-header-meta":"","adv-header-id-meta":"","stick-header-meta":"","header-above-stick-meta":"","header-main-stick-meta":"","header-below-stick-meta":"","astra-migrate-meta-layouts":"set","ast-page-background-enabled":"default","ast-page-background-meta":{"desktop":{"background-color":"","background-image":"","background-repeat":"repeat","background-position":"center center","background-size":"auto","background-attachment":"scroll","background-type":"","background-media":"","overlay-type":"","overlay-color":"","overlay-gradient":""},"tablet":{"background-color":"","background-image":"","background-repeat":"repeat","background-position":"center center","background-size":"auto","background-attachment":"scroll","background-type":"","background-media":"","overlay-type":"","overlay-color":"","overlay-gradient":""},"mobile":{"background-color":"","background-image":"","background-repeat":"repeat","background-position":"center center","background-size":"auto","background-attachment":"scroll","background-type":"","background-media":"","overlay-type":"","overlay-color":"","overlay-gradient":""}},"ast-content-background-meta":{"desktop":{"background-color":"var(--ast-global-color-5)","background-image":"","background-repeat":"repeat","background-position":"center center","background-size":"auto","background-attachment":"scroll","background-type":"","background-media":"","overlay-type":"","overlay-color":"","overlay-gradient":""},"tablet":{"background-color":"var(--ast-global-color-5)","background-image":"","background-repeat":"repeat","background-position":"center center","background-size":"auto","background-attachment":"scroll","background-type":"","background-media":"","overlay-type":"","overlay-color":"","overlay-gradient":""},"mobile":{"background-color":"var(--ast-global-color-5)","background-image":"","background-repeat":"repeat","background-position":"center center","background-size":"auto","background-attachment":"scroll","background-type":"","background-media":"","overlay-type":"","overlay-color":"","overlay-gradient":""}},"footnotes":""},"categories":[6,4,81],"tags":[177,176],"class_list":["post-4502","post","type-post","status-publish","format-standard","has-post-thumbnail","hentry","category-magasins-velo","category-velo","category-magasin-lyon-5","tag-trek","tag-velo-trek"],"yoast_head":"<!-- This site is optimized with the Yoast SEO plugin v27.5 - https:\/\/yoast.com\/product\/yoast-seo-wordpress\/ -->\n<title>Les v\u00e9los TREK au magasin TREK \u00e0 Lyon 5<\/title>\n<meta name=\"description\" content=\"Retrouvez les v\u00e9los de la marque TREK au magasin TREK de Lyon 5. Notre boutique Cycles Veran de Lyon 5 propose tous les v\u00e9los Trek 2024\" \/>\n<meta name=\"robots\" content=\"index, follow, max-snippet:-1, max-image-preview:large, max-video-preview:-1\" \/>\n<link rel=\"canonical\" href=\"https:\/\/www.cycles-blain.com\/fr\/magasins-velo\/velo-trek-magasin-trek-lyon-5\/\" \/>\n<meta property=\"og:locale\" content=\"fr_FR\" \/>\n<meta property=\"og:type\" content=\"article\" \/>\n<meta property=\"og:title\" content=\"Les v\u00e9los TREK au magasin TREK \u00e0 Lyon 5\" \/>\n<meta property=\"og:description\" content=\"Retrouvez les v\u00e9los de la marque TREK au magasin TREK de Lyon 5. Notre boutique Cycles Veran de Lyon 5 propose tous les v\u00e9los Trek 2024\" \/>\n<meta property=\"og:url\" content=\"https:\/\/www.cycles-blain.com\/fr\/magasins-velo\/velo-trek-magasin-trek-lyon-5\/\" \/>\n<meta property=\"og:site_name\" content=\"CyclesBlain - Magasins de v\u00e9los, accessoires et ateliers\" \/>\n<meta property=\"article:publisher\" content=\"https:\/\/www.facebook.com\/cyclesblain\/?locale=fr_FR\" \/>\n<meta property=\"article:published_time\" content=\"2024-03-12T10:48:46+00:00\" \/>\n<meta property=\"article:modified_time\" content=\"2024-07-25T07:59:31+00:00\" \/>\n<meta property=\"og:image\" content=\"https:\/\/www.cycles-blain.com\/fr\/wp-content\/uploads\/2024\/03\/magasin-velos-trek-lyon5.jpg\" \/>\n\t<meta property=\"og:image:width\" content=\"600\" \/>\n\t<meta property=\"og:image:height\" content=\"336\" \/>\n\t<meta property=\"og:image:type\" content=\"image\/jpeg\" \/>\n<meta name=\"author\" content=\"Gueweb\" \/>\n<meta name=\"twitter:card\" content=\"summary_large_image\" \/>\n<meta name=\"twitter:label1\" content=\"\u00c9crit par\" \/>\n\t<meta name=\"twitter:data1\" content=\"Gueweb\" \/>\n\t<meta name=\"twitter:label2\" content=\"Dur\u00e9e de lecture estim\u00e9e\" \/>\n\t<meta name=\"twitter:data2\" content=\"2 minutes\" \/>\n<script type=\"application\/ld+json\" class=\"yoast-schema-graph\">{\"@context\":\"https:\\\/\\\/schema.org\",\"@graph\":[{\"@type\":\"Article\",\"@id\":\"https:\\\/\\\/www.cycles-blain.com\\\/fr\\\/magasins-velo\\\/velo-trek-magasin-trek-lyon-5\\\/#article\",\"isPartOf\":{\"@id\":\"https:\\\/\\\/www.cycles-blain.com\\\/fr\\\/magasins-velo\\\/velo-trek-magasin-trek-lyon-5\\\/\"},\"author\":{\"name\":\"Gueweb\",\"@id\":\"https:\\\/\\\/www.cycles-blain.com\\\/fr\\\/#\\\/schema\\\/person\\\/6fb8bad852fde893fb61b7b05936af37\"},\"headline\":\"Les v\u00e9los TREK au magasin TREK \u00e0 Lyon 5\",\"datePublished\":\"2024-03-12T10:48:46+00:00\",\"dateModified\":\"2024-07-25T07:59:31+00:00\",\"mainEntityOfPage\":{\"@id\":\"https:\\\/\\\/www.cycles-blain.com\\\/fr\\\/magasins-velo\\\/velo-trek-magasin-trek-lyon-5\\\/\"},\"wordCount\":314,\"commentCount\":0,\"publisher\":{\"@id\":\"https:\\\/\\\/www.cycles-blain.com\\\/fr\\\/#organization\"},\"image\":{\"@id\":\"https:\\\/\\\/www.cycles-blain.com\\\/fr\\\/magasins-velo\\\/velo-trek-magasin-trek-lyon-5\\\/#primaryimage\"},\"thumbnailUrl\":\"https:\\\/\\\/www.cycles-blain.com\\\/fr\\\/wp-content\\\/uploads\\\/2024\\\/03\\\/magasin-velos-trek-lyon5.jpg\",\"keywords\":[\"trek\",\"velo trek\"],\"articleSection\":[\"Actus Magasins\",\"Actus V\u00e9lo\",\"Magasin-CyclesVeran\"],\"inLanguage\":\"fr-FR\",\"potentialAction\":[{\"@type\":\"CommentAction\",\"name\":\"Comment\",\"target\":[\"https:\\\/\\\/www.cycles-blain.com\\\/fr\\\/magasins-velo\\\/velo-trek-magasin-trek-lyon-5\\\/#respond\"]}]},{\"@type\":\"WebPage\",\"@id\":\"https:\\\/\\\/www.cycles-blain.com\\\/fr\\\/magasins-velo\\\/velo-trek-magasin-trek-lyon-5\\\/\",\"url\":\"https:\\\/\\\/www.cycles-blain.com\\\/fr\\\/magasins-velo\\\/velo-trek-magasin-trek-lyon-5\\\/\",\"name\":\"Les v\u00e9los TREK au magasin TREK \u00e0 Lyon 5\",\"isPartOf\":{\"@id\":\"https:\\\/\\\/www.cycles-blain.com\\\/fr\\\/#website\"},\"primaryImageOfPage\":{\"@id\":\"https:\\\/\\\/www.cycles-blain.com\\\/fr\\\/magasins-velo\\\/velo-trek-magasin-trek-lyon-5\\\/#primaryimage\"},\"image\":{\"@id\":\"https:\\\/\\\/www.cycles-blain.com\\\/fr\\\/magasins-velo\\\/velo-trek-magasin-trek-lyon-5\\\/#primaryimage\"},\"thumbnailUrl\":\"https:\\\/\\\/www.cycles-blain.com\\\/fr\\\/wp-content\\\/uploads\\\/2024\\\/03\\\/magasin-velos-trek-lyon5.jpg\",\"datePublished\":\"2024-03-12T10:48:46+00:00\",\"dateModified\":\"2024-07-25T07:59:31+00:00\",\"description\":\"Retrouvez les v\u00e9los de la marque TREK au magasin TREK de Lyon 5. Notre boutique Cycles Veran de Lyon 5 propose tous les v\u00e9los Trek 2024\",\"breadcrumb\":{\"@id\":\"https:\\\/\\\/www.cycles-blain.com\\\/fr\\\/magasins-velo\\\/velo-trek-magasin-trek-lyon-5\\\/#breadcrumb\"},\"inLanguage\":\"fr-FR\",\"potentialAction\":[{\"@type\":\"ReadAction\",\"target\":[\"https:\\\/\\\/www.cycles-blain.com\\\/fr\\\/magasins-velo\\\/velo-trek-magasin-trek-lyon-5\\\/\"]}]},{\"@type\":\"ImageObject\",\"inLanguage\":\"fr-FR\",\"@id\":\"https:\\\/\\\/www.cycles-blain.com\\\/fr\\\/magasins-velo\\\/velo-trek-magasin-trek-lyon-5\\\/#primaryimage\",\"url\":\"https:\\\/\\\/www.cycles-blain.com\\\/fr\\\/wp-content\\\/uploads\\\/2024\\\/03\\\/magasin-velos-trek-lyon5.jpg\",\"contentUrl\":\"https:\\\/\\\/www.cycles-blain.com\\\/fr\\\/wp-content\\\/uploads\\\/2024\\\/03\\\/magasin-velos-trek-lyon5.jpg\",\"width\":600,\"height\":336,\"caption\":\"Magasin Velos Trek Lyon 5\"},{\"@type\":\"BreadcrumbList\",\"@id\":\"https:\\\/\\\/www.cycles-blain.com\\\/fr\\\/magasins-velo\\\/velo-trek-magasin-trek-lyon-5\\\/#breadcrumb\",\"itemListElement\":[{\"@type\":\"ListItem\",\"position\":1,\"name\":\"Accueil\",\"item\":\"https:\\\/\\\/www.cycles-blain.com\\\/fr\\\/\"},{\"@type\":\"ListItem\",\"position\":2,\"name\":\"Les v\u00e9los TREK au magasin TREK \u00e0 Lyon 5\"}]},{\"@type\":\"WebSite\",\"@id\":\"https:\\\/\\\/www.cycles-blain.com\\\/fr\\\/#website\",\"url\":\"https:\\\/\\\/www.cycles-blain.com\\\/fr\\\/\",\"name\":\"CyclesBlain - Magasins de v\u00e9los, accessoires et ateliers\",\"description\":\"Blog Cycles Blain\",\"publisher\":{\"@id\":\"https:\\\/\\\/www.cycles-blain.com\\\/fr\\\/#organization\"},\"potentialAction\":[{\"@type\":\"SearchAction\",\"target\":{\"@type\":\"EntryPoint\",\"urlTemplate\":\"https:\\\/\\\/www.cycles-blain.com\\\/fr\\\/?s={search_term_string}\"},\"query-input\":{\"@type\":\"PropertyValueSpecification\",\"valueRequired\":true,\"valueName\":\"search_term_string\"}}],\"inLanguage\":\"fr-FR\"},{\"@type\":\"Organization\",\"@id\":\"https:\\\/\\\/www.cycles-blain.com\\\/fr\\\/#organization\",\"name\":\"CyclesBlain - Magasins de v\u00e9los, accessoires et ateliers\",\"url\":\"https:\\\/\\\/www.cycles-blain.com\\\/fr\\\/\",\"logo\":{\"@type\":\"ImageObject\",\"inLanguage\":\"fr-FR\",\"@id\":\"https:\\\/\\\/www.cycles-blain.com\\\/fr\\\/#\\\/schema\\\/logo\\\/image\\\/\",\"url\":\"https:\\\/\\\/www.cycles-blain.com\\\/fr\\\/wp-content\\\/uploads\\\/2023\\\/10\\\/logo-cycles-blain.jpeg\",\"contentUrl\":\"https:\\\/\\\/www.cycles-blain.com\\\/fr\\\/wp-content\\\/uploads\\\/2023\\\/10\\\/logo-cycles-blain.jpeg\",\"width\":264,\"height\":191,\"caption\":\"CyclesBlain - Magasins de v\u00e9los, accessoires et ateliers\"},\"image\":{\"@id\":\"https:\\\/\\\/www.cycles-blain.com\\\/fr\\\/#\\\/schema\\\/logo\\\/image\\\/\"},\"sameAs\":[\"https:\\\/\\\/www.facebook.com\\\/cyclesblain\\\/?locale=fr_FR\",\"https:\\\/\\\/www.instagram.com\\\/cycles_blain\\\/?hl=fr\"]},{\"@type\":\"Person\",\"@id\":\"https:\\\/\\\/www.cycles-blain.com\\\/fr\\\/#\\\/schema\\\/person\\\/6fb8bad852fde893fb61b7b05936af37\",\"name\":\"Gueweb\",\"image\":{\"@type\":\"ImageObject\",\"inLanguage\":\"fr-FR\",\"@id\":\"https:\\\/\\\/secure.gravatar.com\\\/avatar\\\/52550bc594eb074508114b963209b157358b27e5a0319de1bb723df3f760ca2d?s=96&d=mm&r=g\",\"url\":\"https:\\\/\\\/secure.gravatar.com\\\/avatar\\\/52550bc594eb074508114b963209b157358b27e5a0319de1bb723df3f760ca2d?s=96&d=mm&r=g\",\"contentUrl\":\"https:\\\/\\\/secure.gravatar.com\\\/avatar\\\/52550bc594eb074508114b963209b157358b27e5a0319de1bb723df3f760ca2d?s=96&d=mm&r=g\",\"caption\":\"Gueweb\"},\"sameAs\":[\"https:\\\/\\\/www.cycles-blain.com\\\/\\\/fr\"],\"url\":\"https:\\\/\\\/www.cycles-blain.com\\\/fr\\\/author\\\/gueweb\\\/\"}]}<\/script>\n<!-- \/ Yoast SEO plugin. -->","yoast_head_json":{"title":"Les v\u00e9los TREK au magasin TREK \u00e0 Lyon 5","description":"Retrouvez les v\u00e9los de la marque TREK au magasin TREK de Lyon 5. Notre boutique Cycles Veran de Lyon 5 propose tous les v\u00e9los Trek 2024","robots":{"index":"index","follow":"follow","max-snippet":"max-snippet:-1","max-image-preview":"max-image-preview:large","max-video-preview":"max-video-preview:-1"},"canonical":"https:\/\/www.cycles-blain.com\/fr\/magasins-velo\/velo-trek-magasin-trek-lyon-5\/","og_locale":"fr_FR","og_type":"article","og_title":"Les v\u00e9los TREK au magasin TREK \u00e0 Lyon 5","og_description":"Retrouvez les v\u00e9los de la marque TREK au magasin TREK de Lyon 5. Notre boutique Cycles Veran de Lyon 5 propose tous les v\u00e9los Trek 2024","og_url":"https:\/\/www.cycles-blain.com\/fr\/magasins-velo\/velo-trek-magasin-trek-lyon-5\/","og_site_name":"CyclesBlain - Magasins de v\u00e9los, accessoires et ateliers","article_publisher":"https:\/\/www.facebook.com\/cyclesblain\/?locale=fr_FR","article_published_time":"2024-03-12T10:48:46+00:00","article_modified_time":"2024-07-25T07:59:31+00:00","og_image":[{"width":600,"height":336,"url":"https:\/\/www.cycles-blain.com\/fr\/wp-content\/uploads\/2024\/03\/magasin-velos-trek-lyon5.jpg","type":"image\/jpeg"}],"author":"Gueweb","twitter_card":"summary_large_image","twitter_misc":{"\u00c9crit par":"Gueweb","Dur\u00e9e de lecture estim\u00e9e":"2 minutes"},"schema":{"@context":"https:\/\/schema.org","@graph":[{"@type":"Article","@id":"https:\/\/www.cycles-blain.com\/fr\/magasins-velo\/velo-trek-magasin-trek-lyon-5\/#article","isPartOf":{"@id":"https:\/\/www.cycles-blain.com\/fr\/magasins-velo\/velo-trek-magasin-trek-lyon-5\/"},"author":{"name":"Gueweb","@id":"https:\/\/www.cycles-blain.com\/fr\/#\/schema\/person\/6fb8bad852fde893fb61b7b05936af37"},"headline":"Les v\u00e9los TREK au magasin TREK \u00e0 Lyon 5","datePublished":"2024-03-12T10:48:46+00:00","dateModified":"2024-07-25T07:59:31+00:00","mainEntityOfPage":{"@id":"https:\/\/www.cycles-blain.com\/fr\/magasins-velo\/velo-trek-magasin-trek-lyon-5\/"},"wordCount":314,"commentCount":0,"publisher":{"@id":"https:\/\/www.cycles-blain.com\/fr\/#organization"},"image":{"@id":"https:\/\/www.cycles-blain.com\/fr\/magasins-velo\/velo-trek-magasin-trek-lyon-5\/#primaryimage"},"thumbnailUrl":"https:\/\/www.cycles-blain.com\/fr\/wp-content\/uploads\/2024\/03\/magasin-velos-trek-lyon5.jpg","keywords":["trek","velo trek"],"articleSection":["Actus Magasins","Actus V\u00e9lo","Magasin-CyclesVeran"],"inLanguage":"fr-FR","potentialAction":[{"@type":"CommentAction","name":"Comment","target":["https:\/\/www.cycles-blain.com\/fr\/magasins-velo\/velo-trek-magasin-trek-lyon-5\/#respond"]}]},{"@type":"WebPage","@id":"https:\/\/www.cycles-blain.com\/fr\/magasins-velo\/velo-trek-magasin-trek-lyon-5\/","url":"https:\/\/www.cycles-blain.com\/fr\/magasins-velo\/velo-trek-magasin-trek-lyon-5\/","name":"Les v\u00e9los TREK au magasin TREK \u00e0 Lyon 5","isPartOf":{"@id":"https:\/\/www.cycles-blain.com\/fr\/#website"},"primaryImageOfPage":{"@id":"https:\/\/www.cycles-blain.com\/fr\/magasins-velo\/velo-trek-magasin-trek-lyon-5\/#primaryimage"},"image":{"@id":"https:\/\/www.cycles-blain.com\/fr\/magasins-velo\/velo-trek-magasin-trek-lyon-5\/#primaryimage"},"thumbnailUrl":"https:\/\/www.cycles-blain.com\/fr\/wp-content\/uploads\/2024\/03\/magasin-velos-trek-lyon5.jpg","datePublished":"2024-03-12T10:48:46+00:00","dateModified":"2024-07-25T07:59:31+00:00","description":"Retrouvez les v\u00e9los de la marque TREK au magasin TREK de Lyon 5. Notre boutique Cycles Veran de Lyon 5 propose tous les v\u00e9los Trek 2024","breadcrumb":{"@id":"https:\/\/www.cycles-blain.com\/fr\/magasins-velo\/velo-trek-magasin-trek-lyon-5\/#breadcrumb"},"inLanguage":"fr-FR","potentialAction":[{"@type":"ReadAction","target":["https:\/\/www.cycles-blain.com\/fr\/magasins-velo\/velo-trek-magasin-trek-lyon-5\/"]}]},{"@type":"ImageObject","inLanguage":"fr-FR","@id":"https:\/\/www.cycles-blain.com\/fr\/magasins-velo\/velo-trek-magasin-trek-lyon-5\/#primaryimage","url":"https:\/\/www.cycles-blain.com\/fr\/wp-content\/uploads\/2024\/03\/magasin-velos-trek-lyon5.jpg","contentUrl":"https:\/\/www.cycles-blain.com\/fr\/wp-content\/uploads\/2024\/03\/magasin-velos-trek-lyon5.jpg","width":600,"height":336,"caption":"Magasin Velos Trek Lyon 5"},{"@type":"BreadcrumbList","@id":"https:\/\/www.cycles-blain.com\/fr\/magasins-velo\/velo-trek-magasin-trek-lyon-5\/#breadcrumb","itemListElement":[{"@type":"ListItem","position":1,"name":"Accueil","item":"https:\/\/www.cycles-blain.com\/fr\/"},{"@type":"ListItem","position":2,"name":"Les v\u00e9los TREK au magasin TREK \u00e0 Lyon 5"}]},{"@type":"WebSite","@id":"https:\/\/www.cycles-blain.com\/fr\/#website","url":"https:\/\/www.cycles-blain.com\/fr\/","name":"CyclesBlain - Magasins de v\u00e9los, accessoires et ateliers","description":"Blog Cycles Blain","publisher":{"@id":"https:\/\/www.cycles-blain.com\/fr\/#organization"},"potentialAction":[{"@type":"SearchAction","target":{"@type":"EntryPoint","urlTemplate":"https:\/\/www.cycles-blain.com\/fr\/?s={search_term_string}"},"query-input":{"@type":"PropertyValueSpecification","valueRequired":true,"valueName":"search_term_string"}}],"inLanguage":"fr-FR"},{"@type":"Organization","@id":"https:\/\/www.cycles-blain.com\/fr\/#organization","name":"CyclesBlain - Magasins de v\u00e9los, accessoires et ateliers","url":"https:\/\/www.cycles-blain.com\/fr\/","logo":{"@type":"ImageObject","inLanguage":"fr-FR","@id":"https:\/\/www.cycles-blain.com\/fr\/#\/schema\/logo\/image\/","url":"https:\/\/www.cycles-blain.com\/fr\/wp-content\/uploads\/2023\/10\/logo-cycles-blain.jpeg","contentUrl":"https:\/\/www.cycles-blain.com\/fr\/wp-content\/uploads\/2023\/10\/logo-cycles-blain.jpeg","width":264,"height":191,"caption":"CyclesBlain - Magasins de v\u00e9los, accessoires et ateliers"},"image":{"@id":"https:\/\/www.cycles-blain.com\/fr\/#\/schema\/logo\/image\/"},"sameAs":["https:\/\/www.facebook.com\/cyclesblain\/?locale=fr_FR","https:\/\/www.instagram.com\/cycles_blain\/?hl=fr"]},{"@type":"Person","@id":"https:\/\/www.cycles-blain.com\/fr\/#\/schema\/person\/6fb8bad852fde893fb61b7b05936af37","name":"Gueweb","image":{"@type":"ImageObject","inLanguage":"fr-FR","@id":"https:\/\/secure.gravatar.com\/avatar\/52550bc594eb074508114b963209b157358b27e5a0319de1bb723df3f760ca2d?s=96&d=mm&r=g","url":"https:\/\/secure.gravatar.com\/avatar\/52550bc594eb074508114b963209b157358b27e5a0319de1bb723df3f760ca2d?s=96&d=mm&r=g","contentUrl":"https:\/\/secure.gravatar.com\/avatar\/52550bc594eb074508114b963209b157358b27e5a0319de1bb723df3f760ca2d?s=96&d=mm&r=g","caption":"Gueweb"},"sameAs":["https:\/\/www.cycles-blain.com\/\/fr"],"url":"https:\/\/www.cycles-blain.com\/fr\/author\/gueweb\/"}]}},"_links":{"self":[{"href":"https:\/\/www.cycles-blain.com\/fr\/wp-json\/wp\/v2\/posts\/4502","targetHints":{"allow":["GET"]}}],"collection":[{"href":"https:\/\/www.cycles-blain.com\/fr\/wp-json\/wp\/v2\/posts"}],"about":[{"href":"https:\/\/www.cycles-blain.com\/fr\/wp-json\/wp\/v2\/types\/post"}],"author":[{"embeddable":true,"href":"https:\/\/www.cycles-blain.com\/fr\/wp-json\/wp\/v2\/users\/1"}],"replies":[{"embeddable":true,"href":"https:\/\/www.cycles-blain.com\/fr\/wp-json\/wp\/v2\/comments?post=4502"}],"version-history":[{"count":29,"href":"https:\/\/www.cycles-blain.com\/fr\/wp-json\/wp\/v2\/posts\/4502\/revisions"}],"predecessor-version":[{"id":7069,"href":"https:\/\/www.cycles-blain.com\/fr\/wp-json\/wp\/v2\/posts\/4502\/revisions\/7069"}],"wp:featuredmedia":[{"embeddable":true,"href":"https:\/\/www.cycles-blain.com\/fr\/wp-json\/wp\/v2\/media\/4515"}],"wp:attachment":[{"href":"https:\/\/www.cycles-blain.com\/fr\/wp-json\/wp\/v2\/media?parent=4502"}],"wp:term":[{"taxonomy":"category","embeddable":true,"href":"https:\/\/www.cycles-blain.com\/fr\/wp-json\/wp\/v2\/categories?post=4502"},{"taxonomy":"post_tag","embeddable":true,"href":"https:\/\/www.cycles-blain.com\/fr\/wp-json\/wp\/v2\/tags?post=4502"}],"curies":[{"name":"wp","href":"https:\/\/api.w.org\/{rel}","templated":true}]}}