{"id":5197,"date":"2024-04-05T09:04:42","date_gmt":"2024-04-05T07:04:42","guid":{"rendered":"https:\/\/www.cycles-blain.com\/\/fr\/?p=5197"},"modified":"2024-07-24T12:22:34","modified_gmt":"2024-07-24T10:22:34","slug":"velo-a-la-carte-lyon","status":"publish","type":"post","link":"https:\/\/www.cycles-blain.com\/fr\/atelier-reparation\/velo-a-la-carte-lyon\/","title":{"rendered":"V\u00e9lo \u00e0 la carte en magasins sur Lyon"},"content":{"rendered":"\t\t<div data-elementor-type=\"wp-post\" data-elementor-id=\"5197\" class=\"elementor elementor-5197\" data-elementor-post-type=\"post\">\n\t\t\t\t<div class=\"elementor-element elementor-element-8bbae83 e-flex e-con-boxed e-con e-parent\" data-id=\"8bbae83\" data-element_type=\"container\" data-e-type=\"container\">\n\t\t\t\t\t<div class=\"e-con-inner\">\n\t\t\t\t<div class=\"elementor-element elementor-element-d1acdea elementor-widget elementor-widget-text-editor\" data-id=\"d1acdea\" data-element_type=\"widget\" data-e-type=\"widget\" data-widget_type=\"text-editor.default\">\n\t\t\t\t<div class=\"elementor-widget-container\">\n\t\t\t\t\t\t\t\t\t<p><i>Vous souhaitez choisir tous les \u00e9l\u00e9ments de votre v\u00e9lo pour avoir un montage de v\u00e9lo \u00e0 la carte ? Les magasins et ateliers Cycles Blain proposent le montage de v\u00e9los \u00e0 la carte sur Lyon&#8230;<\/i><\/p>\t\t\t\t\t\t\t\t<\/div>\n\t\t\t\t<\/div>\n\t\t\t\t\t<\/div>\n\t\t\t\t<\/div>\n\t\t<div class=\"elementor-element elementor-element-77dd810 e-flex e-con-boxed e-con e-parent\" data-id=\"77dd810\" data-element_type=\"container\" data-e-type=\"container\">\n\t\t\t\t\t<div class=\"e-con-inner\">\n\t\t\t\t<div class=\"elementor-element elementor-element-a2a0300 elementor-widget elementor-widget-heading\" data-id=\"a2a0300\" data-element_type=\"widget\" data-e-type=\"widget\" data-widget_type=\"heading.default\">\n\t\t\t\t<div class=\"elementor-widget-container\">\n\t\t\t\t\t<h2 class=\"elementor-heading-title elementor-size-large\">Qu'est-ce qu'un v\u00e9lo \u00e0 la carte ?<\/h2>\t\t\t\t<\/div>\n\t\t\t\t<\/div>\n\t\t\t\t\t<\/div>\n\t\t\t\t<\/div>\n\t\t<div class=\"elementor-element elementor-element-ebd6282 e-flex e-con-boxed e-con e-parent\" data-id=\"ebd6282\" data-element_type=\"container\" data-e-type=\"container\">\n\t\t\t\t\t<div class=\"e-con-inner\">\n\t\t\t\t<div class=\"elementor-element elementor-element-56716ee elementor-widget elementor-widget-text-editor\" data-id=\"56716ee\" data-element_type=\"widget\" data-e-type=\"widget\" data-widget_type=\"text-editor.default\">\n\t\t\t\t<div class=\"elementor-widget-container\">\n\t\t\t\t\t\t\t\t\t<p>Un v\u00e9lo \u00e0 la carte est un <b>montage de v\u00e9lo \u00e0 partir d&rsquo;une liste pr\u00e9cise et unique des \u00e9l\u00e9ments qui le composent<\/b>. A partir du choix d&rsquo;un cadre de v\u00e9lo et des autres composants, il permet d&rsquo;avoir un v\u00e9lo unique, personnalis\u00e9 \u00e0 sa pratique, ses choix techniques, sportifs et esth\u00e9tiques :\u00a0<\/p><ul><li><b>Choix du cadre de v\u00e9lo<\/b> : c&rsquo;est certainement l&rsquo;\u00e9l\u00e9ment le plus important du v\u00e9lo car sa g\u00e9om\u00e9trie et le type de cadre (rigide, semi rigide, tout suspendu&#8230;) imposera des choix techniques sur beaucoup d&rsquo;autres composants du v\u00e9lo, en particulier : la fourche, les roues, l&rsquo;amortisseur, p\u00e9daliers, freins&#8230;<br \/>La plus part des grandes marques de v\u00e9lo de route ou vtt proposent des <b>kits cadres nus<\/b>\u00a0avec ou sans amortisseurs pour les vtt notamment. <br \/><b>Ce choix est technique<\/b> (dimension, g\u00e9om\u00e9trie, composition, tailles de roues compatibles, (ex : 29 pouces), poids du cadre&#8230; <br \/>Le choix d&rsquo;un cadre est <b>aussi<\/b> <b>esth\u00e9tique<\/b> et permet d&rsquo;avoir un cadre en s\u00e9rie limit\u00e9e, unique, voire sur mesure.<\/li><\/ul><div>Si le choix du cadre peut para\u00eetre le plus important dans un v\u00e9lo \u00e0 la carte, il arrive qu&rsquo;on choisisse un cadre \u00e0 partir d&rsquo;autres \u00e9l\u00e9ments, comme la fourche ou les roues. Cela peut \u00eatre pour des raisons techniques ou \u00e9conomiques. Par exemple, si vous avez d\u00e9j\u00e0 des roues en votre possession ou une super promotion, vous devrez trouver un cadre compatible avec vos roues ! \ud83d\ude09<\/div>\t\t\t\t\t\t\t\t<\/div>\n\t\t\t\t<\/div>\n\t\t\t\t\t<\/div>\n\t\t\t\t<\/div>\n\t\t<div class=\"elementor-element elementor-element-3e7799c e-flex e-con-boxed e-con e-parent\" data-id=\"3e7799c\" data-element_type=\"container\" data-e-type=\"container\">\n\t\t\t\t\t<div class=\"e-con-inner\">\n\t\t\t\t<div class=\"elementor-element elementor-element-22a5f63 elementor-widget elementor-widget-heading\" data-id=\"22a5f63\" data-element_type=\"widget\" data-e-type=\"widget\" data-widget_type=\"heading.default\">\n\t\t\t\t<div class=\"elementor-widget-container\">\n\t\t\t\t\t<h3 class=\"elementor-heading-title elementor-size-default\">Exemple de Kit cadre pour v\u00e9lo \u00e0 la carte<\/h3>\t\t\t\t<\/div>\n\t\t\t\t<\/div>\n\t\t\t\t\t<\/div>\n\t\t\t\t<\/div>\n\t\t<div class=\"elementor-element elementor-element-0968cd6 e-flex e-con-boxed e-con e-parent\" data-id=\"0968cd6\" data-element_type=\"container\" data-e-type=\"container\">\n\t\t\t\t\t<div class=\"e-con-inner\">\n\t\t\t\t<div class=\"elementor-element elementor-element-8845666 elementor-widget elementor-widget-text-editor\" data-id=\"8845666\" data-element_type=\"widget\" data-e-type=\"widget\" data-widget_type=\"text-editor.default\">\n\t\t\t\t<div class=\"elementor-widget-container\">\n\t\t\t\t\t\t\t\t\t<p>Voici un exemple de cadre nu disponibles en ce d\u00e9but avril 2024 chez Cycles Blain pour le montage d&rsquo;un v\u00e9lo \u00e0 la carte : Le Cadre Colnago C68 Disc en taille 51<\/p>\t\t\t\t\t\t\t\t<\/div>\n\t\t\t\t<\/div>\n\t\t\t\t<div class=\"elementor-element elementor-element-6b6a128 elementor-widget elementor-widget-image\" data-id=\"6b6a128\" data-element_type=\"widget\" data-e-type=\"widget\" data-widget_type=\"image.default\">\n\t\t\t\t<div class=\"elementor-widget-container\">\n\t\t\t\t\t\t\t\t\t\t\t\t\t\t\t\t<a href=\"https:\/\/cycles-blain.com\/68-kit-cadre-velo\" target=\"_blank\">\n\t\t\t\t\t\t\t<img decoding=\"async\" src=\"https:\/\/www.cycles-blain.com\/fr\/wp-content\/uploads\/2024\/04\/Screenshot-2024-04-09-15.57.18.png\" title=\"KIT CADRE\" alt=\"CADRE COLNAGO C68 DISC 51 SLOOP HRWH\" loading=\"lazy\" \/>\t\t\t\t\t\t\t\t<\/a>\n\t\t\t\t\t\t\t\t\t\t\t\t\t\t\t<\/div>\n\t\t\t\t<\/div>\n\t\t\t\t<div class=\"elementor-element elementor-element-e41f908 elementor-align-center elementor-widget elementor-widget-button\" data-id=\"e41f908\" data-element_type=\"widget\" data-e-type=\"widget\" data-widget_type=\"button.default\">\n\t\t\t\t<div class=\"elementor-widget-container\">\n\t\t\t\t\t\t\t\t\t<div class=\"elementor-button-wrapper\">\n\t\t\t\t\t<a class=\"elementor-button elementor-button-link elementor-size-sm\" href=\"https:\/\/www.cycles-blain.com\/fr\/demande-montage-velo-a-la-carte-lyon\/\">\n\t\t\t\t\t\t<span class=\"elementor-button-content-wrapper\">\n\t\t\t\t\t\t\t\t\t<span class=\"elementor-button-text\">Je Demande un devis<\/span>\n\t\t\t\t\t<\/span>\n\t\t\t\t\t<\/a>\n\t\t\t\t<\/div>\n\t\t\t\t\t\t\t\t<\/div>\n\t\t\t\t<\/div>\n\t\t\t\t<div class=\"elementor-element elementor-element-f9d5ebc elementor-widget elementor-widget-heading\" data-id=\"f9d5ebc\" data-element_type=\"widget\" data-e-type=\"widget\" data-widget_type=\"heading.default\">\n\t\t\t\t<div class=\"elementor-widget-container\">\n\t\t\t\t\t<h2 class=\"elementor-heading-title elementor-size-large\">Le choix des composants d'un v\u00e9lo \u00e0 la carte<\/h2>\t\t\t\t<\/div>\n\t\t\t\t<\/div>\n\t\t\t\t\t<\/div>\n\t\t\t\t<\/div>\n\t\t<div class=\"elementor-element elementor-element-010ef5a e-flex e-con-boxed e-con e-parent\" data-id=\"010ef5a\" data-element_type=\"container\" data-e-type=\"container\">\n\t\t\t\t\t<div class=\"e-con-inner\">\n\t\t\t\t<div class=\"elementor-element elementor-element-370649a elementor-widget elementor-widget-text-editor\" data-id=\"370649a\" data-element_type=\"widget\" data-e-type=\"widget\" data-widget_type=\"text-editor.default\">\n\t\t\t\t<div class=\"elementor-widget-container\">\n\t\t\t\t\t\t\t\t\t<p>Pour monter un v\u00e9lo \u00e0 la carte, il faut choisir beaucoup de composants, dont voici la liste et quelques points importants. Il n&rsquo;y a pas vraiment d&rsquo;ordre, mais on a quand m\u00eame commencer par les \u00e9l\u00e9ments les plus importants, souvent les plus chers aussi&#8230; :\u00a0<\/p><ul><li><b>La taille des roues<\/b> : Bien choisir la taille, d\u00e9finir si vous souhaitez la m\u00eame taille \u00e0 l&rsquo;avant ou \u00e0 l&rsquo;arri\u00e8re (v\u00e9lo mulet pour le vtt), aura un\u00a0 impact important sur le cadre et la fourche notamment.<\/li><li><b>Les moyeux<\/b> : attention de bien faire attention aux dimensions des axes et compatibilit\u00e9 avec les freins qui peuvent \u00eatre sp\u00e9cifiques \u00e0 certains cadres, fourches, roues&#8230;Les moyeux peuvent \u00eatre choisis avec la roue ou s\u00e9par\u00e9ment avec des moyeux Hope ou Shimano par exemple&#8230;<p><b>Voici quelques marques de roues propos\u00e9es par Cycles Blain : les marques de fabricants de v\u00e9lo comme Giant ou Bontrager, Roval, Hollowgram mais aussi les \u00ab\u00a0sp\u00e9cialistes en composants\u00a0\u00bb comme Mavic, Enve, Campagnolo, DT Swiss ou Shimano que ce soit en v\u00e9los de route, gravel, vtt, vttae&#8230;<\/b><\/p><\/li><li><b>La fourche<\/b>\u00a0: Dans le cas des vtt et de certains gravels semi rigides ou tout suspendus, la fourche sera un des composants les plus importants. Il faudra la choisir en fonction des roues et du cadre surtout.<p><b>Cycles Blain propose les plus grandes marques de fourches (et amortisseurs) au choix pour un montage \u00e0 la carte comme Fox Factory, Lefty, Rock Shox., Ohlins, &#8230; <br \/><\/b>A Lire aussi :\u00a0<a href=\"https:\/\/www.cycles-blain.com\/fr\/atelier-reparation\/entretien-fourche-vtt\/\" target=\"_blank\" rel=\"noopener\">Comment bien entretenir sa fourche de VTT \/ VTC ?<\/a>\u00a0<\/p><\/li><li><b>La transmission : <\/b>Le choix de la transmission (d\u00e9railleur arri\u00e8re, avant et p\u00e9dalier, manettes de changements de vitesse) se fait en g\u00e9n\u00e9ral avec celui des freins pour les v\u00e9los de route ou gravel. Il est en revanche plus personnalisable en VTT. <br \/>Le rendement du v\u00e9lo, son utilisation vous feront choisir ces diff\u00e9rents \u00e9l\u00e9ments tout comme leur qualit\u00e9 et leur prix. Nos \u00e9quipes sauront vous conseiller parmi les plus grandes marques de transmission chez Shimano, Sram, Campagnolo&#8230;\u00a0<\/li><li><b>Les freins :<\/b>\u00a0Si la majorit\u00e9 des v\u00e9los sont aujourd&rsquo;hui mont\u00e9s en freins \u00e0 disque, vous devrez d&rsquo;abord choisir entre disques et patins surtout en v\u00e9lo de route. Les grandes marques de transmission proposent les freins comme Campagnolo en route ou gravel et Shimano, Sram, TRP&#8230;. <br \/>Mais en VTT, nous proposons aussi le montage \u00e0 la carte des mes marques comme Hope, Hayes, Magura, Formula&#8230;<\/li><li><b>Les autres composants et accessoires<\/b>\u00a0comme le guidon, la selle, la tige de selle, manivelles, potence&#8230; sont aussi des composants importants pour votre confort et la performance du v\u00e9lo. Ils font souvent l&rsquo;objet d&rsquo;un choix sur mesure avec une\u00a0<a href=\"https:\/\/www.cycles-blain.com\/fr\/etude-posturale-velo\/etude-posturale-velo-pourquoi-faire\/\" target=\"_blank\" rel=\"noopener\">\u00e9tude posturale personnalis\u00e9e<\/a>. Le choix de marques et mod\u00e8les est tr\u00e8s large avec des sp\u00e9cialistes de certains composants comme les selles SMP, les manivelles FSA ou Praxxis, ou encore les guidons Ritchey&#8230;<br \/>A lire aussi :\u00a0<a href=\"https:\/\/www.cycles-blain.com\/fr\/conseils-velo\/velo-de-route-gravel-comment-choisir-son-guidon-cintre\/\" target=\"_blank\" rel=\"noopener\">Comment choisir un guidon pour un v\u00e9lo de route<\/a>\u00a0?<\/li><\/ul>\t\t\t\t\t\t\t\t<\/div>\n\t\t\t\t<\/div>\n\t\t\t\t<div class=\"elementor-element elementor-element-6b5f4c7 elementor-widget elementor-widget-heading\" data-id=\"6b5f4c7\" data-element_type=\"widget\" data-e-type=\"widget\" data-widget_type=\"heading.default\">\n\t\t\t\t<div class=\"elementor-widget-container\">\n\t\t\t\t\t<h4 class=\"elementor-heading-title elementor-size-default\">Un exemple de v\u00e9lo \u00e0 la carte mont\u00e9 chez Cycles Blain<\/h4>\t\t\t\t<\/div>\n\t\t\t\t<\/div>\n\t\t\t\t\t<\/div>\n\t\t\t\t<\/div>\n\t\t<div class=\"elementor-element elementor-element-8e1bf40 e-flex e-con-boxed e-con e-parent\" data-id=\"8e1bf40\" data-element_type=\"container\" data-e-type=\"container\">\n\t\t\t\t\t<div class=\"e-con-inner\">\n\t\t\t\t<div class=\"elementor-element elementor-element-048da48 elementor-align-center elementor-widget elementor-widget-button\" data-id=\"048da48\" data-element_type=\"widget\" data-e-type=\"widget\" data-widget_type=\"button.default\">\n\t\t\t\t<div class=\"elementor-widget-container\">\n\t\t\t\t\t\t\t\t\t<div class=\"elementor-button-wrapper\">\n\t\t\t\t\t<a class=\"elementor-button elementor-button-link elementor-size-sm\" href=\"https:\/\/youtube.com\/shorts\/G8tk6IMJX0Y?si=pwyWJiyVvRwsPyU6\" target=\"_blank\">\n\t\t\t\t\t\t<span class=\"elementor-button-content-wrapper\">\n\t\t\t\t\t\t\t\t\t<span class=\"elementor-button-text\">Voir la vid\u00e9o<\/span>\n\t\t\t\t\t<\/span>\n\t\t\t\t\t<\/a>\n\t\t\t\t<\/div>\n\t\t\t\t\t\t\t\t<\/div>\n\t\t\t\t<\/div>\n\t\t\t\t<div class=\"elementor-element elementor-element-0df5d71 elementor-widget elementor-widget-image\" data-id=\"0df5d71\" data-element_type=\"widget\" data-e-type=\"widget\" data-widget_type=\"image.default\">\n\t\t\t\t<div class=\"elementor-widget-container\">\n\t\t\t\t\t\t\t\t\t\t\t\t\t\t\t\t<a href=\"https:\/\/youtube.com\/shorts\/G8tk6IMJX0Y?si=pwyWJiyVvRwsPyU6\" target=\"_blank\">\n\t\t\t\t\t\t\t<img fetchpriority=\"high\" decoding=\"async\" width=\"587\" height=\"443\" src=\"https:\/\/www.cycles-blain.com\/fr\/wp-content\/uploads\/2024\/04\/Screenshot-2024-04-09-15.32.29.png\" class=\"attachment-large size-large wp-image-5397\" alt=\"Montage \u00e0 la carte\" srcset=\"https:\/\/www.cycles-blain.com\/fr\/wp-content\/uploads\/2024\/04\/Screenshot-2024-04-09-15.32.29.png 587w, https:\/\/www.cycles-blain.com\/fr\/wp-content\/uploads\/2024\/04\/Screenshot-2024-04-09-15.32.29-300x226.png 300w\" sizes=\"(max-width: 587px) 100vw, 587px\" \/>\t\t\t\t\t\t\t\t<\/a>\n\t\t\t\t\t\t\t\t\t\t\t\t\t\t\t<\/div>\n\t\t\t\t<\/div>\n\t\t\t\t<div class=\"elementor-element elementor-element-805cc5b elementor-widget elementor-widget-heading\" data-id=\"805cc5b\" data-element_type=\"widget\" data-e-type=\"widget\" data-widget_type=\"heading.default\">\n\t\t\t\t<div class=\"elementor-widget-container\">\n\t\t\t\t\t<h2 class=\"elementor-heading-title elementor-size-large\">Combien co\u00fbte un montage de v\u00e9lo \u00e0 la carte ?<\/h2>\t\t\t\t<\/div>\n\t\t\t\t<\/div>\n\t\t\t\t<div class=\"elementor-element elementor-element-05ba811 elementor-widget elementor-widget-text-editor\" data-id=\"05ba811\" data-element_type=\"widget\" data-e-type=\"widget\" data-widget_type=\"text-editor.default\">\n\t\t\t\t<div class=\"elementor-widget-container\">\n\t\t\t\t\t\t\t\t\t<p>Il n&rsquo;y a pas de budget minimum ou maximum pour faire un v\u00e9lo \u00e0 la carte. Il d\u00e9pend de votre budget et de votre besoin. Nous vous conseillons de vous fixer un budget en partant du prix de r\u00e9f\u00e9rence d&rsquo;un v\u00e9lo comparable \u00e0 vos souhaits. Un v\u00e9lo \u00e0 la carte peut co\u00fbter beaucoup plus cher qu&rsquo;un v\u00e9lo \u00ab\u00a0de s\u00e9rie\u00a0\u00bb. Mais il arrive souvent que des cadres soient disponibles \u00e0 des prix tr\u00e8s comp\u00e9titifs ou des fins de s\u00e9rie permettant une grosse \u00e9conomie qui vous permettra de vous lancer dans un projet de v\u00e9lo \u00e0 la carte sans vous ruiner !<\/p><p><b>Chez Cycles Blain, nos proposons le montage de v\u00e9lo \u00e0 la carte toutes marques pour tous les types de v\u00e9los :\u00a0<\/b><\/p><ul><li><b>Une facturation au temps pass\u00e9<\/b> avec un devis pour estimer le temps n\u00e9cessaire : <br \/>comptez en g\u00e9n\u00e9ral 3h pour le montage d&rsquo;un v\u00e9lo complet \u00e0 70\u20ac TTC de l&rsquo;heure, <br \/>soit 210\u20ac de montage pour un v\u00e9lo complet.<\/li><li>Le client peut apporter un ou plusieurs composant neufs ou d&rsquo;occasions qui seront mont\u00e9s sur le v\u00e9lo.<\/li><li>Nos \u00e9quipes peuvent faire le d\u00e9montage d&rsquo;un v\u00e9lo ou de composants sur un v\u00e9lo existant du client pour le remonter sur un v\u00e9lo \u00e0 la carte : <b>Le temps de d\u00e9montage sera aussi estim\u00e9 et factur\u00e9 au temps pass\u00e9<\/b>.<\/li><\/ul><div>A noter que sur les \u00e9l\u00e9ments d&rsquo;occasion, il faut en g\u00e9n\u00e9ral pr\u00e9voir un temps de r\u00e9glages ou de r\u00e9vision sur certains \u00e9l\u00e9ments (si n\u00e9cessaire), dans le but d&rsquo;avoir un v\u00e9lo apte \u00e0 rouler et parfaitement r\u00e9gl\u00e9 avec le reste. <b>Tout cela fera partie d&rsquo;un devis clair et d\u00e9taill\u00e9 r\u00e9alis\u00e9 uniquement en magasins.*<\/b><br \/><br \/>Dans tous les cas, un montage de v\u00e9lo \u00e0 la carte est un projet passionnant pour les passionn\u00e9(e)s de v\u00e9los et sportifs ! \ud83d\ude09 N&rsquo;h\u00e9sitez pas \u00e0 venir nous en parler en magasin ou \u00e0 remplir le formulaire de demande de devis ci-dessous.<\/div>\t\t\t\t\t\t\t\t<\/div>\n\t\t\t\t<\/div>\n\t\t\t\t<div class=\"elementor-element elementor-element-93e0dd8 elementor-align-center elementor-widget elementor-widget-button\" data-id=\"93e0dd8\" data-element_type=\"widget\" data-e-type=\"widget\" data-widget_type=\"button.default\">\n\t\t\t\t<div class=\"elementor-widget-container\">\n\t\t\t\t\t\t\t\t\t<div class=\"elementor-button-wrapper\">\n\t\t\t\t\t<a class=\"elementor-button elementor-button-link elementor-size-sm\" href=\"https:\/\/www.cycles-blain.com\/fr\/demande-montage-velo-a-la-carte-lyon\/\">\n\t\t\t\t\t\t<span class=\"elementor-button-content-wrapper\">\n\t\t\t\t\t\t\t\t\t<span class=\"elementor-button-text\">Je veux \u00eatre contact\u00e9<\/span>\n\t\t\t\t\t<\/span>\n\t\t\t\t\t<\/a>\n\t\t\t\t<\/div>\n\t\t\t\t\t\t\t\t<\/div>\n\t\t\t\t<\/div>\n\t\t\t\t\t<\/div>\n\t\t\t\t<\/div>\n\t\t<div class=\"elementor-element elementor-element-ddf9c96 e-flex e-con-boxed e-con e-parent\" data-id=\"ddf9c96\" data-element_type=\"container\" data-e-type=\"container\">\n\t\t\t\t\t<div class=\"e-con-inner\">\n\t\t\t\t<div class=\"elementor-element elementor-element-85c0b8b elementor-widget elementor-widget-heading\" data-id=\"85c0b8b\" data-element_type=\"widget\" data-e-type=\"widget\" data-widget_type=\"heading.default\">\n\t\t\t\t<div class=\"elementor-widget-container\">\n\t\t\t\t\t<h3 class=\"elementor-heading-title elementor-size-default\">Quelques astuces et infos en plus<\/h3>\t\t\t\t<\/div>\n\t\t\t\t<\/div>\n\t\t\t\t<div class=\"elementor-element elementor-element-5115137 elementor-widget elementor-widget-text-editor\" data-id=\"5115137\" data-element_type=\"widget\" data-e-type=\"widget\" data-widget_type=\"text-editor.default\">\n\t\t\t\t<div class=\"elementor-widget-container\">\n\t\t\t\t\t\t\t\t\t<ul><li>Surveillez le site des constructeurs, il y a souvent des promotions sur les kits cadres.<\/li><li>Pour tout projet, n&rsquo;oubliez pas qu&rsquo;il faudra un peu de temps pour commander et recevoir tous les composants du v\u00e9los.<\/li><li>Nos \u00e9quipes devront v\u00e9rifier que les pi\u00e8ces que vous commandez vous m\u00eames ou d&rsquo;occasions sont bien compatibles entres-elles !<\/li><li>Plus vous choisissez d&rsquo;\u00e9l\u00e9ments de marques diff\u00e9rentes, plus il faudra \u00eatre vigilant \u00e0 la compatibilit\u00e9 des \u00e9l\u00e9ments entre eux.<\/li><li>Ne pas confondre \u00ab\u00a0v\u00e9lo sur mesure\u00a0\u00bb et \u00ab\u00a0v\u00e9lo \u00e0 la carte\u00a0\u00bb: un v\u00e9lo sur mesure est un v\u00e9lo dont le cadre est fabriqu\u00e9e \u00e0 vos dimensions sp\u00e9cifiques apr\u00e8s une \u00e9tude posturale en magasin.<\/li><li>Certaines marques proposent des cadres personnalis\u00e9s. (colories, peintures&#8230;)<\/li><li>N&rsquo;achetez pas trop vite vos composants sans avoir d\u00e9j\u00e0 choisi et \u00eatre certains de la disponibilit\u00e9 du cadre ! Contactez-nous avant pour \u00eatre s\u00fbr des composants.<\/li><li>N&rsquo;oubliez pas de prendre un rdv pour le devis et pour le rendez-vous atelier.<\/li><li>Pour la garantie, un v\u00e9lo \u00e0 la carte sera garantie pour chaque composant par le constructeur et le magasin dans lequel, vous l&rsquo;aurez achet\u00e9. Ex : Une garantie de 1 an pour la fourche et une garantie de 2 ans pour le cadre. Il faudra veiller \u00e0 conserver toutes les factures et \u00e0 enregistrer vos achats aupr\u00e8s de chaque fournisseur.<\/li><li>Un v\u00e9lo \u00e0 la carte, doit aussi \u00eatre marqu\u00e9 : Cycles Blain propose le marquage Bicycode.<br \/><a href=\"https:\/\/www.cycles-blain.com\/fr\/conseils-velo\/votre-marquage-velo-a-lyon\/\" target=\"_blank\" rel=\"noopener\">Lire notre article sur le marquage de v\u00e9lo<\/a>.<p><b>Les \u00e9quipes de Cycles Blain ont l&rsquo;habitude de monter des v\u00e9los \u00e0 la carte, quelque soit votre projet, nous aurons des solutions et des id\u00e9es au meilleur prix !<\/b><\/p><\/li><\/ul>\t\t\t\t\t\t\t\t<\/div>\n\t\t\t\t<\/div>\n\t\t\t\t\t<\/div>\n\t\t\t\t<\/div>\n\t\t<div class=\"elementor-element elementor-element-f15861a e-flex e-con-boxed e-con e-parent\" data-id=\"f15861a\" data-element_type=\"container\" data-e-type=\"container\">\n\t\t\t\t\t<div class=\"e-con-inner\">\n\t\t\t\t<div class=\"elementor-element elementor-element-547bf2e elementor-widget elementor-widget-button\" data-id=\"547bf2e\" data-element_type=\"widget\" data-e-type=\"widget\" data-widget_type=\"button.default\">\n\t\t\t\t<div class=\"elementor-widget-container\">\n\t\t\t\t\t\t\t\t\t<div class=\"elementor-button-wrapper\">\n\t\t\t\t\t<a class=\"elementor-button elementor-button-link elementor-size-sm\" href=\"https:\/\/www.cycles-blain.com\/fr\/demande-montage-velo-a-la-carte-lyon\/\" target=\"_blank\">\n\t\t\t\t\t\t<span class=\"elementor-button-content-wrapper\">\n\t\t\t\t\t\t\t\t\t<span class=\"elementor-button-text\">Je veux \u00eatre contact\u00e9<\/span>\n\t\t\t\t\t<\/span>\n\t\t\t\t\t<\/a>\n\t\t\t\t<\/div>\n\t\t\t\t\t\t\t\t<\/div>\n\t\t\t\t<\/div>\n\t\t\t\t<div class=\"elementor-element elementor-element-98d6431 elementor-align-center elementor-widget elementor-widget-button\" data-id=\"98d6431\" data-element_type=\"widget\" data-e-type=\"widget\" data-widget_type=\"button.default\">\n\t\t\t\t<div class=\"elementor-widget-container\">\n\t\t\t\t\t\t\t\t\t<div class=\"elementor-button-wrapper\">\n\t\t\t\t\t<a class=\"elementor-button elementor-button-link elementor-size-sm\" href=\"https:\/\/www.cycles-blain.com\/content\/category\/2-magasins-velos-lyon-cycles-blain\" target=\"_blank\">\n\t\t\t\t\t\t<span class=\"elementor-button-content-wrapper\">\n\t\t\t\t\t\t\t\t\t<span class=\"elementor-button-text\">Je trouve un magasin Cycles Blain<\/span>\n\t\t\t\t\t<\/span>\n\t\t\t\t\t<\/a>\n\t\t\t\t<\/div>\n\t\t\t\t\t\t\t\t<\/div>\n\t\t\t\t<\/div>\n\t\t\t\t\t<\/div>\n\t\t\t\t<\/div>\n\t\t<div class=\"elementor-element elementor-element-d4155ab e-flex e-con-boxed e-con e-parent\" data-id=\"d4155ab\" data-element_type=\"container\" data-e-type=\"container\">\n\t\t\t\t\t<div class=\"e-con-inner\">\n\t\t\t\t<div class=\"elementor-element elementor-element-04bb5ca elementor-widget elementor-widget-text-editor\" data-id=\"04bb5ca\" data-element_type=\"widget\" data-e-type=\"widget\" data-widget_type=\"text-editor.default\">\n\t\t\t\t<div class=\"elementor-widget-container\">\n\t\t\t\t\t\t\t\t\t<p><span style=\"text-align: justify;\"><i>* Un devis personnalis\u00e9 et d\u00e9taill\u00e9 prends du temps.<br \/>Si notre devis est refus\u00e9, le devis est factur\u00e9 25\u20ac TTC au client.<\/i><\/span><\/p>\t\t\t\t\t\t\t\t<\/div>\n\t\t\t\t<\/div>\n\t\t\t\t\t<\/div>\n\t\t\t\t<\/div>\n\t\t\t\t<\/div>\n\t\t","protected":false},"excerpt":{"rendered":"<p>Vous souhaitez choisir tous les \u00e9l\u00e9ments de votre v\u00e9lo pour monter un v\u00e9lo \u00e0 la carte ? Les magasins et Ateliers Cycles Blain proposent le montage de v\u00e9los \u00e0 la carte sur Lyon<\/p>\n","protected":false},"author":1,"featured_media":5397,"comment_status":"open","ping_status":"open","sticky":false,"template":"","format":"standard","meta":{"site-sidebar-layout":"default","site-content-layout":"","ast-site-content-layout":"default","site-content-style":"default","site-sidebar-style":"default","ast-global-header-display":"","ast-banner-title-visibility":"","ast-main-header-display":"","ast-hfb-above-header-display":"","ast-hfb-below-header-display":"","ast-hfb-mobile-header-display":"","site-post-title":"","ast-breadcrumbs-content":"","ast-featured-img":"","footer-sml-layout":"","theme-transparent-header-meta":"","adv-header-id-meta":"","stick-header-meta":"","header-above-stick-meta":"","header-main-stick-meta":"","header-below-stick-meta":"","astra-migrate-meta-layouts":"set","ast-page-background-enabled":"default","ast-page-background-meta":{"desktop":{"background-color":"","background-image":"","background-repeat":"repeat","background-position":"center center","background-size":"auto","background-attachment":"scroll","background-type":"","background-media":"","overlay-type":"","overlay-color":"","overlay-gradient":""},"tablet":{"background-color":"","background-image":"","background-repeat":"repeat","background-position":"center center","background-size":"auto","background-attachment":"scroll","background-type":"","background-media":"","overlay-type":"","overlay-color":"","overlay-gradient":""},"mobile":{"background-color":"","background-image":"","background-repeat":"repeat","background-position":"center center","background-size":"auto","background-attachment":"scroll","background-type":"","background-media":"","overlay-type":"","overlay-color":"","overlay-gradient":""}},"ast-content-background-meta":{"desktop":{"background-color":"var(--ast-global-color-5)","background-image":"","background-repeat":"repeat","background-position":"center center","background-size":"auto","background-attachment":"scroll","background-type":"","background-media":"","overlay-type":"","overlay-color":"","overlay-gradient":""},"tablet":{"background-color":"var(--ast-global-color-5)","background-image":"","background-repeat":"repeat","background-position":"center center","background-size":"auto","background-attachment":"scroll","background-type":"","background-media":"","overlay-type":"","overlay-color":"","overlay-gradient":""},"mobile":{"background-color":"var(--ast-global-color-5)","background-image":"","background-repeat":"repeat","background-position":"center center","background-size":"auto","background-attachment":"scroll","background-type":"","background-media":"","overlay-type":"","overlay-color":"","overlay-gradient":""}},"footnotes":""},"categories":[6,88],"tags":[192,191],"class_list":["post-5197","post","type-post","status-publish","format-standard","has-post-thumbnail","hentry","category-magasins-velo","category-atelier-reparation","tag-montage-velo","tag-velo-a-la-carte"],"yoast_head":"<!-- This site is optimized with the Yoast SEO plugin v27.4 - https:\/\/yoast.com\/product\/yoast-seo-wordpress\/ -->\n<title>V\u00e9lo \u00e0 la carte en magasins sur Lyon - Cycles Blain<\/title>\n<meta name=\"description\" content=\"Vous souhaitez choisir tous les \u00e9l\u00e9ments de votre v\u00e9lo pour monter un v\u00e9lo \u00e0 la carte ?Cycles Blain propose le montage de v\u00e9los \u00e0 la carte\" \/>\n<meta name=\"robots\" content=\"index, follow, max-snippet:-1, max-image-preview:large, max-video-preview:-1\" \/>\n<link rel=\"canonical\" href=\"https:\/\/www.cycles-blain.com\/fr\/atelier-reparation\/velo-a-la-carte-lyon\/\" \/>\n<meta property=\"og:locale\" content=\"fr_FR\" \/>\n<meta property=\"og:type\" content=\"article\" \/>\n<meta property=\"og:title\" content=\"V\u00e9lo \u00e0 la carte en magasins sur Lyon - Cycles Blain\" \/>\n<meta property=\"og:description\" content=\"Vous souhaitez choisir tous les \u00e9l\u00e9ments de votre v\u00e9lo pour monter un v\u00e9lo \u00e0 la carte ?Cycles Blain propose le montage de v\u00e9los \u00e0 la carte\" \/>\n<meta property=\"og:url\" content=\"https:\/\/www.cycles-blain.com\/fr\/atelier-reparation\/velo-a-la-carte-lyon\/\" \/>\n<meta property=\"og:site_name\" content=\"CyclesBlain - Magasins de v\u00e9los, accessoires et ateliers\" \/>\n<meta property=\"article:publisher\" content=\"https:\/\/www.facebook.com\/cyclesblain\/?locale=fr_FR\" \/>\n<meta property=\"article:published_time\" content=\"2024-04-05T07:04:42+00:00\" \/>\n<meta property=\"article:modified_time\" content=\"2024-07-24T10:22:34+00:00\" \/>\n<meta property=\"og:image\" content=\"https:\/\/www.cycles-blain.com\/fr\/wp-content\/uploads\/2024\/04\/Screenshot-2024-04-09-15.32.29.png\" \/>\n\t<meta property=\"og:image:width\" content=\"587\" \/>\n\t<meta property=\"og:image:height\" content=\"443\" \/>\n\t<meta property=\"og:image:type\" content=\"image\/png\" \/>\n<meta name=\"author\" content=\"Gueweb\" \/>\n<meta name=\"twitter:card\" content=\"summary_large_image\" \/>\n<meta name=\"twitter:label1\" content=\"\u00c9crit par\" \/>\n\t<meta name=\"twitter:data1\" content=\"Gueweb\" \/>\n\t<meta name=\"twitter:label2\" content=\"Dur\u00e9e de lecture estim\u00e9e\" \/>\n\t<meta name=\"twitter:data2\" content=\"8 minutes\" \/>\n<script type=\"application\/ld+json\" class=\"yoast-schema-graph\">{\"@context\":\"https:\\\/\\\/schema.org\",\"@graph\":[{\"@type\":\"Article\",\"@id\":\"https:\\\/\\\/www.cycles-blain.com\\\/fr\\\/atelier-reparation\\\/velo-a-la-carte-lyon\\\/#article\",\"isPartOf\":{\"@id\":\"https:\\\/\\\/www.cycles-blain.com\\\/fr\\\/atelier-reparation\\\/velo-a-la-carte-lyon\\\/\"},\"author\":{\"name\":\"Gueweb\",\"@id\":\"https:\\\/\\\/www.cycles-blain.com\\\/fr\\\/#\\\/schema\\\/person\\\/6fb8bad852fde893fb61b7b05936af37\"},\"headline\":\"V\u00e9lo \u00e0 la carte en magasins sur Lyon\",\"datePublished\":\"2024-04-05T07:04:42+00:00\",\"dateModified\":\"2024-07-24T10:22:34+00:00\",\"mainEntityOfPage\":{\"@id\":\"https:\\\/\\\/www.cycles-blain.com\\\/fr\\\/atelier-reparation\\\/velo-a-la-carte-lyon\\\/\"},\"wordCount\":1548,\"commentCount\":0,\"publisher\":{\"@id\":\"https:\\\/\\\/www.cycles-blain.com\\\/fr\\\/#organization\"},\"image\":{\"@id\":\"https:\\\/\\\/www.cycles-blain.com\\\/fr\\\/atelier-reparation\\\/velo-a-la-carte-lyon\\\/#primaryimage\"},\"thumbnailUrl\":\"https:\\\/\\\/www.cycles-blain.com\\\/fr\\\/wp-content\\\/uploads\\\/2024\\\/04\\\/Screenshot-2024-04-09-15.32.29.png\",\"keywords\":[\"montage velo\",\"velo a la carte\"],\"articleSection\":[\"Actus Magasins\",\"Atelier\"],\"inLanguage\":\"fr-FR\",\"potentialAction\":[{\"@type\":\"CommentAction\",\"name\":\"Comment\",\"target\":[\"https:\\\/\\\/www.cycles-blain.com\\\/fr\\\/atelier-reparation\\\/velo-a-la-carte-lyon\\\/#respond\"]}]},{\"@type\":\"WebPage\",\"@id\":\"https:\\\/\\\/www.cycles-blain.com\\\/fr\\\/atelier-reparation\\\/velo-a-la-carte-lyon\\\/\",\"url\":\"https:\\\/\\\/www.cycles-blain.com\\\/fr\\\/atelier-reparation\\\/velo-a-la-carte-lyon\\\/\",\"name\":\"V\u00e9lo \u00e0 la carte en magasins sur Lyon - Cycles Blain\",\"isPartOf\":{\"@id\":\"https:\\\/\\\/www.cycles-blain.com\\\/fr\\\/#website\"},\"primaryImageOfPage\":{\"@id\":\"https:\\\/\\\/www.cycles-blain.com\\\/fr\\\/atelier-reparation\\\/velo-a-la-carte-lyon\\\/#primaryimage\"},\"image\":{\"@id\":\"https:\\\/\\\/www.cycles-blain.com\\\/fr\\\/atelier-reparation\\\/velo-a-la-carte-lyon\\\/#primaryimage\"},\"thumbnailUrl\":\"https:\\\/\\\/www.cycles-blain.com\\\/fr\\\/wp-content\\\/uploads\\\/2024\\\/04\\\/Screenshot-2024-04-09-15.32.29.png\",\"datePublished\":\"2024-04-05T07:04:42+00:00\",\"dateModified\":\"2024-07-24T10:22:34+00:00\",\"description\":\"Vous souhaitez choisir tous les \u00e9l\u00e9ments de votre v\u00e9lo pour monter un v\u00e9lo \u00e0 la carte ?Cycles Blain propose le montage de v\u00e9los \u00e0 la carte\",\"breadcrumb\":{\"@id\":\"https:\\\/\\\/www.cycles-blain.com\\\/fr\\\/atelier-reparation\\\/velo-a-la-carte-lyon\\\/#breadcrumb\"},\"inLanguage\":\"fr-FR\",\"potentialAction\":[{\"@type\":\"ReadAction\",\"target\":[\"https:\\\/\\\/www.cycles-blain.com\\\/fr\\\/atelier-reparation\\\/velo-a-la-carte-lyon\\\/\"]}]},{\"@type\":\"ImageObject\",\"inLanguage\":\"fr-FR\",\"@id\":\"https:\\\/\\\/www.cycles-blain.com\\\/fr\\\/atelier-reparation\\\/velo-a-la-carte-lyon\\\/#primaryimage\",\"url\":\"https:\\\/\\\/www.cycles-blain.com\\\/fr\\\/wp-content\\\/uploads\\\/2024\\\/04\\\/Screenshot-2024-04-09-15.32.29.png\",\"contentUrl\":\"https:\\\/\\\/www.cycles-blain.com\\\/fr\\\/wp-content\\\/uploads\\\/2024\\\/04\\\/Screenshot-2024-04-09-15.32.29.png\",\"width\":587,\"height\":443,\"caption\":\"Montage \u00e0 la carte\"},{\"@type\":\"BreadcrumbList\",\"@id\":\"https:\\\/\\\/www.cycles-blain.com\\\/fr\\\/atelier-reparation\\\/velo-a-la-carte-lyon\\\/#breadcrumb\",\"itemListElement\":[{\"@type\":\"ListItem\",\"position\":1,\"name\":\"Accueil\",\"item\":\"https:\\\/\\\/www.cycles-blain.com\\\/fr\\\/\"},{\"@type\":\"ListItem\",\"position\":2,\"name\":\"V\u00e9lo \u00e0 la carte en magasins sur Lyon\"}]},{\"@type\":\"WebSite\",\"@id\":\"https:\\\/\\\/www.cycles-blain.com\\\/fr\\\/#website\",\"url\":\"https:\\\/\\\/www.cycles-blain.com\\\/fr\\\/\",\"name\":\"CyclesBlain - Magasins de v\u00e9los, accessoires et ateliers\",\"description\":\"Blog Cycles Blain\",\"publisher\":{\"@id\":\"https:\\\/\\\/www.cycles-blain.com\\\/fr\\\/#organization\"},\"potentialAction\":[{\"@type\":\"SearchAction\",\"target\":{\"@type\":\"EntryPoint\",\"urlTemplate\":\"https:\\\/\\\/www.cycles-blain.com\\\/fr\\\/?s={search_term_string}\"},\"query-input\":{\"@type\":\"PropertyValueSpecification\",\"valueRequired\":true,\"valueName\":\"search_term_string\"}}],\"inLanguage\":\"fr-FR\"},{\"@type\":\"Organization\",\"@id\":\"https:\\\/\\\/www.cycles-blain.com\\\/fr\\\/#organization\",\"name\":\"CyclesBlain - Magasins de v\u00e9los, accessoires et ateliers\",\"url\":\"https:\\\/\\\/www.cycles-blain.com\\\/fr\\\/\",\"logo\":{\"@type\":\"ImageObject\",\"inLanguage\":\"fr-FR\",\"@id\":\"https:\\\/\\\/www.cycles-blain.com\\\/fr\\\/#\\\/schema\\\/logo\\\/image\\\/\",\"url\":\"https:\\\/\\\/www.cycles-blain.com\\\/fr\\\/wp-content\\\/uploads\\\/2023\\\/10\\\/logo-cycles-blain.jpeg\",\"contentUrl\":\"https:\\\/\\\/www.cycles-blain.com\\\/fr\\\/wp-content\\\/uploads\\\/2023\\\/10\\\/logo-cycles-blain.jpeg\",\"width\":264,\"height\":191,\"caption\":\"CyclesBlain - Magasins de v\u00e9los, accessoires et ateliers\"},\"image\":{\"@id\":\"https:\\\/\\\/www.cycles-blain.com\\\/fr\\\/#\\\/schema\\\/logo\\\/image\\\/\"},\"sameAs\":[\"https:\\\/\\\/www.facebook.com\\\/cyclesblain\\\/?locale=fr_FR\",\"https:\\\/\\\/www.instagram.com\\\/cycles_blain\\\/?hl=fr\"]},{\"@type\":\"Person\",\"@id\":\"https:\\\/\\\/www.cycles-blain.com\\\/fr\\\/#\\\/schema\\\/person\\\/6fb8bad852fde893fb61b7b05936af37\",\"name\":\"Gueweb\",\"image\":{\"@type\":\"ImageObject\",\"inLanguage\":\"fr-FR\",\"@id\":\"https:\\\/\\\/secure.gravatar.com\\\/avatar\\\/52550bc594eb074508114b963209b157358b27e5a0319de1bb723df3f760ca2d?s=96&d=mm&r=g\",\"url\":\"https:\\\/\\\/secure.gravatar.com\\\/avatar\\\/52550bc594eb074508114b963209b157358b27e5a0319de1bb723df3f760ca2d?s=96&d=mm&r=g\",\"contentUrl\":\"https:\\\/\\\/secure.gravatar.com\\\/avatar\\\/52550bc594eb074508114b963209b157358b27e5a0319de1bb723df3f760ca2d?s=96&d=mm&r=g\",\"caption\":\"Gueweb\"},\"sameAs\":[\"https:\\\/\\\/www.cycles-blain.com\\\/\\\/fr\"],\"url\":\"https:\\\/\\\/www.cycles-blain.com\\\/fr\\\/author\\\/gueweb\\\/\"}]}<\/script>\n<!-- \/ Yoast SEO plugin. -->","yoast_head_json":{"title":"V\u00e9lo \u00e0 la carte en magasins sur Lyon - Cycles Blain","description":"Vous souhaitez choisir tous les \u00e9l\u00e9ments de votre v\u00e9lo pour monter un v\u00e9lo \u00e0 la carte ?Cycles Blain propose le montage de v\u00e9los \u00e0 la carte","robots":{"index":"index","follow":"follow","max-snippet":"max-snippet:-1","max-image-preview":"max-image-preview:large","max-video-preview":"max-video-preview:-1"},"canonical":"https:\/\/www.cycles-blain.com\/fr\/atelier-reparation\/velo-a-la-carte-lyon\/","og_locale":"fr_FR","og_type":"article","og_title":"V\u00e9lo \u00e0 la carte en magasins sur Lyon - Cycles Blain","og_description":"Vous souhaitez choisir tous les \u00e9l\u00e9ments de votre v\u00e9lo pour monter un v\u00e9lo \u00e0 la carte ?Cycles Blain propose le montage de v\u00e9los \u00e0 la carte","og_url":"https:\/\/www.cycles-blain.com\/fr\/atelier-reparation\/velo-a-la-carte-lyon\/","og_site_name":"CyclesBlain - Magasins de v\u00e9los, accessoires et ateliers","article_publisher":"https:\/\/www.facebook.com\/cyclesblain\/?locale=fr_FR","article_published_time":"2024-04-05T07:04:42+00:00","article_modified_time":"2024-07-24T10:22:34+00:00","og_image":[{"width":587,"height":443,"url":"https:\/\/www.cycles-blain.com\/fr\/wp-content\/uploads\/2024\/04\/Screenshot-2024-04-09-15.32.29.png","type":"image\/png"}],"author":"Gueweb","twitter_card":"summary_large_image","twitter_misc":{"\u00c9crit par":"Gueweb","Dur\u00e9e de lecture estim\u00e9e":"8 minutes"},"schema":{"@context":"https:\/\/schema.org","@graph":[{"@type":"Article","@id":"https:\/\/www.cycles-blain.com\/fr\/atelier-reparation\/velo-a-la-carte-lyon\/#article","isPartOf":{"@id":"https:\/\/www.cycles-blain.com\/fr\/atelier-reparation\/velo-a-la-carte-lyon\/"},"author":{"name":"Gueweb","@id":"https:\/\/www.cycles-blain.com\/fr\/#\/schema\/person\/6fb8bad852fde893fb61b7b05936af37"},"headline":"V\u00e9lo \u00e0 la carte en magasins sur Lyon","datePublished":"2024-04-05T07:04:42+00:00","dateModified":"2024-07-24T10:22:34+00:00","mainEntityOfPage":{"@id":"https:\/\/www.cycles-blain.com\/fr\/atelier-reparation\/velo-a-la-carte-lyon\/"},"wordCount":1548,"commentCount":0,"publisher":{"@id":"https:\/\/www.cycles-blain.com\/fr\/#organization"},"image":{"@id":"https:\/\/www.cycles-blain.com\/fr\/atelier-reparation\/velo-a-la-carte-lyon\/#primaryimage"},"thumbnailUrl":"https:\/\/www.cycles-blain.com\/fr\/wp-content\/uploads\/2024\/04\/Screenshot-2024-04-09-15.32.29.png","keywords":["montage velo","velo a la carte"],"articleSection":["Actus Magasins","Atelier"],"inLanguage":"fr-FR","potentialAction":[{"@type":"CommentAction","name":"Comment","target":["https:\/\/www.cycles-blain.com\/fr\/atelier-reparation\/velo-a-la-carte-lyon\/#respond"]}]},{"@type":"WebPage","@id":"https:\/\/www.cycles-blain.com\/fr\/atelier-reparation\/velo-a-la-carte-lyon\/","url":"https:\/\/www.cycles-blain.com\/fr\/atelier-reparation\/velo-a-la-carte-lyon\/","name":"V\u00e9lo \u00e0 la carte en magasins sur Lyon - Cycles Blain","isPartOf":{"@id":"https:\/\/www.cycles-blain.com\/fr\/#website"},"primaryImageOfPage":{"@id":"https:\/\/www.cycles-blain.com\/fr\/atelier-reparation\/velo-a-la-carte-lyon\/#primaryimage"},"image":{"@id":"https:\/\/www.cycles-blain.com\/fr\/atelier-reparation\/velo-a-la-carte-lyon\/#primaryimage"},"thumbnailUrl":"https:\/\/www.cycles-blain.com\/fr\/wp-content\/uploads\/2024\/04\/Screenshot-2024-04-09-15.32.29.png","datePublished":"2024-04-05T07:04:42+00:00","dateModified":"2024-07-24T10:22:34+00:00","description":"Vous souhaitez choisir tous les \u00e9l\u00e9ments de votre v\u00e9lo pour monter un v\u00e9lo \u00e0 la carte ?Cycles Blain propose le montage de v\u00e9los \u00e0 la carte","breadcrumb":{"@id":"https:\/\/www.cycles-blain.com\/fr\/atelier-reparation\/velo-a-la-carte-lyon\/#breadcrumb"},"inLanguage":"fr-FR","potentialAction":[{"@type":"ReadAction","target":["https:\/\/www.cycles-blain.com\/fr\/atelier-reparation\/velo-a-la-carte-lyon\/"]}]},{"@type":"ImageObject","inLanguage":"fr-FR","@id":"https:\/\/www.cycles-blain.com\/fr\/atelier-reparation\/velo-a-la-carte-lyon\/#primaryimage","url":"https:\/\/www.cycles-blain.com\/fr\/wp-content\/uploads\/2024\/04\/Screenshot-2024-04-09-15.32.29.png","contentUrl":"https:\/\/www.cycles-blain.com\/fr\/wp-content\/uploads\/2024\/04\/Screenshot-2024-04-09-15.32.29.png","width":587,"height":443,"caption":"Montage \u00e0 la carte"},{"@type":"BreadcrumbList","@id":"https:\/\/www.cycles-blain.com\/fr\/atelier-reparation\/velo-a-la-carte-lyon\/#breadcrumb","itemListElement":[{"@type":"ListItem","position":1,"name":"Accueil","item":"https:\/\/www.cycles-blain.com\/fr\/"},{"@type":"ListItem","position":2,"name":"V\u00e9lo \u00e0 la carte en magasins sur Lyon"}]},{"@type":"WebSite","@id":"https:\/\/www.cycles-blain.com\/fr\/#website","url":"https:\/\/www.cycles-blain.com\/fr\/","name":"CyclesBlain - Magasins de v\u00e9los, accessoires et ateliers","description":"Blog Cycles Blain","publisher":{"@id":"https:\/\/www.cycles-blain.com\/fr\/#organization"},"potentialAction":[{"@type":"SearchAction","target":{"@type":"EntryPoint","urlTemplate":"https:\/\/www.cycles-blain.com\/fr\/?s={search_term_string}"},"query-input":{"@type":"PropertyValueSpecification","valueRequired":true,"valueName":"search_term_string"}}],"inLanguage":"fr-FR"},{"@type":"Organization","@id":"https:\/\/www.cycles-blain.com\/fr\/#organization","name":"CyclesBlain - Magasins de v\u00e9los, accessoires et ateliers","url":"https:\/\/www.cycles-blain.com\/fr\/","logo":{"@type":"ImageObject","inLanguage":"fr-FR","@id":"https:\/\/www.cycles-blain.com\/fr\/#\/schema\/logo\/image\/","url":"https:\/\/www.cycles-blain.com\/fr\/wp-content\/uploads\/2023\/10\/logo-cycles-blain.jpeg","contentUrl":"https:\/\/www.cycles-blain.com\/fr\/wp-content\/uploads\/2023\/10\/logo-cycles-blain.jpeg","width":264,"height":191,"caption":"CyclesBlain - Magasins de v\u00e9los, accessoires et ateliers"},"image":{"@id":"https:\/\/www.cycles-blain.com\/fr\/#\/schema\/logo\/image\/"},"sameAs":["https:\/\/www.facebook.com\/cyclesblain\/?locale=fr_FR","https:\/\/www.instagram.com\/cycles_blain\/?hl=fr"]},{"@type":"Person","@id":"https:\/\/www.cycles-blain.com\/fr\/#\/schema\/person\/6fb8bad852fde893fb61b7b05936af37","name":"Gueweb","image":{"@type":"ImageObject","inLanguage":"fr-FR","@id":"https:\/\/secure.gravatar.com\/avatar\/52550bc594eb074508114b963209b157358b27e5a0319de1bb723df3f760ca2d?s=96&d=mm&r=g","url":"https:\/\/secure.gravatar.com\/avatar\/52550bc594eb074508114b963209b157358b27e5a0319de1bb723df3f760ca2d?s=96&d=mm&r=g","contentUrl":"https:\/\/secure.gravatar.com\/avatar\/52550bc594eb074508114b963209b157358b27e5a0319de1bb723df3f760ca2d?s=96&d=mm&r=g","caption":"Gueweb"},"sameAs":["https:\/\/www.cycles-blain.com\/\/fr"],"url":"https:\/\/www.cycles-blain.com\/fr\/author\/gueweb\/"}]}},"_links":{"self":[{"href":"https:\/\/www.cycles-blain.com\/fr\/wp-json\/wp\/v2\/posts\/5197","targetHints":{"allow":["GET"]}}],"collection":[{"href":"https:\/\/www.cycles-blain.com\/fr\/wp-json\/wp\/v2\/posts"}],"about":[{"href":"https:\/\/www.cycles-blain.com\/fr\/wp-json\/wp\/v2\/types\/post"}],"author":[{"embeddable":true,"href":"https:\/\/www.cycles-blain.com\/fr\/wp-json\/wp\/v2\/users\/1"}],"replies":[{"embeddable":true,"href":"https:\/\/www.cycles-blain.com\/fr\/wp-json\/wp\/v2\/comments?post=5197"}],"version-history":[{"count":155,"href":"https:\/\/www.cycles-blain.com\/fr\/wp-json\/wp\/v2\/posts\/5197\/revisions"}],"predecessor-version":[{"id":6913,"href":"https:\/\/www.cycles-blain.com\/fr\/wp-json\/wp\/v2\/posts\/5197\/revisions\/6913"}],"wp:featuredmedia":[{"embeddable":true,"href":"https:\/\/www.cycles-blain.com\/fr\/wp-json\/wp\/v2\/media\/5397"}],"wp:attachment":[{"href":"https:\/\/www.cycles-blain.com\/fr\/wp-json\/wp\/v2\/media?parent=5197"}],"wp:term":[{"taxonomy":"category","embeddable":true,"href":"https:\/\/www.cycles-blain.com\/fr\/wp-json\/wp\/v2\/categories?post=5197"},{"taxonomy":"post_tag","embeddable":true,"href":"https:\/\/www.cycles-blain.com\/fr\/wp-json\/wp\/v2\/tags?post=5197"}],"curies":[{"name":"wp","href":"https:\/\/api.w.org\/{rel}","templated":true}]}}