{"id":551,"date":"2024-01-12T10:19:13","date_gmt":"2024-01-12T09:19:13","guid":{"rendered":"https:\/\/www.cycles-blain.com\/\/fr\/non-classe\/exploring-the-duis-lacus-turpis-faucibus\/"},"modified":"2025-12-05T16:21:07","modified_gmt":"2025-12-05T15:21:07","slug":"comment-assurer-son-velo-avec-assurance-vol-casse-velo","status":"publish","type":"post","link":"https:\/\/www.cycles-blain.com\/fr\/conseils-velo\/comment-assurer-son-velo-avec-assurance-vol-casse-velo\/","title":{"rendered":"Comment choisir une assurance vol casse v\u00e9lo ?"},"content":{"rendered":"\t\t<div data-elementor-type=\"wp-post\" data-elementor-id=\"551\" class=\"elementor elementor-551\" data-elementor-post-type=\"post\">\n\t\t\t\t<div class=\"elementor-element elementor-element-5a2bae04 e-flex e-con-boxed e-con e-parent\" data-id=\"5a2bae04\" data-element_type=\"container\" data-e-type=\"container\">\n\t\t\t\t\t<div class=\"e-con-inner\">\n\t\t\t\t<div class=\"elementor-element elementor-element-2ba13620 elementor-widget elementor-widget-text-editor\" data-id=\"2ba13620\" data-element_type=\"widget\" data-e-type=\"widget\" data-widget_type=\"text-editor.default\">\n\t\t\t\t<div class=\"elementor-widget-container\">\n\t\t\t\t\t\t\t\t\t<p><i>Il y a environ 1 000 vols par jour d\u00e9 v\u00e9los en France. Avec Le prix assez \u00e9lev\u00e9 des v\u00e9los \u00e9lectriques (VAE), d&rsquo;un cargo pour le v\u00e9lotaf ou d&rsquo;un bon v\u00e9lo musculaire, <b>il est devenu quasi obligatoire de souscrire \u00e0 une assurance vol casse v\u00e9lo<\/b>. <br \/>L&rsquo;assurance casse de v\u00e9lo est moins courante que l&rsquo;assurance vol. Mais elle peut aussi s&rsquo;av\u00e9rer tr\u00e8s utile quand on roule souvent, vite ou \u00e0 la montagne avec un joli cadre en carbone par exemple !&#8230; Sp\u00e9cialiste du v\u00e9lo depuis 1975, Cycles Blain s&rsquo;est pench\u00e9 sur la question pour vous aider \u00e0 choisir une bonne assurance vol casse v\u00e9lo pour 2024.<\/i><\/p>\t\t\t\t\t\t\t\t<\/div>\n\t\t\t\t<\/div>\n\t\t\t\t<div class=\"elementor-element elementor-element-31ed73b elementor-widget elementor-widget-heading\" data-id=\"31ed73b\" data-element_type=\"widget\" data-e-type=\"widget\" data-widget_type=\"heading.default\">\n\t\t\t\t<div class=\"elementor-widget-container\">\n\t\t\t\t\t<h2 class=\"elementor-heading-title elementor-size-medium\">L'assurance v\u00e9lo est-elle obligatoire en France ?<\/h2>\t\t\t\t<\/div>\n\t\t\t\t<\/div>\n\t\t\t\t<div class=\"elementor-element elementor-element-fa8b6c7 elementor-widget elementor-widget-text-editor\" data-id=\"fa8b6c7\" data-element_type=\"widget\" data-e-type=\"widget\" data-widget_type=\"text-editor.default\">\n\t\t\t\t<div class=\"elementor-widget-container\">\n\t\t\t\t\t\t\t\t\t<p>Actuellement, l&rsquo;assurance v\u00e9lo est obligatoire uniquement pour les v\u00e9los de plus de 250w ou dont la vitesse du moteur d\u00e9passe les 25km\/h. (<a href=\"https:\/\/www.service-public.fr\/particuliers\/vosdroits\/F2697\" target=\"_blank\" rel=\"noopener\">Source service-public.fr<\/a>)<br \/>Pour plus d&rsquo;informations, (qui peuvent changer), vous pouvez consulter le site du\u00a0<a style=\"text-align: var(--text-align); font-size: 1rem;\" href=\"https:\/\/www.service-public.fr\/particuliers\/vosdroits\/F2697\" target=\"_blank\" rel=\"noopener\">service public ici<\/a>.<br \/>A noter qu&rsquo;en France actuellement, la majorit\u00e9 des v\u00e9los \u00e9lectriques vendus sont des v\u00e9los de 250w max et 25km \/ h max.\u00a0<a style=\"background-color: #ffffff; font-size: 1rem;\" href=\"https:\/\/www.cycles-blain.com\/fr\/conseils-velo\/faut-il-assurer-un-velo-electrique\/\" target=\"_blank\" rel=\"noopener\">(Faut-il assurer son v\u00e9lo \u00e9lectrique ?)<\/a><\/p><p>Donc, pour le moment, en France, l&rsquo;assurance vol et\/ou casse v\u00e9lo (\u00e9lectrique surtout) est seulement tr\u00e8s fortement conseill\u00e9e, au vu de la valeur des v\u00e9los, et de leurs usages.\u00a0<\/p>\t\t\t\t\t\t\t\t<\/div>\n\t\t\t\t<\/div>\n\t\t\t\t<div class=\"elementor-element elementor-element-9a1d6cf elementor-widget elementor-widget-heading\" data-id=\"9a1d6cf\" data-element_type=\"widget\" data-e-type=\"widget\" data-widget_type=\"heading.default\">\n\t\t\t\t<div class=\"elementor-widget-container\">\n\t\t\t\t\t<h2 class=\"elementor-heading-title elementor-size-medium\">Mon v\u00e9lo est-il d\u00e9j\u00e0 assur\u00e9 contre le vol ou la casse ?<\/h2>\t\t\t\t<\/div>\n\t\t\t\t<\/div>\n\t\t\t\t\t<\/div>\n\t\t\t\t<\/div>\n\t\t<div class=\"elementor-element elementor-element-8aaef18 e-flex e-con-boxed e-con e-parent\" data-id=\"8aaef18\" data-element_type=\"container\" data-e-type=\"container\">\n\t\t\t\t\t<div class=\"e-con-inner\">\n\t\t\t\t<div class=\"elementor-element elementor-element-bc58292 elementor-widget elementor-widget-text-editor\" data-id=\"bc58292\" data-element_type=\"widget\" data-e-type=\"widget\" data-widget_type=\"text-editor.default\">\n\t\t\t\t<div class=\"elementor-widget-container\">\n\t\t\t\t\t\t\t\t\t<p>Avant de choisir une assurance, demandez-vous si votre contrat d&rsquo;assurance \u00ab\u00a0classique\u00a0\u00bb ou d&rsquo;habitation\u00a0\u00bb ne couvre pas d\u00e9j\u00e0 le vol et le casse de votre v\u00e9lo. Ce serait dommage de prendre une assurance pour rien et surtout cela vous permettra de comparer votre assurance avec les autres.<\/p>\n<p>En effet une assurance habitation ou une assurance mobilit\u00e9 (ex : Maaf) peut assurer plusieurs choses dont votre v\u00e9lo qu&rsquo;il soit classique ou \u00e9lectrique. <b>Contactez votre assureur ou consultez votre contrat. Il peut contenir<\/b>&nbsp;diff\u00e9rentes clauses qui concernent les v\u00e9los, et surtout le vol ou la casse. Il comporte en g\u00e9n\u00e9ral des <b>exceptions, des franchises<\/b> (valeurs non rembours\u00e9es), des <b>plafonds<\/b> (valeurs maximales rembours\u00e9es) etc&#8230;<br><\/p>\t\t\t\t\t\t\t\t<\/div>\n\t\t\t\t<\/div>\n\t\t\t\t\t<\/div>\n\t\t\t\t<\/div>\n\t\t<div class=\"elementor-element elementor-element-b487e12 e-flex e-con-boxed e-con e-parent\" data-id=\"b487e12\" data-element_type=\"container\" data-e-type=\"container\">\n\t\t\t\t\t<div class=\"e-con-inner\">\n\t\t\t\t<div class=\"elementor-element elementor-element-de901d2 elementor-widget elementor-widget-heading\" data-id=\"de901d2\" data-element_type=\"widget\" data-e-type=\"widget\" data-widget_type=\"heading.default\">\n\t\t\t\t<div class=\"elementor-widget-container\">\n\t\t\t\t\t<h3 class=\"elementor-heading-title elementor-size-default\">Quel assureur v\u00e9lo choisir ?<\/h3>\t\t\t\t<\/div>\n\t\t\t\t<\/div>\n\t\t\t\t\t<\/div>\n\t\t\t\t<\/div>\n\t\t<div class=\"elementor-element elementor-element-3847558 e-flex e-con-boxed e-con e-parent\" data-id=\"3847558\" data-element_type=\"container\" data-e-type=\"container\">\n\t\t\t\t\t<div class=\"e-con-inner\">\n\t\t\t\t<div class=\"elementor-element elementor-element-35249d6 elementor-widget elementor-widget-text-editor\" data-id=\"35249d6\" data-element_type=\"widget\" data-e-type=\"widget\" data-widget_type=\"text-editor.default\">\n\t\t\t\t<div class=\"elementor-widget-container\">\n\t\t\t\t\t\t\t\t\t<p>On peut classer les assureurs dans 3 grandes cat\u00e9gories d&rsquo;assureurs vol et\/ou casse pour v\u00e9lo :&nbsp;<\/p>\n<ul>\n<li style=\"list-style-type: none;\">\n<ul>\n<li>Les assureurs g\u00e9n\u00e9ralistes (habitation etc&#8230;.) : Maaf, Macif&#8230;&nbsp;<\/li>\n<li>Les banques qui proposent aussi des assurances, souvent g\u00e9n\u00e9ralistes : Cic&#8230;\n<p>Il n&rsquo;est pas rare que les assurances g\u00e9n\u00e9ralistes offrent moins d&rsquo;options et moins de protection que les assureurs sp\u00e9cialis\u00e9s. Souvent l&rsquo;assurance casse n&rsquo;est pas possible, les plafonds sont faibles, et les conditions d&rsquo;assurance vol sont tr\u00e8s restrictives ou l&rsquo;assurance ne tient pas compte de la valeur de votre v\u00e9lo ou de ses \u00e9quipements&#8230;<\/p>\n<\/li>\n<li>Les assureurs sp\u00e9cialis\u00e9s (mobilit\u00e9 \/ v\u00e9lo) :&nbsp;<a href=\"https:\/\/www.cycles-blain.com\/content\/32-assurance-velo-vol-casse-vandalisme-cycles-blain\" target=\"_blank\">Neat<\/a>.\n<p>Le but des assureurs sp\u00e9cialis\u00e9s est d&rsquo;aller plus loin dans l&rsquo;assurance en pr\u00e9voyant le maximum de cas de vol et en proposant des options adapt\u00e9s \u00e0 l&rsquo;usage et aux types de v\u00e9lo concern\u00e9s<br><b> <\/b><\/p>\n<\/li>\n<\/ul>\n<\/li>\n<\/ul>\n<p><b>Les magasins Cycles Blain travaillent<\/b> <b>uniquement avec des assurances v\u00e9los sp\u00e9cialis\u00e9es.<\/b><br>Notre d\u00e9marche est d&rsquo;offrir le meilleur service compl\u00e9mentaire \u00e0 nos clients .<br>C&rsquo;est pourquoi, nous auditons r\u00e9guli\u00e8rement les assureurs v\u00e9lo pour proposer les solutions qui nous paraissent les plus adapt\u00e9es aux v\u00e9los vendus dans nos magasins et aux besoins de nos clients.<br><i>Alors, si vous connaissez des assureurs sp\u00e9cialis\u00e9s avec de bonnes qualit\u00e9s de service et des prix raisonnables, n&rsquo;h\u00e9sitez pas \u00e0 nous en parle<\/i>r ! \ud83d\ude09<\/p>\n<p>En terme d&rsquo;assurance, le prix n&rsquo;est jamais le seul crit\u00e8re \u00e0 prendre en compte. M\u00eame si votre budget \u00e0 une limite, nous conseillons de prendre en compte la valeur de votre v\u00e9lo et les risques auxquels vous exposez votre v\u00e9lo : stationnement long dans un espace public, pratique du vtt de descente \u00e0 la montagne&#8230;<br>Donc, avant de choisir une assurance v\u00e9lo, posez-vous la question : si je casse mon v\u00e9lo, ou si je me fais voler mon v\u00e9lo \u00e9lectrique \u00e0 7000 \u20ac, de combien d&rsquo;argent aurais-je besoin pour le r\u00e9parer ou en acheter un autre \u00e9quivalent ?<\/p>\t\t\t\t\t\t\t\t<\/div>\n\t\t\t\t<\/div>\n\t\t\t\t\t<\/div>\n\t\t\t\t<\/div>\n\t\t<div class=\"elementor-element elementor-element-8626974 e-flex e-con-boxed e-con e-parent\" data-id=\"8626974\" data-element_type=\"container\" data-e-type=\"container\">\n\t\t\t\t\t<div class=\"e-con-inner\">\n\t\t\t\t<div class=\"elementor-element elementor-element-1d74f97 elementor-widget elementor-widget-heading\" data-id=\"1d74f97\" data-element_type=\"widget\" data-e-type=\"widget\" data-widget_type=\"heading.default\">\n\t\t\t\t<div class=\"elementor-widget-container\">\n\t\t\t\t\t<h3 class=\"elementor-heading-title elementor-size-default\">A quel moment peut-on assurer son v\u00e9lo ?<\/h3>\t\t\t\t<\/div>\n\t\t\t\t<\/div>\n\t\t\t\t\t<\/div>\n\t\t\t\t<\/div>\n\t\t<div class=\"elementor-element elementor-element-112d083 e-flex e-con-boxed e-con e-parent\" data-id=\"112d083\" data-element_type=\"container\" data-e-type=\"container\">\n\t\t\t\t\t<div class=\"e-con-inner\">\n\t\t\t\t<div class=\"elementor-element elementor-element-a3e6bf0 elementor-widget elementor-widget-text-editor\" data-id=\"a3e6bf0\" data-element_type=\"widget\" data-e-type=\"widget\" data-widget_type=\"text-editor.default\">\n\t\t\t\t<div class=\"elementor-widget-container\">\n\t\t\t\t\t\t\t\t\t<p>Il y a deux moments, o\u00f9 l&rsquo;on peut assurer un v\u00e9lo :&nbsp;<\/p>\n<ul>\n<li>Soit <u>lors<\/u> de l&rsquo;achat de votre v\u00e9lo neuf ou d&rsquo;occasion dans un magasin&nbsp; <br><i>(Cycles Blain, bien entendu ! ) \ud83d\ude09<\/i><\/li>\n<li>Soit <u>apr\u00e8s<\/u> l&rsquo;achat&nbsp; : que ce soit pour un&nbsp;<a href=\"https:\/\/www.cycles-blain.com\/9-velo-occasion-reconditionne\" target=\"_blank\">v\u00e9lo d&rsquo;occasion<\/a>&nbsp;ou un&nbsp;<a href=\"https:\/\/www.cycles-blain.com\/8-velo-neufs\" target=\"_blank\">v\u00e9lo neuf<\/a>, rendez-vous en magasins Cycles Blain pour assurer votre v\u00e9lo \u00e9lectrique ou musculaire !<\/li>\n<\/ul>\n<p><b>Le mieux \u00e9tant de l&rsquo;assurer le plus rapidement possible,<\/b> afin d&rsquo;\u00e9viter tout probl\u00e8me surtout si vous devez l&rsquo;attacher dans un endroit public ou partir d\u00e9valer les Alpes !<\/p>\n<p><\/p>\t\t\t\t\t\t\t\t<\/div>\n\t\t\t\t<\/div>\n\t\t\t\t\t<\/div>\n\t\t\t\t<\/div>\n\t\t<div class=\"elementor-element elementor-element-1a2a775 e-flex e-con-boxed e-con e-parent\" data-id=\"1a2a775\" data-element_type=\"container\" data-e-type=\"container\">\n\t\t\t\t\t<div class=\"e-con-inner\">\n\t\t\t\t<div class=\"elementor-element elementor-element-6be5193 elementor-widget elementor-widget-text-editor\" data-id=\"6be5193\" data-element_type=\"widget\" data-e-type=\"widget\" data-widget_type=\"text-editor.default\">\n\t\t\t\t<div class=\"elementor-widget-container\">\n\t\t\t\t\t\t\t\t\t<p>Pour avoir d&rsquo;autres renseignements sur l&rsquo;assurance vol casse v\u00e9lo ou sur les autres assurances propos\u00e9es par CYCLES BLAIN comme Neat, n&rsquo;h\u00e9sitez pas \u00e0 vous renseigner dans les magasins CYCLES BLAIN ou \u00e0 nous <a href=\"https:\/\/www.cycles-blain.com\/fr\/contact\/\" target=\"_blank\" rel=\"noopener\">contacter<\/a>.<\/p>\t\t\t\t\t\t\t\t<\/div>\n\t\t\t\t<\/div>\n\t\t\t\t\t<\/div>\n\t\t\t\t<\/div>\n\t\t\t\t<\/div>\n\t\t","protected":false},"excerpt":{"rendered":"<p>Comment assurer son v\u00e9lo contre le vol et la casse ? Quelques conseils avec l&rsquo;assurance vol et casse de notre partenaire assureur NEAT<\/p>\n","protected":false},"author":1,"featured_media":2701,"comment_status":"open","ping_status":"closed","sticky":false,"template":"","format":"standard","meta":{"site-sidebar-layout":"default","site-content-layout":"default","ast-site-content-layout":"default","site-content-style":"default","site-sidebar-style":"default","ast-global-header-display":"","ast-banner-title-visibility":"","ast-main-header-display":"","ast-hfb-above-header-display":"","ast-hfb-below-header-display":"","ast-hfb-mobile-header-display":"","site-post-title":"","ast-breadcrumbs-content":"","ast-featured-img":"","footer-sml-layout":"","theme-transparent-header-meta":"default","adv-header-id-meta":"","stick-header-meta":"","header-above-stick-meta":"","header-main-stick-meta":"","header-below-stick-meta":"","astra-migrate-meta-layouts":"set","ast-page-background-enabled":"default","ast-page-background-meta":{"desktop":{"background-color":"","background-image":"","background-repeat":"repeat","background-position":"center center","background-size":"auto","background-attachment":"scroll","background-type":"","background-media":"","overlay-type":"","overlay-color":"","overlay-gradient":""},"tablet":{"background-color":"","background-image":"","background-repeat":"repeat","background-position":"center center","background-size":"auto","background-attachment":"scroll","background-type":"","background-media":"","overlay-type":"","overlay-color":"","overlay-gradient":""},"mobile":{"background-color":"","background-image":"","background-repeat":"repeat","background-position":"center center","background-size":"auto","background-attachment":"scroll","background-type":"","background-media":"","overlay-type":"","overlay-color":"","overlay-gradient":""}},"ast-content-background-meta":{"desktop":{"background-color":"var(--ast-global-color-5)","background-image":"","background-repeat":"repeat","background-position":"center center","background-size":"auto","background-attachment":"scroll","background-type":"","background-media":"","overlay-type":"","overlay-color":"","overlay-gradient":""},"tablet":{"background-color":"var(--ast-global-color-5)","background-image":"","background-repeat":"repeat","background-position":"center center","background-size":"auto","background-attachment":"scroll","background-type":"","background-media":"","overlay-type":"","overlay-color":"","overlay-gradient":""},"mobile":{"background-color":"var(--ast-global-color-5)","background-image":"","background-repeat":"repeat","background-position":"center center","background-size":"auto","background-attachment":"scroll","background-type":"","background-media":"","overlay-type":"","overlay-color":"","overlay-gradient":""}},"footnotes":""},"categories":[26,9],"tags":[24,128,23],"class_list":["post-551","post","type-post","status-publish","format-standard","has-post-thumbnail","hentry","category-assurance-velo","category-conseils-velo","tag-assurance","tag-casse","tag-vol"],"yoast_head":"<!-- This site is optimized with the Yoast SEO plugin v27.5 - https:\/\/yoast.com\/product\/yoast-seo-wordpress\/ -->\n<title>Comment choisir une assurance vol casse v\u00e9lo ? - Cycles Blain<\/title>\n<meta name=\"description\" content=\"Comment assurer son v\u00e9lo musculaire ou \u00e9lectrique ? Cycles Blain vous aide \u00e0 choisir une bonne assurance vol casse v\u00e9lo avec l&#039;assurance NEAT\" \/>\n<meta name=\"robots\" content=\"noindex, follow\" \/>\n<meta property=\"og:locale\" content=\"fr_FR\" \/>\n<meta property=\"og:type\" content=\"article\" \/>\n<meta property=\"og:title\" content=\"Comment choisir une assurance vol casse v\u00e9lo ? - Cycles Blain\" \/>\n<meta property=\"og:description\" content=\"Comment assurer son v\u00e9lo musculaire ou \u00e9lectrique ? Cycles Blain vous aide \u00e0 choisir une bonne assurance vol casse v\u00e9lo avec l&#039;assurance NEAT\" \/>\n<meta property=\"og:url\" content=\"https:\/\/www.cycles-blain.com\/fr\/conseils-velo\/comment-assurer-son-velo-avec-assurance-vol-casse-velo\/\" \/>\n<meta property=\"og:site_name\" content=\"CyclesBlain - Magasins de v\u00e9los, accessoires et ateliers\" \/>\n<meta property=\"article:publisher\" content=\"https:\/\/www.facebook.com\/cyclesblain\/?locale=fr_FR\" \/>\n<meta property=\"article:published_time\" content=\"2024-01-12T09:19:13+00:00\" \/>\n<meta property=\"article:modified_time\" content=\"2025-12-05T15:21:07+00:00\" \/>\n<meta property=\"og:image\" content=\"https:\/\/www.cycles-blain.com\/fr\/wp-content\/uploads\/2024\/01\/assurance-velo-vol-casse-cyclesblain-2024.jpg\" \/>\n\t<meta property=\"og:image:width\" content=\"600\" \/>\n\t<meta property=\"og:image:height\" content=\"450\" \/>\n\t<meta property=\"og:image:type\" content=\"image\/jpeg\" \/>\n<meta name=\"author\" content=\"Gueweb\" \/>\n<meta name=\"twitter:card\" content=\"summary_large_image\" \/>\n<meta name=\"twitter:label1\" content=\"\u00c9crit par\" \/>\n\t<meta name=\"twitter:data1\" content=\"Gueweb\" \/>\n\t<meta name=\"twitter:label2\" content=\"Dur\u00e9e de lecture estim\u00e9e\" \/>\n\t<meta name=\"twitter:data2\" content=\"4 minutes\" \/>\n<script type=\"application\/ld+json\" class=\"yoast-schema-graph\">{\"@context\":\"https:\\\/\\\/schema.org\",\"@graph\":[{\"@type\":\"Article\",\"@id\":\"https:\\\/\\\/www.cycles-blain.com\\\/fr\\\/conseils-velo\\\/comment-assurer-son-velo-avec-assurance-vol-casse-velo\\\/#article\",\"isPartOf\":{\"@id\":\"https:\\\/\\\/www.cycles-blain.com\\\/fr\\\/conseils-velo\\\/comment-assurer-son-velo-avec-assurance-vol-casse-velo\\\/\"},\"author\":{\"name\":\"Gueweb\",\"@id\":\"https:\\\/\\\/www.cycles-blain.com\\\/fr\\\/#\\\/schema\\\/person\\\/6fb8bad852fde893fb61b7b05936af37\"},\"headline\":\"Comment choisir une assurance vol casse v\u00e9lo ?\",\"datePublished\":\"2024-01-12T09:19:13+00:00\",\"dateModified\":\"2025-12-05T15:21:07+00:00\",\"mainEntityOfPage\":{\"@id\":\"https:\\\/\\\/www.cycles-blain.com\\\/fr\\\/conseils-velo\\\/comment-assurer-son-velo-avec-assurance-vol-casse-velo\\\/\"},\"wordCount\":879,\"commentCount\":0,\"publisher\":{\"@id\":\"https:\\\/\\\/www.cycles-blain.com\\\/fr\\\/#organization\"},\"image\":{\"@id\":\"https:\\\/\\\/www.cycles-blain.com\\\/fr\\\/conseils-velo\\\/comment-assurer-son-velo-avec-assurance-vol-casse-velo\\\/#primaryimage\"},\"thumbnailUrl\":\"https:\\\/\\\/www.cycles-blain.com\\\/fr\\\/wp-content\\\/uploads\\\/2024\\\/01\\\/assurance-velo-vol-casse-cyclesblain-2024.jpg\",\"keywords\":[\"assurance\",\"casse\",\"vol\"],\"articleSection\":[\"Assurance\",\"Conseils-Pratique\"],\"inLanguage\":\"fr-FR\",\"potentialAction\":[{\"@type\":\"CommentAction\",\"name\":\"Comment\",\"target\":[\"https:\\\/\\\/www.cycles-blain.com\\\/fr\\\/conseils-velo\\\/comment-assurer-son-velo-avec-assurance-vol-casse-velo\\\/#respond\"]}]},{\"@type\":\"WebPage\",\"@id\":\"https:\\\/\\\/www.cycles-blain.com\\\/fr\\\/conseils-velo\\\/comment-assurer-son-velo-avec-assurance-vol-casse-velo\\\/\",\"url\":\"https:\\\/\\\/www.cycles-blain.com\\\/fr\\\/conseils-velo\\\/comment-assurer-son-velo-avec-assurance-vol-casse-velo\\\/\",\"name\":\"Comment choisir une assurance vol casse v\u00e9lo ? - Cycles Blain\",\"isPartOf\":{\"@id\":\"https:\\\/\\\/www.cycles-blain.com\\\/fr\\\/#website\"},\"primaryImageOfPage\":{\"@id\":\"https:\\\/\\\/www.cycles-blain.com\\\/fr\\\/conseils-velo\\\/comment-assurer-son-velo-avec-assurance-vol-casse-velo\\\/#primaryimage\"},\"image\":{\"@id\":\"https:\\\/\\\/www.cycles-blain.com\\\/fr\\\/conseils-velo\\\/comment-assurer-son-velo-avec-assurance-vol-casse-velo\\\/#primaryimage\"},\"thumbnailUrl\":\"https:\\\/\\\/www.cycles-blain.com\\\/fr\\\/wp-content\\\/uploads\\\/2024\\\/01\\\/assurance-velo-vol-casse-cyclesblain-2024.jpg\",\"datePublished\":\"2024-01-12T09:19:13+00:00\",\"dateModified\":\"2025-12-05T15:21:07+00:00\",\"description\":\"Comment assurer son v\u00e9lo musculaire ou \u00e9lectrique ? Cycles Blain vous aide \u00e0 choisir une bonne assurance vol casse v\u00e9lo avec l'assurance NEAT\",\"breadcrumb\":{\"@id\":\"https:\\\/\\\/www.cycles-blain.com\\\/fr\\\/conseils-velo\\\/comment-assurer-son-velo-avec-assurance-vol-casse-velo\\\/#breadcrumb\"},\"inLanguage\":\"fr-FR\",\"potentialAction\":[{\"@type\":\"ReadAction\",\"target\":[\"https:\\\/\\\/www.cycles-blain.com\\\/fr\\\/conseils-velo\\\/comment-assurer-son-velo-avec-assurance-vol-casse-velo\\\/\"]}]},{\"@type\":\"ImageObject\",\"inLanguage\":\"fr-FR\",\"@id\":\"https:\\\/\\\/www.cycles-blain.com\\\/fr\\\/conseils-velo\\\/comment-assurer-son-velo-avec-assurance-vol-casse-velo\\\/#primaryimage\",\"url\":\"https:\\\/\\\/www.cycles-blain.com\\\/fr\\\/wp-content\\\/uploads\\\/2024\\\/01\\\/assurance-velo-vol-casse-cyclesblain-2024.jpg\",\"contentUrl\":\"https:\\\/\\\/www.cycles-blain.com\\\/fr\\\/wp-content\\\/uploads\\\/2024\\\/01\\\/assurance-velo-vol-casse-cyclesblain-2024.jpg\",\"width\":600,\"height\":450,\"caption\":\"Assurance vol casse v\u00e9lo Cycles Blain\"},{\"@type\":\"BreadcrumbList\",\"@id\":\"https:\\\/\\\/www.cycles-blain.com\\\/fr\\\/conseils-velo\\\/comment-assurer-son-velo-avec-assurance-vol-casse-velo\\\/#breadcrumb\",\"itemListElement\":[{\"@type\":\"ListItem\",\"position\":1,\"name\":\"Accueil\",\"item\":\"https:\\\/\\\/www.cycles-blain.com\\\/fr\\\/\"},{\"@type\":\"ListItem\",\"position\":2,\"name\":\"Comment choisir une assurance vol casse v\u00e9lo ?\"}]},{\"@type\":\"WebSite\",\"@id\":\"https:\\\/\\\/www.cycles-blain.com\\\/fr\\\/#website\",\"url\":\"https:\\\/\\\/www.cycles-blain.com\\\/fr\\\/\",\"name\":\"CyclesBlain - Magasins de v\u00e9los, accessoires et ateliers\",\"description\":\"Blog Cycles Blain\",\"publisher\":{\"@id\":\"https:\\\/\\\/www.cycles-blain.com\\\/fr\\\/#organization\"},\"potentialAction\":[{\"@type\":\"SearchAction\",\"target\":{\"@type\":\"EntryPoint\",\"urlTemplate\":\"https:\\\/\\\/www.cycles-blain.com\\\/fr\\\/?s={search_term_string}\"},\"query-input\":{\"@type\":\"PropertyValueSpecification\",\"valueRequired\":true,\"valueName\":\"search_term_string\"}}],\"inLanguage\":\"fr-FR\"},{\"@type\":\"Organization\",\"@id\":\"https:\\\/\\\/www.cycles-blain.com\\\/fr\\\/#organization\",\"name\":\"CyclesBlain - Magasins de v\u00e9los, accessoires et ateliers\",\"url\":\"https:\\\/\\\/www.cycles-blain.com\\\/fr\\\/\",\"logo\":{\"@type\":\"ImageObject\",\"inLanguage\":\"fr-FR\",\"@id\":\"https:\\\/\\\/www.cycles-blain.com\\\/fr\\\/#\\\/schema\\\/logo\\\/image\\\/\",\"url\":\"https:\\\/\\\/www.cycles-blain.com\\\/fr\\\/wp-content\\\/uploads\\\/2023\\\/10\\\/logo-cycles-blain.jpeg\",\"contentUrl\":\"https:\\\/\\\/www.cycles-blain.com\\\/fr\\\/wp-content\\\/uploads\\\/2023\\\/10\\\/logo-cycles-blain.jpeg\",\"width\":264,\"height\":191,\"caption\":\"CyclesBlain - Magasins de v\u00e9los, accessoires et ateliers\"},\"image\":{\"@id\":\"https:\\\/\\\/www.cycles-blain.com\\\/fr\\\/#\\\/schema\\\/logo\\\/image\\\/\"},\"sameAs\":[\"https:\\\/\\\/www.facebook.com\\\/cyclesblain\\\/?locale=fr_FR\",\"https:\\\/\\\/www.instagram.com\\\/cycles_blain\\\/?hl=fr\"]},{\"@type\":\"Person\",\"@id\":\"https:\\\/\\\/www.cycles-blain.com\\\/fr\\\/#\\\/schema\\\/person\\\/6fb8bad852fde893fb61b7b05936af37\",\"name\":\"Gueweb\",\"image\":{\"@type\":\"ImageObject\",\"inLanguage\":\"fr-FR\",\"@id\":\"https:\\\/\\\/secure.gravatar.com\\\/avatar\\\/52550bc594eb074508114b963209b157358b27e5a0319de1bb723df3f760ca2d?s=96&d=mm&r=g\",\"url\":\"https:\\\/\\\/secure.gravatar.com\\\/avatar\\\/52550bc594eb074508114b963209b157358b27e5a0319de1bb723df3f760ca2d?s=96&d=mm&r=g\",\"contentUrl\":\"https:\\\/\\\/secure.gravatar.com\\\/avatar\\\/52550bc594eb074508114b963209b157358b27e5a0319de1bb723df3f760ca2d?s=96&d=mm&r=g\",\"caption\":\"Gueweb\"},\"sameAs\":[\"https:\\\/\\\/www.cycles-blain.com\\\/\\\/fr\"],\"url\":\"https:\\\/\\\/www.cycles-blain.com\\\/fr\\\/author\\\/gueweb\\\/\"}]}<\/script>\n<!-- \/ Yoast SEO plugin. -->","yoast_head_json":{"title":"Comment choisir une assurance vol casse v\u00e9lo ? - Cycles Blain","description":"Comment assurer son v\u00e9lo musculaire ou \u00e9lectrique ? Cycles Blain vous aide \u00e0 choisir une bonne assurance vol casse v\u00e9lo avec l'assurance NEAT","robots":{"index":"noindex","follow":"follow"},"og_locale":"fr_FR","og_type":"article","og_title":"Comment choisir une assurance vol casse v\u00e9lo ? - Cycles Blain","og_description":"Comment assurer son v\u00e9lo musculaire ou \u00e9lectrique ? Cycles Blain vous aide \u00e0 choisir une bonne assurance vol casse v\u00e9lo avec l'assurance NEAT","og_url":"https:\/\/www.cycles-blain.com\/fr\/conseils-velo\/comment-assurer-son-velo-avec-assurance-vol-casse-velo\/","og_site_name":"CyclesBlain - Magasins de v\u00e9los, accessoires et ateliers","article_publisher":"https:\/\/www.facebook.com\/cyclesblain\/?locale=fr_FR","article_published_time":"2024-01-12T09:19:13+00:00","article_modified_time":"2025-12-05T15:21:07+00:00","og_image":[{"width":600,"height":450,"url":"https:\/\/www.cycles-blain.com\/fr\/wp-content\/uploads\/2024\/01\/assurance-velo-vol-casse-cyclesblain-2024.jpg","type":"image\/jpeg"}],"author":"Gueweb","twitter_card":"summary_large_image","twitter_misc":{"\u00c9crit par":"Gueweb","Dur\u00e9e de lecture estim\u00e9e":"4 minutes"},"schema":{"@context":"https:\/\/schema.org","@graph":[{"@type":"Article","@id":"https:\/\/www.cycles-blain.com\/fr\/conseils-velo\/comment-assurer-son-velo-avec-assurance-vol-casse-velo\/#article","isPartOf":{"@id":"https:\/\/www.cycles-blain.com\/fr\/conseils-velo\/comment-assurer-son-velo-avec-assurance-vol-casse-velo\/"},"author":{"name":"Gueweb","@id":"https:\/\/www.cycles-blain.com\/fr\/#\/schema\/person\/6fb8bad852fde893fb61b7b05936af37"},"headline":"Comment choisir une assurance vol casse v\u00e9lo ?","datePublished":"2024-01-12T09:19:13+00:00","dateModified":"2025-12-05T15:21:07+00:00","mainEntityOfPage":{"@id":"https:\/\/www.cycles-blain.com\/fr\/conseils-velo\/comment-assurer-son-velo-avec-assurance-vol-casse-velo\/"},"wordCount":879,"commentCount":0,"publisher":{"@id":"https:\/\/www.cycles-blain.com\/fr\/#organization"},"image":{"@id":"https:\/\/www.cycles-blain.com\/fr\/conseils-velo\/comment-assurer-son-velo-avec-assurance-vol-casse-velo\/#primaryimage"},"thumbnailUrl":"https:\/\/www.cycles-blain.com\/fr\/wp-content\/uploads\/2024\/01\/assurance-velo-vol-casse-cyclesblain-2024.jpg","keywords":["assurance","casse","vol"],"articleSection":["Assurance","Conseils-Pratique"],"inLanguage":"fr-FR","potentialAction":[{"@type":"CommentAction","name":"Comment","target":["https:\/\/www.cycles-blain.com\/fr\/conseils-velo\/comment-assurer-son-velo-avec-assurance-vol-casse-velo\/#respond"]}]},{"@type":"WebPage","@id":"https:\/\/www.cycles-blain.com\/fr\/conseils-velo\/comment-assurer-son-velo-avec-assurance-vol-casse-velo\/","url":"https:\/\/www.cycles-blain.com\/fr\/conseils-velo\/comment-assurer-son-velo-avec-assurance-vol-casse-velo\/","name":"Comment choisir une assurance vol casse v\u00e9lo ? - Cycles Blain","isPartOf":{"@id":"https:\/\/www.cycles-blain.com\/fr\/#website"},"primaryImageOfPage":{"@id":"https:\/\/www.cycles-blain.com\/fr\/conseils-velo\/comment-assurer-son-velo-avec-assurance-vol-casse-velo\/#primaryimage"},"image":{"@id":"https:\/\/www.cycles-blain.com\/fr\/conseils-velo\/comment-assurer-son-velo-avec-assurance-vol-casse-velo\/#primaryimage"},"thumbnailUrl":"https:\/\/www.cycles-blain.com\/fr\/wp-content\/uploads\/2024\/01\/assurance-velo-vol-casse-cyclesblain-2024.jpg","datePublished":"2024-01-12T09:19:13+00:00","dateModified":"2025-12-05T15:21:07+00:00","description":"Comment assurer son v\u00e9lo musculaire ou \u00e9lectrique ? Cycles Blain vous aide \u00e0 choisir une bonne assurance vol casse v\u00e9lo avec l'assurance NEAT","breadcrumb":{"@id":"https:\/\/www.cycles-blain.com\/fr\/conseils-velo\/comment-assurer-son-velo-avec-assurance-vol-casse-velo\/#breadcrumb"},"inLanguage":"fr-FR","potentialAction":[{"@type":"ReadAction","target":["https:\/\/www.cycles-blain.com\/fr\/conseils-velo\/comment-assurer-son-velo-avec-assurance-vol-casse-velo\/"]}]},{"@type":"ImageObject","inLanguage":"fr-FR","@id":"https:\/\/www.cycles-blain.com\/fr\/conseils-velo\/comment-assurer-son-velo-avec-assurance-vol-casse-velo\/#primaryimage","url":"https:\/\/www.cycles-blain.com\/fr\/wp-content\/uploads\/2024\/01\/assurance-velo-vol-casse-cyclesblain-2024.jpg","contentUrl":"https:\/\/www.cycles-blain.com\/fr\/wp-content\/uploads\/2024\/01\/assurance-velo-vol-casse-cyclesblain-2024.jpg","width":600,"height":450,"caption":"Assurance vol casse v\u00e9lo Cycles Blain"},{"@type":"BreadcrumbList","@id":"https:\/\/www.cycles-blain.com\/fr\/conseils-velo\/comment-assurer-son-velo-avec-assurance-vol-casse-velo\/#breadcrumb","itemListElement":[{"@type":"ListItem","position":1,"name":"Accueil","item":"https:\/\/www.cycles-blain.com\/fr\/"},{"@type":"ListItem","position":2,"name":"Comment choisir une assurance vol casse v\u00e9lo ?"}]},{"@type":"WebSite","@id":"https:\/\/www.cycles-blain.com\/fr\/#website","url":"https:\/\/www.cycles-blain.com\/fr\/","name":"CyclesBlain - Magasins de v\u00e9los, accessoires et ateliers","description":"Blog Cycles Blain","publisher":{"@id":"https:\/\/www.cycles-blain.com\/fr\/#organization"},"potentialAction":[{"@type":"SearchAction","target":{"@type":"EntryPoint","urlTemplate":"https:\/\/www.cycles-blain.com\/fr\/?s={search_term_string}"},"query-input":{"@type":"PropertyValueSpecification","valueRequired":true,"valueName":"search_term_string"}}],"inLanguage":"fr-FR"},{"@type":"Organization","@id":"https:\/\/www.cycles-blain.com\/fr\/#organization","name":"CyclesBlain - Magasins de v\u00e9los, accessoires et ateliers","url":"https:\/\/www.cycles-blain.com\/fr\/","logo":{"@type":"ImageObject","inLanguage":"fr-FR","@id":"https:\/\/www.cycles-blain.com\/fr\/#\/schema\/logo\/image\/","url":"https:\/\/www.cycles-blain.com\/fr\/wp-content\/uploads\/2023\/10\/logo-cycles-blain.jpeg","contentUrl":"https:\/\/www.cycles-blain.com\/fr\/wp-content\/uploads\/2023\/10\/logo-cycles-blain.jpeg","width":264,"height":191,"caption":"CyclesBlain - Magasins de v\u00e9los, accessoires et ateliers"},"image":{"@id":"https:\/\/www.cycles-blain.com\/fr\/#\/schema\/logo\/image\/"},"sameAs":["https:\/\/www.facebook.com\/cyclesblain\/?locale=fr_FR","https:\/\/www.instagram.com\/cycles_blain\/?hl=fr"]},{"@type":"Person","@id":"https:\/\/www.cycles-blain.com\/fr\/#\/schema\/person\/6fb8bad852fde893fb61b7b05936af37","name":"Gueweb","image":{"@type":"ImageObject","inLanguage":"fr-FR","@id":"https:\/\/secure.gravatar.com\/avatar\/52550bc594eb074508114b963209b157358b27e5a0319de1bb723df3f760ca2d?s=96&d=mm&r=g","url":"https:\/\/secure.gravatar.com\/avatar\/52550bc594eb074508114b963209b157358b27e5a0319de1bb723df3f760ca2d?s=96&d=mm&r=g","contentUrl":"https:\/\/secure.gravatar.com\/avatar\/52550bc594eb074508114b963209b157358b27e5a0319de1bb723df3f760ca2d?s=96&d=mm&r=g","caption":"Gueweb"},"sameAs":["https:\/\/www.cycles-blain.com\/\/fr"],"url":"https:\/\/www.cycles-blain.com\/fr\/author\/gueweb\/"}]}},"_links":{"self":[{"href":"https:\/\/www.cycles-blain.com\/fr\/wp-json\/wp\/v2\/posts\/551","targetHints":{"allow":["GET"]}}],"collection":[{"href":"https:\/\/www.cycles-blain.com\/fr\/wp-json\/wp\/v2\/posts"}],"about":[{"href":"https:\/\/www.cycles-blain.com\/fr\/wp-json\/wp\/v2\/types\/post"}],"author":[{"embeddable":true,"href":"https:\/\/www.cycles-blain.com\/fr\/wp-json\/wp\/v2\/users\/1"}],"replies":[{"embeddable":true,"href":"https:\/\/www.cycles-blain.com\/fr\/wp-json\/wp\/v2\/comments?post=551"}],"version-history":[{"count":89,"href":"https:\/\/www.cycles-blain.com\/fr\/wp-json\/wp\/v2\/posts\/551\/revisions"}],"predecessor-version":[{"id":18706,"href":"https:\/\/www.cycles-blain.com\/fr\/wp-json\/wp\/v2\/posts\/551\/revisions\/18706"}],"wp:featuredmedia":[{"embeddable":true,"href":"https:\/\/www.cycles-blain.com\/fr\/wp-json\/wp\/v2\/media\/2701"}],"wp:attachment":[{"href":"https:\/\/www.cycles-blain.com\/fr\/wp-json\/wp\/v2\/media?parent=551"}],"wp:term":[{"taxonomy":"category","embeddable":true,"href":"https:\/\/www.cycles-blain.com\/fr\/wp-json\/wp\/v2\/categories?post=551"},{"taxonomy":"post_tag","embeddable":true,"href":"https:\/\/www.cycles-blain.com\/fr\/wp-json\/wp\/v2\/tags?post=551"}],"curies":[{"name":"wp","href":"https:\/\/api.w.org\/{rel}","templated":true}]}}