{"id":556,"date":"2023-09-09T09:00:33","date_gmt":"2023-09-09T07:00:33","guid":{"rendered":"https:\/\/www.cycles-blain.com\/\/fr\/non-classe\/taste-safe-sensory-nulla-dignissim\/"},"modified":"2024-07-26T14:20:31","modified_gmt":"2024-07-26T12:20:31","slug":"20-remises-velos-magasins-cycles-blain","status":"publish","type":"post","link":"https:\/\/www.cycles-blain.com\/fr\/magasins-velo\/20-remises-velos-magasins-cycles-blain\/","title":{"rendered":"Offre Rentr\u00e9e : -20 % sur les v\u00e9los dans les tous les magasins CyclesBlain"},"content":{"rendered":"\t\t<div data-elementor-type=\"wp-post\" data-elementor-id=\"556\" class=\"elementor elementor-556\" data-elementor-post-type=\"post\">\n\t\t\t\t<div class=\"elementor-element elementor-element-186a7f7b e-flex e-con-boxed e-con e-parent\" data-id=\"186a7f7b\" data-element_type=\"container\" data-e-type=\"container\">\n\t\t\t\t\t<div class=\"e-con-inner\">\n\t\t\t\t<div class=\"elementor-element elementor-element-2003b7a1 elementor-widget elementor-widget-text-editor\" data-id=\"2003b7a1\" data-element_type=\"widget\" data-e-type=\"widget\" data-widget_type=\"text-editor.default\">\n\t\t\t\t<div class=\"elementor-widget-container\">\n\t\t\t\t\t\t\t\t\t<p><\/p>\n<p>Pour la rentr\u00e9e 2023, les magasins CYCLESBLAIN vous propose une remise de 20 % sur les v\u00e9los en stock du 09 au 30 septembre 2023 :\u00a0<\/p>\n<ul>\n<li><strong>VTT musculaires<\/strong><\/li>\n<li><strong>VTC \u00e9lectriques &gt; 3 500\u20ac<\/strong><\/li>\n<li><strong>V\u00e9los de route &gt; 5 000\u20ac<\/strong><\/li>\n<li><strong>VTT \u00e9lectriques &gt; 5 000\u20ac<\/strong><\/li>\n<\/ul>\n<p>Tous les magasins sont concern\u00e9s, toutes les marques pour tous les v\u00e9los en stock en magasins.<\/p>\n<p>Rendez-vous vite en\u00a0<a href=\"https:\/\/cycles-blain.com\/content\/category\/2-magasins-velos-lyon-cycles-blain\" target=\"_blank\" rel=\"noopener\">magasins<\/a>\u00a0pour en profiter.<\/p>\n<p><\/p>\t\t\t\t\t\t\t\t<\/div>\n\t\t\t\t<\/div>\n\t\t\t\t\t<\/div>\n\t\t\t\t<\/div>\n\t\t\t\t<\/div>\n\t\t","protected":false},"excerpt":{"rendered":"<p>Pour la rentr\u00e9e 2023, les magasins CYCLESBLAIN vous propose une remise de 20 % sur les v\u00e9los en stock du 09 au 30 septembre 2023 :\u00a0 VTT musculaires VTC \u00e9lectriques &gt; 3 500\u20ac V\u00e9los de route &gt; 5 000\u20ac VTT \u00e9lectriques &gt; 5 000\u20ac Tous les magasins sont concern\u00e9s, toutes les marques pour tous les [&hellip;]<\/p>\n","protected":false},"author":1,"featured_media":949,"comment_status":"open","ping_status":"open","sticky":false,"template":"","format":"standard","meta":{"site-sidebar-layout":"default","site-content-layout":"default","ast-site-content-layout":"default","site-content-style":"default","site-sidebar-style":"default","ast-global-header-display":"","ast-banner-title-visibility":"","ast-main-header-display":"","ast-hfb-above-header-display":"","ast-hfb-below-header-display":"","ast-hfb-mobile-header-display":"","site-post-title":"","ast-breadcrumbs-content":"","ast-featured-img":"","footer-sml-layout":"","theme-transparent-header-meta":"default","adv-header-id-meta":"","stick-header-meta":"","header-above-stick-meta":"","header-main-stick-meta":"","header-below-stick-meta":"","astra-migrate-meta-layouts":"set","ast-page-background-enabled":"default","ast-page-background-meta":{"desktop":{"background-color":"","background-image":"","background-repeat":"repeat","background-position":"center center","background-size":"auto","background-attachment":"scroll","background-type":"","background-media":"","overlay-type":"","overlay-color":"","overlay-gradient":""},"tablet":{"background-color":"","background-image":"","background-repeat":"repeat","background-position":"center center","background-size":"auto","background-attachment":"scroll","background-type":"","background-media":"","overlay-type":"","overlay-color":"","overlay-gradient":""},"mobile":{"background-color":"","background-image":"","background-repeat":"repeat","background-position":"center center","background-size":"auto","background-attachment":"scroll","background-type":"","background-media":"","overlay-type":"","overlay-color":"","overlay-gradient":""}},"ast-content-background-meta":{"desktop":{"background-color":"var(--ast-global-color-5)","background-image":"","background-repeat":"repeat","background-position":"center center","background-size":"auto","background-attachment":"scroll","background-type":"","background-media":"","overlay-type":"","overlay-color":"","overlay-gradient":""},"tablet":{"background-color":"var(--ast-global-color-5)","background-image":"","background-repeat":"repeat","background-position":"center center","background-size":"auto","background-attachment":"scroll","background-type":"","background-media":"","overlay-type":"","overlay-color":"","overlay-gradient":""},"mobile":{"background-color":"var(--ast-global-color-5)","background-image":"","background-repeat":"repeat","background-position":"center center","background-size":"auto","background-attachment":"scroll","background-type":"","background-media":"","overlay-type":"","overlay-color":"","overlay-gradient":""}},"footnotes":""},"categories":[6,16],"tags":[35,33,34],"class_list":["post-556","post","type-post","status-publish","format-standard","has-post-thumbnail","hentry","category-magasins-velo","category-promotions-velo","tag-magasins","tag-promotions","tag-velos"],"yoast_head":"<!-- This site is optimized with the Yoast SEO plugin v27.5 - https:\/\/yoast.com\/product\/yoast-seo-wordpress\/ -->\n<title>Offre Rentr\u00e9e : -20 % sur les v\u00e9los dans les tous les magasins CyclesBlain - CyclesBlain - Magasins de v\u00e9los, accessoires et ateliers<\/title>\n<meta name=\"description\" content=\"Offre rentr\u00e9e CyclesBlain : -20 % de remises sur les v\u00e9los dans tous les magasins CyclesBlain du 9 au 30 septembre 2023\" \/>\n<meta name=\"robots\" content=\"index, follow, max-snippet:-1, max-image-preview:large, max-video-preview:-1\" \/>\n<link rel=\"canonical\" href=\"https:\/\/www.cycles-blain.com\/fr\/magasins-velo\/20-remises-velos-magasins-cycles-blain\/\" \/>\n<meta property=\"og:locale\" content=\"fr_FR\" \/>\n<meta property=\"og:type\" content=\"article\" \/>\n<meta property=\"og:title\" content=\"Offre Rentr\u00e9e : -20 % sur les v\u00e9los dans les tous les magasins CyclesBlain - CyclesBlain - Magasins de v\u00e9los, accessoires et ateliers\" \/>\n<meta property=\"og:description\" content=\"Offre rentr\u00e9e CyclesBlain : -20 % de remises sur les v\u00e9los dans tous les magasins CyclesBlain du 9 au 30 septembre 2023\" \/>\n<meta property=\"og:url\" content=\"https:\/\/www.cycles-blain.com\/fr\/magasins-velo\/20-remises-velos-magasins-cycles-blain\/\" \/>\n<meta property=\"og:site_name\" content=\"CyclesBlain - Magasins de v\u00e9los, accessoires et ateliers\" \/>\n<meta property=\"article:publisher\" content=\"https:\/\/www.facebook.com\/cyclesblain\/?locale=fr_FR\" \/>\n<meta property=\"article:published_time\" content=\"2023-09-09T07:00:33+00:00\" \/>\n<meta property=\"article:modified_time\" content=\"2024-07-26T12:20:31+00:00\" \/>\n<meta property=\"og:image\" content=\"https:\/\/www.cycles-blain.com\/fr\/wp-content\/uploads\/2023\/09\/magasin-velo-brignais.jpg\" \/>\n\t<meta property=\"og:image:width\" content=\"1000\" \/>\n\t<meta property=\"og:image:height\" content=\"667\" \/>\n\t<meta property=\"og:image:type\" content=\"image\/jpeg\" \/>\n<meta name=\"author\" content=\"Gueweb\" \/>\n<meta name=\"twitter:card\" content=\"summary_large_image\" \/>\n<meta name=\"twitter:label1\" content=\"\u00c9crit par\" \/>\n\t<meta name=\"twitter:data1\" content=\"Gueweb\" \/>\n\t<meta name=\"twitter:label2\" content=\"Dur\u00e9e de lecture estim\u00e9e\" \/>\n\t<meta name=\"twitter:data2\" content=\"1 minute\" \/>\n<script type=\"application\/ld+json\" class=\"yoast-schema-graph\">{\"@context\":\"https:\\\/\\\/schema.org\",\"@graph\":[{\"@type\":\"Article\",\"@id\":\"https:\\\/\\\/www.cycles-blain.com\\\/fr\\\/magasins-velo\\\/20-remises-velos-magasins-cycles-blain\\\/#article\",\"isPartOf\":{\"@id\":\"https:\\\/\\\/www.cycles-blain.com\\\/fr\\\/magasins-velo\\\/20-remises-velos-magasins-cycles-blain\\\/\"},\"author\":{\"name\":\"Gueweb\",\"@id\":\"https:\\\/\\\/www.cycles-blain.com\\\/fr\\\/#\\\/schema\\\/person\\\/6fb8bad852fde893fb61b7b05936af37\"},\"headline\":\"Offre Rentr\u00e9e : -20 % sur les v\u00e9los dans les tous les magasins CyclesBlain\",\"datePublished\":\"2023-09-09T07:00:33+00:00\",\"dateModified\":\"2024-07-26T12:20:31+00:00\",\"mainEntityOfPage\":{\"@id\":\"https:\\\/\\\/www.cycles-blain.com\\\/fr\\\/magasins-velo\\\/20-remises-velos-magasins-cycles-blain\\\/\"},\"wordCount\":73,\"commentCount\":0,\"publisher\":{\"@id\":\"https:\\\/\\\/www.cycles-blain.com\\\/fr\\\/#organization\"},\"image\":{\"@id\":\"https:\\\/\\\/www.cycles-blain.com\\\/fr\\\/magasins-velo\\\/20-remises-velos-magasins-cycles-blain\\\/#primaryimage\"},\"thumbnailUrl\":\"https:\\\/\\\/www.cycles-blain.com\\\/fr\\\/wp-content\\\/uploads\\\/2023\\\/09\\\/magasin-velo-brignais.jpg\",\"keywords\":[\"magasins\",\"promotions\",\"v\u00e9los\"],\"articleSection\":[\"Actus Magasins\",\"Promotions\"],\"inLanguage\":\"fr-FR\",\"potentialAction\":[{\"@type\":\"CommentAction\",\"name\":\"Comment\",\"target\":[\"https:\\\/\\\/www.cycles-blain.com\\\/fr\\\/magasins-velo\\\/20-remises-velos-magasins-cycles-blain\\\/#respond\"]}]},{\"@type\":\"WebPage\",\"@id\":\"https:\\\/\\\/www.cycles-blain.com\\\/fr\\\/magasins-velo\\\/20-remises-velos-magasins-cycles-blain\\\/\",\"url\":\"https:\\\/\\\/www.cycles-blain.com\\\/fr\\\/magasins-velo\\\/20-remises-velos-magasins-cycles-blain\\\/\",\"name\":\"Offre Rentr\u00e9e : -20 % sur les v\u00e9los dans les tous les magasins CyclesBlain - CyclesBlain - Magasins de v\u00e9los, accessoires et ateliers\",\"isPartOf\":{\"@id\":\"https:\\\/\\\/www.cycles-blain.com\\\/fr\\\/#website\"},\"primaryImageOfPage\":{\"@id\":\"https:\\\/\\\/www.cycles-blain.com\\\/fr\\\/magasins-velo\\\/20-remises-velos-magasins-cycles-blain\\\/#primaryimage\"},\"image\":{\"@id\":\"https:\\\/\\\/www.cycles-blain.com\\\/fr\\\/magasins-velo\\\/20-remises-velos-magasins-cycles-blain\\\/#primaryimage\"},\"thumbnailUrl\":\"https:\\\/\\\/www.cycles-blain.com\\\/fr\\\/wp-content\\\/uploads\\\/2023\\\/09\\\/magasin-velo-brignais.jpg\",\"datePublished\":\"2023-09-09T07:00:33+00:00\",\"dateModified\":\"2024-07-26T12:20:31+00:00\",\"description\":\"Offre rentr\u00e9e CyclesBlain : -20 % de remises sur les v\u00e9los dans tous les magasins CyclesBlain du 9 au 30 septembre 2023\",\"breadcrumb\":{\"@id\":\"https:\\\/\\\/www.cycles-blain.com\\\/fr\\\/magasins-velo\\\/20-remises-velos-magasins-cycles-blain\\\/#breadcrumb\"},\"inLanguage\":\"fr-FR\",\"potentialAction\":[{\"@type\":\"ReadAction\",\"target\":[\"https:\\\/\\\/www.cycles-blain.com\\\/fr\\\/magasins-velo\\\/20-remises-velos-magasins-cycles-blain\\\/\"]}]},{\"@type\":\"ImageObject\",\"inLanguage\":\"fr-FR\",\"@id\":\"https:\\\/\\\/www.cycles-blain.com\\\/fr\\\/magasins-velo\\\/20-remises-velos-magasins-cycles-blain\\\/#primaryimage\",\"url\":\"https:\\\/\\\/www.cycles-blain.com\\\/fr\\\/wp-content\\\/uploads\\\/2023\\\/09\\\/magasin-velo-brignais.jpg\",\"contentUrl\":\"https:\\\/\\\/www.cycles-blain.com\\\/fr\\\/wp-content\\\/uploads\\\/2023\\\/09\\\/magasin-velo-brignais.jpg\",\"width\":1000,\"height\":667,\"caption\":\"-20 % sur les v\u00e9los dans tous les magasins CyclesBlain\"},{\"@type\":\"BreadcrumbList\",\"@id\":\"https:\\\/\\\/www.cycles-blain.com\\\/fr\\\/magasins-velo\\\/20-remises-velos-magasins-cycles-blain\\\/#breadcrumb\",\"itemListElement\":[{\"@type\":\"ListItem\",\"position\":1,\"name\":\"Accueil\",\"item\":\"https:\\\/\\\/www.cycles-blain.com\\\/fr\\\/\"},{\"@type\":\"ListItem\",\"position\":2,\"name\":\"Offre Rentr\u00e9e : -20 % sur les v\u00e9los dans les tous les magasins CyclesBlain\"}]},{\"@type\":\"WebSite\",\"@id\":\"https:\\\/\\\/www.cycles-blain.com\\\/fr\\\/#website\",\"url\":\"https:\\\/\\\/www.cycles-blain.com\\\/fr\\\/\",\"name\":\"CyclesBlain - Magasins de v\u00e9los, accessoires et ateliers\",\"description\":\"Blog Cycles Blain\",\"publisher\":{\"@id\":\"https:\\\/\\\/www.cycles-blain.com\\\/fr\\\/#organization\"},\"potentialAction\":[{\"@type\":\"SearchAction\",\"target\":{\"@type\":\"EntryPoint\",\"urlTemplate\":\"https:\\\/\\\/www.cycles-blain.com\\\/fr\\\/?s={search_term_string}\"},\"query-input\":{\"@type\":\"PropertyValueSpecification\",\"valueRequired\":true,\"valueName\":\"search_term_string\"}}],\"inLanguage\":\"fr-FR\"},{\"@type\":\"Organization\",\"@id\":\"https:\\\/\\\/www.cycles-blain.com\\\/fr\\\/#organization\",\"name\":\"CyclesBlain - Magasins de v\u00e9los, accessoires et ateliers\",\"url\":\"https:\\\/\\\/www.cycles-blain.com\\\/fr\\\/\",\"logo\":{\"@type\":\"ImageObject\",\"inLanguage\":\"fr-FR\",\"@id\":\"https:\\\/\\\/www.cycles-blain.com\\\/fr\\\/#\\\/schema\\\/logo\\\/image\\\/\",\"url\":\"https:\\\/\\\/www.cycles-blain.com\\\/fr\\\/wp-content\\\/uploads\\\/2023\\\/10\\\/logo-cycles-blain.jpeg\",\"contentUrl\":\"https:\\\/\\\/www.cycles-blain.com\\\/fr\\\/wp-content\\\/uploads\\\/2023\\\/10\\\/logo-cycles-blain.jpeg\",\"width\":264,\"height\":191,\"caption\":\"CyclesBlain - Magasins de v\u00e9los, accessoires et ateliers\"},\"image\":{\"@id\":\"https:\\\/\\\/www.cycles-blain.com\\\/fr\\\/#\\\/schema\\\/logo\\\/image\\\/\"},\"sameAs\":[\"https:\\\/\\\/www.facebook.com\\\/cyclesblain\\\/?locale=fr_FR\",\"https:\\\/\\\/www.instagram.com\\\/cycles_blain\\\/?hl=fr\"]},{\"@type\":\"Person\",\"@id\":\"https:\\\/\\\/www.cycles-blain.com\\\/fr\\\/#\\\/schema\\\/person\\\/6fb8bad852fde893fb61b7b05936af37\",\"name\":\"Gueweb\",\"image\":{\"@type\":\"ImageObject\",\"inLanguage\":\"fr-FR\",\"@id\":\"https:\\\/\\\/secure.gravatar.com\\\/avatar\\\/52550bc594eb074508114b963209b157358b27e5a0319de1bb723df3f760ca2d?s=96&d=mm&r=g\",\"url\":\"https:\\\/\\\/secure.gravatar.com\\\/avatar\\\/52550bc594eb074508114b963209b157358b27e5a0319de1bb723df3f760ca2d?s=96&d=mm&r=g\",\"contentUrl\":\"https:\\\/\\\/secure.gravatar.com\\\/avatar\\\/52550bc594eb074508114b963209b157358b27e5a0319de1bb723df3f760ca2d?s=96&d=mm&r=g\",\"caption\":\"Gueweb\"},\"sameAs\":[\"https:\\\/\\\/www.cycles-blain.com\\\/\\\/fr\"],\"url\":\"https:\\\/\\\/www.cycles-blain.com\\\/fr\\\/author\\\/gueweb\\\/\"}]}<\/script>\n<!-- \/ Yoast SEO plugin. -->","yoast_head_json":{"title":"Offre Rentr\u00e9e : -20 % sur les v\u00e9los dans les tous les magasins CyclesBlain - CyclesBlain - Magasins de v\u00e9los, accessoires et ateliers","description":"Offre rentr\u00e9e CyclesBlain : -20 % de remises sur les v\u00e9los dans tous les magasins CyclesBlain du 9 au 30 septembre 2023","robots":{"index":"index","follow":"follow","max-snippet":"max-snippet:-1","max-image-preview":"max-image-preview:large","max-video-preview":"max-video-preview:-1"},"canonical":"https:\/\/www.cycles-blain.com\/fr\/magasins-velo\/20-remises-velos-magasins-cycles-blain\/","og_locale":"fr_FR","og_type":"article","og_title":"Offre Rentr\u00e9e : -20 % sur les v\u00e9los dans les tous les magasins CyclesBlain - CyclesBlain - Magasins de v\u00e9los, accessoires et ateliers","og_description":"Offre rentr\u00e9e CyclesBlain : -20 % de remises sur les v\u00e9los dans tous les magasins CyclesBlain du 9 au 30 septembre 2023","og_url":"https:\/\/www.cycles-blain.com\/fr\/magasins-velo\/20-remises-velos-magasins-cycles-blain\/","og_site_name":"CyclesBlain - Magasins de v\u00e9los, accessoires et ateliers","article_publisher":"https:\/\/www.facebook.com\/cyclesblain\/?locale=fr_FR","article_published_time":"2023-09-09T07:00:33+00:00","article_modified_time":"2024-07-26T12:20:31+00:00","og_image":[{"width":1000,"height":667,"url":"https:\/\/www.cycles-blain.com\/fr\/wp-content\/uploads\/2023\/09\/magasin-velo-brignais.jpg","type":"image\/jpeg"}],"author":"Gueweb","twitter_card":"summary_large_image","twitter_misc":{"\u00c9crit par":"Gueweb","Dur\u00e9e de lecture estim\u00e9e":"1 minute"},"schema":{"@context":"https:\/\/schema.org","@graph":[{"@type":"Article","@id":"https:\/\/www.cycles-blain.com\/fr\/magasins-velo\/20-remises-velos-magasins-cycles-blain\/#article","isPartOf":{"@id":"https:\/\/www.cycles-blain.com\/fr\/magasins-velo\/20-remises-velos-magasins-cycles-blain\/"},"author":{"name":"Gueweb","@id":"https:\/\/www.cycles-blain.com\/fr\/#\/schema\/person\/6fb8bad852fde893fb61b7b05936af37"},"headline":"Offre Rentr\u00e9e : -20 % sur les v\u00e9los dans les tous les magasins CyclesBlain","datePublished":"2023-09-09T07:00:33+00:00","dateModified":"2024-07-26T12:20:31+00:00","mainEntityOfPage":{"@id":"https:\/\/www.cycles-blain.com\/fr\/magasins-velo\/20-remises-velos-magasins-cycles-blain\/"},"wordCount":73,"commentCount":0,"publisher":{"@id":"https:\/\/www.cycles-blain.com\/fr\/#organization"},"image":{"@id":"https:\/\/www.cycles-blain.com\/fr\/magasins-velo\/20-remises-velos-magasins-cycles-blain\/#primaryimage"},"thumbnailUrl":"https:\/\/www.cycles-blain.com\/fr\/wp-content\/uploads\/2023\/09\/magasin-velo-brignais.jpg","keywords":["magasins","promotions","v\u00e9los"],"articleSection":["Actus Magasins","Promotions"],"inLanguage":"fr-FR","potentialAction":[{"@type":"CommentAction","name":"Comment","target":["https:\/\/www.cycles-blain.com\/fr\/magasins-velo\/20-remises-velos-magasins-cycles-blain\/#respond"]}]},{"@type":"WebPage","@id":"https:\/\/www.cycles-blain.com\/fr\/magasins-velo\/20-remises-velos-magasins-cycles-blain\/","url":"https:\/\/www.cycles-blain.com\/fr\/magasins-velo\/20-remises-velos-magasins-cycles-blain\/","name":"Offre Rentr\u00e9e : -20 % sur les v\u00e9los dans les tous les magasins CyclesBlain - CyclesBlain - Magasins de v\u00e9los, accessoires et ateliers","isPartOf":{"@id":"https:\/\/www.cycles-blain.com\/fr\/#website"},"primaryImageOfPage":{"@id":"https:\/\/www.cycles-blain.com\/fr\/magasins-velo\/20-remises-velos-magasins-cycles-blain\/#primaryimage"},"image":{"@id":"https:\/\/www.cycles-blain.com\/fr\/magasins-velo\/20-remises-velos-magasins-cycles-blain\/#primaryimage"},"thumbnailUrl":"https:\/\/www.cycles-blain.com\/fr\/wp-content\/uploads\/2023\/09\/magasin-velo-brignais.jpg","datePublished":"2023-09-09T07:00:33+00:00","dateModified":"2024-07-26T12:20:31+00:00","description":"Offre rentr\u00e9e CyclesBlain : -20 % de remises sur les v\u00e9los dans tous les magasins CyclesBlain du 9 au 30 septembre 2023","breadcrumb":{"@id":"https:\/\/www.cycles-blain.com\/fr\/magasins-velo\/20-remises-velos-magasins-cycles-blain\/#breadcrumb"},"inLanguage":"fr-FR","potentialAction":[{"@type":"ReadAction","target":["https:\/\/www.cycles-blain.com\/fr\/magasins-velo\/20-remises-velos-magasins-cycles-blain\/"]}]},{"@type":"ImageObject","inLanguage":"fr-FR","@id":"https:\/\/www.cycles-blain.com\/fr\/magasins-velo\/20-remises-velos-magasins-cycles-blain\/#primaryimage","url":"https:\/\/www.cycles-blain.com\/fr\/wp-content\/uploads\/2023\/09\/magasin-velo-brignais.jpg","contentUrl":"https:\/\/www.cycles-blain.com\/fr\/wp-content\/uploads\/2023\/09\/magasin-velo-brignais.jpg","width":1000,"height":667,"caption":"-20 % sur les v\u00e9los dans tous les magasins CyclesBlain"},{"@type":"BreadcrumbList","@id":"https:\/\/www.cycles-blain.com\/fr\/magasins-velo\/20-remises-velos-magasins-cycles-blain\/#breadcrumb","itemListElement":[{"@type":"ListItem","position":1,"name":"Accueil","item":"https:\/\/www.cycles-blain.com\/fr\/"},{"@type":"ListItem","position":2,"name":"Offre Rentr\u00e9e : -20 % sur les v\u00e9los dans les tous les magasins CyclesBlain"}]},{"@type":"WebSite","@id":"https:\/\/www.cycles-blain.com\/fr\/#website","url":"https:\/\/www.cycles-blain.com\/fr\/","name":"CyclesBlain - Magasins de v\u00e9los, accessoires et ateliers","description":"Blog Cycles Blain","publisher":{"@id":"https:\/\/www.cycles-blain.com\/fr\/#organization"},"potentialAction":[{"@type":"SearchAction","target":{"@type":"EntryPoint","urlTemplate":"https:\/\/www.cycles-blain.com\/fr\/?s={search_term_string}"},"query-input":{"@type":"PropertyValueSpecification","valueRequired":true,"valueName":"search_term_string"}}],"inLanguage":"fr-FR"},{"@type":"Organization","@id":"https:\/\/www.cycles-blain.com\/fr\/#organization","name":"CyclesBlain - Magasins de v\u00e9los, accessoires et ateliers","url":"https:\/\/www.cycles-blain.com\/fr\/","logo":{"@type":"ImageObject","inLanguage":"fr-FR","@id":"https:\/\/www.cycles-blain.com\/fr\/#\/schema\/logo\/image\/","url":"https:\/\/www.cycles-blain.com\/fr\/wp-content\/uploads\/2023\/10\/logo-cycles-blain.jpeg","contentUrl":"https:\/\/www.cycles-blain.com\/fr\/wp-content\/uploads\/2023\/10\/logo-cycles-blain.jpeg","width":264,"height":191,"caption":"CyclesBlain - Magasins de v\u00e9los, accessoires et ateliers"},"image":{"@id":"https:\/\/www.cycles-blain.com\/fr\/#\/schema\/logo\/image\/"},"sameAs":["https:\/\/www.facebook.com\/cyclesblain\/?locale=fr_FR","https:\/\/www.instagram.com\/cycles_blain\/?hl=fr"]},{"@type":"Person","@id":"https:\/\/www.cycles-blain.com\/fr\/#\/schema\/person\/6fb8bad852fde893fb61b7b05936af37","name":"Gueweb","image":{"@type":"ImageObject","inLanguage":"fr-FR","@id":"https:\/\/secure.gravatar.com\/avatar\/52550bc594eb074508114b963209b157358b27e5a0319de1bb723df3f760ca2d?s=96&d=mm&r=g","url":"https:\/\/secure.gravatar.com\/avatar\/52550bc594eb074508114b963209b157358b27e5a0319de1bb723df3f760ca2d?s=96&d=mm&r=g","contentUrl":"https:\/\/secure.gravatar.com\/avatar\/52550bc594eb074508114b963209b157358b27e5a0319de1bb723df3f760ca2d?s=96&d=mm&r=g","caption":"Gueweb"},"sameAs":["https:\/\/www.cycles-blain.com\/\/fr"],"url":"https:\/\/www.cycles-blain.com\/fr\/author\/gueweb\/"}]}},"_links":{"self":[{"href":"https:\/\/www.cycles-blain.com\/fr\/wp-json\/wp\/v2\/posts\/556","targetHints":{"allow":["GET"]}}],"collection":[{"href":"https:\/\/www.cycles-blain.com\/fr\/wp-json\/wp\/v2\/posts"}],"about":[{"href":"https:\/\/www.cycles-blain.com\/fr\/wp-json\/wp\/v2\/types\/post"}],"author":[{"embeddable":true,"href":"https:\/\/www.cycles-blain.com\/fr\/wp-json\/wp\/v2\/users\/1"}],"replies":[{"embeddable":true,"href":"https:\/\/www.cycles-blain.com\/fr\/wp-json\/wp\/v2\/comments?post=556"}],"version-history":[{"count":14,"href":"https:\/\/www.cycles-blain.com\/fr\/wp-json\/wp\/v2\/posts\/556\/revisions"}],"predecessor-version":[{"id":7114,"href":"https:\/\/www.cycles-blain.com\/fr\/wp-json\/wp\/v2\/posts\/556\/revisions\/7114"}],"wp:featuredmedia":[{"embeddable":true,"href":"https:\/\/www.cycles-blain.com\/fr\/wp-json\/wp\/v2\/media\/949"}],"wp:attachment":[{"href":"https:\/\/www.cycles-blain.com\/fr\/wp-json\/wp\/v2\/media?parent=556"}],"wp:term":[{"taxonomy":"category","embeddable":true,"href":"https:\/\/www.cycles-blain.com\/fr\/wp-json\/wp\/v2\/categories?post=556"},{"taxonomy":"post_tag","embeddable":true,"href":"https:\/\/www.cycles-blain.com\/fr\/wp-json\/wp\/v2\/tags?post=556"}],"curies":[{"name":"wp","href":"https:\/\/api.w.org\/{rel}","templated":true}]}}