{"id":6424,"date":"2024-07-03T15:14:03","date_gmt":"2024-07-03T13:14:03","guid":{"rendered":"https:\/\/www.cycles-blain.com\/\/fr\/?p=6424"},"modified":"2024-07-24T16:22:18","modified_gmt":"2024-07-24T14:22:18","slug":"nouveau-trek-madone-2024-gen8","status":"publish","type":"post","link":"https:\/\/www.cycles-blain.com\/fr\/magasins-velo\/nouveau-trek-madone-2024-gen8\/","title":{"rendered":"Nouveau Trek Madone 2024 Gen8"},"content":{"rendered":"\t\t<div data-elementor-type=\"wp-post\" data-elementor-id=\"6424\" class=\"elementor elementor-6424\" data-elementor-post-type=\"post\">\n\t\t\t\t<div class=\"elementor-element elementor-element-1fdc5ff e-flex e-con-boxed e-con e-parent\" data-id=\"1fdc5ff\" data-element_type=\"container\" data-e-type=\"container\">\n\t\t\t\t\t<div class=\"e-con-inner\">\n\t\t\t\t<div class=\"elementor-element elementor-element-a80451c elementor-widget elementor-widget-text-editor\" data-id=\"a80451c\" data-element_type=\"widget\" data-e-type=\"widget\" data-widget_type=\"text-editor.default\">\n\t\t\t\t<div class=\"elementor-widget-container\">\n\t\t\t\t\t\t\t\t\t<p><em>La 8\u00e8me g\u00e9n\u00e9ration du Trek Madone est enfin arriv\u00e9 et est disponible chez <a href=\"https:\/\/www.cycles-blain.com\/content\/14-magasin-velos-lyon-5-veran\">Cycles V\u00e9ran.<\/a><\/em><\/p>\t\t\t\t\t\t\t\t<\/div>\n\t\t\t\t<\/div>\n\t\t\t\t<div class=\"elementor-element elementor-element-8c5744d elementor-widget elementor-widget-heading\" data-id=\"8c5744d\" data-element_type=\"widget\" data-e-type=\"widget\" data-widget_type=\"heading.default\">\n\t\t\t\t<div class=\"elementor-widget-container\">\n\t\t\t\t\t<h4 class=\"elementor-heading-title elementor-size-default\">Trek Madone 8e g\u00e9n\u00e9ration : l'alliance ultime de la performance et du confort<\/h4>\t\t\t\t<\/div>\n\t\t\t\t<\/div>\n\t\t\t\t<div class=\"elementor-element elementor-element-b4e8ced elementor-widget elementor-widget-text-editor\" data-id=\"b4e8ced\" data-element_type=\"widget\" data-e-type=\"widget\" data-widget_type=\"text-editor.default\">\n\t\t\t\t<div class=\"elementor-widget-container\">\n\t\t\t\t\t\t\t\t\t<p data-sourcepos=\"3:1-3:186\"><strong>Trek<\/strong> frappe fort avec la sortie de son nouveau <strong>Madone 8e g\u00e9n\u00e9ration<\/strong>. Ce v\u00e9lo de route r\u00e9volutionnaire promet d&rsquo;\u00eatre <strong>aussi l\u00e9ger que l&rsquo;\u00c9monda et aussi rapide que l&rsquo;actuel Madone\u00a0<\/strong>faisant de lui un v\u00e9ritable monstre polyvalent.<\/p><p data-sourcepos=\"5:1-5:253\">Fruit d&rsquo;une collaboration \u00e9troite avec les meilleurs coureurs du monde, le Madone 8e g\u00e9n\u00e9ration est con\u00e7u pour exceller dans toutes les situations. Que vous gravissiez des cols montagneux ou que vous sprintiez pour la victoire, ce v\u00e9lo vous permettra de repousser vos limites.<\/p>\t\t\t\t\t\t\t\t<\/div>\n\t\t\t\t<\/div>\n\t\t\t\t<div class=\"elementor-element elementor-element-ca43b27 elementor-widget elementor-widget-heading\" data-id=\"ca43b27\" data-element_type=\"widget\" data-e-type=\"widget\" data-widget_type=\"heading.default\">\n\t\t\t\t<div class=\"elementor-widget-container\">\n\t\t\t\t\t<h4 class=\"elementor-heading-title elementor-size-default\">Un concentr\u00e9 d'innovation technologique<\/h4>\t\t\t\t<\/div>\n\t\t\t\t<\/div>\n\t\t\t\t<div class=\"elementor-element elementor-element-ea29f3f elementor-widget elementor-widget-text-editor\" data-id=\"ea29f3f\" data-element_type=\"widget\" data-e-type=\"widget\" data-widget_type=\"text-editor.default\">\n\t\t\t\t<div class=\"elementor-widget-container\">\n\t\t\t\t\t\t\t\t\t<p data-sourcepos=\"9:1-9:119\">Le Madone 8e g\u00e9n\u00e9ration b\u00e9n\u00e9ficie de nombreuses innovations qui le rendent unique. Parmi les plus notables, on trouve :<\/p><ul data-sourcepos=\"11:1-12:81\"><li data-sourcepos=\"11:1-11:173\"><strong>La technologie IsoFlow 8:<\/strong> Cette nouvelle suspension int\u00e9gr\u00e9e offre un confort in\u00e9gal\u00e9 sur les routes les plus accident\u00e9es, sans sacrifier la performance a\u00e9rodynamique.<\/li><li data-sourcepos=\"12:1-12:81\"><strong>Le freinage \u00e0 disque Flat Mount:<\/strong> Ce syst\u00e8me de freinage offre une puissance de freinage accrue et une meilleure modulation, pour un contr\u00f4le accru en toute confiance.<\/li><li data-sourcepos=\"13:1-14:0\"><strong>Le nouveau cockpit Project One:<\/strong> Ce cockpit personnalisable permet d&rsquo;ajuster parfaitement la position du cycliste pour un confort et une efficacit\u00e9 optimaux.<\/li><\/ul>\t\t\t\t\t\t\t\t<\/div>\n\t\t\t\t<\/div>\n\t\t\t\t<div class=\"elementor-element elementor-element-5d617bf elementor-widget elementor-widget-heading\" data-id=\"5d617bf\" data-element_type=\"widget\" data-e-type=\"widget\" data-widget_type=\"heading.default\">\n\t\t\t\t<div class=\"elementor-widget-container\">\n\t\t\t\t\t<h4 class=\"elementor-heading-title elementor-size-default\">Un design rac\u00e9 et audacieux<\/h4>\t\t\t\t<\/div>\n\t\t\t\t<\/div>\n\t\t\t\t<div class=\"elementor-element elementor-element-9b9ac3c elementor-widget elementor-widget-text-editor\" data-id=\"9b9ac3c\" data-element_type=\"widget\" data-e-type=\"widget\" data-widget_type=\"text-editor.default\">\n\t\t\t\t<div class=\"elementor-widget-container\">\n\t\t\t\t\t\t\t\t\t<p>Le Madone 8e g\u00e9n\u00e9ration n&rsquo;est pas seulement performant, il est \u00e9galement magnifique. Son design \u00e9pur\u00e9 et rac\u00e9 est un v\u00e9ritable accroche-regard. Les coloris disponibles sont sobres et \u00e9l\u00e9gants, et les d\u00e9tails raffin\u00e9s t\u00e9moignent de la qualit\u00e9 de fabrication exceptionnelle de Trek.<\/p>\t\t\t\t\t\t\t\t<\/div>\n\t\t\t\t<\/div>\n\t\t\t\t<div class=\"elementor-element elementor-element-206985c elementor-widget elementor-widget-heading\" data-id=\"206985c\" data-element_type=\"widget\" data-e-type=\"widget\" data-widget_type=\"heading.default\">\n\t\t\t\t<div class=\"elementor-widget-container\">\n\t\t\t\t\t<h4 class=\"elementor-heading-title elementor-size-default\">Un v\u00e9lo pour les cyclistes exigeants<\/h4>\t\t\t\t<\/div>\n\t\t\t\t<\/div>\n\t\t\t\t<div class=\"elementor-element elementor-element-57bf497 elementor-widget elementor-widget-text-editor\" data-id=\"57bf497\" data-element_type=\"widget\" data-e-type=\"widget\" data-widget_type=\"text-editor.default\">\n\t\t\t\t<div class=\"elementor-widget-container\">\n\t\t\t\t\t\t\t\t\t<p>Le Trek Madone 8e g\u00e9n\u00e9ration est un v\u00e9lo haut de gamme qui s&rsquo;adresse aux cyclistes les plus exigeants. Si vous recherchez un v\u00e9lo performant, confortable et polyvalent, le Madone 8e g\u00e9n\u00e9ration est le v\u00e9lo qu&rsquo;il vous faut.<\/p>\t\t\t\t\t\t\t\t<\/div>\n\t\t\t\t<\/div>\n\t\t\t\t\t<\/div>\n\t\t\t\t<\/div>\n\t\t\t\t<\/div>\n\t\t","protected":false},"excerpt":{"rendered":"<p>Le tout nouveau Trek Madone Gen8 est arriv\u00e9 au magasin Cycles V\u00e9ran de Lyon 5.<\/p>\n","protected":false},"author":1,"featured_media":6430,"comment_status":"open","ping_status":"open","sticky":false,"template":"","format":"standard","meta":{"site-sidebar-layout":"default","site-content-layout":"","ast-site-content-layout":"default","site-content-style":"default","site-sidebar-style":"default","ast-global-header-display":"","ast-banner-title-visibility":"","ast-main-header-display":"","ast-hfb-above-header-display":"","ast-hfb-below-header-display":"","ast-hfb-mobile-header-display":"","site-post-title":"","ast-breadcrumbs-content":"","ast-featured-img":"","footer-sml-layout":"","theme-transparent-header-meta":"","adv-header-id-meta":"","stick-header-meta":"","header-above-stick-meta":"","header-main-stick-meta":"","header-below-stick-meta":"","astra-migrate-meta-layouts":"set","ast-page-background-enabled":"default","ast-page-background-meta":{"desktop":{"background-color":"","background-image":"","background-repeat":"repeat","background-position":"center center","background-size":"auto","background-attachment":"scroll","background-type":"","background-media":"","overlay-type":"","overlay-color":"","overlay-gradient":""},"tablet":{"background-color":"","background-image":"","background-repeat":"repeat","background-position":"center center","background-size":"auto","background-attachment":"scroll","background-type":"","background-media":"","overlay-type":"","overlay-color":"","overlay-gradient":""},"mobile":{"background-color":"","background-image":"","background-repeat":"repeat","background-position":"center center","background-size":"auto","background-attachment":"scroll","background-type":"","background-media":"","overlay-type":"","overlay-color":"","overlay-gradient":""}},"ast-content-background-meta":{"desktop":{"background-color":"var(--ast-global-color-5)","background-image":"","background-repeat":"repeat","background-position":"center center","background-size":"auto","background-attachment":"scroll","background-type":"","background-media":"","overlay-type":"","overlay-color":"","overlay-gradient":""},"tablet":{"background-color":"var(--ast-global-color-5)","background-image":"","background-repeat":"repeat","background-position":"center center","background-size":"auto","background-attachment":"scroll","background-type":"","background-media":"","overlay-type":"","overlay-color":"","overlay-gradient":""},"mobile":{"background-color":"var(--ast-global-color-5)","background-image":"","background-repeat":"repeat","background-position":"center center","background-size":"auto","background-attachment":"scroll","background-type":"","background-media":"","overlay-type":"","overlay-color":"","overlay-gradient":""}},"footnotes":""},"categories":[6,4,81,55],"tags":[210,235,234,177],"class_list":["post-6424","post","type-post","status-publish","format-standard","has-post-thumbnail","hentry","category-magasins-velo","category-velo","category-magasin-lyon-5","category-velo-route","tag-210","tag-gen8","tag-madone","tag-trek"],"yoast_head":"<!-- This site is optimized with the Yoast SEO plugin v27.5 - https:\/\/yoast.com\/product\/yoast-seo-wordpress\/ -->\n<title>Nouveau Trek Madone 2024 Gen8 - CyclesBlain - Magasins de v\u00e9los, accessoires et ateliers<\/title>\n<meta name=\"description\" content=\"Le tout nouveau Trek Madone Gen8 2024 est disponible chez Cycles V\u00e9ran, passez en magasin !\" \/>\n<meta name=\"robots\" content=\"index, follow, max-snippet:-1, max-image-preview:large, max-video-preview:-1\" \/>\n<link rel=\"canonical\" href=\"https:\/\/www.cycles-blain.com\/fr\/magasins-velo\/nouveau-trek-madone-2024-gen8\/\" \/>\n<meta property=\"og:locale\" content=\"fr_FR\" \/>\n<meta property=\"og:type\" content=\"article\" \/>\n<meta property=\"og:title\" content=\"Nouveau Trek Madone 2024 Gen8 - CyclesBlain - Magasins de v\u00e9los, accessoires et ateliers\" \/>\n<meta property=\"og:description\" content=\"Le tout nouveau Trek Madone Gen8 2024 est disponible chez Cycles V\u00e9ran, passez en magasin !\" \/>\n<meta property=\"og:url\" content=\"https:\/\/www.cycles-blain.com\/fr\/magasins-velo\/nouveau-trek-madone-2024-gen8\/\" \/>\n<meta property=\"og:site_name\" content=\"CyclesBlain - Magasins de v\u00e9los, accessoires et ateliers\" \/>\n<meta property=\"article:publisher\" content=\"https:\/\/www.facebook.com\/cyclesblain\/?locale=fr_FR\" \/>\n<meta property=\"article:published_time\" content=\"2024-07-03T13:14:03+00:00\" \/>\n<meta property=\"article:modified_time\" content=\"2024-07-24T14:22:18+00:00\" \/>\n<meta property=\"og:image\" content=\"https:\/\/www.cycles-blain.com\/fr\/wp-content\/uploads\/2024\/07\/Trek-Madone.png\" \/>\n\t<meta property=\"og:image:width\" content=\"600\" \/>\n\t<meta property=\"og:image:height\" content=\"400\" \/>\n\t<meta property=\"og:image:type\" content=\"image\/png\" \/>\n<meta name=\"author\" content=\"Gueweb\" \/>\n<meta name=\"twitter:card\" content=\"summary_large_image\" \/>\n<meta name=\"twitter:label1\" content=\"\u00c9crit par\" \/>\n\t<meta name=\"twitter:data1\" content=\"Gueweb\" \/>\n\t<meta name=\"twitter:label2\" content=\"Dur\u00e9e de lecture estim\u00e9e\" \/>\n\t<meta name=\"twitter:data2\" content=\"2 minutes\" \/>\n<script type=\"application\/ld+json\" class=\"yoast-schema-graph\">{\"@context\":\"https:\\\/\\\/schema.org\",\"@graph\":[{\"@type\":\"Article\",\"@id\":\"https:\\\/\\\/www.cycles-blain.com\\\/fr\\\/magasins-velo\\\/nouveau-trek-madone-2024-gen8\\\/#article\",\"isPartOf\":{\"@id\":\"https:\\\/\\\/www.cycles-blain.com\\\/fr\\\/magasins-velo\\\/nouveau-trek-madone-2024-gen8\\\/\"},\"author\":{\"name\":\"Gueweb\",\"@id\":\"https:\\\/\\\/www.cycles-blain.com\\\/fr\\\/#\\\/schema\\\/person\\\/6fb8bad852fde893fb61b7b05936af37\"},\"headline\":\"Nouveau Trek Madone 2024 Gen8\",\"datePublished\":\"2024-07-03T13:14:03+00:00\",\"dateModified\":\"2024-07-24T14:22:18+00:00\",\"mainEntityOfPage\":{\"@id\":\"https:\\\/\\\/www.cycles-blain.com\\\/fr\\\/magasins-velo\\\/nouveau-trek-madone-2024-gen8\\\/\"},\"wordCount\":342,\"commentCount\":0,\"publisher\":{\"@id\":\"https:\\\/\\\/www.cycles-blain.com\\\/fr\\\/#organization\"},\"image\":{\"@id\":\"https:\\\/\\\/www.cycles-blain.com\\\/fr\\\/magasins-velo\\\/nouveau-trek-madone-2024-gen8\\\/#primaryimage\"},\"thumbnailUrl\":\"https:\\\/\\\/www.cycles-blain.com\\\/fr\\\/wp-content\\\/uploads\\\/2024\\\/07\\\/Trek-Madone.png\",\"keywords\":[\"2024\",\"Gen8\",\"madone\",\"trek\"],\"articleSection\":[\"Actus Magasins\",\"Actus V\u00e9lo\",\"Magasin-CyclesVeran\",\"V\u00e9lo de route\"],\"inLanguage\":\"fr-FR\",\"potentialAction\":[{\"@type\":\"CommentAction\",\"name\":\"Comment\",\"target\":[\"https:\\\/\\\/www.cycles-blain.com\\\/fr\\\/magasins-velo\\\/nouveau-trek-madone-2024-gen8\\\/#respond\"]}]},{\"@type\":\"WebPage\",\"@id\":\"https:\\\/\\\/www.cycles-blain.com\\\/fr\\\/magasins-velo\\\/nouveau-trek-madone-2024-gen8\\\/\",\"url\":\"https:\\\/\\\/www.cycles-blain.com\\\/fr\\\/magasins-velo\\\/nouveau-trek-madone-2024-gen8\\\/\",\"name\":\"Nouveau Trek Madone 2024 Gen8 - CyclesBlain - Magasins de v\u00e9los, accessoires et ateliers\",\"isPartOf\":{\"@id\":\"https:\\\/\\\/www.cycles-blain.com\\\/fr\\\/#website\"},\"primaryImageOfPage\":{\"@id\":\"https:\\\/\\\/www.cycles-blain.com\\\/fr\\\/magasins-velo\\\/nouveau-trek-madone-2024-gen8\\\/#primaryimage\"},\"image\":{\"@id\":\"https:\\\/\\\/www.cycles-blain.com\\\/fr\\\/magasins-velo\\\/nouveau-trek-madone-2024-gen8\\\/#primaryimage\"},\"thumbnailUrl\":\"https:\\\/\\\/www.cycles-blain.com\\\/fr\\\/wp-content\\\/uploads\\\/2024\\\/07\\\/Trek-Madone.png\",\"datePublished\":\"2024-07-03T13:14:03+00:00\",\"dateModified\":\"2024-07-24T14:22:18+00:00\",\"description\":\"Le tout nouveau Trek Madone Gen8 2024 est disponible chez Cycles V\u00e9ran, passez en magasin !\",\"breadcrumb\":{\"@id\":\"https:\\\/\\\/www.cycles-blain.com\\\/fr\\\/magasins-velo\\\/nouveau-trek-madone-2024-gen8\\\/#breadcrumb\"},\"inLanguage\":\"fr-FR\",\"potentialAction\":[{\"@type\":\"ReadAction\",\"target\":[\"https:\\\/\\\/www.cycles-blain.com\\\/fr\\\/magasins-velo\\\/nouveau-trek-madone-2024-gen8\\\/\"]}]},{\"@type\":\"ImageObject\",\"inLanguage\":\"fr-FR\",\"@id\":\"https:\\\/\\\/www.cycles-blain.com\\\/fr\\\/magasins-velo\\\/nouveau-trek-madone-2024-gen8\\\/#primaryimage\",\"url\":\"https:\\\/\\\/www.cycles-blain.com\\\/fr\\\/wp-content\\\/uploads\\\/2024\\\/07\\\/Trek-Madone.png\",\"contentUrl\":\"https:\\\/\\\/www.cycles-blain.com\\\/fr\\\/wp-content\\\/uploads\\\/2024\\\/07\\\/Trek-Madone.png\",\"width\":600,\"height\":400,\"caption\":\"Trek Madone Gen8 2024\"},{\"@type\":\"BreadcrumbList\",\"@id\":\"https:\\\/\\\/www.cycles-blain.com\\\/fr\\\/magasins-velo\\\/nouveau-trek-madone-2024-gen8\\\/#breadcrumb\",\"itemListElement\":[{\"@type\":\"ListItem\",\"position\":1,\"name\":\"Accueil\",\"item\":\"https:\\\/\\\/www.cycles-blain.com\\\/fr\\\/\"},{\"@type\":\"ListItem\",\"position\":2,\"name\":\"Nouveau Trek Madone 2024 Gen8\"}]},{\"@type\":\"WebSite\",\"@id\":\"https:\\\/\\\/www.cycles-blain.com\\\/fr\\\/#website\",\"url\":\"https:\\\/\\\/www.cycles-blain.com\\\/fr\\\/\",\"name\":\"CyclesBlain - Magasins de v\u00e9los, accessoires et ateliers\",\"description\":\"Blog Cycles Blain\",\"publisher\":{\"@id\":\"https:\\\/\\\/www.cycles-blain.com\\\/fr\\\/#organization\"},\"potentialAction\":[{\"@type\":\"SearchAction\",\"target\":{\"@type\":\"EntryPoint\",\"urlTemplate\":\"https:\\\/\\\/www.cycles-blain.com\\\/fr\\\/?s={search_term_string}\"},\"query-input\":{\"@type\":\"PropertyValueSpecification\",\"valueRequired\":true,\"valueName\":\"search_term_string\"}}],\"inLanguage\":\"fr-FR\"},{\"@type\":\"Organization\",\"@id\":\"https:\\\/\\\/www.cycles-blain.com\\\/fr\\\/#organization\",\"name\":\"CyclesBlain - Magasins de v\u00e9los, accessoires et ateliers\",\"url\":\"https:\\\/\\\/www.cycles-blain.com\\\/fr\\\/\",\"logo\":{\"@type\":\"ImageObject\",\"inLanguage\":\"fr-FR\",\"@id\":\"https:\\\/\\\/www.cycles-blain.com\\\/fr\\\/#\\\/schema\\\/logo\\\/image\\\/\",\"url\":\"https:\\\/\\\/www.cycles-blain.com\\\/fr\\\/wp-content\\\/uploads\\\/2023\\\/10\\\/logo-cycles-blain.jpeg\",\"contentUrl\":\"https:\\\/\\\/www.cycles-blain.com\\\/fr\\\/wp-content\\\/uploads\\\/2023\\\/10\\\/logo-cycles-blain.jpeg\",\"width\":264,\"height\":191,\"caption\":\"CyclesBlain - Magasins de v\u00e9los, accessoires et ateliers\"},\"image\":{\"@id\":\"https:\\\/\\\/www.cycles-blain.com\\\/fr\\\/#\\\/schema\\\/logo\\\/image\\\/\"},\"sameAs\":[\"https:\\\/\\\/www.facebook.com\\\/cyclesblain\\\/?locale=fr_FR\",\"https:\\\/\\\/www.instagram.com\\\/cycles_blain\\\/?hl=fr\"]},{\"@type\":\"Person\",\"@id\":\"https:\\\/\\\/www.cycles-blain.com\\\/fr\\\/#\\\/schema\\\/person\\\/6fb8bad852fde893fb61b7b05936af37\",\"name\":\"Gueweb\",\"image\":{\"@type\":\"ImageObject\",\"inLanguage\":\"fr-FR\",\"@id\":\"https:\\\/\\\/secure.gravatar.com\\\/avatar\\\/52550bc594eb074508114b963209b157358b27e5a0319de1bb723df3f760ca2d?s=96&d=mm&r=g\",\"url\":\"https:\\\/\\\/secure.gravatar.com\\\/avatar\\\/52550bc594eb074508114b963209b157358b27e5a0319de1bb723df3f760ca2d?s=96&d=mm&r=g\",\"contentUrl\":\"https:\\\/\\\/secure.gravatar.com\\\/avatar\\\/52550bc594eb074508114b963209b157358b27e5a0319de1bb723df3f760ca2d?s=96&d=mm&r=g\",\"caption\":\"Gueweb\"},\"sameAs\":[\"https:\\\/\\\/www.cycles-blain.com\\\/\\\/fr\"],\"url\":\"https:\\\/\\\/www.cycles-blain.com\\\/fr\\\/author\\\/gueweb\\\/\"}]}<\/script>\n<!-- \/ Yoast SEO plugin. -->","yoast_head_json":{"title":"Nouveau Trek Madone 2024 Gen8 - CyclesBlain - Magasins de v\u00e9los, accessoires et ateliers","description":"Le tout nouveau Trek Madone Gen8 2024 est disponible chez Cycles V\u00e9ran, passez en magasin !","robots":{"index":"index","follow":"follow","max-snippet":"max-snippet:-1","max-image-preview":"max-image-preview:large","max-video-preview":"max-video-preview:-1"},"canonical":"https:\/\/www.cycles-blain.com\/fr\/magasins-velo\/nouveau-trek-madone-2024-gen8\/","og_locale":"fr_FR","og_type":"article","og_title":"Nouveau Trek Madone 2024 Gen8 - CyclesBlain - Magasins de v\u00e9los, accessoires et ateliers","og_description":"Le tout nouveau Trek Madone Gen8 2024 est disponible chez Cycles V\u00e9ran, passez en magasin !","og_url":"https:\/\/www.cycles-blain.com\/fr\/magasins-velo\/nouveau-trek-madone-2024-gen8\/","og_site_name":"CyclesBlain - Magasins de v\u00e9los, accessoires et ateliers","article_publisher":"https:\/\/www.facebook.com\/cyclesblain\/?locale=fr_FR","article_published_time":"2024-07-03T13:14:03+00:00","article_modified_time":"2024-07-24T14:22:18+00:00","og_image":[{"width":600,"height":400,"url":"https:\/\/www.cycles-blain.com\/fr\/wp-content\/uploads\/2024\/07\/Trek-Madone.png","type":"image\/png"}],"author":"Gueweb","twitter_card":"summary_large_image","twitter_misc":{"\u00c9crit par":"Gueweb","Dur\u00e9e de lecture estim\u00e9e":"2 minutes"},"schema":{"@context":"https:\/\/schema.org","@graph":[{"@type":"Article","@id":"https:\/\/www.cycles-blain.com\/fr\/magasins-velo\/nouveau-trek-madone-2024-gen8\/#article","isPartOf":{"@id":"https:\/\/www.cycles-blain.com\/fr\/magasins-velo\/nouveau-trek-madone-2024-gen8\/"},"author":{"name":"Gueweb","@id":"https:\/\/www.cycles-blain.com\/fr\/#\/schema\/person\/6fb8bad852fde893fb61b7b05936af37"},"headline":"Nouveau Trek Madone 2024 Gen8","datePublished":"2024-07-03T13:14:03+00:00","dateModified":"2024-07-24T14:22:18+00:00","mainEntityOfPage":{"@id":"https:\/\/www.cycles-blain.com\/fr\/magasins-velo\/nouveau-trek-madone-2024-gen8\/"},"wordCount":342,"commentCount":0,"publisher":{"@id":"https:\/\/www.cycles-blain.com\/fr\/#organization"},"image":{"@id":"https:\/\/www.cycles-blain.com\/fr\/magasins-velo\/nouveau-trek-madone-2024-gen8\/#primaryimage"},"thumbnailUrl":"https:\/\/www.cycles-blain.com\/fr\/wp-content\/uploads\/2024\/07\/Trek-Madone.png","keywords":["2024","Gen8","madone","trek"],"articleSection":["Actus Magasins","Actus V\u00e9lo","Magasin-CyclesVeran","V\u00e9lo de route"],"inLanguage":"fr-FR","potentialAction":[{"@type":"CommentAction","name":"Comment","target":["https:\/\/www.cycles-blain.com\/fr\/magasins-velo\/nouveau-trek-madone-2024-gen8\/#respond"]}]},{"@type":"WebPage","@id":"https:\/\/www.cycles-blain.com\/fr\/magasins-velo\/nouveau-trek-madone-2024-gen8\/","url":"https:\/\/www.cycles-blain.com\/fr\/magasins-velo\/nouveau-trek-madone-2024-gen8\/","name":"Nouveau Trek Madone 2024 Gen8 - CyclesBlain - Magasins de v\u00e9los, accessoires et ateliers","isPartOf":{"@id":"https:\/\/www.cycles-blain.com\/fr\/#website"},"primaryImageOfPage":{"@id":"https:\/\/www.cycles-blain.com\/fr\/magasins-velo\/nouveau-trek-madone-2024-gen8\/#primaryimage"},"image":{"@id":"https:\/\/www.cycles-blain.com\/fr\/magasins-velo\/nouveau-trek-madone-2024-gen8\/#primaryimage"},"thumbnailUrl":"https:\/\/www.cycles-blain.com\/fr\/wp-content\/uploads\/2024\/07\/Trek-Madone.png","datePublished":"2024-07-03T13:14:03+00:00","dateModified":"2024-07-24T14:22:18+00:00","description":"Le tout nouveau Trek Madone Gen8 2024 est disponible chez Cycles V\u00e9ran, passez en magasin !","breadcrumb":{"@id":"https:\/\/www.cycles-blain.com\/fr\/magasins-velo\/nouveau-trek-madone-2024-gen8\/#breadcrumb"},"inLanguage":"fr-FR","potentialAction":[{"@type":"ReadAction","target":["https:\/\/www.cycles-blain.com\/fr\/magasins-velo\/nouveau-trek-madone-2024-gen8\/"]}]},{"@type":"ImageObject","inLanguage":"fr-FR","@id":"https:\/\/www.cycles-blain.com\/fr\/magasins-velo\/nouveau-trek-madone-2024-gen8\/#primaryimage","url":"https:\/\/www.cycles-blain.com\/fr\/wp-content\/uploads\/2024\/07\/Trek-Madone.png","contentUrl":"https:\/\/www.cycles-blain.com\/fr\/wp-content\/uploads\/2024\/07\/Trek-Madone.png","width":600,"height":400,"caption":"Trek Madone Gen8 2024"},{"@type":"BreadcrumbList","@id":"https:\/\/www.cycles-blain.com\/fr\/magasins-velo\/nouveau-trek-madone-2024-gen8\/#breadcrumb","itemListElement":[{"@type":"ListItem","position":1,"name":"Accueil","item":"https:\/\/www.cycles-blain.com\/fr\/"},{"@type":"ListItem","position":2,"name":"Nouveau Trek Madone 2024 Gen8"}]},{"@type":"WebSite","@id":"https:\/\/www.cycles-blain.com\/fr\/#website","url":"https:\/\/www.cycles-blain.com\/fr\/","name":"CyclesBlain - Magasins de v\u00e9los, accessoires et ateliers","description":"Blog Cycles Blain","publisher":{"@id":"https:\/\/www.cycles-blain.com\/fr\/#organization"},"potentialAction":[{"@type":"SearchAction","target":{"@type":"EntryPoint","urlTemplate":"https:\/\/www.cycles-blain.com\/fr\/?s={search_term_string}"},"query-input":{"@type":"PropertyValueSpecification","valueRequired":true,"valueName":"search_term_string"}}],"inLanguage":"fr-FR"},{"@type":"Organization","@id":"https:\/\/www.cycles-blain.com\/fr\/#organization","name":"CyclesBlain - Magasins de v\u00e9los, accessoires et ateliers","url":"https:\/\/www.cycles-blain.com\/fr\/","logo":{"@type":"ImageObject","inLanguage":"fr-FR","@id":"https:\/\/www.cycles-blain.com\/fr\/#\/schema\/logo\/image\/","url":"https:\/\/www.cycles-blain.com\/fr\/wp-content\/uploads\/2023\/10\/logo-cycles-blain.jpeg","contentUrl":"https:\/\/www.cycles-blain.com\/fr\/wp-content\/uploads\/2023\/10\/logo-cycles-blain.jpeg","width":264,"height":191,"caption":"CyclesBlain - Magasins de v\u00e9los, accessoires et ateliers"},"image":{"@id":"https:\/\/www.cycles-blain.com\/fr\/#\/schema\/logo\/image\/"},"sameAs":["https:\/\/www.facebook.com\/cyclesblain\/?locale=fr_FR","https:\/\/www.instagram.com\/cycles_blain\/?hl=fr"]},{"@type":"Person","@id":"https:\/\/www.cycles-blain.com\/fr\/#\/schema\/person\/6fb8bad852fde893fb61b7b05936af37","name":"Gueweb","image":{"@type":"ImageObject","inLanguage":"fr-FR","@id":"https:\/\/secure.gravatar.com\/avatar\/52550bc594eb074508114b963209b157358b27e5a0319de1bb723df3f760ca2d?s=96&d=mm&r=g","url":"https:\/\/secure.gravatar.com\/avatar\/52550bc594eb074508114b963209b157358b27e5a0319de1bb723df3f760ca2d?s=96&d=mm&r=g","contentUrl":"https:\/\/secure.gravatar.com\/avatar\/52550bc594eb074508114b963209b157358b27e5a0319de1bb723df3f760ca2d?s=96&d=mm&r=g","caption":"Gueweb"},"sameAs":["https:\/\/www.cycles-blain.com\/\/fr"],"url":"https:\/\/www.cycles-blain.com\/fr\/author\/gueweb\/"}]}},"_links":{"self":[{"href":"https:\/\/www.cycles-blain.com\/fr\/wp-json\/wp\/v2\/posts\/6424","targetHints":{"allow":["GET"]}}],"collection":[{"href":"https:\/\/www.cycles-blain.com\/fr\/wp-json\/wp\/v2\/posts"}],"about":[{"href":"https:\/\/www.cycles-blain.com\/fr\/wp-json\/wp\/v2\/types\/post"}],"author":[{"embeddable":true,"href":"https:\/\/www.cycles-blain.com\/fr\/wp-json\/wp\/v2\/users\/1"}],"replies":[{"embeddable":true,"href":"https:\/\/www.cycles-blain.com\/fr\/wp-json\/wp\/v2\/comments?post=6424"}],"version-history":[{"count":16,"href":"https:\/\/www.cycles-blain.com\/fr\/wp-json\/wp\/v2\/posts\/6424\/revisions"}],"predecessor-version":[{"id":7018,"href":"https:\/\/www.cycles-blain.com\/fr\/wp-json\/wp\/v2\/posts\/6424\/revisions\/7018"}],"wp:featuredmedia":[{"embeddable":true,"href":"https:\/\/www.cycles-blain.com\/fr\/wp-json\/wp\/v2\/media\/6430"}],"wp:attachment":[{"href":"https:\/\/www.cycles-blain.com\/fr\/wp-json\/wp\/v2\/media?parent=6424"}],"wp:term":[{"taxonomy":"category","embeddable":true,"href":"https:\/\/www.cycles-blain.com\/fr\/wp-json\/wp\/v2\/categories?post=6424"},{"taxonomy":"post_tag","embeddable":true,"href":"https:\/\/www.cycles-blain.com\/fr\/wp-json\/wp\/v2\/tags?post=6424"}],"curies":[{"name":"wp","href":"https:\/\/api.w.org\/{rel}","templated":true}]}}