{"id":7542,"date":"2024-09-02T14:35:53","date_gmt":"2024-09-02T12:35:53","guid":{"rendered":"https:\/\/www.cycles-blain.com\/fr\/?p=7542"},"modified":"2024-10-30T16:59:27","modified_gmt":"2024-10-30T15:59:27","slug":"fin-de-serie-velo-cycles-blain-rentree-24","status":"publish","type":"post","link":"https:\/\/www.cycles-blain.com\/fr\/promotions-velo\/fin-de-serie-velo-cycles-blain-rentree-24\/","title":{"rendered":"Fin de s\u00e9rie v\u00e9lo &#8211; Offre de d\u00e9stockage pour la rentr\u00e9e"},"content":{"rendered":"\t\t<div data-elementor-type=\"wp-post\" data-elementor-id=\"7542\" class=\"elementor elementor-7542\" data-elementor-post-type=\"post\">\n\t\t\t\t<div class=\"elementor-element elementor-element-36486e9 e-flex e-con-boxed e-con e-parent\" data-id=\"36486e9\" data-element_type=\"container\" data-e-type=\"container\">\n\t\t\t\t\t<div class=\"e-con-inner\">\n\t\t\t\t<div class=\"elementor-element elementor-element-8ba425f elementor-widget elementor-widget-text-editor\" data-id=\"8ba425f\" data-element_type=\"widget\" data-e-type=\"widget\" data-widget_type=\"text-editor.default\">\n\t\t\t\t<div class=\"elementor-widget-container\">\n\t\t\t\t\t\t\t\t\t<p><strong><em>Fin de s\u00e9rie v\u00e9lo : Pour la rentr\u00e9e Cycles Blain organise un d\u00e9stockage massif de v\u00e9los de grandes marques ( Giant, Liv, Orbea, Cannondale, Specialized&#8230;) valable dans tous les magasins sur Lyon et sur le site internet. L&rsquo;occasion de faire plaisir \u00e0 toute la famille !\u00a0<\/em><\/strong><\/p>\t\t\t\t\t\t\t\t<\/div>\n\t\t\t\t<\/div>\n\t\t\t\t\t<\/div>\n\t\t\t\t<\/div>\n\t\t<div class=\"elementor-element elementor-element-1968775 e-flex e-con-boxed e-con e-parent\" data-id=\"1968775\" data-element_type=\"container\" data-e-type=\"container\">\n\t\t\t\t\t<div class=\"e-con-inner\">\n\t\t\t\t<div class=\"elementor-element elementor-element-3e816f1 elementor-widget elementor-widget-heading\" data-id=\"3e816f1\" data-element_type=\"widget\" data-e-type=\"widget\" data-widget_type=\"heading.default\">\n\t\t\t\t<div class=\"elementor-widget-container\">\n\t\t\t\t\t<h2 class=\"elementor-heading-title elementor-size-default\">Un nouveau v\u00e9lo cela vous tente ? <\/h2>\t\t\t\t<\/div>\n\t\t\t\t<\/div>\n\t\t\t\t<div class=\"elementor-element elementor-element-f26d61f elementor-widget elementor-widget-text-editor\" data-id=\"f26d61f\" data-element_type=\"widget\" data-e-type=\"widget\" data-widget_type=\"text-editor.default\">\n\t\t\t\t<div class=\"elementor-widget-container\">\n\t\t\t\t\t\t\t\t\t<p>Pour cette rentr\u00e9e, nous sommes heureux de vous proposer pr\u00e8s de 500 v\u00e9los en fin de s\u00e9rie et\/ou anciennes collections jusqu&rsquo;\u00e0 -40%. Attention l&rsquo;offre est valable du 1er au 30 septembre inclus, donc ne perdez pas de temps !&nbsp;<\/p>\n<p><strong>Nos cat\u00e9gories phares :<\/strong><\/p>\n<ul>\n<li>Fin de s\u00e9rie v\u00e9lo de route&nbsp;<\/li>\n<li>Fin de s\u00e9rie v\u00e9lo \u00e9lectrique&nbsp;<\/li>\n<li><a href=\"https:\/\/www.cycles-blain.com\/content\/48-destockage-vtt-promotion\" target=\"_blank\">Fin de s\u00e9rie VTT<\/a>&nbsp;<\/li>\n<li>Fin de s\u00e9rie V\u00e9lo femme&nbsp;<\/li>\n<\/ul>\t\t\t\t\t\t\t\t<\/div>\n\t\t\t\t<\/div>\n\t\t\t\t\t<\/div>\n\t\t\t\t<\/div>\n\t\t<div class=\"elementor-element elementor-element-7496a90 e-flex e-con-boxed e-con e-parent\" data-id=\"7496a90\" data-element_type=\"container\" data-e-type=\"container\">\n\t\t\t\t\t<div class=\"e-con-inner\">\n\t\t\t\t<div class=\"elementor-element elementor-element-8d3b3fc elementor-arrows-position-inside elementor-pagination-position-outside elementor-widget elementor-widget-image-carousel\" data-id=\"8d3b3fc\" data-element_type=\"widget\" data-e-type=\"widget\" data-settings=\"{&quot;navigation&quot;:&quot;both&quot;,&quot;autoplay&quot;:&quot;yes&quot;,&quot;pause_on_hover&quot;:&quot;yes&quot;,&quot;pause_on_interaction&quot;:&quot;yes&quot;,&quot;autoplay_speed&quot;:5000,&quot;infinite&quot;:&quot;yes&quot;,&quot;speed&quot;:500}\" data-widget_type=\"image-carousel.default\">\n\t\t\t\t<div class=\"elementor-widget-container\">\n\t\t\t\t\t\t\t<div class=\"elementor-image-carousel-wrapper swiper\" role=\"region\" aria-roledescription=\"carousel\" aria-label=\"Carrousel d\u2019images\" dir=\"ltr\">\n\t\t\t<div class=\"elementor-image-carousel swiper-wrapper\" aria-live=\"off\">\n\t\t\t\t\t\t\t\t<div class=\"swiper-slide\" role=\"group\" aria-roledescription=\"slide\" aria-label=\"1 sur 4\"><a data-elementor-open-lightbox=\"yes\" data-elementor-lightbox-slideshow=\"8d3b3fc\" data-elementor-lightbox-title=\"VTT fin de s\u00e9rie\" data-e-action-hash=\"#elementor-action%3Aaction%3Dlightbox%26settings%3DeyJpZCI6Ijc1NzAiLCJ1cmwiOiJodHRwczpcL1wvd3d3LmN5Y2xlcy1ibGFpbi5jb21cL2ZyXC93cC1jb250ZW50XC91cGxvYWRzXC8yMDI0XC8wOVwvVlRULnBuZyIsInNsaWRlc2hvdyI6IjhkM2IzZmMifQ%3D%3D\" href=\"https:\/\/www.cycles-blain.com\/69-destockage-velo-neuf\"><figure class=\"swiper-slide-inner\"><img decoding=\"async\" class=\"swiper-slide-image\" src=\"https:\/\/www.cycles-blain.com\/fr\/wp-content\/uploads\/2024\/09\/VTT-300x225.png\" alt=\"VTT fin de s\u00e9rie\" \/><\/figure><\/a><\/div><div class=\"swiper-slide\" role=\"group\" aria-roledescription=\"slide\" aria-label=\"2 sur 4\"><a data-elementor-open-lightbox=\"yes\" data-elementor-lightbox-slideshow=\"8d3b3fc\" data-elementor-lightbox-title=\"V\u00e9lo femme fin de s\u00e9rie\" data-e-action-hash=\"#elementor-action%3Aaction%3Dlightbox%26settings%3DeyJpZCI6Ijc1NzIiLCJ1cmwiOiJodHRwczpcL1wvd3d3LmN5Y2xlcy1ibGFpbi5jb21cL2ZyXC93cC1jb250ZW50XC91cGxvYWRzXC8yMDI0XC8wOVwvR2lhbnQtLnBuZyIsInNsaWRlc2hvdyI6IjhkM2IzZmMifQ%3D%3D\" href=\"https:\/\/www.cycles-blain.com\/69-destockage-velo-neuf\"><figure class=\"swiper-slide-inner\"><img decoding=\"async\" class=\"swiper-slide-image\" src=\"https:\/\/www.cycles-blain.com\/fr\/wp-content\/uploads\/2024\/09\/Giant--300x225.png\" alt=\"V\u00e9lo femme fin de s\u00e9rie\" \/><\/figure><\/a><\/div><div class=\"swiper-slide\" role=\"group\" aria-roledescription=\"slide\" aria-label=\"3 sur 4\"><a data-elementor-open-lightbox=\"yes\" data-elementor-lightbox-slideshow=\"8d3b3fc\" data-elementor-lightbox-title=\"V\u00e9lo route fin de s\u00e9rie\" data-e-action-hash=\"#elementor-action%3Aaction%3Dlightbox%26settings%3DeyJpZCI6Ijc1NzEiLCJ1cmwiOiJodHRwczpcL1wvd3d3LmN5Y2xlcy1ibGFpbi5jb21cL2ZyXC93cC1jb250ZW50XC91cGxvYWRzXC8yMDI0XC8wOVwvUm91dGUucG5nIiwic2xpZGVzaG93IjoiOGQzYjNmYyJ9\" href=\"https:\/\/www.cycles-blain.com\/69-destockage-velo-neuf\"><figure class=\"swiper-slide-inner\"><img decoding=\"async\" class=\"swiper-slide-image\" src=\"https:\/\/www.cycles-blain.com\/fr\/wp-content\/uploads\/2024\/09\/Route-300x225.png\" alt=\"V\u00e9lo route fin de s\u00e9rie\" \/><\/figure><\/a><\/div><div class=\"swiper-slide\" role=\"group\" aria-roledescription=\"slide\" aria-label=\"4 sur 4\"><a data-elementor-open-lightbox=\"yes\" data-elementor-lightbox-slideshow=\"8d3b3fc\" data-elementor-lightbox-title=\"V\u00e9lo \u00e9lectrique fin de s\u00e9rie\" data-e-action-hash=\"#elementor-action%3Aaction%3Dlightbox%26settings%3DeyJpZCI6Ijc1NzMiLCJ1cmwiOiJodHRwczpcL1wvd3d3LmN5Y2xlcy1ibGFpbi5jb21cL2ZyXC93cC1jb250ZW50XC91cGxvYWRzXC8yMDI0XC8wOVwvRGVzaWduLXNhbnMtdGl0cmUtMi5wbmciLCJzbGlkZXNob3ciOiI4ZDNiM2ZjIn0%3D\" href=\"https:\/\/www.cycles-blain.com\/69-destockage-velo-neuf\"><figure class=\"swiper-slide-inner\"><img decoding=\"async\" class=\"swiper-slide-image\" src=\"https:\/\/www.cycles-blain.com\/fr\/wp-content\/uploads\/2024\/09\/Design-sans-titre-2-300x225.png\" alt=\"V\u00e9lo \u00e9lectrique fin de s\u00e9rie\" \/><\/figure><\/a><\/div>\t\t\t<\/div>\n\t\t\t\t\t\t\t\t\t\t\t\t<div class=\"elementor-swiper-button elementor-swiper-button-prev\" role=\"button\" tabindex=\"0\">\n\t\t\t\t\t\t<i aria-hidden=\"true\" class=\"eicon-chevron-left\"><\/i>\t\t\t\t\t<\/div>\n\t\t\t\t\t<div class=\"elementor-swiper-button elementor-swiper-button-next\" role=\"button\" tabindex=\"0\">\n\t\t\t\t\t\t<i aria-hidden=\"true\" class=\"eicon-chevron-right\"><\/i>\t\t\t\t\t<\/div>\n\t\t\t\t\n\t\t\t\t\t\t\t\t\t<div class=\"swiper-pagination\"><\/div>\n\t\t\t\t\t\t\t\t\t<\/div>\n\t\t\t\t\t\t<\/div>\n\t\t\t\t<\/div>\n\t\t\t\t\t<\/div>\n\t\t\t\t<\/div>\n\t\t<div class=\"elementor-element elementor-element-1bc9ab8 e-flex e-con-boxed e-con e-parent\" data-id=\"1bc9ab8\" data-element_type=\"container\" data-e-type=\"container\">\n\t\t\t\t\t<div class=\"e-con-inner\">\n\t\t\t\t<div class=\"elementor-element elementor-element-15cc2f8 elementor-widget elementor-widget-text-editor\" data-id=\"15cc2f8\" data-element_type=\"widget\" data-e-type=\"widget\" data-widget_type=\"text-editor.default\">\n\t\t\t\t<div class=\"elementor-widget-container\">\n\t\t\t\t\t\t\t\t\t<p>Cycles Blain vous propose des v\u00e9los en fin de s\u00e9rie sur plus de 20 marques de v\u00e9los en stock, tous garantis :\u00a0<\/p><p><strong>Nos top marques :<\/strong><\/p><ul><li><a href=\"https:\/\/www.cycles-blain.com\/69-destockage-velo-neuf?q=Marque-Giant\">Fin de s\u00e9rie GIANT<\/a><\/li><li><a href=\"https:\/\/www.cycles-blain.com\/69-destockage-velo-neuf?q=Marque-Liv\">Fin de s\u00e9rie LIV\u00a0<\/a><\/li><li><a href=\"https:\/\/www.cycles-blain.com\/69-destockage-velo-neuf?q=Marque-Cannondale\">Fin de s\u00e9rie CANNONDALE<\/a><\/li><li><a href=\"https:\/\/www.cycles-blain.com\/69-destockage-velo-neuf?q=Marque-Lapierre\">Fin de s\u00e9rie LAPIERRE<\/a><\/li><li><a href=\"https:\/\/www.cycles-blain.com\/69-destockage-velo-neuf?q=Marque-Orbea\">Fin de s\u00e9rie ORBEA\u00a0<\/a><\/li><li><a href=\"https:\/\/www.cycles-blain.com\/69-destockage-velo-neuf?q=Marque-Granville\">Fin de s\u00e9rie GRANVILLE<\/a><\/li><li><a href=\"https:\/\/www.cycles-blain.com\/69-destockage-velo-neuf?q=Marque-Specialized\">Fin de s\u00e9rie SPECIALIZED\u00a0<\/a><\/li><\/ul>\t\t\t\t\t\t\t\t<\/div>\n\t\t\t\t<\/div>\n\t\t\t\t\t<\/div>\n\t\t\t\t<\/div>\n\t\t<div class=\"elementor-element elementor-element-6191cbc e-flex e-con-boxed e-con e-parent\" data-id=\"6191cbc\" data-element_type=\"container\" data-e-type=\"container\">\n\t\t\t\t\t<div class=\"e-con-inner\">\n\t\t\t\t<div class=\"elementor-element elementor-element-85897c9 elementor-align-center elementor-widget elementor-widget-button\" data-id=\"85897c9\" data-element_type=\"widget\" data-e-type=\"widget\" data-widget_type=\"button.default\">\n\t\t\t\t<div class=\"elementor-widget-container\">\n\t\t\t\t\t\t\t\t\t<div class=\"elementor-button-wrapper\">\n\t\t\t\t\t<a class=\"elementor-button elementor-button-link elementor-size-sm\" href=\"\">\n\t\t\t\t\t\t<span class=\"elementor-button-content-wrapper\">\n\t\t\t\t\t\t\t\t\t<span class=\"elementor-button-text\">Je trouve un magasin<\/span>\n\t\t\t\t\t<\/span>\n\t\t\t\t\t<\/a>\n\t\t\t\t<\/div>\n\t\t\t\t\t\t\t\t<\/div>\n\t\t\t\t<\/div>\n\t\t\t\t\t<\/div>\n\t\t\t\t<\/div>\n\t\t\t\t<\/div>\n\t\t","protected":false},"excerpt":{"rendered":"<p>Venez retrouver nos v\u00e9los en fin de s\u00e9rie dans tous nos magasins Cycles Blain sur Lyon : jusqu&rsquo;\u00e0 -40% sur 600 v\u00e9los en stock !<\/p>\n","protected":false},"author":4,"featured_media":7566,"comment_status":"open","ping_status":"open","sticky":false,"template":"","format":"standard","meta":{"site-sidebar-layout":"default","site-content-layout":"","ast-site-content-layout":"default","site-content-style":"default","site-sidebar-style":"default","ast-global-header-display":"","ast-banner-title-visibility":"","ast-main-header-display":"","ast-hfb-above-header-display":"","ast-hfb-below-header-display":"","ast-hfb-mobile-header-display":"","site-post-title":"","ast-breadcrumbs-content":"","ast-featured-img":"","footer-sml-layout":"","theme-transparent-header-meta":"","adv-header-id-meta":"","stick-header-meta":"","header-above-stick-meta":"","header-main-stick-meta":"","header-below-stick-meta":"","astra-migrate-meta-layouts":"set","ast-page-background-enabled":"default","ast-page-background-meta":{"desktop":{"background-color":"","background-image":"","background-repeat":"repeat","background-position":"center center","background-size":"auto","background-attachment":"scroll","background-type":"","background-media":"","overlay-type":"","overlay-color":"","overlay-gradient":""},"tablet":{"background-color":"","background-image":"","background-repeat":"repeat","background-position":"center center","background-size":"auto","background-attachment":"scroll","background-type":"","background-media":"","overlay-type":"","overlay-color":"","overlay-gradient":""},"mobile":{"background-color":"","background-image":"","background-repeat":"repeat","background-position":"center center","background-size":"auto","background-attachment":"scroll","background-type":"","background-media":"","overlay-type":"","overlay-color":"","overlay-gradient":""}},"ast-content-background-meta":{"desktop":{"background-color":"var(--ast-global-color-5)","background-image":"","background-repeat":"repeat","background-position":"center center","background-size":"auto","background-attachment":"scroll","background-type":"","background-media":"","overlay-type":"","overlay-color":"","overlay-gradient":""},"tablet":{"background-color":"var(--ast-global-color-5)","background-image":"","background-repeat":"repeat","background-position":"center center","background-size":"auto","background-attachment":"scroll","background-type":"","background-media":"","overlay-type":"","overlay-color":"","overlay-gradient":""},"mobile":{"background-color":"var(--ast-global-color-5)","background-image":"","background-repeat":"repeat","background-position":"center center","background-size":"auto","background-attachment":"scroll","background-type":"","background-media":"","overlay-type":"","overlay-color":"","overlay-gradient":""}},"footnotes":""},"categories":[6,7,78,44,37,76,36,81,79,77,80,16],"tags":[169,251],"class_list":["post-7542","post","type-post","status-publish","format-standard","has-post-thumbnail","hentry","category-magasins-velo","category-magasin-brignais","category-magasin-craponne","category-magasin-lyon-3","category-magasin-saint-priest","category-magasin-vienne","category-magasin-vienne-sud","category-magasin-lyon-5","category-magasin-ecully","category-magasin-lyon-6","category-magasin-oullins","category-promotions-velo","tag-destockage-2","tag-fin-de-serie"],"yoast_head":"<!-- This site is optimized with the Yoast SEO plugin v27.5 - https:\/\/yoast.com\/product\/yoast-seo-wordpress\/ -->\n<title>Fin de s\u00e9rie v\u00e9lo - Offre de d\u00e9stockage pour la rentr\u00e9e - Cycles Blain<\/title>\n<meta name=\"description\" content=\"Venez retrouver nos v\u00e9los en fin de s\u00e9rie dans tous nos magasins Cycles Blain sur Lyon : jusqu&#039;\u00e0 -40% sur 600 v\u00e9los en stock !\" \/>\n<meta name=\"robots\" content=\"index, follow, max-snippet:-1, max-image-preview:large, max-video-preview:-1\" \/>\n<link rel=\"canonical\" href=\"https:\/\/www.cycles-blain.com\/fr\/promotions-velo\/fin-de-serie-velo-cycles-blain-rentree-24\/\" \/>\n<meta property=\"og:locale\" content=\"fr_FR\" \/>\n<meta property=\"og:type\" content=\"article\" \/>\n<meta property=\"og:title\" content=\"Fin de s\u00e9rie v\u00e9lo - Offre de d\u00e9stockage pour la rentr\u00e9e - Cycles Blain\" \/>\n<meta property=\"og:description\" content=\"Venez retrouver nos v\u00e9los en fin de s\u00e9rie dans tous nos magasins Cycles Blain sur Lyon : jusqu&#039;\u00e0 -40% sur 600 v\u00e9los en stock !\" \/>\n<meta property=\"og:url\" content=\"https:\/\/www.cycles-blain.com\/fr\/promotions-velo\/fin-de-serie-velo-cycles-blain-rentree-24\/\" \/>\n<meta property=\"og:site_name\" content=\"CyclesBlain - Magasins de v\u00e9los, accessoires et ateliers\" \/>\n<meta property=\"article:publisher\" content=\"https:\/\/www.facebook.com\/cyclesblain\/?locale=fr_FR\" \/>\n<meta property=\"article:published_time\" content=\"2024-09-02T12:35:53+00:00\" \/>\n<meta property=\"article:modified_time\" content=\"2024-10-30T15:59:27+00:00\" \/>\n<meta property=\"og:image\" content=\"https:\/\/www.cycles-blain.com\/fr\/wp-content\/uploads\/2024\/09\/Velo-fin-de-serie-1.png\" \/>\n\t<meta property=\"og:image:width\" content=\"600\" \/>\n\t<meta property=\"og:image:height\" content=\"400\" \/>\n\t<meta property=\"og:image:type\" content=\"image\/png\" \/>\n<meta name=\"author\" content=\"Lou-Anne\" \/>\n<meta name=\"twitter:card\" content=\"summary_large_image\" \/>\n<meta name=\"twitter:label1\" content=\"\u00c9crit par\" \/>\n\t<meta name=\"twitter:data1\" content=\"Lou-Anne\" \/>\n\t<meta name=\"twitter:label2\" content=\"Dur\u00e9e de lecture estim\u00e9e\" \/>\n\t<meta name=\"twitter:data2\" content=\"3 minutes\" \/>\n<script type=\"application\/ld+json\" class=\"yoast-schema-graph\">{\"@context\":\"https:\\\/\\\/schema.org\",\"@graph\":[{\"@type\":\"Article\",\"@id\":\"https:\\\/\\\/www.cycles-blain.com\\\/fr\\\/promotions-velo\\\/fin-de-serie-velo-cycles-blain-rentree-24\\\/#article\",\"isPartOf\":{\"@id\":\"https:\\\/\\\/www.cycles-blain.com\\\/fr\\\/promotions-velo\\\/fin-de-serie-velo-cycles-blain-rentree-24\\\/\"},\"author\":{\"name\":\"Lou-Anne\",\"@id\":\"https:\\\/\\\/www.cycles-blain.com\\\/fr\\\/#\\\/schema\\\/person\\\/2e532610e6e45d290a29e480c00cc742\"},\"headline\":\"Fin de s\u00e9rie v\u00e9lo &#8211; Offre de d\u00e9stockage pour la rentr\u00e9e\",\"datePublished\":\"2024-09-02T12:35:53+00:00\",\"dateModified\":\"2024-10-30T15:59:27+00:00\",\"mainEntityOfPage\":{\"@id\":\"https:\\\/\\\/www.cycles-blain.com\\\/fr\\\/promotions-velo\\\/fin-de-serie-velo-cycles-blain-rentree-24\\\/\"},\"wordCount\":213,\"commentCount\":0,\"publisher\":{\"@id\":\"https:\\\/\\\/www.cycles-blain.com\\\/fr\\\/#organization\"},\"image\":{\"@id\":\"https:\\\/\\\/www.cycles-blain.com\\\/fr\\\/promotions-velo\\\/fin-de-serie-velo-cycles-blain-rentree-24\\\/#primaryimage\"},\"thumbnailUrl\":\"https:\\\/\\\/www.cycles-blain.com\\\/fr\\\/wp-content\\\/uploads\\\/2024\\\/09\\\/Velo-fin-de-serie-1.png\",\"keywords\":[\"destockage\",\"fin de serie\"],\"articleSection\":[\"Actus Magasins\",\"Magasin Brignais\",\"Magasin Craponne\",\"Magasin Lyon Centre\",\"Magasin St Priest\",\"Magasin Vienne\",\"Magasin Vienne Sud\",\"Magasin-CyclesVeran\",\"Magasin-Ecully\",\"Magasin-Lyon6\",\"Magasin-Oullins\",\"Promotions\"],\"inLanguage\":\"fr-FR\",\"potentialAction\":[{\"@type\":\"CommentAction\",\"name\":\"Comment\",\"target\":[\"https:\\\/\\\/www.cycles-blain.com\\\/fr\\\/promotions-velo\\\/fin-de-serie-velo-cycles-blain-rentree-24\\\/#respond\"]}]},{\"@type\":\"WebPage\",\"@id\":\"https:\\\/\\\/www.cycles-blain.com\\\/fr\\\/promotions-velo\\\/fin-de-serie-velo-cycles-blain-rentree-24\\\/\",\"url\":\"https:\\\/\\\/www.cycles-blain.com\\\/fr\\\/promotions-velo\\\/fin-de-serie-velo-cycles-blain-rentree-24\\\/\",\"name\":\"Fin de s\u00e9rie v\u00e9lo - Offre de d\u00e9stockage pour la rentr\u00e9e - Cycles Blain\",\"isPartOf\":{\"@id\":\"https:\\\/\\\/www.cycles-blain.com\\\/fr\\\/#website\"},\"primaryImageOfPage\":{\"@id\":\"https:\\\/\\\/www.cycles-blain.com\\\/fr\\\/promotions-velo\\\/fin-de-serie-velo-cycles-blain-rentree-24\\\/#primaryimage\"},\"image\":{\"@id\":\"https:\\\/\\\/www.cycles-blain.com\\\/fr\\\/promotions-velo\\\/fin-de-serie-velo-cycles-blain-rentree-24\\\/#primaryimage\"},\"thumbnailUrl\":\"https:\\\/\\\/www.cycles-blain.com\\\/fr\\\/wp-content\\\/uploads\\\/2024\\\/09\\\/Velo-fin-de-serie-1.png\",\"datePublished\":\"2024-09-02T12:35:53+00:00\",\"dateModified\":\"2024-10-30T15:59:27+00:00\",\"description\":\"Venez retrouver nos v\u00e9los en fin de s\u00e9rie dans tous nos magasins Cycles Blain sur Lyon : jusqu'\u00e0 -40% sur 600 v\u00e9los en stock !\",\"breadcrumb\":{\"@id\":\"https:\\\/\\\/www.cycles-blain.com\\\/fr\\\/promotions-velo\\\/fin-de-serie-velo-cycles-blain-rentree-24\\\/#breadcrumb\"},\"inLanguage\":\"fr-FR\",\"potentialAction\":[{\"@type\":\"ReadAction\",\"target\":[\"https:\\\/\\\/www.cycles-blain.com\\\/fr\\\/promotions-velo\\\/fin-de-serie-velo-cycles-blain-rentree-24\\\/\"]}]},{\"@type\":\"ImageObject\",\"inLanguage\":\"fr-FR\",\"@id\":\"https:\\\/\\\/www.cycles-blain.com\\\/fr\\\/promotions-velo\\\/fin-de-serie-velo-cycles-blain-rentree-24\\\/#primaryimage\",\"url\":\"https:\\\/\\\/www.cycles-blain.com\\\/fr\\\/wp-content\\\/uploads\\\/2024\\\/09\\\/Velo-fin-de-serie-1.png\",\"contentUrl\":\"https:\\\/\\\/www.cycles-blain.com\\\/fr\\\/wp-content\\\/uploads\\\/2024\\\/09\\\/Velo-fin-de-serie-1.png\",\"width\":600,\"height\":400,\"caption\":\"Destockage v\u00e9los fin de s\u00e9rie\"},{\"@type\":\"BreadcrumbList\",\"@id\":\"https:\\\/\\\/www.cycles-blain.com\\\/fr\\\/promotions-velo\\\/fin-de-serie-velo-cycles-blain-rentree-24\\\/#breadcrumb\",\"itemListElement\":[{\"@type\":\"ListItem\",\"position\":1,\"name\":\"Accueil\",\"item\":\"https:\\\/\\\/www.cycles-blain.com\\\/fr\\\/\"},{\"@type\":\"ListItem\",\"position\":2,\"name\":\"Fin de s\u00e9rie v\u00e9lo &#8211; Offre de d\u00e9stockage pour la rentr\u00e9e\"}]},{\"@type\":\"WebSite\",\"@id\":\"https:\\\/\\\/www.cycles-blain.com\\\/fr\\\/#website\",\"url\":\"https:\\\/\\\/www.cycles-blain.com\\\/fr\\\/\",\"name\":\"CyclesBlain - Magasins de v\u00e9los, accessoires et ateliers\",\"description\":\"Blog Cycles Blain\",\"publisher\":{\"@id\":\"https:\\\/\\\/www.cycles-blain.com\\\/fr\\\/#organization\"},\"potentialAction\":[{\"@type\":\"SearchAction\",\"target\":{\"@type\":\"EntryPoint\",\"urlTemplate\":\"https:\\\/\\\/www.cycles-blain.com\\\/fr\\\/?s={search_term_string}\"},\"query-input\":{\"@type\":\"PropertyValueSpecification\",\"valueRequired\":true,\"valueName\":\"search_term_string\"}}],\"inLanguage\":\"fr-FR\"},{\"@type\":\"Organization\",\"@id\":\"https:\\\/\\\/www.cycles-blain.com\\\/fr\\\/#organization\",\"name\":\"CyclesBlain - Magasins de v\u00e9los, accessoires et ateliers\",\"url\":\"https:\\\/\\\/www.cycles-blain.com\\\/fr\\\/\",\"logo\":{\"@type\":\"ImageObject\",\"inLanguage\":\"fr-FR\",\"@id\":\"https:\\\/\\\/www.cycles-blain.com\\\/fr\\\/#\\\/schema\\\/logo\\\/image\\\/\",\"url\":\"https:\\\/\\\/www.cycles-blain.com\\\/fr\\\/wp-content\\\/uploads\\\/2023\\\/10\\\/logo-cycles-blain.jpeg\",\"contentUrl\":\"https:\\\/\\\/www.cycles-blain.com\\\/fr\\\/wp-content\\\/uploads\\\/2023\\\/10\\\/logo-cycles-blain.jpeg\",\"width\":264,\"height\":191,\"caption\":\"CyclesBlain - Magasins de v\u00e9los, accessoires et ateliers\"},\"image\":{\"@id\":\"https:\\\/\\\/www.cycles-blain.com\\\/fr\\\/#\\\/schema\\\/logo\\\/image\\\/\"},\"sameAs\":[\"https:\\\/\\\/www.facebook.com\\\/cyclesblain\\\/?locale=fr_FR\",\"https:\\\/\\\/www.instagram.com\\\/cycles_blain\\\/?hl=fr\"]},{\"@type\":\"Person\",\"@id\":\"https:\\\/\\\/www.cycles-blain.com\\\/fr\\\/#\\\/schema\\\/person\\\/2e532610e6e45d290a29e480c00cc742\",\"name\":\"Lou-Anne\",\"image\":{\"@type\":\"ImageObject\",\"inLanguage\":\"fr-FR\",\"@id\":\"https:\\\/\\\/secure.gravatar.com\\\/avatar\\\/fc66047eecb12b1dd0e5dd77ae839eef6f5705cede9df1aa88eec9ecfd50b1ab?s=96&d=mm&r=g\",\"url\":\"https:\\\/\\\/secure.gravatar.com\\\/avatar\\\/fc66047eecb12b1dd0e5dd77ae839eef6f5705cede9df1aa88eec9ecfd50b1ab?s=96&d=mm&r=g\",\"contentUrl\":\"https:\\\/\\\/secure.gravatar.com\\\/avatar\\\/fc66047eecb12b1dd0e5dd77ae839eef6f5705cede9df1aa88eec9ecfd50b1ab?s=96&d=mm&r=g\",\"caption\":\"Lou-Anne\"},\"url\":\"https:\\\/\\\/www.cycles-blain.com\\\/fr\\\/author\\\/lou-anne\\\/\"}]}<\/script>\n<!-- \/ Yoast SEO plugin. -->","yoast_head_json":{"title":"Fin de s\u00e9rie v\u00e9lo - Offre de d\u00e9stockage pour la rentr\u00e9e - Cycles Blain","description":"Venez retrouver nos v\u00e9los en fin de s\u00e9rie dans tous nos magasins Cycles Blain sur Lyon : jusqu'\u00e0 -40% sur 600 v\u00e9los en stock !","robots":{"index":"index","follow":"follow","max-snippet":"max-snippet:-1","max-image-preview":"max-image-preview:large","max-video-preview":"max-video-preview:-1"},"canonical":"https:\/\/www.cycles-blain.com\/fr\/promotions-velo\/fin-de-serie-velo-cycles-blain-rentree-24\/","og_locale":"fr_FR","og_type":"article","og_title":"Fin de s\u00e9rie v\u00e9lo - Offre de d\u00e9stockage pour la rentr\u00e9e - Cycles Blain","og_description":"Venez retrouver nos v\u00e9los en fin de s\u00e9rie dans tous nos magasins Cycles Blain sur Lyon : jusqu'\u00e0 -40% sur 600 v\u00e9los en stock !","og_url":"https:\/\/www.cycles-blain.com\/fr\/promotions-velo\/fin-de-serie-velo-cycles-blain-rentree-24\/","og_site_name":"CyclesBlain - Magasins de v\u00e9los, accessoires et ateliers","article_publisher":"https:\/\/www.facebook.com\/cyclesblain\/?locale=fr_FR","article_published_time":"2024-09-02T12:35:53+00:00","article_modified_time":"2024-10-30T15:59:27+00:00","og_image":[{"width":600,"height":400,"url":"https:\/\/www.cycles-blain.com\/fr\/wp-content\/uploads\/2024\/09\/Velo-fin-de-serie-1.png","type":"image\/png"}],"author":"Lou-Anne","twitter_card":"summary_large_image","twitter_misc":{"\u00c9crit par":"Lou-Anne","Dur\u00e9e de lecture estim\u00e9e":"3 minutes"},"schema":{"@context":"https:\/\/schema.org","@graph":[{"@type":"Article","@id":"https:\/\/www.cycles-blain.com\/fr\/promotions-velo\/fin-de-serie-velo-cycles-blain-rentree-24\/#article","isPartOf":{"@id":"https:\/\/www.cycles-blain.com\/fr\/promotions-velo\/fin-de-serie-velo-cycles-blain-rentree-24\/"},"author":{"name":"Lou-Anne","@id":"https:\/\/www.cycles-blain.com\/fr\/#\/schema\/person\/2e532610e6e45d290a29e480c00cc742"},"headline":"Fin de s\u00e9rie v\u00e9lo &#8211; Offre de d\u00e9stockage pour la rentr\u00e9e","datePublished":"2024-09-02T12:35:53+00:00","dateModified":"2024-10-30T15:59:27+00:00","mainEntityOfPage":{"@id":"https:\/\/www.cycles-blain.com\/fr\/promotions-velo\/fin-de-serie-velo-cycles-blain-rentree-24\/"},"wordCount":213,"commentCount":0,"publisher":{"@id":"https:\/\/www.cycles-blain.com\/fr\/#organization"},"image":{"@id":"https:\/\/www.cycles-blain.com\/fr\/promotions-velo\/fin-de-serie-velo-cycles-blain-rentree-24\/#primaryimage"},"thumbnailUrl":"https:\/\/www.cycles-blain.com\/fr\/wp-content\/uploads\/2024\/09\/Velo-fin-de-serie-1.png","keywords":["destockage","fin de serie"],"articleSection":["Actus Magasins","Magasin Brignais","Magasin Craponne","Magasin Lyon Centre","Magasin St Priest","Magasin Vienne","Magasin Vienne Sud","Magasin-CyclesVeran","Magasin-Ecully","Magasin-Lyon6","Magasin-Oullins","Promotions"],"inLanguage":"fr-FR","potentialAction":[{"@type":"CommentAction","name":"Comment","target":["https:\/\/www.cycles-blain.com\/fr\/promotions-velo\/fin-de-serie-velo-cycles-blain-rentree-24\/#respond"]}]},{"@type":"WebPage","@id":"https:\/\/www.cycles-blain.com\/fr\/promotions-velo\/fin-de-serie-velo-cycles-blain-rentree-24\/","url":"https:\/\/www.cycles-blain.com\/fr\/promotions-velo\/fin-de-serie-velo-cycles-blain-rentree-24\/","name":"Fin de s\u00e9rie v\u00e9lo - Offre de d\u00e9stockage pour la rentr\u00e9e - Cycles Blain","isPartOf":{"@id":"https:\/\/www.cycles-blain.com\/fr\/#website"},"primaryImageOfPage":{"@id":"https:\/\/www.cycles-blain.com\/fr\/promotions-velo\/fin-de-serie-velo-cycles-blain-rentree-24\/#primaryimage"},"image":{"@id":"https:\/\/www.cycles-blain.com\/fr\/promotions-velo\/fin-de-serie-velo-cycles-blain-rentree-24\/#primaryimage"},"thumbnailUrl":"https:\/\/www.cycles-blain.com\/fr\/wp-content\/uploads\/2024\/09\/Velo-fin-de-serie-1.png","datePublished":"2024-09-02T12:35:53+00:00","dateModified":"2024-10-30T15:59:27+00:00","description":"Venez retrouver nos v\u00e9los en fin de s\u00e9rie dans tous nos magasins Cycles Blain sur Lyon : jusqu'\u00e0 -40% sur 600 v\u00e9los en stock !","breadcrumb":{"@id":"https:\/\/www.cycles-blain.com\/fr\/promotions-velo\/fin-de-serie-velo-cycles-blain-rentree-24\/#breadcrumb"},"inLanguage":"fr-FR","potentialAction":[{"@type":"ReadAction","target":["https:\/\/www.cycles-blain.com\/fr\/promotions-velo\/fin-de-serie-velo-cycles-blain-rentree-24\/"]}]},{"@type":"ImageObject","inLanguage":"fr-FR","@id":"https:\/\/www.cycles-blain.com\/fr\/promotions-velo\/fin-de-serie-velo-cycles-blain-rentree-24\/#primaryimage","url":"https:\/\/www.cycles-blain.com\/fr\/wp-content\/uploads\/2024\/09\/Velo-fin-de-serie-1.png","contentUrl":"https:\/\/www.cycles-blain.com\/fr\/wp-content\/uploads\/2024\/09\/Velo-fin-de-serie-1.png","width":600,"height":400,"caption":"Destockage v\u00e9los fin de s\u00e9rie"},{"@type":"BreadcrumbList","@id":"https:\/\/www.cycles-blain.com\/fr\/promotions-velo\/fin-de-serie-velo-cycles-blain-rentree-24\/#breadcrumb","itemListElement":[{"@type":"ListItem","position":1,"name":"Accueil","item":"https:\/\/www.cycles-blain.com\/fr\/"},{"@type":"ListItem","position":2,"name":"Fin de s\u00e9rie v\u00e9lo &#8211; Offre de d\u00e9stockage pour la rentr\u00e9e"}]},{"@type":"WebSite","@id":"https:\/\/www.cycles-blain.com\/fr\/#website","url":"https:\/\/www.cycles-blain.com\/fr\/","name":"CyclesBlain - Magasins de v\u00e9los, accessoires et ateliers","description":"Blog Cycles Blain","publisher":{"@id":"https:\/\/www.cycles-blain.com\/fr\/#organization"},"potentialAction":[{"@type":"SearchAction","target":{"@type":"EntryPoint","urlTemplate":"https:\/\/www.cycles-blain.com\/fr\/?s={search_term_string}"},"query-input":{"@type":"PropertyValueSpecification","valueRequired":true,"valueName":"search_term_string"}}],"inLanguage":"fr-FR"},{"@type":"Organization","@id":"https:\/\/www.cycles-blain.com\/fr\/#organization","name":"CyclesBlain - Magasins de v\u00e9los, accessoires et ateliers","url":"https:\/\/www.cycles-blain.com\/fr\/","logo":{"@type":"ImageObject","inLanguage":"fr-FR","@id":"https:\/\/www.cycles-blain.com\/fr\/#\/schema\/logo\/image\/","url":"https:\/\/www.cycles-blain.com\/fr\/wp-content\/uploads\/2023\/10\/logo-cycles-blain.jpeg","contentUrl":"https:\/\/www.cycles-blain.com\/fr\/wp-content\/uploads\/2023\/10\/logo-cycles-blain.jpeg","width":264,"height":191,"caption":"CyclesBlain - Magasins de v\u00e9los, accessoires et ateliers"},"image":{"@id":"https:\/\/www.cycles-blain.com\/fr\/#\/schema\/logo\/image\/"},"sameAs":["https:\/\/www.facebook.com\/cyclesblain\/?locale=fr_FR","https:\/\/www.instagram.com\/cycles_blain\/?hl=fr"]},{"@type":"Person","@id":"https:\/\/www.cycles-blain.com\/fr\/#\/schema\/person\/2e532610e6e45d290a29e480c00cc742","name":"Lou-Anne","image":{"@type":"ImageObject","inLanguage":"fr-FR","@id":"https:\/\/secure.gravatar.com\/avatar\/fc66047eecb12b1dd0e5dd77ae839eef6f5705cede9df1aa88eec9ecfd50b1ab?s=96&d=mm&r=g","url":"https:\/\/secure.gravatar.com\/avatar\/fc66047eecb12b1dd0e5dd77ae839eef6f5705cede9df1aa88eec9ecfd50b1ab?s=96&d=mm&r=g","contentUrl":"https:\/\/secure.gravatar.com\/avatar\/fc66047eecb12b1dd0e5dd77ae839eef6f5705cede9df1aa88eec9ecfd50b1ab?s=96&d=mm&r=g","caption":"Lou-Anne"},"url":"https:\/\/www.cycles-blain.com\/fr\/author\/lou-anne\/"}]}},"_links":{"self":[{"href":"https:\/\/www.cycles-blain.com\/fr\/wp-json\/wp\/v2\/posts\/7542","targetHints":{"allow":["GET"]}}],"collection":[{"href":"https:\/\/www.cycles-blain.com\/fr\/wp-json\/wp\/v2\/posts"}],"about":[{"href":"https:\/\/www.cycles-blain.com\/fr\/wp-json\/wp\/v2\/types\/post"}],"author":[{"embeddable":true,"href":"https:\/\/www.cycles-blain.com\/fr\/wp-json\/wp\/v2\/users\/4"}],"replies":[{"embeddable":true,"href":"https:\/\/www.cycles-blain.com\/fr\/wp-json\/wp\/v2\/comments?post=7542"}],"version-history":[{"count":47,"href":"https:\/\/www.cycles-blain.com\/fr\/wp-json\/wp\/v2\/posts\/7542\/revisions"}],"predecessor-version":[{"id":9698,"href":"https:\/\/www.cycles-blain.com\/fr\/wp-json\/wp\/v2\/posts\/7542\/revisions\/9698"}],"wp:featuredmedia":[{"embeddable":true,"href":"https:\/\/www.cycles-blain.com\/fr\/wp-json\/wp\/v2\/media\/7566"}],"wp:attachment":[{"href":"https:\/\/www.cycles-blain.com\/fr\/wp-json\/wp\/v2\/media?parent=7542"}],"wp:term":[{"taxonomy":"category","embeddable":true,"href":"https:\/\/www.cycles-blain.com\/fr\/wp-json\/wp\/v2\/categories?post=7542"},{"taxonomy":"post_tag","embeddable":true,"href":"https:\/\/www.cycles-blain.com\/fr\/wp-json\/wp\/v2\/tags?post=7542"}],"curies":[{"name":"wp","href":"https:\/\/api.w.org\/{rel}","templated":true}]}}