{"id":7830,"date":"2024-09-10T10:07:04","date_gmt":"2024-09-10T08:07:04","guid":{"rendered":"https:\/\/www.cycles-blain.com\/fr\/?p=7830"},"modified":"2024-10-23T09:44:25","modified_gmt":"2024-10-23T07:44:25","slug":"nouveaux-velos-giant-2024-2025","status":"publish","type":"post","link":"https:\/\/www.cycles-blain.com\/fr\/velo\/nouveaux-velos-giant-2024-2025\/","title":{"rendered":"Nouveaux v\u00e9los Giant 2025"},"content":{"rendered":"\t\t<div data-elementor-type=\"wp-post\" data-elementor-id=\"7830\" class=\"elementor elementor-7830\" data-elementor-post-type=\"post\">\n\t\t\t\t<div class=\"elementor-element elementor-element-e4ca1b3 e-flex e-con-boxed e-con e-parent\" data-id=\"e4ca1b3\" data-element_type=\"container\" data-e-type=\"container\">\n\t\t\t\t\t<div class=\"e-con-inner\">\n\t\t\t\t<div class=\"elementor-element elementor-element-c2e8c6b elementor-widget elementor-widget-text-editor\" data-id=\"c2e8c6b\" data-element_type=\"widget\" data-e-type=\"widget\" data-widget_type=\"text-editor.default\">\n\t\t\t\t<div class=\"elementor-widget-container\">\n\t\t\t\t\t\t\t\t\t<p>Giant pr\u00e9sente ses <a href=\"https:\/\/www.giant-bicycles.com\/fr\/velos\/velos-de-route\">nouveaux v\u00e9los<\/a>\u00a02025 pour la rentr\u00e9e, incluant des mod\u00e8les de<a href=\"https:\/\/www.giant-bicycles.com\/fr\/velos\/velos-de-route\"><strong> route<\/strong><\/a> comme le Propel, le Defy, ainsi que des<a href=\"https:\/\/www.giant-bicycles.com\/fr\/velos\/vtt\"><strong> VTT<\/strong><\/a> tels que le XtC 2025. La gamme <a href=\"https:\/\/www.giant-bicycles.com\/fr\/velos\/velos-electriques\/vtt\"><strong>VTTAE<\/strong> <\/a>est \u00e9galement enrichie avec le Reign E+, offrant des options performantes pour les cyclistes sur tous types de terrains. Ces nouveaut\u00e9s sont con\u00e7ues pour r\u00e9pondre aux besoins vari\u00e9s des cyclistes, qu&rsquo;ils soient amateurs ou confirm\u00e9s.\u00a0<\/p>\t\t\t\t\t\t\t\t<\/div>\n\t\t\t\t<\/div>\n\t\t\t\t<div class=\"elementor-element elementor-element-0250914 elementor-widget elementor-widget-heading\" data-id=\"0250914\" data-element_type=\"widget\" data-e-type=\"widget\" data-widget_type=\"heading.default\">\n\t\t\t\t<div class=\"elementor-widget-container\">\n\t\t\t\t\t<h4 class=\"elementor-heading-title elementor-size-default\">Nouveaux Mod\u00e8les v\u00e9los Giant 2025<\/h4>\t\t\t\t<\/div>\n\t\t\t\t<\/div>\n\t\t\t\t<div class=\"elementor-element elementor-element-29df3f7 elementor-widget elementor-widget-text-editor\" data-id=\"29df3f7\" data-element_type=\"widget\" data-e-type=\"widget\" data-widget_type=\"text-editor.default\">\n\t\t\t\t<div class=\"elementor-widget-container\">\n\t\t\t\t\t\t\t\t\t<p><strong>V\u00e9los de Route GIANT 2025 :\u00a0<\/strong><\/p><ul><li><a href=\"https:\/\/www.cycles-blain.com\/velo-route-musculaire\/743-giant-propel-advanced-sl-1-2025-4711291093058.html\">Giant Propel Advanced SL 1 &#8211; 2025<\/a><\/li><li><a href=\"https:\/\/www.cycles-blain.com\/velo-route-musculaire\/744-giant-propel-advanced-sl-0-red-2025-4711291092914.html\">Giant\u00a0Propel Advanced SL 0 Red &#8211; 2025<\/a><\/li><li><a href=\"https:\/\/www.cycles-blain.com\/velo-route-musculaire\/745-giant-propel-advanced-sl-0-dura-ace-2025-4711291092778.html\">Giant\u00a0Propel Advanced SL 0 Dura-Ace &#8211; 2025<\/a><\/li><li><a href=\"https:\/\/www.cycles-blain.com\/velo-route-musculaire\/746-giant-propel-advanced-pro-0-di2-2025-4711291092426.html\">Giant Propel Advanced Pro 0 Di2 &#8211; 2025<\/a><\/li><li><a href=\"https:\/\/www.cycles-blain.com\/velo-route-musculaire\/265-185-propel-advanced-1-giant-4712878961968.html\" target=\"_blank\" rel=\"noopener\">Giant Propel Advanced 1 &#8211; 2025<\/a><\/li><li><a href=\"https:\/\/www.cycles-blain.com\/velo-route-musculaire\/747-giant-propel-advanced-2-2025-4711291092143.html\">Giant Propel Advanced 2 &#8211; 2025<\/a><\/li><li><a href=\"https:\/\/www.cycles-blain.com\/kit-cadre-velo\/748-kit-cadre-giant-propel-advanced-sl-2025-4711291091863.html\">Kit Cadre Giant Advanced SL &#8211; 2025<\/a><\/li><li>Kit Cadre Giant Advanced Pro 2025<\/li><li><a href=\"https:\/\/www.cycles-blain.com\/velo-route-musculaire\/749-giant-defy-advanced-sl-1-2025-4711291105560.html\">Giant Defy Advanced SL 1 &#8211; 2025<\/a><\/li><li style=\"font-size: 14px;\">Giant Defy Advanced Pro 0 &#8211; 2025<\/li><li style=\"font-size: 14px;\"><a href=\"https:\/\/www.cycles-blain.com\/velo-route-musculaire\/750-giant-defy-advanced-pro-1-2025-4711291106055.html\">Giant Defy Advanced Pro 1 &#8211; 2025<\/a><\/li><li><a href=\"https:\/\/www.cycles-blain.com\/velo-route-musculaire\/751-giant-defy-advanced-2-2025-4711291107595.html\">Giant Defy Advanced 2 &#8211; 2025<\/a><\/li><li><a href=\"https:\/\/www.cycles-blain.com\/velo-route-musculaire\/752-giant-defy-advanced-0-2025-4711291106475.html\">Giant Defy Advanced 0 &#8211; 2025\u00a0<\/a><\/li><\/ul><p><strong>V\u00e9los de Route ELECTRIQUE GIANT 2025 :\u00a0<\/strong><\/p><ul><li><a href=\"https:\/\/www.cycles-blain.com\/velo-route-electrique\/870-1004-defy-advanced-e-plus-elite-0-2025-giant-4712878896451.html#\/45-taille_cadre-ml\">Giant Defy Advanced\u00a0e+ Elite 0<\/a><\/li><li><a href=\"https:\/\/www.cycles-blain.com\/velo-route-electrique\/868-991-defy-advanced-e-plus-elite-1-2025-giant-4712878896581.html#\/3-taille_cadre-l\">Giant Defy Advanced\u00a0e+ Elite 1<\/a><\/li><li><a href=\"https:\/\/www.cycles-blain.com\/velo-route-electrique\/869-996-defy-advanced-e-plus-elite-2-2025-giant-4712878896703.html#\/3-taille_cadre-l\">Giant Defy Advanced\u00a0e+ Elite 2<\/a><\/li><\/ul>\t\t\t\t\t\t\t\t<\/div>\n\t\t\t\t<\/div>\n\t\t\t\t<div class=\"elementor-element elementor-element-20fba6b elementor-widget elementor-widget-text-editor\" data-id=\"20fba6b\" data-element_type=\"widget\" data-e-type=\"widget\" data-widget_type=\"text-editor.default\">\n\t\t\t\t<div class=\"elementor-widget-container\">\n\t\t\t\t\t\t\t\t\t<p><strong>VTT GIANT 2025 :<\/strong><\/p><ul><li><a href=\"https:\/\/www.cycles-blain.com\/vtt-musculaire\/753-giant-xtc-slr-29-1-2025-4711291102422.html\">VTT Giant XTC SLR 29 1 &#8211; 2025<\/a><\/li><li style=\"font-size: 14px;\"><a href=\"https:\/\/www.cycles-blain.com\/vtt-musculaire\/754-giant-xtc-slr-29-2-2025-4711291104686.html\">VTT Giant XTC SLR 29 2 &#8211; 2025<\/a><\/li><\/ul>\t\t\t\t\t\t\t\t<\/div>\n\t\t\t\t<\/div>\n\t\t\t\t<div class=\"elementor-element elementor-element-2393132 elementor-widget elementor-widget-text-editor\" data-id=\"2393132\" data-element_type=\"widget\" data-e-type=\"widget\" data-widget_type=\"text-editor.default\">\n\t\t\t\t<div class=\"elementor-widget-container\">\n\t\t\t\t\t\t\t\t\t<p><strong>VTT ELECTRIQUE (VTTAE) GIANT 2025 :\u00a0<\/strong><\/p><ul><li><a href=\"https:\/\/www.cycles-blain.com\/vtt-electrique-vttae\/755-reign-e3-2024-2025-4712878914421.html\">Reign E+<\/a><\/li><\/ul>\t\t\t\t\t\t\t\t<\/div>\n\t\t\t\t<\/div>\n\t\t\t\t\t<\/div>\n\t\t\t\t<\/div>\n\t\t<div class=\"elementor-element elementor-element-6c03f1b e-flex e-con-boxed e-con e-parent\" data-id=\"6c03f1b\" data-element_type=\"container\" data-e-type=\"container\">\n\t\t\t\t\t<div class=\"e-con-inner\">\n\t\t\t\t<div class=\"elementor-element elementor-element-0f861ac elementor-widget elementor-widget-button\" data-id=\"0f861ac\" data-element_type=\"widget\" data-e-type=\"widget\" data-widget_type=\"button.default\">\n\t\t\t\t<div class=\"elementor-widget-container\">\n\t\t\t\t\t\t\t\t\t<div class=\"elementor-button-wrapper\">\n\t\t\t\t\t<a class=\"elementor-button elementor-button-link elementor-size-sm\" href=\"https:\/\/www.giant-bicycles.com\/fr\/news\/nouveautes-velos-giant\/29117\">\n\t\t\t\t\t\t<span class=\"elementor-button-content-wrapper\">\n\t\t\t\t\t\t\t\t\t<span class=\"elementor-button-text\">Je d\u00e9couvre<\/span>\n\t\t\t\t\t<\/span>\n\t\t\t\t\t<\/a>\n\t\t\t\t<\/div>\n\t\t\t\t\t\t\t\t<\/div>\n\t\t\t\t<\/div>\n\t\t\t\t\t<\/div>\n\t\t\t\t<\/div>\n\t\t\t\t<\/div>\n\t\t","protected":false},"excerpt":{"rendered":"<p>Giant pr\u00e9sente ses nouveaux v\u00e9los\u00a02025 pour la rentr\u00e9e, incluant des mod\u00e8les de route comme le Propel, le Defy, ainsi que des VTT tels que le XtC 2025. La gamme VTTAE est \u00e9galement enrichie avec le Reign E+, offrant des options performantes pour les cyclistes sur tous types de terrains. Ces nouveaut\u00e9s sont con\u00e7ues pour r\u00e9pondre [&hellip;]<\/p>\n","protected":false},"author":1,"featured_media":7831,"comment_status":"open","ping_status":"open","sticky":false,"template":"","format":"standard","meta":{"site-sidebar-layout":"default","site-content-layout":"","ast-site-content-layout":"default","site-content-style":"default","site-sidebar-style":"default","ast-global-header-display":"","ast-banner-title-visibility":"","ast-main-header-display":"","ast-hfb-above-header-display":"","ast-hfb-below-header-display":"","ast-hfb-mobile-header-display":"","site-post-title":"","ast-breadcrumbs-content":"","ast-featured-img":"","footer-sml-layout":"","theme-transparent-header-meta":"","adv-header-id-meta":"","stick-header-meta":"","header-above-stick-meta":"","header-main-stick-meta":"","header-below-stick-meta":"","astra-migrate-meta-layouts":"set","ast-page-background-enabled":"default","ast-page-background-meta":{"desktop":{"background-color":"","background-image":"","background-repeat":"repeat","background-position":"center center","background-size":"auto","background-attachment":"scroll","background-type":"","background-media":"","overlay-type":"","overlay-color":"","overlay-gradient":""},"tablet":{"background-color":"","background-image":"","background-repeat":"repeat","background-position":"center center","background-size":"auto","background-attachment":"scroll","background-type":"","background-media":"","overlay-type":"","overlay-color":"","overlay-gradient":""},"mobile":{"background-color":"","background-image":"","background-repeat":"repeat","background-position":"center center","background-size":"auto","background-attachment":"scroll","background-type":"","background-media":"","overlay-type":"","overlay-color":"","overlay-gradient":""}},"ast-content-background-meta":{"desktop":{"background-color":"var(--ast-global-color-5)","background-image":"","background-repeat":"repeat","background-position":"center center","background-size":"auto","background-attachment":"scroll","background-type":"","background-media":"","overlay-type":"","overlay-color":"","overlay-gradient":""},"tablet":{"background-color":"var(--ast-global-color-5)","background-image":"","background-repeat":"repeat","background-position":"center center","background-size":"auto","background-attachment":"scroll","background-type":"","background-media":"","overlay-type":"","overlay-color":"","overlay-gradient":""},"mobile":{"background-color":"var(--ast-global-color-5)","background-image":"","background-repeat":"repeat","background-position":"center center","background-size":"auto","background-attachment":"scroll","background-type":"","background-media":"","overlay-type":"","overlay-color":"","overlay-gradient":""}},"footnotes":""},"categories":[4,55,5,58],"tags":[260,43,258,31,200],"class_list":["post-7830","post","type-post","status-publish","format-standard","has-post-thumbnail","hentry","category-velo","category-velo-route","category-vtt-electrique","category-vtt-musculaire","tag-2024-2025","tag-giant","tag-route","tag-vtt","tag-vttae"],"yoast_head":"<!-- This site is optimized with the Yoast SEO plugin v27.5 - https:\/\/yoast.com\/product\/yoast-seo-wordpress\/ -->\n<title>Nouveaux v\u00e9los Giant 2025 - CyclesBlain - Magasins de v\u00e9los, accessoires et ateliers<\/title>\n<meta name=\"description\" content=\"Qui dit rentr\u00e9e dit nouveaut\u00e9s chez Giant ! VTT \u00e9lectrique, v\u00e9los de route, VTT, il y en a pour tous. D\u00e9couvrez vite les nouveaux v\u00e9los !\" \/>\n<meta name=\"robots\" content=\"index, follow, max-snippet:-1, max-image-preview:large, max-video-preview:-1\" \/>\n<link rel=\"canonical\" href=\"https:\/\/www.cycles-blain.com\/fr\/velo\/nouveaux-velos-giant-2024-2025\/\" \/>\n<meta property=\"og:locale\" content=\"fr_FR\" \/>\n<meta property=\"og:type\" content=\"article\" \/>\n<meta property=\"og:title\" content=\"Nouveaux v\u00e9los Giant 2025 - CyclesBlain - Magasins de v\u00e9los, accessoires et ateliers\" \/>\n<meta property=\"og:description\" content=\"Qui dit rentr\u00e9e dit nouveaut\u00e9s chez Giant ! VTT \u00e9lectrique, v\u00e9los de route, VTT, il y en a pour tous. D\u00e9couvrez vite les nouveaux v\u00e9los !\" \/>\n<meta property=\"og:url\" content=\"https:\/\/www.cycles-blain.com\/fr\/velo\/nouveaux-velos-giant-2024-2025\/\" \/>\n<meta property=\"og:site_name\" content=\"CyclesBlain - Magasins de v\u00e9los, accessoires et ateliers\" \/>\n<meta property=\"article:publisher\" content=\"https:\/\/www.facebook.com\/cyclesblain\/?locale=fr_FR\" \/>\n<meta property=\"article:published_time\" content=\"2024-09-10T08:07:04+00:00\" \/>\n<meta property=\"article:modified_time\" content=\"2024-10-23T07:44:25+00:00\" \/>\n<meta property=\"og:image\" content=\"https:\/\/www.cycles-blain.com\/fr\/wp-content\/uploads\/2024\/09\/Visuel-article-4-3.png\" \/>\n\t<meta property=\"og:image:width\" content=\"600\" \/>\n\t<meta property=\"og:image:height\" content=\"400\" \/>\n\t<meta property=\"og:image:type\" content=\"image\/png\" \/>\n<meta name=\"author\" content=\"Gueweb\" \/>\n<meta name=\"twitter:card\" content=\"summary_large_image\" \/>\n<meta name=\"twitter:label1\" content=\"\u00c9crit par\" \/>\n\t<meta name=\"twitter:data1\" content=\"Gueweb\" \/>\n\t<meta name=\"twitter:label2\" content=\"Dur\u00e9e de lecture estim\u00e9e\" \/>\n\t<meta name=\"twitter:data2\" content=\"2 minutes\" \/>\n<script type=\"application\/ld+json\" class=\"yoast-schema-graph\">{\"@context\":\"https:\\\/\\\/schema.org\",\"@graph\":[{\"@type\":\"Article\",\"@id\":\"https:\\\/\\\/www.cycles-blain.com\\\/fr\\\/velo\\\/nouveaux-velos-giant-2024-2025\\\/#article\",\"isPartOf\":{\"@id\":\"https:\\\/\\\/www.cycles-blain.com\\\/fr\\\/velo\\\/nouveaux-velos-giant-2024-2025\\\/\"},\"author\":{\"name\":\"Gueweb\",\"@id\":\"https:\\\/\\\/www.cycles-blain.com\\\/fr\\\/#\\\/schema\\\/person\\\/6fb8bad852fde893fb61b7b05936af37\"},\"headline\":\"Nouveaux v\u00e9los Giant 2025\",\"datePublished\":\"2024-09-10T08:07:04+00:00\",\"dateModified\":\"2024-10-23T07:44:25+00:00\",\"mainEntityOfPage\":{\"@id\":\"https:\\\/\\\/www.cycles-blain.com\\\/fr\\\/velo\\\/nouveaux-velos-giant-2024-2025\\\/\"},\"wordCount\":196,\"commentCount\":0,\"publisher\":{\"@id\":\"https:\\\/\\\/www.cycles-blain.com\\\/fr\\\/#organization\"},\"image\":{\"@id\":\"https:\\\/\\\/www.cycles-blain.com\\\/fr\\\/velo\\\/nouveaux-velos-giant-2024-2025\\\/#primaryimage\"},\"thumbnailUrl\":\"https:\\\/\\\/www.cycles-blain.com\\\/fr\\\/wp-content\\\/uploads\\\/2024\\\/09\\\/Visuel-article-4-3.png\",\"keywords\":[\"2024-2025\",\"giant\",\"route\",\"vtt\",\"vttae\"],\"articleSection\":[\"Actus V\u00e9lo\",\"V\u00e9lo de route\",\"VTT Electrique\",\"VTT musculaire\"],\"inLanguage\":\"fr-FR\",\"potentialAction\":[{\"@type\":\"CommentAction\",\"name\":\"Comment\",\"target\":[\"https:\\\/\\\/www.cycles-blain.com\\\/fr\\\/velo\\\/nouveaux-velos-giant-2024-2025\\\/#respond\"]}]},{\"@type\":\"WebPage\",\"@id\":\"https:\\\/\\\/www.cycles-blain.com\\\/fr\\\/velo\\\/nouveaux-velos-giant-2024-2025\\\/\",\"url\":\"https:\\\/\\\/www.cycles-blain.com\\\/fr\\\/velo\\\/nouveaux-velos-giant-2024-2025\\\/\",\"name\":\"Nouveaux v\u00e9los Giant 2025 - CyclesBlain - Magasins de v\u00e9los, accessoires et ateliers\",\"isPartOf\":{\"@id\":\"https:\\\/\\\/www.cycles-blain.com\\\/fr\\\/#website\"},\"primaryImageOfPage\":{\"@id\":\"https:\\\/\\\/www.cycles-blain.com\\\/fr\\\/velo\\\/nouveaux-velos-giant-2024-2025\\\/#primaryimage\"},\"image\":{\"@id\":\"https:\\\/\\\/www.cycles-blain.com\\\/fr\\\/velo\\\/nouveaux-velos-giant-2024-2025\\\/#primaryimage\"},\"thumbnailUrl\":\"https:\\\/\\\/www.cycles-blain.com\\\/fr\\\/wp-content\\\/uploads\\\/2024\\\/09\\\/Visuel-article-4-3.png\",\"datePublished\":\"2024-09-10T08:07:04+00:00\",\"dateModified\":\"2024-10-23T07:44:25+00:00\",\"description\":\"Qui dit rentr\u00e9e dit nouveaut\u00e9s chez Giant ! VTT \u00e9lectrique, v\u00e9los de route, VTT, il y en a pour tous. D\u00e9couvrez vite les nouveaux v\u00e9los !\",\"breadcrumb\":{\"@id\":\"https:\\\/\\\/www.cycles-blain.com\\\/fr\\\/velo\\\/nouveaux-velos-giant-2024-2025\\\/#breadcrumb\"},\"inLanguage\":\"fr-FR\",\"potentialAction\":[{\"@type\":\"ReadAction\",\"target\":[\"https:\\\/\\\/www.cycles-blain.com\\\/fr\\\/velo\\\/nouveaux-velos-giant-2024-2025\\\/\"]}]},{\"@type\":\"ImageObject\",\"inLanguage\":\"fr-FR\",\"@id\":\"https:\\\/\\\/www.cycles-blain.com\\\/fr\\\/velo\\\/nouveaux-velos-giant-2024-2025\\\/#primaryimage\",\"url\":\"https:\\\/\\\/www.cycles-blain.com\\\/fr\\\/wp-content\\\/uploads\\\/2024\\\/09\\\/Visuel-article-4-3.png\",\"contentUrl\":\"https:\\\/\\\/www.cycles-blain.com\\\/fr\\\/wp-content\\\/uploads\\\/2024\\\/09\\\/Visuel-article-4-3.png\",\"width\":600,\"height\":400,\"caption\":\"Nouveaux v\u00e9los Giant 2024-2025\"},{\"@type\":\"BreadcrumbList\",\"@id\":\"https:\\\/\\\/www.cycles-blain.com\\\/fr\\\/velo\\\/nouveaux-velos-giant-2024-2025\\\/#breadcrumb\",\"itemListElement\":[{\"@type\":\"ListItem\",\"position\":1,\"name\":\"Accueil\",\"item\":\"https:\\\/\\\/www.cycles-blain.com\\\/fr\\\/\"},{\"@type\":\"ListItem\",\"position\":2,\"name\":\"Nouveaux v\u00e9los Giant 2025\"}]},{\"@type\":\"WebSite\",\"@id\":\"https:\\\/\\\/www.cycles-blain.com\\\/fr\\\/#website\",\"url\":\"https:\\\/\\\/www.cycles-blain.com\\\/fr\\\/\",\"name\":\"CyclesBlain - Magasins de v\u00e9los, accessoires et ateliers\",\"description\":\"Blog Cycles Blain\",\"publisher\":{\"@id\":\"https:\\\/\\\/www.cycles-blain.com\\\/fr\\\/#organization\"},\"potentialAction\":[{\"@type\":\"SearchAction\",\"target\":{\"@type\":\"EntryPoint\",\"urlTemplate\":\"https:\\\/\\\/www.cycles-blain.com\\\/fr\\\/?s={search_term_string}\"},\"query-input\":{\"@type\":\"PropertyValueSpecification\",\"valueRequired\":true,\"valueName\":\"search_term_string\"}}],\"inLanguage\":\"fr-FR\"},{\"@type\":\"Organization\",\"@id\":\"https:\\\/\\\/www.cycles-blain.com\\\/fr\\\/#organization\",\"name\":\"CyclesBlain - Magasins de v\u00e9los, accessoires et ateliers\",\"url\":\"https:\\\/\\\/www.cycles-blain.com\\\/fr\\\/\",\"logo\":{\"@type\":\"ImageObject\",\"inLanguage\":\"fr-FR\",\"@id\":\"https:\\\/\\\/www.cycles-blain.com\\\/fr\\\/#\\\/schema\\\/logo\\\/image\\\/\",\"url\":\"https:\\\/\\\/www.cycles-blain.com\\\/fr\\\/wp-content\\\/uploads\\\/2023\\\/10\\\/logo-cycles-blain.jpeg\",\"contentUrl\":\"https:\\\/\\\/www.cycles-blain.com\\\/fr\\\/wp-content\\\/uploads\\\/2023\\\/10\\\/logo-cycles-blain.jpeg\",\"width\":264,\"height\":191,\"caption\":\"CyclesBlain - Magasins de v\u00e9los, accessoires et ateliers\"},\"image\":{\"@id\":\"https:\\\/\\\/www.cycles-blain.com\\\/fr\\\/#\\\/schema\\\/logo\\\/image\\\/\"},\"sameAs\":[\"https:\\\/\\\/www.facebook.com\\\/cyclesblain\\\/?locale=fr_FR\",\"https:\\\/\\\/www.instagram.com\\\/cycles_blain\\\/?hl=fr\"]},{\"@type\":\"Person\",\"@id\":\"https:\\\/\\\/www.cycles-blain.com\\\/fr\\\/#\\\/schema\\\/person\\\/6fb8bad852fde893fb61b7b05936af37\",\"name\":\"Gueweb\",\"image\":{\"@type\":\"ImageObject\",\"inLanguage\":\"fr-FR\",\"@id\":\"https:\\\/\\\/secure.gravatar.com\\\/avatar\\\/52550bc594eb074508114b963209b157358b27e5a0319de1bb723df3f760ca2d?s=96&d=mm&r=g\",\"url\":\"https:\\\/\\\/secure.gravatar.com\\\/avatar\\\/52550bc594eb074508114b963209b157358b27e5a0319de1bb723df3f760ca2d?s=96&d=mm&r=g\",\"contentUrl\":\"https:\\\/\\\/secure.gravatar.com\\\/avatar\\\/52550bc594eb074508114b963209b157358b27e5a0319de1bb723df3f760ca2d?s=96&d=mm&r=g\",\"caption\":\"Gueweb\"},\"sameAs\":[\"https:\\\/\\\/www.cycles-blain.com\\\/\\\/fr\"],\"url\":\"https:\\\/\\\/www.cycles-blain.com\\\/fr\\\/author\\\/gueweb\\\/\"}]}<\/script>\n<!-- \/ Yoast SEO plugin. -->","yoast_head_json":{"title":"Nouveaux v\u00e9los Giant 2025 - CyclesBlain - Magasins de v\u00e9los, accessoires et ateliers","description":"Qui dit rentr\u00e9e dit nouveaut\u00e9s chez Giant ! VTT \u00e9lectrique, v\u00e9los de route, VTT, il y en a pour tous. D\u00e9couvrez vite les nouveaux v\u00e9los !","robots":{"index":"index","follow":"follow","max-snippet":"max-snippet:-1","max-image-preview":"max-image-preview:large","max-video-preview":"max-video-preview:-1"},"canonical":"https:\/\/www.cycles-blain.com\/fr\/velo\/nouveaux-velos-giant-2024-2025\/","og_locale":"fr_FR","og_type":"article","og_title":"Nouveaux v\u00e9los Giant 2025 - CyclesBlain - Magasins de v\u00e9los, accessoires et ateliers","og_description":"Qui dit rentr\u00e9e dit nouveaut\u00e9s chez Giant ! VTT \u00e9lectrique, v\u00e9los de route, VTT, il y en a pour tous. D\u00e9couvrez vite les nouveaux v\u00e9los !","og_url":"https:\/\/www.cycles-blain.com\/fr\/velo\/nouveaux-velos-giant-2024-2025\/","og_site_name":"CyclesBlain - Magasins de v\u00e9los, accessoires et ateliers","article_publisher":"https:\/\/www.facebook.com\/cyclesblain\/?locale=fr_FR","article_published_time":"2024-09-10T08:07:04+00:00","article_modified_time":"2024-10-23T07:44:25+00:00","og_image":[{"width":600,"height":400,"url":"https:\/\/www.cycles-blain.com\/fr\/wp-content\/uploads\/2024\/09\/Visuel-article-4-3.png","type":"image\/png"}],"author":"Gueweb","twitter_card":"summary_large_image","twitter_misc":{"\u00c9crit par":"Gueweb","Dur\u00e9e de lecture estim\u00e9e":"2 minutes"},"schema":{"@context":"https:\/\/schema.org","@graph":[{"@type":"Article","@id":"https:\/\/www.cycles-blain.com\/fr\/velo\/nouveaux-velos-giant-2024-2025\/#article","isPartOf":{"@id":"https:\/\/www.cycles-blain.com\/fr\/velo\/nouveaux-velos-giant-2024-2025\/"},"author":{"name":"Gueweb","@id":"https:\/\/www.cycles-blain.com\/fr\/#\/schema\/person\/6fb8bad852fde893fb61b7b05936af37"},"headline":"Nouveaux v\u00e9los Giant 2025","datePublished":"2024-09-10T08:07:04+00:00","dateModified":"2024-10-23T07:44:25+00:00","mainEntityOfPage":{"@id":"https:\/\/www.cycles-blain.com\/fr\/velo\/nouveaux-velos-giant-2024-2025\/"},"wordCount":196,"commentCount":0,"publisher":{"@id":"https:\/\/www.cycles-blain.com\/fr\/#organization"},"image":{"@id":"https:\/\/www.cycles-blain.com\/fr\/velo\/nouveaux-velos-giant-2024-2025\/#primaryimage"},"thumbnailUrl":"https:\/\/www.cycles-blain.com\/fr\/wp-content\/uploads\/2024\/09\/Visuel-article-4-3.png","keywords":["2024-2025","giant","route","vtt","vttae"],"articleSection":["Actus V\u00e9lo","V\u00e9lo de route","VTT Electrique","VTT musculaire"],"inLanguage":"fr-FR","potentialAction":[{"@type":"CommentAction","name":"Comment","target":["https:\/\/www.cycles-blain.com\/fr\/velo\/nouveaux-velos-giant-2024-2025\/#respond"]}]},{"@type":"WebPage","@id":"https:\/\/www.cycles-blain.com\/fr\/velo\/nouveaux-velos-giant-2024-2025\/","url":"https:\/\/www.cycles-blain.com\/fr\/velo\/nouveaux-velos-giant-2024-2025\/","name":"Nouveaux v\u00e9los Giant 2025 - CyclesBlain - Magasins de v\u00e9los, accessoires et ateliers","isPartOf":{"@id":"https:\/\/www.cycles-blain.com\/fr\/#website"},"primaryImageOfPage":{"@id":"https:\/\/www.cycles-blain.com\/fr\/velo\/nouveaux-velos-giant-2024-2025\/#primaryimage"},"image":{"@id":"https:\/\/www.cycles-blain.com\/fr\/velo\/nouveaux-velos-giant-2024-2025\/#primaryimage"},"thumbnailUrl":"https:\/\/www.cycles-blain.com\/fr\/wp-content\/uploads\/2024\/09\/Visuel-article-4-3.png","datePublished":"2024-09-10T08:07:04+00:00","dateModified":"2024-10-23T07:44:25+00:00","description":"Qui dit rentr\u00e9e dit nouveaut\u00e9s chez Giant ! VTT \u00e9lectrique, v\u00e9los de route, VTT, il y en a pour tous. D\u00e9couvrez vite les nouveaux v\u00e9los !","breadcrumb":{"@id":"https:\/\/www.cycles-blain.com\/fr\/velo\/nouveaux-velos-giant-2024-2025\/#breadcrumb"},"inLanguage":"fr-FR","potentialAction":[{"@type":"ReadAction","target":["https:\/\/www.cycles-blain.com\/fr\/velo\/nouveaux-velos-giant-2024-2025\/"]}]},{"@type":"ImageObject","inLanguage":"fr-FR","@id":"https:\/\/www.cycles-blain.com\/fr\/velo\/nouveaux-velos-giant-2024-2025\/#primaryimage","url":"https:\/\/www.cycles-blain.com\/fr\/wp-content\/uploads\/2024\/09\/Visuel-article-4-3.png","contentUrl":"https:\/\/www.cycles-blain.com\/fr\/wp-content\/uploads\/2024\/09\/Visuel-article-4-3.png","width":600,"height":400,"caption":"Nouveaux v\u00e9los Giant 2024-2025"},{"@type":"BreadcrumbList","@id":"https:\/\/www.cycles-blain.com\/fr\/velo\/nouveaux-velos-giant-2024-2025\/#breadcrumb","itemListElement":[{"@type":"ListItem","position":1,"name":"Accueil","item":"https:\/\/www.cycles-blain.com\/fr\/"},{"@type":"ListItem","position":2,"name":"Nouveaux v\u00e9los Giant 2025"}]},{"@type":"WebSite","@id":"https:\/\/www.cycles-blain.com\/fr\/#website","url":"https:\/\/www.cycles-blain.com\/fr\/","name":"CyclesBlain - Magasins de v\u00e9los, accessoires et ateliers","description":"Blog Cycles Blain","publisher":{"@id":"https:\/\/www.cycles-blain.com\/fr\/#organization"},"potentialAction":[{"@type":"SearchAction","target":{"@type":"EntryPoint","urlTemplate":"https:\/\/www.cycles-blain.com\/fr\/?s={search_term_string}"},"query-input":{"@type":"PropertyValueSpecification","valueRequired":true,"valueName":"search_term_string"}}],"inLanguage":"fr-FR"},{"@type":"Organization","@id":"https:\/\/www.cycles-blain.com\/fr\/#organization","name":"CyclesBlain - Magasins de v\u00e9los, accessoires et ateliers","url":"https:\/\/www.cycles-blain.com\/fr\/","logo":{"@type":"ImageObject","inLanguage":"fr-FR","@id":"https:\/\/www.cycles-blain.com\/fr\/#\/schema\/logo\/image\/","url":"https:\/\/www.cycles-blain.com\/fr\/wp-content\/uploads\/2023\/10\/logo-cycles-blain.jpeg","contentUrl":"https:\/\/www.cycles-blain.com\/fr\/wp-content\/uploads\/2023\/10\/logo-cycles-blain.jpeg","width":264,"height":191,"caption":"CyclesBlain - Magasins de v\u00e9los, accessoires et ateliers"},"image":{"@id":"https:\/\/www.cycles-blain.com\/fr\/#\/schema\/logo\/image\/"},"sameAs":["https:\/\/www.facebook.com\/cyclesblain\/?locale=fr_FR","https:\/\/www.instagram.com\/cycles_blain\/?hl=fr"]},{"@type":"Person","@id":"https:\/\/www.cycles-blain.com\/fr\/#\/schema\/person\/6fb8bad852fde893fb61b7b05936af37","name":"Gueweb","image":{"@type":"ImageObject","inLanguage":"fr-FR","@id":"https:\/\/secure.gravatar.com\/avatar\/52550bc594eb074508114b963209b157358b27e5a0319de1bb723df3f760ca2d?s=96&d=mm&r=g","url":"https:\/\/secure.gravatar.com\/avatar\/52550bc594eb074508114b963209b157358b27e5a0319de1bb723df3f760ca2d?s=96&d=mm&r=g","contentUrl":"https:\/\/secure.gravatar.com\/avatar\/52550bc594eb074508114b963209b157358b27e5a0319de1bb723df3f760ca2d?s=96&d=mm&r=g","caption":"Gueweb"},"sameAs":["https:\/\/www.cycles-blain.com\/\/fr"],"url":"https:\/\/www.cycles-blain.com\/fr\/author\/gueweb\/"}]}},"_links":{"self":[{"href":"https:\/\/www.cycles-blain.com\/fr\/wp-json\/wp\/v2\/posts\/7830","targetHints":{"allow":["GET"]}}],"collection":[{"href":"https:\/\/www.cycles-blain.com\/fr\/wp-json\/wp\/v2\/posts"}],"about":[{"href":"https:\/\/www.cycles-blain.com\/fr\/wp-json\/wp\/v2\/types\/post"}],"author":[{"embeddable":true,"href":"https:\/\/www.cycles-blain.com\/fr\/wp-json\/wp\/v2\/users\/1"}],"replies":[{"embeddable":true,"href":"https:\/\/www.cycles-blain.com\/fr\/wp-json\/wp\/v2\/comments?post=7830"}],"version-history":[{"count":44,"href":"https:\/\/www.cycles-blain.com\/fr\/wp-json\/wp\/v2\/posts\/7830\/revisions"}],"predecessor-version":[{"id":9504,"href":"https:\/\/www.cycles-blain.com\/fr\/wp-json\/wp\/v2\/posts\/7830\/revisions\/9504"}],"wp:featuredmedia":[{"embeddable":true,"href":"https:\/\/www.cycles-blain.com\/fr\/wp-json\/wp\/v2\/media\/7831"}],"wp:attachment":[{"href":"https:\/\/www.cycles-blain.com\/fr\/wp-json\/wp\/v2\/media?parent=7830"}],"wp:term":[{"taxonomy":"category","embeddable":true,"href":"https:\/\/www.cycles-blain.com\/fr\/wp-json\/wp\/v2\/categories?post=7830"},{"taxonomy":"post_tag","embeddable":true,"href":"https:\/\/www.cycles-blain.com\/fr\/wp-json\/wp\/v2\/tags?post=7830"}],"curies":[{"name":"wp","href":"https:\/\/api.w.org\/{rel}","templated":true}]}}