{"id":8061,"date":"2024-09-19T15:33:25","date_gmt":"2024-09-19T13:33:25","guid":{"rendered":"https:\/\/www.cycles-blain.com\/fr\/?p=8061"},"modified":"2024-09-19T15:35:05","modified_gmt":"2024-09-19T13:35:05","slug":"nouveau-vtc-electrique-winora-tria-x9","status":"publish","type":"post","link":"https:\/\/www.cycles-blain.com\/fr\/magasins-velo\/nouveau-vtc-electrique-winora-tria-x9\/","title":{"rendered":"Nouveau VTC \u00e9lectrique : WINORA TRIA X9"},"content":{"rendered":"\t\t<div data-elementor-type=\"wp-post\" data-elementor-id=\"8061\" class=\"elementor elementor-8061\" data-elementor-post-type=\"post\">\n\t\t\t\t<div class=\"elementor-element elementor-element-02a0157 e-flex e-con-boxed e-con e-parent\" data-id=\"02a0157\" data-element_type=\"container\" data-e-type=\"container\">\n\t\t\t\t\t<div class=\"e-con-inner\">\n\t\t\t\t<div class=\"elementor-element elementor-element-120ed44 elementor-widget elementor-widget-image\" data-id=\"120ed44\" data-element_type=\"widget\" data-e-type=\"widget\" data-widget_type=\"image.default\">\n\t\t\t\t<div class=\"elementor-widget-container\">\n\t\t\t\t\t\t\t\t\t\t\t\t<figure class=\"wp-caption\">\n\t\t\t\t\t\t\t\t\t\t\t<a href=\"https:\/\/www.cycles-blain.com\/velo-ville-electrique\/442-tria-x9-winora.html\">\n\t\t\t\t\t\t\t<img fetchpriority=\"high\" decoding=\"async\" width=\"400\" height=\"300\" src=\"https:\/\/www.cycles-blain.com\/fr\/wp-content\/uploads\/2024\/09\/Design-sans-titre-2-2.png\" class=\"attachment-medium_large size-medium_large wp-image-8064\" alt=\"Winora_Tria_X9\" srcset=\"https:\/\/www.cycles-blain.com\/fr\/wp-content\/uploads\/2024\/09\/Design-sans-titre-2-2.png 400w, https:\/\/www.cycles-blain.com\/fr\/wp-content\/uploads\/2024\/09\/Design-sans-titre-2-2-300x225.png 300w\" sizes=\"(max-width: 400px) 100vw, 400px\" \/>\t\t\t\t\t\t\t\t<\/a>\n\t\t\t\t\t\t\t\t\t\t\t<figcaption class=\"widget-image-caption wp-caption-text\">2499 \u20ac<\/figcaption>\n\t\t\t\t\t\t\t\t\t\t<\/figure>\n\t\t\t\t\t\t\t\t\t<\/div>\n\t\t\t\t<\/div>\n\t\t\t\t\t<\/div>\n\t\t\t\t<\/div>\n\t\t<div class=\"elementor-element elementor-element-71f9f7c e-flex e-con-boxed e-con e-parent\" data-id=\"71f9f7c\" data-element_type=\"container\" data-e-type=\"container\">\n\t\t\t\t\t<div class=\"e-con-inner\">\n\t\t\t\t<div class=\"elementor-element elementor-element-a200516 elementor-align-center elementor-widget elementor-widget-button\" data-id=\"a200516\" data-element_type=\"widget\" data-e-type=\"widget\" data-widget_type=\"button.default\">\n\t\t\t\t<div class=\"elementor-widget-container\">\n\t\t\t\t\t\t\t\t\t<div class=\"elementor-button-wrapper\">\n\t\t\t\t\t<a class=\"elementor-button elementor-button-link elementor-size-sm\" href=\"https:\/\/www.cycles-blain.com\/fr\/demande-leasing-velo-loa\/\" target=\"_blank\">\n\t\t\t\t\t\t<span class=\"elementor-button-content-wrapper\">\n\t\t\t\t\t\t\t\t\t<span class=\"elementor-button-text\">76\u20ac \/ MOIS EN L.O.A<\/span>\n\t\t\t\t\t<\/span>\n\t\t\t\t\t<\/a>\n\t\t\t\t<\/div>\n\t\t\t\t\t\t\t\t<\/div>\n\t\t\t\t<\/div>\n\t\t\t\t<div class=\"elementor-element elementor-element-b1f9e13 elementor-widget elementor-widget-text-editor\" data-id=\"b1f9e13\" data-element_type=\"widget\" data-e-type=\"widget\" data-widget_type=\"text-editor.default\">\n\t\t\t\t<div class=\"elementor-widget-container\">\n\t\t\t\t\t\t\t\t\t<p>Cycles Blain vous pr\u00e9sente son nouveau <a href=\"https:\/\/www.cycles-blain.com\/8-velo-neufs?q=Coup+de+Coeur-Coup+de+Coeur\">coup de coeur<\/a> VTC \u00e9lectrique : le <a href=\"https:\/\/www.cycles-blain.com\/velo-ville-electrique\/442-tria-x9-winora.html\">winora tria X9<\/a>. Un super VTC \u00e9lectrique et polyvalent qui saura vous accompagner dans toutes vos sorties, m\u00eame les plus longues !<\/p>\t\t\t\t\t\t\t\t<\/div>\n\t\t\t\t<\/div>\n\t\t\t\t\t<\/div>\n\t\t\t\t<\/div>\n\t\t<div class=\"elementor-element elementor-element-e2f9d7e e-flex e-con-boxed e-con e-parent\" data-id=\"e2f9d7e\" data-element_type=\"container\" data-e-type=\"container\">\n\t\t\t\t\t<div class=\"e-con-inner\">\n\t\t<div class=\"elementor-element elementor-element-4b06c69 e-con-full e-flex e-con e-child\" data-id=\"4b06c69\" data-element_type=\"container\" data-e-type=\"container\">\n\t\t\t\t<div class=\"elementor-element elementor-element-38afe68 elementor-widget elementor-widget-text-editor\" data-id=\"38afe68\" data-element_type=\"widget\" data-e-type=\"widget\" data-widget_type=\"text-editor.default\">\n\t\t\t\t<div class=\"elementor-widget-container\">\n\t\t\t\t\t\t\t\t\t<h4><strong>Le WINORA TRIA comme premier choix ?<\/strong><\/h4><p>Lors de l&rsquo;achat d&rsquo;un premier v\u00e9lo \u00e9lectrique, nous sommes parfois perdus face \u00e0 la multitude de marques que propose le march\u00e9&#8230; Mais la marque Winora nous propose aujourd&rsquo;hui un v\u00e9lo avec un excellent rapport qualit\u00e9\/prix : <strong>Le Winora Tria X9.<\/strong><\/p><p>Ce VTC \u00e9lectrique regroupe tout les atouts que recherche l&rsquo;utilisateur :<\/p><ul><li><strong>Polyvalence <\/strong><\/li><li><strong>Assistance \u00e9lectrique performante<\/strong><\/li><li><strong>Confort optimal\u00a0<\/strong><\/li><li><strong>S\u00e9curit\u00e9 assur\u00e9e\u00a0<\/strong><\/li><\/ul><p>En effet,\u00a0con\u00e7u pour \u00eatre performant aussi bien en ville que sur des sentiers accident\u00e9s, il pourra s&rsquo;adapter \u00e0 tous types de terrains. Gr\u00e2ce \u00e0 sa <strong>transmission \u00e0 9 vitesses<\/strong> et \u00e0 sa <strong>fourche avant suspendue,<\/strong> vous pourrez passer sur des routes pav\u00e9es, des chemins de campagne, de quoi se rendre au travail sans aucune difficult\u00e9.<\/p><p>Vous b\u00e9n\u00e9ficierez \u00e9galement d&rsquo;une grande autonomie avec le moteur <strong>Bosch Performance Line.<\/strong> Ce moteur est dot\u00e9 d&rsquo;une assistance \u00e9lectrique puissante et fiable avec une batterie int\u00e9gr\u00e9e de 500 watt !!<\/p>\t\t\t\t\t\t\t\t<\/div>\n\t\t\t\t<\/div>\n\t\t\t\t<div class=\"elementor-element elementor-element-00aade0 elementor-widget elementor-widget-text-editor\" data-id=\"00aade0\" data-element_type=\"widget\" data-e-type=\"widget\" data-widget_type=\"text-editor.default\">\n\t\t\t\t<div class=\"elementor-widget-container\">\n\t\t\t\t\t\t\t\t\t<h4><strong>Un v\u00e9lo \u00e9lectrique moderne et \u00e9l\u00e9gant :\u00a0<\/strong><\/h4><p>Le design du WINORA TRIA X9 est raffin\u00e9 tout en \u00e9tant fonctionnel. La batterie est int\u00e9gr\u00e9e directement dans le cadre, ce qui am\u00e9liore l&rsquo;apparence g\u00e9n\u00e9rale du v\u00e9lo, mais permet \u00e9galement une meilleure r\u00e9partition du poids pour une conduite plus stable.<\/p><p>Le WINORA TRIA X9 est donc un investissement durable pour les cyclistes hommes et femmes ! Vous serez satisfait(e) gr\u00e2ce \u00e0 son confort, sa s\u00e9curit\u00e9, sa technologie de pointe et son autonomie g\u00e9n\u00e9reuse.<\/p><p>Retrouvez le Winora tria dans tous <a href=\"https:\/\/www.cycles-blain.com\/content\/category\/2-magasins-velos-lyon-cycles-blain\">nos magasins Cycles Blain<\/a> et sur notre site <a href=\"https:\/\/www.cycles-blain.com\">cycles-blain.com.<\/a><\/p>\t\t\t\t\t\t\t\t<\/div>\n\t\t\t\t<\/div>\n\t\t\t\t<\/div>\n\t\t\t\t\t<\/div>\n\t\t\t\t<\/div>\n\t\t<div class=\"elementor-element elementor-element-334b031 e-flex e-con-boxed e-con e-parent\" data-id=\"334b031\" data-element_type=\"container\" data-e-type=\"container\">\n\t\t\t\t\t<div class=\"e-con-inner\">\n\t\t\t\t<div class=\"elementor-element elementor-element-75aa5cd elementor-widget elementor-widget-video\" data-id=\"75aa5cd\" data-element_type=\"widget\" data-e-type=\"widget\" data-settings=\"{&quot;youtube_url&quot;:&quot;https:\\\/\\\/www.youtube.com\\\/watch?v=k-sPDLPl6B8&quot;,&quot;video_type&quot;:&quot;youtube&quot;,&quot;controls&quot;:&quot;yes&quot;}\" data-widget_type=\"video.default\">\n\t\t\t\t<div class=\"elementor-widget-container\">\n\t\t\t\t\t\t\t<div class=\"elementor-wrapper elementor-open-inline\">\n\t\t\t<div class=\"elementor-video\"><\/div>\t\t<\/div>\n\t\t\t\t\t\t<\/div>\n\t\t\t\t<\/div>\n\t\t\t\t\t<\/div>\n\t\t\t\t<\/div>\n\t\t\t\t<\/div>\n\t\t","protected":false},"excerpt":{"rendered":"<p>2499 \u20ac 76\u20ac \/ MOIS EN L.O.A Cycles Blain vous pr\u00e9sente son nouveau coup de coeur VTC \u00e9lectrique : le winora tria X9. Un super VTC \u00e9lectrique et polyvalent qui saura vous accompagner dans toutes vos sorties, m\u00eame les plus longues ! Le WINORA TRIA comme premier choix ? Lors de l&rsquo;achat d&rsquo;un premier v\u00e9lo [&hellip;]<\/p>\n","protected":false},"author":4,"featured_media":8064,"comment_status":"open","ping_status":"open","sticky":false,"template":"","format":"standard","meta":{"site-sidebar-layout":"default","site-content-layout":"","ast-site-content-layout":"default","site-content-style":"default","site-sidebar-style":"default","ast-global-header-display":"","ast-banner-title-visibility":"","ast-main-header-display":"","ast-hfb-above-header-display":"","ast-hfb-below-header-display":"","ast-hfb-mobile-header-display":"","site-post-title":"","ast-breadcrumbs-content":"","ast-featured-img":"disabled","footer-sml-layout":"","theme-transparent-header-meta":"","adv-header-id-meta":"","stick-header-meta":"","header-above-stick-meta":"","header-main-stick-meta":"","header-below-stick-meta":"","astra-migrate-meta-layouts":"set","ast-page-background-enabled":"default","ast-page-background-meta":{"desktop":{"background-color":"","background-image":"","background-repeat":"repeat","background-position":"center center","background-size":"auto","background-attachment":"scroll","background-type":"","background-media":"","overlay-type":"","overlay-color":"","overlay-gradient":""},"tablet":{"background-color":"","background-image":"","background-repeat":"repeat","background-position":"center center","background-size":"auto","background-attachment":"scroll","background-type":"","background-media":"","overlay-type":"","overlay-color":"","overlay-gradient":""},"mobile":{"background-color":"","background-image":"","background-repeat":"repeat","background-position":"center center","background-size":"auto","background-attachment":"scroll","background-type":"","background-media":"","overlay-type":"","overlay-color":"","overlay-gradient":""}},"ast-content-background-meta":{"desktop":{"background-color":"var(--ast-global-color-5)","background-image":"","background-repeat":"repeat","background-position":"center center","background-size":"auto","background-attachment":"scroll","background-type":"","background-media":"","overlay-type":"","overlay-color":"","overlay-gradient":""},"tablet":{"background-color":"var(--ast-global-color-5)","background-image":"","background-repeat":"repeat","background-position":"center center","background-size":"auto","background-attachment":"scroll","background-type":"","background-media":"","overlay-type":"","overlay-color":"","overlay-gradient":""},"mobile":{"background-color":"var(--ast-global-color-5)","background-image":"","background-repeat":"repeat","background-position":"center center","background-size":"auto","background-attachment":"scroll","background-type":"","background-media":"","overlay-type":"","overlay-color":"","overlay-gradient":""}},"footnotes":""},"categories":[6,4,7,78,44,37,76,36,81,79,77,80,53,54],"tags":[],"class_list":["post-8061","post","type-post","status-publish","format-standard","has-post-thumbnail","hentry","category-magasins-velo","category-velo","category-magasin-brignais","category-magasin-craponne","category-magasin-lyon-3","category-magasin-saint-priest","category-magasin-vienne","category-magasin-vienne-sud","category-magasin-lyon-5","category-magasin-ecully","category-magasin-lyon-6","category-magasin-oullins","category-velo-electrique","category-vtc-electrique"],"yoast_head":"<!-- This site is optimized with the Yoast SEO plugin v27.5 - https:\/\/yoast.com\/product\/yoast-seo-wordpress\/ -->\n<title>Nouveau VTC \u00e9lectrique : WINORA TRIA X9 - CyclesBlain - Magasins de v\u00e9los, accessoires et ateliers<\/title>\n<meta name=\"description\" content=\"Envie de libert\u00e9 ? Venez vite d\u00e9couvrir le nouveau VTC Winora TRIA X9, un v\u00e9lo \u00e9lectrique urbain confortable et polyvalent.\" \/>\n<meta name=\"robots\" content=\"index, follow, max-snippet:-1, max-image-preview:large, max-video-preview:-1\" \/>\n<link rel=\"canonical\" href=\"https:\/\/www.cycles-blain.com\/fr\/magasins-velo\/nouveau-vtc-electrique-winora-tria-x9\/\" \/>\n<meta property=\"og:locale\" content=\"fr_FR\" \/>\n<meta property=\"og:type\" content=\"article\" \/>\n<meta property=\"og:title\" content=\"Nouveau VTC \u00e9lectrique : WINORA TRIA X9 - CyclesBlain - Magasins de v\u00e9los, accessoires et ateliers\" \/>\n<meta property=\"og:description\" content=\"Envie de libert\u00e9 ? Venez vite d\u00e9couvrir le nouveau VTC Winora TRIA X9, un v\u00e9lo \u00e9lectrique urbain confortable et polyvalent.\" \/>\n<meta property=\"og:url\" content=\"https:\/\/www.cycles-blain.com\/fr\/magasins-velo\/nouveau-vtc-electrique-winora-tria-x9\/\" \/>\n<meta property=\"og:site_name\" content=\"CyclesBlain - Magasins de v\u00e9los, accessoires et ateliers\" \/>\n<meta property=\"article:publisher\" content=\"https:\/\/www.facebook.com\/cyclesblain\/?locale=fr_FR\" \/>\n<meta property=\"article:published_time\" content=\"2024-09-19T13:33:25+00:00\" \/>\n<meta property=\"article:modified_time\" content=\"2024-09-19T13:35:05+00:00\" \/>\n<meta property=\"og:image\" content=\"https:\/\/www.cycles-blain.com\/fr\/wp-content\/uploads\/2024\/09\/Design-sans-titre-2-2.png\" \/>\n\t<meta property=\"og:image:width\" content=\"400\" \/>\n\t<meta property=\"og:image:height\" content=\"300\" \/>\n\t<meta property=\"og:image:type\" content=\"image\/png\" \/>\n<meta name=\"author\" content=\"Lou-Anne\" \/>\n<meta name=\"twitter:card\" content=\"summary_large_image\" \/>\n<meta name=\"twitter:label1\" content=\"\u00c9crit par\" \/>\n\t<meta name=\"twitter:data1\" content=\"Lou-Anne\" \/>\n\t<meta name=\"twitter:label2\" content=\"Dur\u00e9e de lecture estim\u00e9e\" \/>\n\t<meta name=\"twitter:data2\" content=\"2 minutes\" \/>\n<script type=\"application\/ld+json\" class=\"yoast-schema-graph\">{\"@context\":\"https:\\\/\\\/schema.org\",\"@graph\":[{\"@type\":\"Article\",\"@id\":\"https:\\\/\\\/www.cycles-blain.com\\\/fr\\\/magasins-velo\\\/nouveau-vtc-electrique-winora-tria-x9\\\/#article\",\"isPartOf\":{\"@id\":\"https:\\\/\\\/www.cycles-blain.com\\\/fr\\\/magasins-velo\\\/nouveau-vtc-electrique-winora-tria-x9\\\/\"},\"author\":{\"name\":\"Lou-Anne\",\"@id\":\"https:\\\/\\\/www.cycles-blain.com\\\/fr\\\/#\\\/schema\\\/person\\\/2e532610e6e45d290a29e480c00cc742\"},\"headline\":\"Nouveau VTC \u00e9lectrique : WINORA TRIA X9\",\"datePublished\":\"2024-09-19T13:33:25+00:00\",\"dateModified\":\"2024-09-19T13:35:05+00:00\",\"mainEntityOfPage\":{\"@id\":\"https:\\\/\\\/www.cycles-blain.com\\\/fr\\\/magasins-velo\\\/nouveau-vtc-electrique-winora-tria-x9\\\/\"},\"wordCount\":323,\"commentCount\":0,\"publisher\":{\"@id\":\"https:\\\/\\\/www.cycles-blain.com\\\/fr\\\/#organization\"},\"image\":{\"@id\":\"https:\\\/\\\/www.cycles-blain.com\\\/fr\\\/magasins-velo\\\/nouveau-vtc-electrique-winora-tria-x9\\\/#primaryimage\"},\"thumbnailUrl\":\"https:\\\/\\\/www.cycles-blain.com\\\/fr\\\/wp-content\\\/uploads\\\/2024\\\/09\\\/Design-sans-titre-2-2.png\",\"articleSection\":[\"Actus Magasins\",\"Actus V\u00e9lo\",\"Magasin Brignais\",\"Magasin Craponne\",\"Magasin Lyon Centre\",\"Magasin St Priest\",\"Magasin Vienne\",\"Magasin Vienne Sud\",\"Magasin-CyclesVeran\",\"Magasin-Ecully\",\"Magasin-Lyon6\",\"Magasin-Oullins\",\"V\u00e9lo Electrique\",\"VTC Electrique\"],\"inLanguage\":\"fr-FR\",\"potentialAction\":[{\"@type\":\"CommentAction\",\"name\":\"Comment\",\"target\":[\"https:\\\/\\\/www.cycles-blain.com\\\/fr\\\/magasins-velo\\\/nouveau-vtc-electrique-winora-tria-x9\\\/#respond\"]}]},{\"@type\":\"WebPage\",\"@id\":\"https:\\\/\\\/www.cycles-blain.com\\\/fr\\\/magasins-velo\\\/nouveau-vtc-electrique-winora-tria-x9\\\/\",\"url\":\"https:\\\/\\\/www.cycles-blain.com\\\/fr\\\/magasins-velo\\\/nouveau-vtc-electrique-winora-tria-x9\\\/\",\"name\":\"Nouveau VTC \u00e9lectrique : WINORA TRIA X9 - CyclesBlain - Magasins de v\u00e9los, accessoires et ateliers\",\"isPartOf\":{\"@id\":\"https:\\\/\\\/www.cycles-blain.com\\\/fr\\\/#website\"},\"primaryImageOfPage\":{\"@id\":\"https:\\\/\\\/www.cycles-blain.com\\\/fr\\\/magasins-velo\\\/nouveau-vtc-electrique-winora-tria-x9\\\/#primaryimage\"},\"image\":{\"@id\":\"https:\\\/\\\/www.cycles-blain.com\\\/fr\\\/magasins-velo\\\/nouveau-vtc-electrique-winora-tria-x9\\\/#primaryimage\"},\"thumbnailUrl\":\"https:\\\/\\\/www.cycles-blain.com\\\/fr\\\/wp-content\\\/uploads\\\/2024\\\/09\\\/Design-sans-titre-2-2.png\",\"datePublished\":\"2024-09-19T13:33:25+00:00\",\"dateModified\":\"2024-09-19T13:35:05+00:00\",\"description\":\"Envie de libert\u00e9 ? Venez vite d\u00e9couvrir le nouveau VTC Winora TRIA X9, un v\u00e9lo \u00e9lectrique urbain confortable et polyvalent.\",\"breadcrumb\":{\"@id\":\"https:\\\/\\\/www.cycles-blain.com\\\/fr\\\/magasins-velo\\\/nouveau-vtc-electrique-winora-tria-x9\\\/#breadcrumb\"},\"inLanguage\":\"fr-FR\",\"potentialAction\":[{\"@type\":\"ReadAction\",\"target\":[\"https:\\\/\\\/www.cycles-blain.com\\\/fr\\\/magasins-velo\\\/nouveau-vtc-electrique-winora-tria-x9\\\/\"]}]},{\"@type\":\"ImageObject\",\"inLanguage\":\"fr-FR\",\"@id\":\"https:\\\/\\\/www.cycles-blain.com\\\/fr\\\/magasins-velo\\\/nouveau-vtc-electrique-winora-tria-x9\\\/#primaryimage\",\"url\":\"https:\\\/\\\/www.cycles-blain.com\\\/fr\\\/wp-content\\\/uploads\\\/2024\\\/09\\\/Design-sans-titre-2-2.png\",\"contentUrl\":\"https:\\\/\\\/www.cycles-blain.com\\\/fr\\\/wp-content\\\/uploads\\\/2024\\\/09\\\/Design-sans-titre-2-2.png\",\"width\":400,\"height\":300,\"caption\":\"Winora_Tria_X9\"},{\"@type\":\"BreadcrumbList\",\"@id\":\"https:\\\/\\\/www.cycles-blain.com\\\/fr\\\/magasins-velo\\\/nouveau-vtc-electrique-winora-tria-x9\\\/#breadcrumb\",\"itemListElement\":[{\"@type\":\"ListItem\",\"position\":1,\"name\":\"Accueil\",\"item\":\"https:\\\/\\\/www.cycles-blain.com\\\/fr\\\/\"},{\"@type\":\"ListItem\",\"position\":2,\"name\":\"Nouveau VTC \u00e9lectrique : WINORA TRIA X9\"}]},{\"@type\":\"WebSite\",\"@id\":\"https:\\\/\\\/www.cycles-blain.com\\\/fr\\\/#website\",\"url\":\"https:\\\/\\\/www.cycles-blain.com\\\/fr\\\/\",\"name\":\"CyclesBlain - Magasins de v\u00e9los, accessoires et ateliers\",\"description\":\"Blog Cycles Blain\",\"publisher\":{\"@id\":\"https:\\\/\\\/www.cycles-blain.com\\\/fr\\\/#organization\"},\"potentialAction\":[{\"@type\":\"SearchAction\",\"target\":{\"@type\":\"EntryPoint\",\"urlTemplate\":\"https:\\\/\\\/www.cycles-blain.com\\\/fr\\\/?s={search_term_string}\"},\"query-input\":{\"@type\":\"PropertyValueSpecification\",\"valueRequired\":true,\"valueName\":\"search_term_string\"}}],\"inLanguage\":\"fr-FR\"},{\"@type\":\"Organization\",\"@id\":\"https:\\\/\\\/www.cycles-blain.com\\\/fr\\\/#organization\",\"name\":\"CyclesBlain - Magasins de v\u00e9los, accessoires et ateliers\",\"url\":\"https:\\\/\\\/www.cycles-blain.com\\\/fr\\\/\",\"logo\":{\"@type\":\"ImageObject\",\"inLanguage\":\"fr-FR\",\"@id\":\"https:\\\/\\\/www.cycles-blain.com\\\/fr\\\/#\\\/schema\\\/logo\\\/image\\\/\",\"url\":\"https:\\\/\\\/www.cycles-blain.com\\\/fr\\\/wp-content\\\/uploads\\\/2023\\\/10\\\/logo-cycles-blain.jpeg\",\"contentUrl\":\"https:\\\/\\\/www.cycles-blain.com\\\/fr\\\/wp-content\\\/uploads\\\/2023\\\/10\\\/logo-cycles-blain.jpeg\",\"width\":264,\"height\":191,\"caption\":\"CyclesBlain - Magasins de v\u00e9los, accessoires et ateliers\"},\"image\":{\"@id\":\"https:\\\/\\\/www.cycles-blain.com\\\/fr\\\/#\\\/schema\\\/logo\\\/image\\\/\"},\"sameAs\":[\"https:\\\/\\\/www.facebook.com\\\/cyclesblain\\\/?locale=fr_FR\",\"https:\\\/\\\/www.instagram.com\\\/cycles_blain\\\/?hl=fr\"]},{\"@type\":\"Person\",\"@id\":\"https:\\\/\\\/www.cycles-blain.com\\\/fr\\\/#\\\/schema\\\/person\\\/2e532610e6e45d290a29e480c00cc742\",\"name\":\"Lou-Anne\",\"image\":{\"@type\":\"ImageObject\",\"inLanguage\":\"fr-FR\",\"@id\":\"https:\\\/\\\/secure.gravatar.com\\\/avatar\\\/fc66047eecb12b1dd0e5dd77ae839eef6f5705cede9df1aa88eec9ecfd50b1ab?s=96&d=mm&r=g\",\"url\":\"https:\\\/\\\/secure.gravatar.com\\\/avatar\\\/fc66047eecb12b1dd0e5dd77ae839eef6f5705cede9df1aa88eec9ecfd50b1ab?s=96&d=mm&r=g\",\"contentUrl\":\"https:\\\/\\\/secure.gravatar.com\\\/avatar\\\/fc66047eecb12b1dd0e5dd77ae839eef6f5705cede9df1aa88eec9ecfd50b1ab?s=96&d=mm&r=g\",\"caption\":\"Lou-Anne\"},\"url\":\"https:\\\/\\\/www.cycles-blain.com\\\/fr\\\/author\\\/lou-anne\\\/\"}]}<\/script>\n<!-- \/ Yoast SEO plugin. -->","yoast_head_json":{"title":"Nouveau VTC \u00e9lectrique : WINORA TRIA X9 - CyclesBlain - Magasins de v\u00e9los, accessoires et ateliers","description":"Envie de libert\u00e9 ? Venez vite d\u00e9couvrir le nouveau VTC Winora TRIA X9, un v\u00e9lo \u00e9lectrique urbain confortable et polyvalent.","robots":{"index":"index","follow":"follow","max-snippet":"max-snippet:-1","max-image-preview":"max-image-preview:large","max-video-preview":"max-video-preview:-1"},"canonical":"https:\/\/www.cycles-blain.com\/fr\/magasins-velo\/nouveau-vtc-electrique-winora-tria-x9\/","og_locale":"fr_FR","og_type":"article","og_title":"Nouveau VTC \u00e9lectrique : WINORA TRIA X9 - CyclesBlain - Magasins de v\u00e9los, accessoires et ateliers","og_description":"Envie de libert\u00e9 ? Venez vite d\u00e9couvrir le nouveau VTC Winora TRIA X9, un v\u00e9lo \u00e9lectrique urbain confortable et polyvalent.","og_url":"https:\/\/www.cycles-blain.com\/fr\/magasins-velo\/nouveau-vtc-electrique-winora-tria-x9\/","og_site_name":"CyclesBlain - Magasins de v\u00e9los, accessoires et ateliers","article_publisher":"https:\/\/www.facebook.com\/cyclesblain\/?locale=fr_FR","article_published_time":"2024-09-19T13:33:25+00:00","article_modified_time":"2024-09-19T13:35:05+00:00","og_image":[{"width":400,"height":300,"url":"https:\/\/www.cycles-blain.com\/fr\/wp-content\/uploads\/2024\/09\/Design-sans-titre-2-2.png","type":"image\/png"}],"author":"Lou-Anne","twitter_card":"summary_large_image","twitter_misc":{"\u00c9crit par":"Lou-Anne","Dur\u00e9e de lecture estim\u00e9e":"2 minutes"},"schema":{"@context":"https:\/\/schema.org","@graph":[{"@type":"Article","@id":"https:\/\/www.cycles-blain.com\/fr\/magasins-velo\/nouveau-vtc-electrique-winora-tria-x9\/#article","isPartOf":{"@id":"https:\/\/www.cycles-blain.com\/fr\/magasins-velo\/nouveau-vtc-electrique-winora-tria-x9\/"},"author":{"name":"Lou-Anne","@id":"https:\/\/www.cycles-blain.com\/fr\/#\/schema\/person\/2e532610e6e45d290a29e480c00cc742"},"headline":"Nouveau VTC \u00e9lectrique : WINORA TRIA X9","datePublished":"2024-09-19T13:33:25+00:00","dateModified":"2024-09-19T13:35:05+00:00","mainEntityOfPage":{"@id":"https:\/\/www.cycles-blain.com\/fr\/magasins-velo\/nouveau-vtc-electrique-winora-tria-x9\/"},"wordCount":323,"commentCount":0,"publisher":{"@id":"https:\/\/www.cycles-blain.com\/fr\/#organization"},"image":{"@id":"https:\/\/www.cycles-blain.com\/fr\/magasins-velo\/nouveau-vtc-electrique-winora-tria-x9\/#primaryimage"},"thumbnailUrl":"https:\/\/www.cycles-blain.com\/fr\/wp-content\/uploads\/2024\/09\/Design-sans-titre-2-2.png","articleSection":["Actus Magasins","Actus V\u00e9lo","Magasin Brignais","Magasin Craponne","Magasin Lyon Centre","Magasin St Priest","Magasin Vienne","Magasin Vienne Sud","Magasin-CyclesVeran","Magasin-Ecully","Magasin-Lyon6","Magasin-Oullins","V\u00e9lo Electrique","VTC Electrique"],"inLanguage":"fr-FR","potentialAction":[{"@type":"CommentAction","name":"Comment","target":["https:\/\/www.cycles-blain.com\/fr\/magasins-velo\/nouveau-vtc-electrique-winora-tria-x9\/#respond"]}]},{"@type":"WebPage","@id":"https:\/\/www.cycles-blain.com\/fr\/magasins-velo\/nouveau-vtc-electrique-winora-tria-x9\/","url":"https:\/\/www.cycles-blain.com\/fr\/magasins-velo\/nouveau-vtc-electrique-winora-tria-x9\/","name":"Nouveau VTC \u00e9lectrique : WINORA TRIA X9 - CyclesBlain - Magasins de v\u00e9los, accessoires et ateliers","isPartOf":{"@id":"https:\/\/www.cycles-blain.com\/fr\/#website"},"primaryImageOfPage":{"@id":"https:\/\/www.cycles-blain.com\/fr\/magasins-velo\/nouveau-vtc-electrique-winora-tria-x9\/#primaryimage"},"image":{"@id":"https:\/\/www.cycles-blain.com\/fr\/magasins-velo\/nouveau-vtc-electrique-winora-tria-x9\/#primaryimage"},"thumbnailUrl":"https:\/\/www.cycles-blain.com\/fr\/wp-content\/uploads\/2024\/09\/Design-sans-titre-2-2.png","datePublished":"2024-09-19T13:33:25+00:00","dateModified":"2024-09-19T13:35:05+00:00","description":"Envie de libert\u00e9 ? Venez vite d\u00e9couvrir le nouveau VTC Winora TRIA X9, un v\u00e9lo \u00e9lectrique urbain confortable et polyvalent.","breadcrumb":{"@id":"https:\/\/www.cycles-blain.com\/fr\/magasins-velo\/nouveau-vtc-electrique-winora-tria-x9\/#breadcrumb"},"inLanguage":"fr-FR","potentialAction":[{"@type":"ReadAction","target":["https:\/\/www.cycles-blain.com\/fr\/magasins-velo\/nouveau-vtc-electrique-winora-tria-x9\/"]}]},{"@type":"ImageObject","inLanguage":"fr-FR","@id":"https:\/\/www.cycles-blain.com\/fr\/magasins-velo\/nouveau-vtc-electrique-winora-tria-x9\/#primaryimage","url":"https:\/\/www.cycles-blain.com\/fr\/wp-content\/uploads\/2024\/09\/Design-sans-titre-2-2.png","contentUrl":"https:\/\/www.cycles-blain.com\/fr\/wp-content\/uploads\/2024\/09\/Design-sans-titre-2-2.png","width":400,"height":300,"caption":"Winora_Tria_X9"},{"@type":"BreadcrumbList","@id":"https:\/\/www.cycles-blain.com\/fr\/magasins-velo\/nouveau-vtc-electrique-winora-tria-x9\/#breadcrumb","itemListElement":[{"@type":"ListItem","position":1,"name":"Accueil","item":"https:\/\/www.cycles-blain.com\/fr\/"},{"@type":"ListItem","position":2,"name":"Nouveau VTC \u00e9lectrique : WINORA TRIA X9"}]},{"@type":"WebSite","@id":"https:\/\/www.cycles-blain.com\/fr\/#website","url":"https:\/\/www.cycles-blain.com\/fr\/","name":"CyclesBlain - Magasins de v\u00e9los, accessoires et ateliers","description":"Blog Cycles Blain","publisher":{"@id":"https:\/\/www.cycles-blain.com\/fr\/#organization"},"potentialAction":[{"@type":"SearchAction","target":{"@type":"EntryPoint","urlTemplate":"https:\/\/www.cycles-blain.com\/fr\/?s={search_term_string}"},"query-input":{"@type":"PropertyValueSpecification","valueRequired":true,"valueName":"search_term_string"}}],"inLanguage":"fr-FR"},{"@type":"Organization","@id":"https:\/\/www.cycles-blain.com\/fr\/#organization","name":"CyclesBlain - Magasins de v\u00e9los, accessoires et ateliers","url":"https:\/\/www.cycles-blain.com\/fr\/","logo":{"@type":"ImageObject","inLanguage":"fr-FR","@id":"https:\/\/www.cycles-blain.com\/fr\/#\/schema\/logo\/image\/","url":"https:\/\/www.cycles-blain.com\/fr\/wp-content\/uploads\/2023\/10\/logo-cycles-blain.jpeg","contentUrl":"https:\/\/www.cycles-blain.com\/fr\/wp-content\/uploads\/2023\/10\/logo-cycles-blain.jpeg","width":264,"height":191,"caption":"CyclesBlain - Magasins de v\u00e9los, accessoires et ateliers"},"image":{"@id":"https:\/\/www.cycles-blain.com\/fr\/#\/schema\/logo\/image\/"},"sameAs":["https:\/\/www.facebook.com\/cyclesblain\/?locale=fr_FR","https:\/\/www.instagram.com\/cycles_blain\/?hl=fr"]},{"@type":"Person","@id":"https:\/\/www.cycles-blain.com\/fr\/#\/schema\/person\/2e532610e6e45d290a29e480c00cc742","name":"Lou-Anne","image":{"@type":"ImageObject","inLanguage":"fr-FR","@id":"https:\/\/secure.gravatar.com\/avatar\/fc66047eecb12b1dd0e5dd77ae839eef6f5705cede9df1aa88eec9ecfd50b1ab?s=96&d=mm&r=g","url":"https:\/\/secure.gravatar.com\/avatar\/fc66047eecb12b1dd0e5dd77ae839eef6f5705cede9df1aa88eec9ecfd50b1ab?s=96&d=mm&r=g","contentUrl":"https:\/\/secure.gravatar.com\/avatar\/fc66047eecb12b1dd0e5dd77ae839eef6f5705cede9df1aa88eec9ecfd50b1ab?s=96&d=mm&r=g","caption":"Lou-Anne"},"url":"https:\/\/www.cycles-blain.com\/fr\/author\/lou-anne\/"}]}},"_links":{"self":[{"href":"https:\/\/www.cycles-blain.com\/fr\/wp-json\/wp\/v2\/posts\/8061","targetHints":{"allow":["GET"]}}],"collection":[{"href":"https:\/\/www.cycles-blain.com\/fr\/wp-json\/wp\/v2\/posts"}],"about":[{"href":"https:\/\/www.cycles-blain.com\/fr\/wp-json\/wp\/v2\/types\/post"}],"author":[{"embeddable":true,"href":"https:\/\/www.cycles-blain.com\/fr\/wp-json\/wp\/v2\/users\/4"}],"replies":[{"embeddable":true,"href":"https:\/\/www.cycles-blain.com\/fr\/wp-json\/wp\/v2\/comments?post=8061"}],"version-history":[{"count":121,"href":"https:\/\/www.cycles-blain.com\/fr\/wp-json\/wp\/v2\/posts\/8061\/revisions"}],"predecessor-version":[{"id":8189,"href":"https:\/\/www.cycles-blain.com\/fr\/wp-json\/wp\/v2\/posts\/8061\/revisions\/8189"}],"wp:featuredmedia":[{"embeddable":true,"href":"https:\/\/www.cycles-blain.com\/fr\/wp-json\/wp\/v2\/media\/8064"}],"wp:attachment":[{"href":"https:\/\/www.cycles-blain.com\/fr\/wp-json\/wp\/v2\/media?parent=8061"}],"wp:term":[{"taxonomy":"category","embeddable":true,"href":"https:\/\/www.cycles-blain.com\/fr\/wp-json\/wp\/v2\/categories?post=8061"},{"taxonomy":"post_tag","embeddable":true,"href":"https:\/\/www.cycles-blain.com\/fr\/wp-json\/wp\/v2\/tags?post=8061"}],"curies":[{"name":"wp","href":"https:\/\/api.w.org\/{rel}","templated":true}]}}