{"id":8460,"date":"2024-10-01T00:01:00","date_gmt":"2024-09-30T22:01:00","guid":{"rendered":"https:\/\/www.cycles-blain.com\/fr\/?p=8460"},"modified":"2024-10-03T16:25:41","modified_gmt":"2024-10-03T14:25:41","slug":"offre-speciale-sur-les-velos-liv","status":"publish","type":"post","link":"https:\/\/www.cycles-blain.com\/fr\/magasins-velo\/offre-speciale-sur-les-velos-liv\/","title":{"rendered":"Offre sp\u00e9ciale sur les v\u00e9los LIV !"},"content":{"rendered":"\t\t<div data-elementor-type=\"wp-post\" data-elementor-id=\"8460\" class=\"elementor elementor-8460\" data-elementor-post-type=\"post\">\n\t\t\t\t<div class=\"elementor-element elementor-element-924c767 e-flex e-con-boxed e-con e-parent\" data-id=\"924c767\" data-element_type=\"container\" data-e-type=\"container\">\n\t\t\t\t\t<div class=\"e-con-inner\">\n\t\t\t\t<div class=\"elementor-element elementor-element-e990eee elementor-widget elementor-widget-text-editor\" data-id=\"e990eee\" data-element_type=\"widget\" data-e-type=\"widget\" data-widget_type=\"text-editor.default\">\n\t\t\t\t<div class=\"elementor-widget-container\">\n\t\t\t\t\t\t\t\t\t<p>Cycles Blain vous propose une superbe offre \u00e0 l&rsquo;occasion du mois d&rsquo;Octobre rose ! -10% sur tous les v\u00e9los LIV en stock hors promo en cours. Cette offre sp\u00e9ciale \u00ab\u00a0Octobre Rose\u00a0\u00bb concerne tous les types de v\u00e9los : VTT \/ V\u00e9lo de route \/ VTC&#8230;, v\u00e9los \u00e9lectriques femmes et musculaires en magasins et sur Internet jusqu&rsquo;au 31\/10\/2024 inclus.<\/p><h4>Voici quelques p\u00e9pites que vous retrouverez \u00e0 -10% :<\/h4><ul><li>V\u00e9lo de route femme\u00a0<a href=\"https:\/\/www.cycles-blain.com\/velo-route-musculaire\/195-100-langma-advanced-pro-0-disc-pc-liv-4712878951570.html#\/1-taille_cadre-s\">LANGMA ADVANCED PRO 0 DISC-PC\u00a0<\/a><\/li><li>V\u00e9lo de route femme\u00a0<a href=\"https:\/\/www.cycles-blain.com\/velo-route-musculaire\/170-avail-advanced-2-liv-4712878947627.html\">AVAIL ADVANCED 2<\/a><\/li><li>VTT \u00e9lectrique femme\u00a0<a href=\"https:\/\/www.cycles-blain.com\/vtt-electrique-vttae\/206-103-vall-e-2-liv-4712878704879.html#\/2-taille_cadre-m\">VALL-E+2<\/a><\/li><li>V\u00e9lo de ville \u00e9lectrique femme\u00a0\u00a0<a href=\"https:\/\/www.cycles-blain.com\/velo-ville-electrique\/163-89-allure-e-2-liv-4712878737389.html#\/54-taille_cadre-xs\">ALLURE E+ 2<\/a><\/li><\/ul>\t\t\t\t\t\t\t\t<\/div>\n\t\t\t\t<\/div>\n\t\t\t\t<div class=\"elementor-element elementor-element-359eb1a elementor-align-center elementor-widget elementor-widget-button\" data-id=\"359eb1a\" data-element_type=\"widget\" data-e-type=\"widget\" data-widget_type=\"button.default\">\n\t\t\t\t<div class=\"elementor-widget-container\">\n\t\t\t\t\t\t\t\t\t<div class=\"elementor-button-wrapper\">\n\t\t\t\t\t<a class=\"elementor-button elementor-button-link elementor-size-sm\" href=\"https:\/\/www.cycles-blain.com\/8-velo-neufs?q=Marque-Liv\/Offres+Sp%C3%A9ciales-Octobre+Rose\" target=\"_blank\">\n\t\t\t\t\t\t<span class=\"elementor-button-content-wrapper\">\n\t\t\t\t\t\t\t\t\t<span class=\"elementor-button-text\">Je d\u00e9couvre les v\u00e9los Liv<\/span>\n\t\t\t\t\t<\/span>\n\t\t\t\t\t<\/a>\n\t\t\t\t<\/div>\n\t\t\t\t\t\t\t\t<\/div>\n\t\t\t\t<\/div>\n\t\t\t\t\t<\/div>\n\t\t\t\t<\/div>\n\t\t<div class=\"elementor-element elementor-element-3d0b733 e-flex e-con-boxed e-con e-parent\" data-id=\"3d0b733\" data-element_type=\"container\" data-e-type=\"container\">\n\t\t\t\t\t<div class=\"e-con-inner\">\n\t\t<div class=\"elementor-element elementor-element-c86ffc8 e-con-full e-flex e-con e-child\" data-id=\"c86ffc8\" data-element_type=\"container\" data-e-type=\"container\">\n\t\t\t\t<div class=\"elementor-element elementor-element-f03ac21 elementor-widget elementor-widget-image\" data-id=\"f03ac21\" data-element_type=\"widget\" data-e-type=\"widget\" data-widget_type=\"image.default\">\n\t\t\t\t<div class=\"elementor-widget-container\">\n\t\t\t\t\t\t\t\t\t\t\t\t\t\t\t\t<a href=\"https:\/\/www.cycles-blain.com\/velo-route-musculaire\/195-100-langma-advanced-pro-0-disc-pc-liv-4712878951570.html#\/1-taille_cadre-s\">\n\t\t\t\t\t\t\t<img fetchpriority=\"high\" decoding=\"async\" width=\"300\" height=\"300\" src=\"https:\/\/www.cycles-blain.com\/fr\/wp-content\/uploads\/2024\/09\/langma-advanced-pro-0-disc-pc-liv-300x300.jpeg\" class=\"attachment-medium size-medium wp-image-8666\" alt=\"\" srcset=\"https:\/\/www.cycles-blain.com\/fr\/wp-content\/uploads\/2024\/09\/langma-advanced-pro-0-disc-pc-liv-300x300.jpeg 300w, https:\/\/www.cycles-blain.com\/fr\/wp-content\/uploads\/2024\/09\/langma-advanced-pro-0-disc-pc-liv-150x150.jpeg 150w, https:\/\/www.cycles-blain.com\/fr\/wp-content\/uploads\/2024\/09\/langma-advanced-pro-0-disc-pc-liv-768x768.jpeg 768w, https:\/\/www.cycles-blain.com\/fr\/wp-content\/uploads\/2024\/09\/langma-advanced-pro-0-disc-pc-liv.jpeg 900w\" sizes=\"(max-width: 300px) 100vw, 300px\" \/>\t\t\t\t\t\t\t\t<\/a>\n\t\t\t\t\t\t\t\t\t\t\t\t\t\t\t<\/div>\n\t\t\t\t<\/div>\n\t\t\t\t<\/div>\n\t\t<div class=\"elementor-element elementor-element-63454dc e-con-full e-flex e-con e-child\" data-id=\"63454dc\" data-element_type=\"container\" data-e-type=\"container\">\n\t\t\t\t<div class=\"elementor-element elementor-element-4de67f9 elementor-widget elementor-widget-image\" data-id=\"4de67f9\" data-element_type=\"widget\" data-e-type=\"widget\" data-widget_type=\"image.default\">\n\t\t\t\t<div class=\"elementor-widget-container\">\n\t\t\t\t\t\t\t\t\t\t\t\t\t\t\t\t<a href=\"https:\/\/www.cycles-blain.com\/velo-route-musculaire\/170-412-avail-advanced-2-liv-4712878947627.html#\/54-taille_cadre-xs\">\n\t\t\t\t\t\t\t<img decoding=\"async\" width=\"300\" height=\"300\" src=\"https:\/\/www.cycles-blain.com\/fr\/wp-content\/uploads\/2024\/09\/avail-advanced-2-liv-300x300.jpeg\" class=\"attachment-medium size-medium wp-image-8665\" alt=\"\" srcset=\"https:\/\/www.cycles-blain.com\/fr\/wp-content\/uploads\/2024\/09\/avail-advanced-2-liv-300x300.jpeg 300w, https:\/\/www.cycles-blain.com\/fr\/wp-content\/uploads\/2024\/09\/avail-advanced-2-liv-150x150.jpeg 150w, https:\/\/www.cycles-blain.com\/fr\/wp-content\/uploads\/2024\/09\/avail-advanced-2-liv-768x768.jpeg 768w, https:\/\/www.cycles-blain.com\/fr\/wp-content\/uploads\/2024\/09\/avail-advanced-2-liv.jpeg 900w\" sizes=\"(max-width: 300px) 100vw, 300px\" \/>\t\t\t\t\t\t\t\t<\/a>\n\t\t\t\t\t\t\t\t\t\t\t\t\t\t\t<\/div>\n\t\t\t\t<\/div>\n\t\t\t\t<\/div>\n\t\t<div class=\"elementor-element elementor-element-f12dc60 e-con-full e-flex e-con e-child\" data-id=\"f12dc60\" data-element_type=\"container\" data-e-type=\"container\">\n\t\t\t\t<div class=\"elementor-element elementor-element-3a58989 elementor-widget elementor-widget-image\" data-id=\"3a58989\" data-element_type=\"widget\" data-e-type=\"widget\" data-widget_type=\"image.default\">\n\t\t\t\t<div class=\"elementor-widget-container\">\n\t\t\t\t\t\t\t\t\t\t\t\t\t\t\t\t<a href=\"https:\/\/www.cycles-blain.com\/vtt-electrique-vttae\/206-103-vall-e-2-liv-4712878704879.html#\/2-taille_cadre-m\">\n\t\t\t\t\t\t\t<img decoding=\"async\" width=\"900\" height=\"900\" src=\"https:\/\/www.cycles-blain.com\/fr\/wp-content\/uploads\/2024\/09\/vall-e-2-liv.jpeg\" class=\"attachment-large size-large wp-image-8650\" alt=\"\" srcset=\"https:\/\/www.cycles-blain.com\/fr\/wp-content\/uploads\/2024\/09\/vall-e-2-liv.jpeg 900w, https:\/\/www.cycles-blain.com\/fr\/wp-content\/uploads\/2024\/09\/vall-e-2-liv-300x300.jpeg 300w, https:\/\/www.cycles-blain.com\/fr\/wp-content\/uploads\/2024\/09\/vall-e-2-liv-150x150.jpeg 150w, https:\/\/www.cycles-blain.com\/fr\/wp-content\/uploads\/2024\/09\/vall-e-2-liv-768x768.jpeg 768w\" sizes=\"(max-width: 900px) 100vw, 900px\" \/>\t\t\t\t\t\t\t\t<\/a>\n\t\t\t\t\t\t\t\t\t\t\t\t\t\t\t<\/div>\n\t\t\t\t<\/div>\n\t\t\t\t<\/div>\n\t\t<div class=\"elementor-element elementor-element-6ef2018 e-con-full e-flex e-con e-child\" data-id=\"6ef2018\" data-element_type=\"container\" data-e-type=\"container\">\n\t\t\t\t<div class=\"elementor-element elementor-element-f6a46d6 elementor-widget elementor-widget-image\" data-id=\"f6a46d6\" data-element_type=\"widget\" data-e-type=\"widget\" data-widget_type=\"image.default\">\n\t\t\t\t<div class=\"elementor-widget-container\">\n\t\t\t\t\t\t\t\t\t\t\t\t\t\t\t\t<a href=\"https:\/\/www.cycles-blain.com\/velo-ville-electrique\/163-allure-e-2-liv-4712878737389.html\">\n\t\t\t\t\t\t\t<img loading=\"lazy\" decoding=\"async\" width=\"300\" height=\"300\" src=\"https:\/\/www.cycles-blain.com\/fr\/wp-content\/uploads\/2024\/09\/ALLURE-E-2--300x300.jpeg\" class=\"attachment-medium size-medium wp-image-8664\" alt=\"ALLURE E+ 2 LIV\" srcset=\"https:\/\/www.cycles-blain.com\/fr\/wp-content\/uploads\/2024\/09\/ALLURE-E-2--300x300.jpeg 300w, https:\/\/www.cycles-blain.com\/fr\/wp-content\/uploads\/2024\/09\/ALLURE-E-2--150x150.jpeg 150w, https:\/\/www.cycles-blain.com\/fr\/wp-content\/uploads\/2024\/09\/ALLURE-E-2--768x768.jpeg 768w, https:\/\/www.cycles-blain.com\/fr\/wp-content\/uploads\/2024\/09\/ALLURE-E-2-.jpeg 900w\" sizes=\"(max-width: 300px) 100vw, 300px\" \/>\t\t\t\t\t\t\t\t<\/a>\n\t\t\t\t\t\t\t\t\t\t\t\t\t\t\t<\/div>\n\t\t\t\t<\/div>\n\t\t\t\t<\/div>\n\t\t\t\t\t<\/div>\n\t\t\t\t<\/div>\n\t\t<div class=\"elementor-element elementor-element-00f22a7 e-flex e-con-boxed e-con e-parent\" data-id=\"00f22a7\" data-element_type=\"container\" data-e-type=\"container\">\n\t\t\t\t\t<div class=\"e-con-inner\">\n\t\t\t\t<div class=\"elementor-element elementor-element-f6ca2b9 elementor-widget elementor-widget-text-editor\" data-id=\"f6ca2b9\" data-element_type=\"widget\" data-e-type=\"widget\" data-widget_type=\"text-editor.default\">\n\t\t\t\t<div class=\"elementor-widget-container\">\n\t\t\t\t\t\t\t\t\t<h4>LIV, la marque de v\u00e9los pour femmes !<\/h4><p>LIV c&rsquo;est LA marque de v\u00e9los qui confectionne, ajuste et d\u00e9veloppe des v\u00e9los \u00e0 partir des donn\u00e9es sur les femmes, mais aussi avec des femmes qui pratiquent le v\u00e9lo. Ce sont des v\u00e9los sp\u00e9cialement con\u00e7u pour r\u00e9pondre aux attentes des femmes alliant confort, performance et esth\u00e9tisme. C&rsquo;est pourquoi il paraissait \u00e9vident pour nous de vous proposer un offre sp\u00e9ciale LIV pour ce mois <a href=\"https:\/\/www.cycles-blain.com\/fr\/magasins-velo\/octobre-rose\/\">d&rsquo;octobre rose<\/a>.\u00a0<\/p><h4>Pourquoi un v\u00e9lo Liv ?<\/h4><ul><li><strong>Une conception ergonomique :<\/strong> LIV propose des cadres adapt\u00e9s \u00e0 la morphologie f\u00e9minine, offrant ainsi une position de conduite plus confortable et efficace.\u00a0<\/li><li><strong>Technologies avanc\u00e9es :<\/strong> Les v\u00e9los sont \u00e9quip\u00e9s des derni\u00e8res\u00a0innovations avec des mat\u00e9riaux l\u00e9ger et puissants\u00a0<\/li><li><strong>Design \u00e9l\u00e9gant : <\/strong>Chaque design est con\u00e7u avec le soucis du d\u00e9tail\u00a0<\/li><\/ul>\t\t\t\t\t\t\t\t<\/div>\n\t\t\t\t<\/div>\n\t\t\t\t\t<\/div>\n\t\t\t\t<\/div>\n\t\t<div class=\"elementor-element elementor-element-33bf41c e-flex e-con-boxed e-con e-parent\" data-id=\"33bf41c\" data-element_type=\"container\" data-e-type=\"container\">\n\t\t\t\t\t<div class=\"e-con-inner\">\n\t\t\t\t<div class=\"elementor-element elementor-element-953763c elementor-widget elementor-widget-heading\" data-id=\"953763c\" data-element_type=\"widget\" data-e-type=\"widget\" data-widget_type=\"heading.default\">\n\t\t\t\t<div class=\"elementor-widget-container\">\n\t\t\t\t\t<h3 class=\"elementor-heading-title elementor-size-default\">Soutenons Octobre Rose !<\/h3>\t\t\t\t<\/div>\n\t\t\t\t<\/div>\n\t\t\t\t\t<\/div>\n\t\t\t\t<\/div>\n\t\t<div class=\"elementor-element elementor-element-11765f6 e-flex e-con-boxed e-con e-parent\" data-id=\"11765f6\" data-element_type=\"container\" data-e-type=\"container\">\n\t\t\t\t\t<div class=\"e-con-inner\">\n\t\t\t\t<div class=\"elementor-element elementor-element-e7e5e38 elementor-widget elementor-widget-text-editor\" data-id=\"e7e5e38\" data-element_type=\"widget\" data-e-type=\"widget\" data-widget_type=\"text-editor.default\">\n\t\t\t\t<div class=\"elementor-widget-container\">\n\t\t\t\t\t\t\t\t\t<p>Pour soutenir la lutte contre le cancer du sein \u00e0 l&rsquo;occasion d&rsquo;Octobre Rose, les magasins CYCLES BLAIN vous proposent une cagnotte ainsi qu&rsquo;une sortie v\u00e9lo le 12 octobre 2024.<\/p>\t\t\t\t\t\t\t\t<\/div>\n\t\t\t\t<\/div>\n\t\t\t\t\t<\/div>\n\t\t\t\t<\/div>\n\t\t<div class=\"elementor-element elementor-element-83ca5ce e-flex e-con-boxed e-con e-parent\" data-id=\"83ca5ce\" data-element_type=\"container\" data-e-type=\"container\">\n\t\t\t\t\t<div class=\"e-con-inner\">\n\t\t\t\t<div class=\"elementor-element elementor-element-12bfdae elementor-align-center elementor-widget elementor-widget-button\" data-id=\"12bfdae\" data-element_type=\"widget\" data-e-type=\"widget\" data-widget_type=\"button.default\">\n\t\t\t\t<div class=\"elementor-widget-container\">\n\t\t\t\t\t\t\t\t\t<div class=\"elementor-button-wrapper\">\n\t\t\t\t\t<a class=\"elementor-button elementor-button-link elementor-size-sm\" href=\"https:\/\/www.cycles-blain.com\/fr\/magasins-velo\/octobre-rose\/\">\n\t\t\t\t\t\t<span class=\"elementor-button-content-wrapper\">\n\t\t\t\t\t\t<span class=\"elementor-button-icon\">\n\t\t\t\t<i aria-hidden=\"true\" class=\"fas fa-hand-holding-heart\"><\/i>\t\t\t<\/span>\n\t\t\t\t\t\t\t\t\t<span class=\"elementor-button-text\">Voir notre action pour Octobre Rose<\/span>\n\t\t\t\t\t<\/span>\n\t\t\t\t\t<\/a>\n\t\t\t\t<\/div>\n\t\t\t\t\t\t\t\t<\/div>\n\t\t\t\t<\/div>\n\t\t\t\t\t<\/div>\n\t\t\t\t<\/div>\n\t\t\t\t<\/div>\n\t\t","protected":false},"excerpt":{"rendered":"<p>Cycles Blain vous propose une superbe offre \u00e0 l&rsquo;occasion du mois d&rsquo;Octobre rose ! -10% sur tous les v\u00e9los LIV en stock hors promo en cours. Cette offre sp\u00e9ciale \u00ab\u00a0Octobre Rose\u00a0\u00bb concerne tous les types de v\u00e9los : VTT \/ V\u00e9lo de route \/ VTC&#8230;, v\u00e9los \u00e9lectriques femmes et musculaires en magasins et sur Internet [&hellip;]<\/p>\n","protected":false},"author":4,"featured_media":8477,"comment_status":"open","ping_status":"open","sticky":false,"template":"","format":"standard","meta":{"site-sidebar-layout":"default","site-content-layout":"","ast-site-content-layout":"default","site-content-style":"default","site-sidebar-style":"default","ast-global-header-display":"","ast-banner-title-visibility":"","ast-main-header-display":"","ast-hfb-above-header-display":"","ast-hfb-below-header-display":"","ast-hfb-mobile-header-display":"","site-post-title":"","ast-breadcrumbs-content":"","ast-featured-img":"","footer-sml-layout":"","theme-transparent-header-meta":"","adv-header-id-meta":"","stick-header-meta":"","header-above-stick-meta":"","header-main-stick-meta":"","header-below-stick-meta":"","astra-migrate-meta-layouts":"set","ast-page-background-enabled":"default","ast-page-background-meta":{"desktop":{"background-color":"","background-image":"","background-repeat":"repeat","background-position":"center center","background-size":"auto","background-attachment":"scroll","background-type":"","background-media":"","overlay-type":"","overlay-color":"","overlay-gradient":""},"tablet":{"background-color":"","background-image":"","background-repeat":"repeat","background-position":"center center","background-size":"auto","background-attachment":"scroll","background-type":"","background-media":"","overlay-type":"","overlay-color":"","overlay-gradient":""},"mobile":{"background-color":"","background-image":"","background-repeat":"repeat","background-position":"center center","background-size":"auto","background-attachment":"scroll","background-type":"","background-media":"","overlay-type":"","overlay-color":"","overlay-gradient":""}},"ast-content-background-meta":{"desktop":{"background-color":"var(--ast-global-color-5)","background-image":"","background-repeat":"repeat","background-position":"center center","background-size":"auto","background-attachment":"scroll","background-type":"","background-media":"","overlay-type":"","overlay-color":"","overlay-gradient":""},"tablet":{"background-color":"var(--ast-global-color-5)","background-image":"","background-repeat":"repeat","background-position":"center center","background-size":"auto","background-attachment":"scroll","background-type":"","background-media":"","overlay-type":"","overlay-color":"","overlay-gradient":""},"mobile":{"background-color":"var(--ast-global-color-5)","background-image":"","background-repeat":"repeat","background-position":"center center","background-size":"auto","background-attachment":"scroll","background-type":"","background-media":"","overlay-type":"","overlay-color":"","overlay-gradient":""}},"footnotes":""},"categories":[6,7,44,37,76,16],"tags":[262],"class_list":["post-8460","post","type-post","status-publish","format-standard","has-post-thumbnail","hentry","category-magasins-velo","category-magasin-brignais","category-magasin-lyon-3","category-magasin-saint-priest","category-magasin-vienne","category-promotions-velo","tag-liv"],"yoast_head":"<!-- This site is optimized with the Yoast SEO plugin v27.5 - https:\/\/yoast.com\/product\/yoast-seo-wordpress\/ -->\n<title>Offre sp\u00e9ciale sur les v\u00e9los LIV ! - CyclesBlain - Magasins de v\u00e9los, accessoires et ateliers<\/title>\n<meta name=\"description\" content=\"Offre sp\u00e9ciale Liv \u00e0 l&#039;occasion d&#039;octobre rose ! Nous vous offrons -10% sur une s\u00e9lection de v\u00e9los LIV femmes.\" \/>\n<meta name=\"robots\" content=\"index, follow, max-snippet:-1, max-image-preview:large, max-video-preview:-1\" \/>\n<link rel=\"canonical\" href=\"https:\/\/www.cycles-blain.com\/fr\/magasins-velo\/offre-speciale-sur-les-velos-liv\/\" \/>\n<meta property=\"og:locale\" content=\"fr_FR\" \/>\n<meta property=\"og:type\" content=\"article\" \/>\n<meta property=\"og:title\" content=\"Offre sp\u00e9ciale sur les v\u00e9los LIV ! - CyclesBlain - Magasins de v\u00e9los, accessoires et ateliers\" \/>\n<meta property=\"og:description\" content=\"Offre sp\u00e9ciale Liv \u00e0 l&#039;occasion d&#039;octobre rose ! Nous vous offrons -10% sur une s\u00e9lection de v\u00e9los LIV femmes.\" \/>\n<meta property=\"og:url\" content=\"https:\/\/www.cycles-blain.com\/fr\/magasins-velo\/offre-speciale-sur-les-velos-liv\/\" \/>\n<meta property=\"og:site_name\" content=\"CyclesBlain - Magasins de v\u00e9los, accessoires et ateliers\" \/>\n<meta property=\"article:publisher\" content=\"https:\/\/www.facebook.com\/cyclesblain\/?locale=fr_FR\" \/>\n<meta property=\"article:published_time\" content=\"2024-09-30T22:01:00+00:00\" \/>\n<meta property=\"article:modified_time\" content=\"2024-10-03T14:25:41+00:00\" \/>\n<meta property=\"og:image\" content=\"https:\/\/www.cycles-blain.com\/fr\/wp-content\/uploads\/2024\/09\/600400-OP-LIV-2-2.png\" \/>\n\t<meta property=\"og:image:width\" content=\"600\" \/>\n\t<meta property=\"og:image:height\" content=\"400\" \/>\n\t<meta property=\"og:image:type\" content=\"image\/png\" \/>\n<meta name=\"author\" content=\"Lou-Anne\" \/>\n<meta name=\"twitter:card\" content=\"summary_large_image\" \/>\n<meta name=\"twitter:label1\" content=\"\u00c9crit par\" \/>\n\t<meta name=\"twitter:data1\" content=\"Lou-Anne\" \/>\n\t<meta name=\"twitter:label2\" content=\"Dur\u00e9e de lecture estim\u00e9e\" \/>\n\t<meta name=\"twitter:data2\" content=\"3 minutes\" \/>\n<script type=\"application\/ld+json\" class=\"yoast-schema-graph\">{\"@context\":\"https:\\\/\\\/schema.org\",\"@graph\":[{\"@type\":\"Article\",\"@id\":\"https:\\\/\\\/www.cycles-blain.com\\\/fr\\\/magasins-velo\\\/offre-speciale-sur-les-velos-liv\\\/#article\",\"isPartOf\":{\"@id\":\"https:\\\/\\\/www.cycles-blain.com\\\/fr\\\/magasins-velo\\\/offre-speciale-sur-les-velos-liv\\\/\"},\"author\":{\"name\":\"Lou-Anne\",\"@id\":\"https:\\\/\\\/www.cycles-blain.com\\\/fr\\\/#\\\/schema\\\/person\\\/2e532610e6e45d290a29e480c00cc742\"},\"headline\":\"Offre sp\u00e9ciale sur les v\u00e9los LIV !\",\"datePublished\":\"2024-09-30T22:01:00+00:00\",\"dateModified\":\"2024-10-03T14:25:41+00:00\",\"mainEntityOfPage\":{\"@id\":\"https:\\\/\\\/www.cycles-blain.com\\\/fr\\\/magasins-velo\\\/offre-speciale-sur-les-velos-liv\\\/\"},\"wordCount\":299,\"commentCount\":0,\"publisher\":{\"@id\":\"https:\\\/\\\/www.cycles-blain.com\\\/fr\\\/#organization\"},\"image\":{\"@id\":\"https:\\\/\\\/www.cycles-blain.com\\\/fr\\\/magasins-velo\\\/offre-speciale-sur-les-velos-liv\\\/#primaryimage\"},\"thumbnailUrl\":\"https:\\\/\\\/www.cycles-blain.com\\\/fr\\\/wp-content\\\/uploads\\\/2024\\\/09\\\/600400-OP-LIV-2-2.png\",\"keywords\":[\"LIV\"],\"articleSection\":[\"Actus Magasins\",\"Magasin Brignais\",\"Magasin Lyon Centre\",\"Magasin St Priest\",\"Magasin Vienne\",\"Promotions\"],\"inLanguage\":\"fr-FR\",\"potentialAction\":[{\"@type\":\"CommentAction\",\"name\":\"Comment\",\"target\":[\"https:\\\/\\\/www.cycles-blain.com\\\/fr\\\/magasins-velo\\\/offre-speciale-sur-les-velos-liv\\\/#respond\"]}]},{\"@type\":\"WebPage\",\"@id\":\"https:\\\/\\\/www.cycles-blain.com\\\/fr\\\/magasins-velo\\\/offre-speciale-sur-les-velos-liv\\\/\",\"url\":\"https:\\\/\\\/www.cycles-blain.com\\\/fr\\\/magasins-velo\\\/offre-speciale-sur-les-velos-liv\\\/\",\"name\":\"Offre sp\u00e9ciale sur les v\u00e9los LIV ! - CyclesBlain - Magasins de v\u00e9los, accessoires et ateliers\",\"isPartOf\":{\"@id\":\"https:\\\/\\\/www.cycles-blain.com\\\/fr\\\/#website\"},\"primaryImageOfPage\":{\"@id\":\"https:\\\/\\\/www.cycles-blain.com\\\/fr\\\/magasins-velo\\\/offre-speciale-sur-les-velos-liv\\\/#primaryimage\"},\"image\":{\"@id\":\"https:\\\/\\\/www.cycles-blain.com\\\/fr\\\/magasins-velo\\\/offre-speciale-sur-les-velos-liv\\\/#primaryimage\"},\"thumbnailUrl\":\"https:\\\/\\\/www.cycles-blain.com\\\/fr\\\/wp-content\\\/uploads\\\/2024\\\/09\\\/600400-OP-LIV-2-2.png\",\"datePublished\":\"2024-09-30T22:01:00+00:00\",\"dateModified\":\"2024-10-03T14:25:41+00:00\",\"description\":\"Offre sp\u00e9ciale Liv \u00e0 l'occasion d'octobre rose ! Nous vous offrons -10% sur une s\u00e9lection de v\u00e9los LIV femmes.\",\"breadcrumb\":{\"@id\":\"https:\\\/\\\/www.cycles-blain.com\\\/fr\\\/magasins-velo\\\/offre-speciale-sur-les-velos-liv\\\/#breadcrumb\"},\"inLanguage\":\"fr-FR\",\"potentialAction\":[{\"@type\":\"ReadAction\",\"target\":[\"https:\\\/\\\/www.cycles-blain.com\\\/fr\\\/magasins-velo\\\/offre-speciale-sur-les-velos-liv\\\/\"]}]},{\"@type\":\"ImageObject\",\"inLanguage\":\"fr-FR\",\"@id\":\"https:\\\/\\\/www.cycles-blain.com\\\/fr\\\/magasins-velo\\\/offre-speciale-sur-les-velos-liv\\\/#primaryimage\",\"url\":\"https:\\\/\\\/www.cycles-blain.com\\\/fr\\\/wp-content\\\/uploads\\\/2024\\\/09\\\/600400-OP-LIV-2-2.png\",\"contentUrl\":\"https:\\\/\\\/www.cycles-blain.com\\\/fr\\\/wp-content\\\/uploads\\\/2024\\\/09\\\/600400-OP-LIV-2-2.png\",\"width\":600,\"height\":400,\"caption\":\"Offre sp\u00e9ciale LIV\"},{\"@type\":\"BreadcrumbList\",\"@id\":\"https:\\\/\\\/www.cycles-blain.com\\\/fr\\\/magasins-velo\\\/offre-speciale-sur-les-velos-liv\\\/#breadcrumb\",\"itemListElement\":[{\"@type\":\"ListItem\",\"position\":1,\"name\":\"Accueil\",\"item\":\"https:\\\/\\\/www.cycles-blain.com\\\/fr\\\/\"},{\"@type\":\"ListItem\",\"position\":2,\"name\":\"Offre sp\u00e9ciale sur les v\u00e9los LIV !\"}]},{\"@type\":\"WebSite\",\"@id\":\"https:\\\/\\\/www.cycles-blain.com\\\/fr\\\/#website\",\"url\":\"https:\\\/\\\/www.cycles-blain.com\\\/fr\\\/\",\"name\":\"CyclesBlain - Magasins de v\u00e9los, accessoires et ateliers\",\"description\":\"Blog Cycles Blain\",\"publisher\":{\"@id\":\"https:\\\/\\\/www.cycles-blain.com\\\/fr\\\/#organization\"},\"potentialAction\":[{\"@type\":\"SearchAction\",\"target\":{\"@type\":\"EntryPoint\",\"urlTemplate\":\"https:\\\/\\\/www.cycles-blain.com\\\/fr\\\/?s={search_term_string}\"},\"query-input\":{\"@type\":\"PropertyValueSpecification\",\"valueRequired\":true,\"valueName\":\"search_term_string\"}}],\"inLanguage\":\"fr-FR\"},{\"@type\":\"Organization\",\"@id\":\"https:\\\/\\\/www.cycles-blain.com\\\/fr\\\/#organization\",\"name\":\"CyclesBlain - Magasins de v\u00e9los, accessoires et ateliers\",\"url\":\"https:\\\/\\\/www.cycles-blain.com\\\/fr\\\/\",\"logo\":{\"@type\":\"ImageObject\",\"inLanguage\":\"fr-FR\",\"@id\":\"https:\\\/\\\/www.cycles-blain.com\\\/fr\\\/#\\\/schema\\\/logo\\\/image\\\/\",\"url\":\"https:\\\/\\\/www.cycles-blain.com\\\/fr\\\/wp-content\\\/uploads\\\/2023\\\/10\\\/logo-cycles-blain.jpeg\",\"contentUrl\":\"https:\\\/\\\/www.cycles-blain.com\\\/fr\\\/wp-content\\\/uploads\\\/2023\\\/10\\\/logo-cycles-blain.jpeg\",\"width\":264,\"height\":191,\"caption\":\"CyclesBlain - Magasins de v\u00e9los, accessoires et ateliers\"},\"image\":{\"@id\":\"https:\\\/\\\/www.cycles-blain.com\\\/fr\\\/#\\\/schema\\\/logo\\\/image\\\/\"},\"sameAs\":[\"https:\\\/\\\/www.facebook.com\\\/cyclesblain\\\/?locale=fr_FR\",\"https:\\\/\\\/www.instagram.com\\\/cycles_blain\\\/?hl=fr\"]},{\"@type\":\"Person\",\"@id\":\"https:\\\/\\\/www.cycles-blain.com\\\/fr\\\/#\\\/schema\\\/person\\\/2e532610e6e45d290a29e480c00cc742\",\"name\":\"Lou-Anne\",\"image\":{\"@type\":\"ImageObject\",\"inLanguage\":\"fr-FR\",\"@id\":\"https:\\\/\\\/secure.gravatar.com\\\/avatar\\\/fc66047eecb12b1dd0e5dd77ae839eef6f5705cede9df1aa88eec9ecfd50b1ab?s=96&d=mm&r=g\",\"url\":\"https:\\\/\\\/secure.gravatar.com\\\/avatar\\\/fc66047eecb12b1dd0e5dd77ae839eef6f5705cede9df1aa88eec9ecfd50b1ab?s=96&d=mm&r=g\",\"contentUrl\":\"https:\\\/\\\/secure.gravatar.com\\\/avatar\\\/fc66047eecb12b1dd0e5dd77ae839eef6f5705cede9df1aa88eec9ecfd50b1ab?s=96&d=mm&r=g\",\"caption\":\"Lou-Anne\"},\"url\":\"https:\\\/\\\/www.cycles-blain.com\\\/fr\\\/author\\\/lou-anne\\\/\"}]}<\/script>\n<!-- \/ Yoast SEO plugin. -->","yoast_head_json":{"title":"Offre sp\u00e9ciale sur les v\u00e9los LIV ! - CyclesBlain - Magasins de v\u00e9los, accessoires et ateliers","description":"Offre sp\u00e9ciale Liv \u00e0 l'occasion d'octobre rose ! Nous vous offrons -10% sur une s\u00e9lection de v\u00e9los LIV femmes.","robots":{"index":"index","follow":"follow","max-snippet":"max-snippet:-1","max-image-preview":"max-image-preview:large","max-video-preview":"max-video-preview:-1"},"canonical":"https:\/\/www.cycles-blain.com\/fr\/magasins-velo\/offre-speciale-sur-les-velos-liv\/","og_locale":"fr_FR","og_type":"article","og_title":"Offre sp\u00e9ciale sur les v\u00e9los LIV ! - CyclesBlain - Magasins de v\u00e9los, accessoires et ateliers","og_description":"Offre sp\u00e9ciale Liv \u00e0 l'occasion d'octobre rose ! Nous vous offrons -10% sur une s\u00e9lection de v\u00e9los LIV femmes.","og_url":"https:\/\/www.cycles-blain.com\/fr\/magasins-velo\/offre-speciale-sur-les-velos-liv\/","og_site_name":"CyclesBlain - Magasins de v\u00e9los, accessoires et ateliers","article_publisher":"https:\/\/www.facebook.com\/cyclesblain\/?locale=fr_FR","article_published_time":"2024-09-30T22:01:00+00:00","article_modified_time":"2024-10-03T14:25:41+00:00","og_image":[{"width":600,"height":400,"url":"https:\/\/www.cycles-blain.com\/fr\/wp-content\/uploads\/2024\/09\/600400-OP-LIV-2-2.png","type":"image\/png"}],"author":"Lou-Anne","twitter_card":"summary_large_image","twitter_misc":{"\u00c9crit par":"Lou-Anne","Dur\u00e9e de lecture estim\u00e9e":"3 minutes"},"schema":{"@context":"https:\/\/schema.org","@graph":[{"@type":"Article","@id":"https:\/\/www.cycles-blain.com\/fr\/magasins-velo\/offre-speciale-sur-les-velos-liv\/#article","isPartOf":{"@id":"https:\/\/www.cycles-blain.com\/fr\/magasins-velo\/offre-speciale-sur-les-velos-liv\/"},"author":{"name":"Lou-Anne","@id":"https:\/\/www.cycles-blain.com\/fr\/#\/schema\/person\/2e532610e6e45d290a29e480c00cc742"},"headline":"Offre sp\u00e9ciale sur les v\u00e9los LIV !","datePublished":"2024-09-30T22:01:00+00:00","dateModified":"2024-10-03T14:25:41+00:00","mainEntityOfPage":{"@id":"https:\/\/www.cycles-blain.com\/fr\/magasins-velo\/offre-speciale-sur-les-velos-liv\/"},"wordCount":299,"commentCount":0,"publisher":{"@id":"https:\/\/www.cycles-blain.com\/fr\/#organization"},"image":{"@id":"https:\/\/www.cycles-blain.com\/fr\/magasins-velo\/offre-speciale-sur-les-velos-liv\/#primaryimage"},"thumbnailUrl":"https:\/\/www.cycles-blain.com\/fr\/wp-content\/uploads\/2024\/09\/600400-OP-LIV-2-2.png","keywords":["LIV"],"articleSection":["Actus Magasins","Magasin Brignais","Magasin Lyon Centre","Magasin St Priest","Magasin Vienne","Promotions"],"inLanguage":"fr-FR","potentialAction":[{"@type":"CommentAction","name":"Comment","target":["https:\/\/www.cycles-blain.com\/fr\/magasins-velo\/offre-speciale-sur-les-velos-liv\/#respond"]}]},{"@type":"WebPage","@id":"https:\/\/www.cycles-blain.com\/fr\/magasins-velo\/offre-speciale-sur-les-velos-liv\/","url":"https:\/\/www.cycles-blain.com\/fr\/magasins-velo\/offre-speciale-sur-les-velos-liv\/","name":"Offre sp\u00e9ciale sur les v\u00e9los LIV ! - CyclesBlain - Magasins de v\u00e9los, accessoires et ateliers","isPartOf":{"@id":"https:\/\/www.cycles-blain.com\/fr\/#website"},"primaryImageOfPage":{"@id":"https:\/\/www.cycles-blain.com\/fr\/magasins-velo\/offre-speciale-sur-les-velos-liv\/#primaryimage"},"image":{"@id":"https:\/\/www.cycles-blain.com\/fr\/magasins-velo\/offre-speciale-sur-les-velos-liv\/#primaryimage"},"thumbnailUrl":"https:\/\/www.cycles-blain.com\/fr\/wp-content\/uploads\/2024\/09\/600400-OP-LIV-2-2.png","datePublished":"2024-09-30T22:01:00+00:00","dateModified":"2024-10-03T14:25:41+00:00","description":"Offre sp\u00e9ciale Liv \u00e0 l'occasion d'octobre rose ! Nous vous offrons -10% sur une s\u00e9lection de v\u00e9los LIV femmes.","breadcrumb":{"@id":"https:\/\/www.cycles-blain.com\/fr\/magasins-velo\/offre-speciale-sur-les-velos-liv\/#breadcrumb"},"inLanguage":"fr-FR","potentialAction":[{"@type":"ReadAction","target":["https:\/\/www.cycles-blain.com\/fr\/magasins-velo\/offre-speciale-sur-les-velos-liv\/"]}]},{"@type":"ImageObject","inLanguage":"fr-FR","@id":"https:\/\/www.cycles-blain.com\/fr\/magasins-velo\/offre-speciale-sur-les-velos-liv\/#primaryimage","url":"https:\/\/www.cycles-blain.com\/fr\/wp-content\/uploads\/2024\/09\/600400-OP-LIV-2-2.png","contentUrl":"https:\/\/www.cycles-blain.com\/fr\/wp-content\/uploads\/2024\/09\/600400-OP-LIV-2-2.png","width":600,"height":400,"caption":"Offre sp\u00e9ciale LIV"},{"@type":"BreadcrumbList","@id":"https:\/\/www.cycles-blain.com\/fr\/magasins-velo\/offre-speciale-sur-les-velos-liv\/#breadcrumb","itemListElement":[{"@type":"ListItem","position":1,"name":"Accueil","item":"https:\/\/www.cycles-blain.com\/fr\/"},{"@type":"ListItem","position":2,"name":"Offre sp\u00e9ciale sur les v\u00e9los LIV !"}]},{"@type":"WebSite","@id":"https:\/\/www.cycles-blain.com\/fr\/#website","url":"https:\/\/www.cycles-blain.com\/fr\/","name":"CyclesBlain - Magasins de v\u00e9los, accessoires et ateliers","description":"Blog Cycles Blain","publisher":{"@id":"https:\/\/www.cycles-blain.com\/fr\/#organization"},"potentialAction":[{"@type":"SearchAction","target":{"@type":"EntryPoint","urlTemplate":"https:\/\/www.cycles-blain.com\/fr\/?s={search_term_string}"},"query-input":{"@type":"PropertyValueSpecification","valueRequired":true,"valueName":"search_term_string"}}],"inLanguage":"fr-FR"},{"@type":"Organization","@id":"https:\/\/www.cycles-blain.com\/fr\/#organization","name":"CyclesBlain - Magasins de v\u00e9los, accessoires et ateliers","url":"https:\/\/www.cycles-blain.com\/fr\/","logo":{"@type":"ImageObject","inLanguage":"fr-FR","@id":"https:\/\/www.cycles-blain.com\/fr\/#\/schema\/logo\/image\/","url":"https:\/\/www.cycles-blain.com\/fr\/wp-content\/uploads\/2023\/10\/logo-cycles-blain.jpeg","contentUrl":"https:\/\/www.cycles-blain.com\/fr\/wp-content\/uploads\/2023\/10\/logo-cycles-blain.jpeg","width":264,"height":191,"caption":"CyclesBlain - Magasins de v\u00e9los, accessoires et ateliers"},"image":{"@id":"https:\/\/www.cycles-blain.com\/fr\/#\/schema\/logo\/image\/"},"sameAs":["https:\/\/www.facebook.com\/cyclesblain\/?locale=fr_FR","https:\/\/www.instagram.com\/cycles_blain\/?hl=fr"]},{"@type":"Person","@id":"https:\/\/www.cycles-blain.com\/fr\/#\/schema\/person\/2e532610e6e45d290a29e480c00cc742","name":"Lou-Anne","image":{"@type":"ImageObject","inLanguage":"fr-FR","@id":"https:\/\/secure.gravatar.com\/avatar\/fc66047eecb12b1dd0e5dd77ae839eef6f5705cede9df1aa88eec9ecfd50b1ab?s=96&d=mm&r=g","url":"https:\/\/secure.gravatar.com\/avatar\/fc66047eecb12b1dd0e5dd77ae839eef6f5705cede9df1aa88eec9ecfd50b1ab?s=96&d=mm&r=g","contentUrl":"https:\/\/secure.gravatar.com\/avatar\/fc66047eecb12b1dd0e5dd77ae839eef6f5705cede9df1aa88eec9ecfd50b1ab?s=96&d=mm&r=g","caption":"Lou-Anne"},"url":"https:\/\/www.cycles-blain.com\/fr\/author\/lou-anne\/"}]}},"_links":{"self":[{"href":"https:\/\/www.cycles-blain.com\/fr\/wp-json\/wp\/v2\/posts\/8460","targetHints":{"allow":["GET"]}}],"collection":[{"href":"https:\/\/www.cycles-blain.com\/fr\/wp-json\/wp\/v2\/posts"}],"about":[{"href":"https:\/\/www.cycles-blain.com\/fr\/wp-json\/wp\/v2\/types\/post"}],"author":[{"embeddable":true,"href":"https:\/\/www.cycles-blain.com\/fr\/wp-json\/wp\/v2\/users\/4"}],"replies":[{"embeddable":true,"href":"https:\/\/www.cycles-blain.com\/fr\/wp-json\/wp\/v2\/comments?post=8460"}],"version-history":[{"count":97,"href":"https:\/\/www.cycles-blain.com\/fr\/wp-json\/wp\/v2\/posts\/8460\/revisions"}],"predecessor-version":[{"id":8967,"href":"https:\/\/www.cycles-blain.com\/fr\/wp-json\/wp\/v2\/posts\/8460\/revisions\/8967"}],"wp:featuredmedia":[{"embeddable":true,"href":"https:\/\/www.cycles-blain.com\/fr\/wp-json\/wp\/v2\/media\/8477"}],"wp:attachment":[{"href":"https:\/\/www.cycles-blain.com\/fr\/wp-json\/wp\/v2\/media?parent=8460"}],"wp:term":[{"taxonomy":"category","embeddable":true,"href":"https:\/\/www.cycles-blain.com\/fr\/wp-json\/wp\/v2\/categories?post=8460"},{"taxonomy":"post_tag","embeddable":true,"href":"https:\/\/www.cycles-blain.com\/fr\/wp-json\/wp\/v2\/tags?post=8460"}],"curies":[{"name":"wp","href":"https:\/\/api.w.org\/{rel}","templated":true}]}}