{"id":8794,"date":"2024-10-02T14:44:00","date_gmt":"2024-10-02T12:44:00","guid":{"rendered":"https:\/\/www.cycles-blain.com\/fr\/?p=8794"},"modified":"2024-10-14T17:00:06","modified_gmt":"2024-10-14T15:00:06","slug":"casques-velo-connectes-lumos-2024","status":"publish","type":"post","link":"https:\/\/www.cycles-blain.com\/fr\/magasins-velo\/casques-velo-connectes-lumos-2024\/","title":{"rendered":"Les casques connect\u00e9s lumineux Lumos : La solution pour \u00eatre vu !"},"content":{"rendered":"\t\t<div data-elementor-type=\"wp-post\" data-elementor-id=\"8794\" class=\"elementor elementor-8794\" data-elementor-post-type=\"post\">\n\t\t\t\t<div class=\"elementor-element elementor-element-fe33f52 e-flex e-con-boxed e-con e-parent\" data-id=\"fe33f52\" data-element_type=\"container\" data-e-type=\"container\">\n\t\t\t\t\t<div class=\"e-con-inner\">\n\t\t\t\t<div class=\"elementor-element elementor-element-0d6fc60 elementor-widget elementor-widget-text-editor\" data-id=\"0d6fc60\" data-element_type=\"widget\" data-e-type=\"widget\" data-widget_type=\"text-editor.default\">\n\t\t\t\t<div class=\"elementor-widget-container\">\n\t\t\t\t\t\t\t\t\t<h3>Pourquoi opter pour un casque connect\u00e9 ?\u00a0<\/h3><p>Le casque connect\u00e9 est devenu un incontournable pour la s\u00e9curit\u00e9 d&rsquo;un cycliste, qu&rsquo;il soit amateur ou confirm\u00e9. \u00a0Ces casques int\u00e8grent de nombreuses fonctionnalit\u00e9s qui offrent bien plus qu&rsquo;une simple protection en cas de chute :\u00a0<\/p><ul><li><strong>Visibilit\u00e9 accrue gr\u00e2ce aux signaux lumineux : <\/strong>L&rsquo;int\u00e9gration de lumi\u00e8re LED vous rend visible pour les autres \u00e0 360 degr\u00e9s, surtout en temps de pluie ou de faible luminosit\u00e9.\u00a0<\/li><li><strong><a href=\"https:\/\/www.giant-bicycles.com\/fr\/casque-velo-systeme-mips\" target=\"_blank\" rel=\"noopener\">Technologie MIPS :<\/a> <\/strong>La plupart des casques connect\u00e9s sont \u00e9quip\u00e9s de cette technologie qui va absorber une partie des\u00a0rotations en cas de chute.\u00a0<\/li><li><strong>Fonctionnalit\u00e9s intelligentes : <\/strong>Les casques connect\u00e9s peuvent \u00eatre dot\u00e9s de connectivit\u00e9 Bluetooth \/ \u00a0de synchronisation au v\u00e9lo&#8230;\u00a0<\/li><\/ul><p>Le casque connect\u00e9 est donc un investissement sur le long terme. Bien que son prix soit plus \u00e9lev\u00e9 qu&rsquo;un casque classique, cela est justifi\u00e9 par la s\u00e9curit\u00e9 qu&rsquo;il procure et ses fonctionnalit\u00e9s.\u00a0<\/p>\t\t\t\t\t\t\t\t<\/div>\n\t\t\t\t<\/div>\n\t\t\t\t<div class=\"elementor-element elementor-element-83a903f elementor-align-center elementor-widget elementor-widget-button\" data-id=\"83a903f\" data-element_type=\"widget\" data-e-type=\"widget\" data-widget_type=\"button.default\">\n\t\t\t\t<div class=\"elementor-widget-container\">\n\t\t\t\t\t\t\t\t\t<div class=\"elementor-button-wrapper\">\n\t\t\t\t\t<a class=\"elementor-button elementor-button-link elementor-size-sm\" href=\"https:\/\/www.cycles-blain.com\/111-casque-velo-connecte\" target=\"_blank\">\n\t\t\t\t\t\t<span class=\"elementor-button-content-wrapper\">\n\t\t\t\t\t\t\t\t\t<span class=\"elementor-button-text\">Voir nos casques connect\u00e9s <\/span>\n\t\t\t\t\t<\/span>\n\t\t\t\t\t<\/a>\n\t\t\t\t<\/div>\n\t\t\t\t\t\t\t\t<\/div>\n\t\t\t\t<\/div>\n\t\t\t\t\t<\/div>\n\t\t\t\t<\/div>\n\t\t<div class=\"elementor-element elementor-element-b0f78f6 e-flex e-con-boxed e-con e-parent\" data-id=\"b0f78f6\" data-element_type=\"container\" data-e-type=\"container\">\n\t\t\t\t\t<div class=\"e-con-inner\">\n\t\t\t\t<div class=\"elementor-element elementor-element-49d1cc6 elementor-widget elementor-widget-text-editor\" data-id=\"49d1cc6\" data-element_type=\"widget\" data-e-type=\"widget\" data-widget_type=\"text-editor.default\">\n\t\t\t\t<div class=\"elementor-widget-container\">\n\t\t\t\t\t\t\t\t\t<h3>Les casques Lumos comme r\u00e9f\u00e9rence !\u00a0<\/h3>\n<p>Lumos est une marque lanc\u00e9e en 2017, gr\u00e2ce \u00e0 une campagne de financement participatif qui a rapidement rencontr\u00e9 un franc succ\u00e8s. L&rsquo;objectif \u00e9tait d&rsquo;augmenter la visibilit\u00e9 des cyclistes sur la route, en particulier dans les environnements urbains o\u00f9 la s\u00e9curit\u00e9 est cruciale. C&rsquo;est chose faite !<\/p>\n<p>Leurs casques s&rsquo;imposent aujourd&rsquo;hui comme r\u00e9f\u00e9rence incontournable dans le domaine des casques connect\u00e9s gr\u00e2ce \u00e0 certaines innovations comme : les feux de freinage , la technologie MIPS , la connectivit\u00e9 Bluetooth ainsi que leur l\u00e9g\u00e8ret\u00e9. Les casques casques connect\u00e9s lumineux Lumos sont LA solution pour \u00eatre vu et assurer sa s\u00e9curit\u00e9.\u00a0<\/p>\n<p>Cycles Blain vous a s\u00e9lectionn\u00e9 deux p\u00e9pites :\u00a0<\/p>\t\t\t\t\t\t\t\t<\/div>\n\t\t\t\t<\/div>\n\t\t\t\t\t<\/div>\n\t\t\t\t<\/div>\n\t\t<div class=\"elementor-element elementor-element-4c4d75f e-flex e-con-boxed e-con e-parent\" data-id=\"4c4d75f\" data-element_type=\"container\" data-e-type=\"container\">\n\t\t\t\t\t<div class=\"e-con-inner\">\n\t\t\t\t<div class=\"elementor-element elementor-element-56b559d elementor-widget elementor-widget-text-editor\" data-id=\"56b559d\" data-element_type=\"widget\" data-e-type=\"widget\" data-widget_type=\"text-editor.default\">\n\t\t\t\t<div class=\"elementor-widget-container\">\n\t\t\t\t\t\t\t\t\t<ul><li><a href=\"https:\/\/www.cycles-blain.com\/casque-velo\/392-292-casque-lumos-ultra-mips-810059470965.html#\/4-taille_cadre-xl\/11-couleur-noir\" target=\"_blank\" rel=\"noopener\"><strong>Casque LUMOS ULTRA MIPS\u00a0<\/strong><\/a><\/li><\/ul><p>Le Lumos ULTRA MIPS\u00a0c&rsquo;est \u00e0 la fois de la haute s\u00e9curit\u00e9, mais aussi un bon rapport qualit\u00e9-prix. Il est dot\u00e9 : de la <strong>technologie MIPS<\/strong>, de la <strong>connexion \u00e0 une application<\/strong> pour suivre les courses, d&rsquo;une <strong>autonomie de 4h \u00e0 10h,\u00a0<\/strong>et p\u00e8se seulement <strong>370g<\/strong> ! Il poss\u00e8de \u00e9galement <strong>des clignotants arri\u00e8re<\/strong>\u00a0pour \u00eatre vu par les automobilistes.\u00a0<\/p>\t\t\t\t\t\t\t\t<\/div>\n\t\t\t\t<\/div>\n\t\t\t\t<div class=\"elementor-element elementor-element-734fddf elementor-arrows-position-inside elementor-pagination-position-outside elementor-widget elementor-widget-image-carousel\" data-id=\"734fddf\" data-element_type=\"widget\" data-e-type=\"widget\" data-settings=\"{&quot;navigation&quot;:&quot;both&quot;,&quot;autoplay&quot;:&quot;yes&quot;,&quot;pause_on_hover&quot;:&quot;yes&quot;,&quot;pause_on_interaction&quot;:&quot;yes&quot;,&quot;autoplay_speed&quot;:5000,&quot;infinite&quot;:&quot;yes&quot;,&quot;speed&quot;:500}\" data-widget_type=\"image-carousel.default\">\n\t\t\t\t<div class=\"elementor-widget-container\">\n\t\t\t\t\t\t\t<div class=\"elementor-image-carousel-wrapper swiper\" role=\"region\" aria-roledescription=\"carousel\" aria-label=\"Carrousel d\u2019images\" dir=\"ltr\">\n\t\t\t<div class=\"elementor-image-carousel swiper-wrapper\" aria-live=\"off\">\n\t\t\t\t\t\t\t\t<div class=\"swiper-slide\" role=\"group\" aria-roledescription=\"slide\" aria-label=\"1 sur 3\"><a data-elementor-open-lightbox=\"yes\" data-elementor-lightbox-slideshow=\"734fddf\" data-elementor-lightbox-title=\"Visuel profil casque connect\u00e9 Lumos Ultra\" data-e-action-hash=\"#elementor-action%3Aaction%3Dlightbox%26settings%3DeyJpZCI6ODkzMywidXJsIjoiaHR0cHM6XC9cL3d3dy5jeWNsZXMtYmxhaW4uY29tXC9mclwvd3AtY29udGVudFwvdXBsb2Fkc1wvMjAyNFwvMTBcLzQucG5nIiwic2xpZGVzaG93IjoiNzM0ZmRkZiJ9\" href=\"https:\/\/www.cycles-blain.com\/casque-velo\/392-casque-lumos-ultra-mips-810059470965.html\"><figure class=\"swiper-slide-inner\"><img decoding=\"async\" class=\"swiper-slide-image\" src=\"https:\/\/www.cycles-blain.com\/fr\/wp-content\/uploads\/2024\/10\/4-150x150.png\" alt=\"Profil casque connect\u00e9 Lumos Ultra\" \/><\/figure><\/a><\/div><div class=\"swiper-slide\" role=\"group\" aria-roledescription=\"slide\" aria-label=\"2 sur 3\"><a data-elementor-open-lightbox=\"yes\" data-elementor-lightbox-slideshow=\"734fddf\" data-elementor-lightbox-title=\"Visuel arri\u00e8re casque connect\u00e9 Lumos Ultra\" data-e-action-hash=\"#elementor-action%3Aaction%3Dlightbox%26settings%3DeyJpZCI6ODkzNCwidXJsIjoiaHR0cHM6XC9cL3d3dy5jeWNsZXMtYmxhaW4uY29tXC9mclwvd3AtY29udGVudFwvdXBsb2Fkc1wvMjAyNFwvMTBcLzUucG5nIiwic2xpZGVzaG93IjoiNzM0ZmRkZiJ9\" href=\"https:\/\/www.cycles-blain.com\/casque-velo\/392-casque-lumos-ultra-mips-810059470965.html\"><figure class=\"swiper-slide-inner\"><img decoding=\"async\" class=\"swiper-slide-image\" src=\"https:\/\/www.cycles-blain.com\/fr\/wp-content\/uploads\/2024\/10\/5-150x150.png\" alt=\"Arri\u00e8re casque connect\u00e9 Lumos Ultra\" \/><\/figure><\/a><\/div><div class=\"swiper-slide\" role=\"group\" aria-roledescription=\"slide\" aria-label=\"3 sur 3\"><a data-elementor-open-lightbox=\"yes\" data-elementor-lightbox-slideshow=\"734fddf\" data-elementor-lightbox-title=\"Visuel avant casque connect\u00e9 Lumos Ultra\" data-e-action-hash=\"#elementor-action%3Aaction%3Dlightbox%26settings%3DeyJpZCI6ODkzNSwidXJsIjoiaHR0cHM6XC9cL3d3dy5jeWNsZXMtYmxhaW4uY29tXC9mclwvd3AtY29udGVudFwvdXBsb2Fkc1wvMjAyNFwvMTBcLzYucG5nIiwic2xpZGVzaG93IjoiNzM0ZmRkZiJ9\" href=\"https:\/\/www.cycles-blain.com\/casque-velo\/392-casque-lumos-ultra-mips-810059470965.html\"><figure class=\"swiper-slide-inner\"><img decoding=\"async\" class=\"swiper-slide-image\" src=\"https:\/\/www.cycles-blain.com\/fr\/wp-content\/uploads\/2024\/10\/6-150x150.png\" alt=\"Avant casque connect\u00e9 Lumos Ultra\" \/><\/figure><\/a><\/div>\t\t\t<\/div>\n\t\t\t\t\t\t\t\t\t\t\t\t<div class=\"elementor-swiper-button elementor-swiper-button-prev\" role=\"button\" tabindex=\"0\">\n\t\t\t\t\t\t<i aria-hidden=\"true\" class=\"eicon-chevron-left\"><\/i>\t\t\t\t\t<\/div>\n\t\t\t\t\t<div class=\"elementor-swiper-button elementor-swiper-button-next\" role=\"button\" tabindex=\"0\">\n\t\t\t\t\t\t<i aria-hidden=\"true\" class=\"eicon-chevron-right\"><\/i>\t\t\t\t\t<\/div>\n\t\t\t\t\n\t\t\t\t\t\t\t\t\t<div class=\"swiper-pagination\"><\/div>\n\t\t\t\t\t\t\t\t\t<\/div>\n\t\t\t\t\t\t<\/div>\n\t\t\t\t<\/div>\n\t\t\t\t\t<\/div>\n\t\t\t\t<\/div>\n\t\t<div class=\"elementor-element elementor-element-4eb3669 e-flex e-con-boxed e-con e-parent\" data-id=\"4eb3669\" data-element_type=\"container\" data-e-type=\"container\">\n\t\t\t\t\t<div class=\"e-con-inner\">\n\t\t\t\t<div class=\"elementor-element elementor-element-b9b6c7d elementor-widget elementor-widget-text-editor\" data-id=\"b9b6c7d\" data-element_type=\"widget\" data-e-type=\"widget\" data-widget_type=\"text-editor.default\">\n\t\t\t\t<div class=\"elementor-widget-container\">\n\t\t\t\t\t\t\t\t\t<ul><li><a href=\"https:\/\/www.cycles-blain.com\/casque-velo\/825-890-casque-connecte-ultra-e-bike-mips-lumos.html#\/11-couleur-noir\/92-taille-ml\" target=\"_blank\" rel=\"noopener\"><strong>Casque LUMOS ULTRA E-BIKE MIPS<\/strong><\/a><\/li><\/ul><p>Le Lumos ULTRA E-BIKE MIPS c&rsquo;est un Lumos ULTRA MIPS <strong>am\u00e9lior\u00e9<\/strong> et <strong>suppl\u00e9ment\u00e9<\/strong> d&rsquo;une visi\u00e8re. Son \u00e9clairage est davantage lumineux, avec <strong>64 LED int\u00e9gr\u00e9es \u00e0 l&rsquo;avant et \u00e0 l&rsquo;arri\u00e8re et 68 LED en lumi\u00e8re frontale.<\/strong> Pour faire simple, le Lumos ULTRA E-BIKE MIPS repr\u00e9sente la gamme sup\u00e9rieure du Lumos\u00a0ULTRA MIPS.\u00a0<\/p>\t\t\t\t\t\t\t\t<\/div>\n\t\t\t\t<\/div>\n\t\t\t\t\t<\/div>\n\t\t\t\t<\/div>\n\t\t<div class=\"elementor-element elementor-element-109affa e-flex e-con-boxed e-con e-parent\" data-id=\"109affa\" data-element_type=\"container\" data-e-type=\"container\">\n\t\t\t\t\t<div class=\"e-con-inner\">\n\t\t\t\t<div class=\"elementor-element elementor-element-3c13204 elementor-arrows-position-inside elementor-pagination-position-outside elementor-widget elementor-widget-image-carousel\" data-id=\"3c13204\" data-element_type=\"widget\" data-e-type=\"widget\" data-settings=\"{&quot;navigation&quot;:&quot;both&quot;,&quot;autoplay&quot;:&quot;yes&quot;,&quot;pause_on_hover&quot;:&quot;yes&quot;,&quot;pause_on_interaction&quot;:&quot;yes&quot;,&quot;autoplay_speed&quot;:5000,&quot;infinite&quot;:&quot;yes&quot;,&quot;speed&quot;:500}\" data-widget_type=\"image-carousel.default\">\n\t\t\t\t<div class=\"elementor-widget-container\">\n\t\t\t\t\t\t\t<div class=\"elementor-image-carousel-wrapper swiper\" role=\"region\" aria-roledescription=\"carousel\" aria-label=\"Carrousel d\u2019images\" dir=\"ltr\">\n\t\t\t<div class=\"elementor-image-carousel swiper-wrapper\" aria-live=\"off\">\n\t\t\t\t\t\t\t\t<div class=\"swiper-slide\" role=\"group\" aria-roledescription=\"slide\" aria-label=\"1 sur 3\"><a data-elementor-open-lightbox=\"yes\" data-elementor-lightbox-slideshow=\"3c13204\" data-elementor-lightbox-title=\"Visuel profil casque connect\u00e9 Lumos Ultra E-bike\" data-e-action-hash=\"#elementor-action%3Aaction%3Dlightbox%26settings%3DeyJpZCI6ODkzNiwidXJsIjoiaHR0cHM6XC9cL3d3dy5jeWNsZXMtYmxhaW4uY29tXC9mclwvd3AtY29udGVudFwvdXBsb2Fkc1wvMjAyNFwvMTBcLzEucG5nIiwic2xpZGVzaG93IjoiM2MxMzIwNCJ9\" href=\"https:\/\/www.cycles-blain.com\/casque-velo\/825-890-casque-connecte-ultra-e-bike-mips-lumos.html#\/11-couleur-noir\/92-taille-ml\"><figure class=\"swiper-slide-inner\"><img decoding=\"async\" class=\"swiper-slide-image\" src=\"https:\/\/www.cycles-blain.com\/fr\/wp-content\/uploads\/2024\/10\/1-150x150.png\" alt=\"Profil casque connect\u00e9 Lumos Ultra E-Bike\" \/><\/figure><\/a><\/div><div class=\"swiper-slide\" role=\"group\" aria-roledescription=\"slide\" aria-label=\"2 sur 3\"><a data-elementor-open-lightbox=\"yes\" data-elementor-lightbox-slideshow=\"3c13204\" data-elementor-lightbox-title=\"Visuel arri\u00e8re casque connect\u00e9 Lumos Ultra E-Bike\" data-e-action-hash=\"#elementor-action%3Aaction%3Dlightbox%26settings%3DeyJpZCI6ODkzNywidXJsIjoiaHR0cHM6XC9cL3d3dy5jeWNsZXMtYmxhaW4uY29tXC9mclwvd3AtY29udGVudFwvdXBsb2Fkc1wvMjAyNFwvMTBcLzIucG5nIiwic2xpZGVzaG93IjoiM2MxMzIwNCJ9\" href=\"https:\/\/www.cycles-blain.com\/casque-velo\/825-890-casque-connecte-ultra-e-bike-mips-lumos.html#\/11-couleur-noir\/92-taille-ml\"><figure class=\"swiper-slide-inner\"><img decoding=\"async\" class=\"swiper-slide-image\" src=\"https:\/\/www.cycles-blain.com\/fr\/wp-content\/uploads\/2024\/10\/2-150x150.png\" alt=\"Arri\u00e8re casque connect\u00e9 Lumos Ultra E-Bike\" \/><\/figure><\/a><\/div><div class=\"swiper-slide\" role=\"group\" aria-roledescription=\"slide\" aria-label=\"3 sur 3\"><a data-elementor-open-lightbox=\"yes\" data-elementor-lightbox-slideshow=\"3c13204\" data-elementor-lightbox-title=\"Visuel avant casque connect\u00e9 Lumos Ultra E-Bike\" data-e-action-hash=\"#elementor-action%3Aaction%3Dlightbox%26settings%3DeyJpZCI6ODkzOCwidXJsIjoiaHR0cHM6XC9cL3d3dy5jeWNsZXMtYmxhaW4uY29tXC9mclwvd3AtY29udGVudFwvdXBsb2Fkc1wvMjAyNFwvMTBcLzMucG5nIiwic2xpZGVzaG93IjoiM2MxMzIwNCJ9\" href=\"https:\/\/www.cycles-blain.com\/casque-velo\/825-890-casque-connecte-ultra-e-bike-mips-lumos.html#\/11-couleur-noir\/92-taille-ml\"><figure class=\"swiper-slide-inner\"><img decoding=\"async\" class=\"swiper-slide-image\" src=\"https:\/\/www.cycles-blain.com\/fr\/wp-content\/uploads\/2024\/10\/3-150x150.png\" alt=\"Avant casque connect\u00e9 Lumos Ultra E-Bike\" \/><\/figure><\/a><\/div>\t\t\t<\/div>\n\t\t\t\t\t\t\t\t\t\t\t\t<div class=\"elementor-swiper-button elementor-swiper-button-prev\" role=\"button\" tabindex=\"0\">\n\t\t\t\t\t\t<i aria-hidden=\"true\" class=\"eicon-chevron-left\"><\/i>\t\t\t\t\t<\/div>\n\t\t\t\t\t<div class=\"elementor-swiper-button elementor-swiper-button-next\" role=\"button\" tabindex=\"0\">\n\t\t\t\t\t\t<i aria-hidden=\"true\" class=\"eicon-chevron-right\"><\/i>\t\t\t\t\t<\/div>\n\t\t\t\t\n\t\t\t\t\t\t\t\t\t<div class=\"swiper-pagination\"><\/div>\n\t\t\t\t\t\t\t\t\t<\/div>\n\t\t\t\t\t\t<\/div>\n\t\t\t\t<\/div>\n\t\t\t\t\t<\/div>\n\t\t\t\t<\/div>\n\t\t\t\t<\/div>\n\t\t","protected":false},"excerpt":{"rendered":"<p>Le casque connect\u00e9 est devenu un incontournable pour la s\u00e9curit\u00e9 d\u2019un cycliste, qu\u2019il soit amateur ou confirm\u00e9&#8230;<\/p>\n","protected":false},"author":4,"featured_media":9377,"comment_status":"open","ping_status":"open","sticky":false,"template":"","format":"standard","meta":{"site-sidebar-layout":"default","site-content-layout":"","ast-site-content-layout":"default","site-content-style":"default","site-sidebar-style":"default","ast-global-header-display":"","ast-banner-title-visibility":"","ast-main-header-display":"","ast-hfb-above-header-display":"","ast-hfb-below-header-display":"","ast-hfb-mobile-header-display":"","site-post-title":"","ast-breadcrumbs-content":"","ast-featured-img":"","footer-sml-layout":"","theme-transparent-header-meta":"","adv-header-id-meta":"","stick-header-meta":"","header-above-stick-meta":"","header-main-stick-meta":"","header-below-stick-meta":"","astra-migrate-meta-layouts":"set","ast-page-background-enabled":"default","ast-page-background-meta":{"desktop":{"background-color":"","background-image":"","background-repeat":"repeat","background-position":"center center","background-size":"auto","background-attachment":"scroll","background-type":"","background-media":"","overlay-type":"","overlay-color":"","overlay-gradient":""},"tablet":{"background-color":"","background-image":"","background-repeat":"repeat","background-position":"center center","background-size":"auto","background-attachment":"scroll","background-type":"","background-media":"","overlay-type":"","overlay-color":"","overlay-gradient":""},"mobile":{"background-color":"","background-image":"","background-repeat":"repeat","background-position":"center center","background-size":"auto","background-attachment":"scroll","background-type":"","background-media":"","overlay-type":"","overlay-color":"","overlay-gradient":""}},"ast-content-background-meta":{"desktop":{"background-color":"var(--ast-global-color-5)","background-image":"","background-repeat":"repeat","background-position":"center center","background-size":"auto","background-attachment":"scroll","background-type":"","background-media":"","overlay-type":"","overlay-color":"","overlay-gradient":""},"tablet":{"background-color":"var(--ast-global-color-5)","background-image":"","background-repeat":"repeat","background-position":"center center","background-size":"auto","background-attachment":"scroll","background-type":"","background-media":"","overlay-type":"","overlay-color":"","overlay-gradient":""},"mobile":{"background-color":"var(--ast-global-color-5)","background-image":"","background-repeat":"repeat","background-position":"center center","background-size":"auto","background-attachment":"scroll","background-type":"","background-media":"","overlay-type":"","overlay-color":"","overlay-gradient":""}},"footnotes":""},"categories":[6,7,78,44,37,76,36,81,79,77,80],"tags":[265,266],"class_list":["post-8794","post","type-post","status-publish","format-standard","has-post-thumbnail","hentry","category-magasins-velo","category-magasin-brignais","category-magasin-craponne","category-magasin-lyon-3","category-magasin-saint-priest","category-magasin-vienne","category-magasin-vienne-sud","category-magasin-lyon-5","category-magasin-ecully","category-magasin-lyon-6","category-magasin-oullins","tag-casque","tag-lumos"],"yoast_head":"<!-- This site is optimized with the Yoast SEO plugin v27.5 - https:\/\/yoast.com\/product\/yoast-seo-wordpress\/ -->\n<title>Les casques connect\u00e9s lumineux Lumos : La solution pour \u00eatre vu ! - CyclesBlain - Magasins de v\u00e9los, accessoires et ateliers<\/title>\n<meta name=\"description\" content=\"Les casques v\u00e9los connect\u00e9s lumineux Lumos sont la bonne solution pour \u00eatre vue \u00e0 v\u00e9lo gr\u00e2ce \u00e0 un syst\u00e8me d&#039;\u00e9clairage amovible.\" \/>\n<meta name=\"robots\" content=\"index, follow, max-snippet:-1, max-image-preview:large, max-video-preview:-1\" \/>\n<link rel=\"canonical\" href=\"https:\/\/www.cycles-blain.com\/fr\/magasins-velo\/casques-velo-connectes-lumos-2024\/\" \/>\n<meta property=\"og:locale\" content=\"fr_FR\" \/>\n<meta property=\"og:type\" content=\"article\" \/>\n<meta property=\"og:title\" content=\"Les casques connect\u00e9s lumineux Lumos : La solution pour \u00eatre vu ! - CyclesBlain - Magasins de v\u00e9los, accessoires et ateliers\" \/>\n<meta property=\"og:description\" content=\"Les casques v\u00e9los connect\u00e9s lumineux Lumos sont la bonne solution pour \u00eatre vue \u00e0 v\u00e9lo gr\u00e2ce \u00e0 un syst\u00e8me d&#039;\u00e9clairage amovible.\" \/>\n<meta property=\"og:url\" content=\"https:\/\/www.cycles-blain.com\/fr\/magasins-velo\/casques-velo-connectes-lumos-2024\/\" \/>\n<meta property=\"og:site_name\" content=\"CyclesBlain - Magasins de v\u00e9los, accessoires et ateliers\" \/>\n<meta property=\"article:publisher\" content=\"https:\/\/www.facebook.com\/cyclesblain\/?locale=fr_FR\" \/>\n<meta property=\"article:published_time\" content=\"2024-10-02T12:44:00+00:00\" \/>\n<meta property=\"article:modified_time\" content=\"2024-10-14T15:00:06+00:00\" \/>\n<meta property=\"og:image\" content=\"https:\/\/www.cycles-blain.com\/fr\/wp-content\/uploads\/2024\/10\/241077-196.jpg\" \/>\n\t<meta property=\"og:image:width\" content=\"600\" \/>\n\t<meta property=\"og:image:height\" content=\"341\" \/>\n\t<meta property=\"og:image:type\" content=\"image\/jpeg\" \/>\n<meta name=\"author\" content=\"Lou-Anne\" \/>\n<meta name=\"twitter:card\" content=\"summary_large_image\" \/>\n<meta name=\"twitter:label1\" content=\"\u00c9crit par\" \/>\n\t<meta name=\"twitter:data1\" content=\"Lou-Anne\" \/>\n\t<meta name=\"twitter:label2\" content=\"Dur\u00e9e de lecture estim\u00e9e\" \/>\n\t<meta name=\"twitter:data2\" content=\"4 minutes\" \/>\n<script type=\"application\/ld+json\" class=\"yoast-schema-graph\">{\"@context\":\"https:\\\/\\\/schema.org\",\"@graph\":[{\"@type\":\"Article\",\"@id\":\"https:\\\/\\\/www.cycles-blain.com\\\/fr\\\/magasins-velo\\\/casques-velo-connectes-lumos-2024\\\/#article\",\"isPartOf\":{\"@id\":\"https:\\\/\\\/www.cycles-blain.com\\\/fr\\\/magasins-velo\\\/casques-velo-connectes-lumos-2024\\\/\"},\"author\":{\"name\":\"Lou-Anne\",\"@id\":\"https:\\\/\\\/www.cycles-blain.com\\\/fr\\\/#\\\/schema\\\/person\\\/2e532610e6e45d290a29e480c00cc742\"},\"headline\":\"Les casques connect\u00e9s lumineux Lumos : La solution pour \u00eatre vu !\",\"datePublished\":\"2024-10-02T12:44:00+00:00\",\"dateModified\":\"2024-10-14T15:00:06+00:00\",\"mainEntityOfPage\":{\"@id\":\"https:\\\/\\\/www.cycles-blain.com\\\/fr\\\/magasins-velo\\\/casques-velo-connectes-lumos-2024\\\/\"},\"wordCount\":426,\"commentCount\":0,\"publisher\":{\"@id\":\"https:\\\/\\\/www.cycles-blain.com\\\/fr\\\/#organization\"},\"image\":{\"@id\":\"https:\\\/\\\/www.cycles-blain.com\\\/fr\\\/magasins-velo\\\/casques-velo-connectes-lumos-2024\\\/#primaryimage\"},\"thumbnailUrl\":\"https:\\\/\\\/www.cycles-blain.com\\\/fr\\\/wp-content\\\/uploads\\\/2024\\\/10\\\/241077-196.jpg\",\"keywords\":[\"casque\",\"Lumos\"],\"articleSection\":[\"Actus Magasins\",\"Magasin Brignais\",\"Magasin Craponne\",\"Magasin Lyon Centre\",\"Magasin St Priest\",\"Magasin Vienne\",\"Magasin Vienne Sud\",\"Magasin-CyclesVeran\",\"Magasin-Ecully\",\"Magasin-Lyon6\",\"Magasin-Oullins\"],\"inLanguage\":\"fr-FR\",\"potentialAction\":[{\"@type\":\"CommentAction\",\"name\":\"Comment\",\"target\":[\"https:\\\/\\\/www.cycles-blain.com\\\/fr\\\/magasins-velo\\\/casques-velo-connectes-lumos-2024\\\/#respond\"]}]},{\"@type\":\"WebPage\",\"@id\":\"https:\\\/\\\/www.cycles-blain.com\\\/fr\\\/magasins-velo\\\/casques-velo-connectes-lumos-2024\\\/\",\"url\":\"https:\\\/\\\/www.cycles-blain.com\\\/fr\\\/magasins-velo\\\/casques-velo-connectes-lumos-2024\\\/\",\"name\":\"Les casques connect\u00e9s lumineux Lumos : La solution pour \u00eatre vu ! - CyclesBlain - Magasins de v\u00e9los, accessoires et ateliers\",\"isPartOf\":{\"@id\":\"https:\\\/\\\/www.cycles-blain.com\\\/fr\\\/#website\"},\"primaryImageOfPage\":{\"@id\":\"https:\\\/\\\/www.cycles-blain.com\\\/fr\\\/magasins-velo\\\/casques-velo-connectes-lumos-2024\\\/#primaryimage\"},\"image\":{\"@id\":\"https:\\\/\\\/www.cycles-blain.com\\\/fr\\\/magasins-velo\\\/casques-velo-connectes-lumos-2024\\\/#primaryimage\"},\"thumbnailUrl\":\"https:\\\/\\\/www.cycles-blain.com\\\/fr\\\/wp-content\\\/uploads\\\/2024\\\/10\\\/241077-196.jpg\",\"datePublished\":\"2024-10-02T12:44:00+00:00\",\"dateModified\":\"2024-10-14T15:00:06+00:00\",\"description\":\"Les casques v\u00e9los connect\u00e9s lumineux Lumos sont la bonne solution pour \u00eatre vue \u00e0 v\u00e9lo gr\u00e2ce \u00e0 un syst\u00e8me d'\u00e9clairage amovible.\",\"breadcrumb\":{\"@id\":\"https:\\\/\\\/www.cycles-blain.com\\\/fr\\\/magasins-velo\\\/casques-velo-connectes-lumos-2024\\\/#breadcrumb\"},\"inLanguage\":\"fr-FR\",\"potentialAction\":[{\"@type\":\"ReadAction\",\"target\":[\"https:\\\/\\\/www.cycles-blain.com\\\/fr\\\/magasins-velo\\\/casques-velo-connectes-lumos-2024\\\/\"]}]},{\"@type\":\"ImageObject\",\"inLanguage\":\"fr-FR\",\"@id\":\"https:\\\/\\\/www.cycles-blain.com\\\/fr\\\/magasins-velo\\\/casques-velo-connectes-lumos-2024\\\/#primaryimage\",\"url\":\"https:\\\/\\\/www.cycles-blain.com\\\/fr\\\/wp-content\\\/uploads\\\/2024\\\/10\\\/241077-196.jpg\",\"contentUrl\":\"https:\\\/\\\/www.cycles-blain.com\\\/fr\\\/wp-content\\\/uploads\\\/2024\\\/10\\\/241077-196.jpg\",\"width\":600,\"height\":341,\"caption\":\"Casques Connect\u00e9s lumineux\"},{\"@type\":\"BreadcrumbList\",\"@id\":\"https:\\\/\\\/www.cycles-blain.com\\\/fr\\\/magasins-velo\\\/casques-velo-connectes-lumos-2024\\\/#breadcrumb\",\"itemListElement\":[{\"@type\":\"ListItem\",\"position\":1,\"name\":\"Accueil\",\"item\":\"https:\\\/\\\/www.cycles-blain.com\\\/fr\\\/\"},{\"@type\":\"ListItem\",\"position\":2,\"name\":\"Les casques connect\u00e9s lumineux Lumos : La solution pour \u00eatre vu !\"}]},{\"@type\":\"WebSite\",\"@id\":\"https:\\\/\\\/www.cycles-blain.com\\\/fr\\\/#website\",\"url\":\"https:\\\/\\\/www.cycles-blain.com\\\/fr\\\/\",\"name\":\"CyclesBlain - Magasins de v\u00e9los, accessoires et ateliers\",\"description\":\"Blog Cycles Blain\",\"publisher\":{\"@id\":\"https:\\\/\\\/www.cycles-blain.com\\\/fr\\\/#organization\"},\"potentialAction\":[{\"@type\":\"SearchAction\",\"target\":{\"@type\":\"EntryPoint\",\"urlTemplate\":\"https:\\\/\\\/www.cycles-blain.com\\\/fr\\\/?s={search_term_string}\"},\"query-input\":{\"@type\":\"PropertyValueSpecification\",\"valueRequired\":true,\"valueName\":\"search_term_string\"}}],\"inLanguage\":\"fr-FR\"},{\"@type\":\"Organization\",\"@id\":\"https:\\\/\\\/www.cycles-blain.com\\\/fr\\\/#organization\",\"name\":\"CyclesBlain - Magasins de v\u00e9los, accessoires et ateliers\",\"url\":\"https:\\\/\\\/www.cycles-blain.com\\\/fr\\\/\",\"logo\":{\"@type\":\"ImageObject\",\"inLanguage\":\"fr-FR\",\"@id\":\"https:\\\/\\\/www.cycles-blain.com\\\/fr\\\/#\\\/schema\\\/logo\\\/image\\\/\",\"url\":\"https:\\\/\\\/www.cycles-blain.com\\\/fr\\\/wp-content\\\/uploads\\\/2023\\\/10\\\/logo-cycles-blain.jpeg\",\"contentUrl\":\"https:\\\/\\\/www.cycles-blain.com\\\/fr\\\/wp-content\\\/uploads\\\/2023\\\/10\\\/logo-cycles-blain.jpeg\",\"width\":264,\"height\":191,\"caption\":\"CyclesBlain - Magasins de v\u00e9los, accessoires et ateliers\"},\"image\":{\"@id\":\"https:\\\/\\\/www.cycles-blain.com\\\/fr\\\/#\\\/schema\\\/logo\\\/image\\\/\"},\"sameAs\":[\"https:\\\/\\\/www.facebook.com\\\/cyclesblain\\\/?locale=fr_FR\",\"https:\\\/\\\/www.instagram.com\\\/cycles_blain\\\/?hl=fr\"]},{\"@type\":\"Person\",\"@id\":\"https:\\\/\\\/www.cycles-blain.com\\\/fr\\\/#\\\/schema\\\/person\\\/2e532610e6e45d290a29e480c00cc742\",\"name\":\"Lou-Anne\",\"image\":{\"@type\":\"ImageObject\",\"inLanguage\":\"fr-FR\",\"@id\":\"https:\\\/\\\/secure.gravatar.com\\\/avatar\\\/fc66047eecb12b1dd0e5dd77ae839eef6f5705cede9df1aa88eec9ecfd50b1ab?s=96&d=mm&r=g\",\"url\":\"https:\\\/\\\/secure.gravatar.com\\\/avatar\\\/fc66047eecb12b1dd0e5dd77ae839eef6f5705cede9df1aa88eec9ecfd50b1ab?s=96&d=mm&r=g\",\"contentUrl\":\"https:\\\/\\\/secure.gravatar.com\\\/avatar\\\/fc66047eecb12b1dd0e5dd77ae839eef6f5705cede9df1aa88eec9ecfd50b1ab?s=96&d=mm&r=g\",\"caption\":\"Lou-Anne\"},\"url\":\"https:\\\/\\\/www.cycles-blain.com\\\/fr\\\/author\\\/lou-anne\\\/\"}]}<\/script>\n<!-- \/ Yoast SEO plugin. -->","yoast_head_json":{"title":"Les casques connect\u00e9s lumineux Lumos : La solution pour \u00eatre vu ! - CyclesBlain - Magasins de v\u00e9los, accessoires et ateliers","description":"Les casques v\u00e9los connect\u00e9s lumineux Lumos sont la bonne solution pour \u00eatre vue \u00e0 v\u00e9lo gr\u00e2ce \u00e0 un syst\u00e8me d'\u00e9clairage amovible.","robots":{"index":"index","follow":"follow","max-snippet":"max-snippet:-1","max-image-preview":"max-image-preview:large","max-video-preview":"max-video-preview:-1"},"canonical":"https:\/\/www.cycles-blain.com\/fr\/magasins-velo\/casques-velo-connectes-lumos-2024\/","og_locale":"fr_FR","og_type":"article","og_title":"Les casques connect\u00e9s lumineux Lumos : La solution pour \u00eatre vu ! - CyclesBlain - Magasins de v\u00e9los, accessoires et ateliers","og_description":"Les casques v\u00e9los connect\u00e9s lumineux Lumos sont la bonne solution pour \u00eatre vue \u00e0 v\u00e9lo gr\u00e2ce \u00e0 un syst\u00e8me d'\u00e9clairage amovible.","og_url":"https:\/\/www.cycles-blain.com\/fr\/magasins-velo\/casques-velo-connectes-lumos-2024\/","og_site_name":"CyclesBlain - Magasins de v\u00e9los, accessoires et ateliers","article_publisher":"https:\/\/www.facebook.com\/cyclesblain\/?locale=fr_FR","article_published_time":"2024-10-02T12:44:00+00:00","article_modified_time":"2024-10-14T15:00:06+00:00","og_image":[{"width":600,"height":341,"url":"https:\/\/www.cycles-blain.com\/fr\/wp-content\/uploads\/2024\/10\/241077-196.jpg","type":"image\/jpeg"}],"author":"Lou-Anne","twitter_card":"summary_large_image","twitter_misc":{"\u00c9crit par":"Lou-Anne","Dur\u00e9e de lecture estim\u00e9e":"4 minutes"},"schema":{"@context":"https:\/\/schema.org","@graph":[{"@type":"Article","@id":"https:\/\/www.cycles-blain.com\/fr\/magasins-velo\/casques-velo-connectes-lumos-2024\/#article","isPartOf":{"@id":"https:\/\/www.cycles-blain.com\/fr\/magasins-velo\/casques-velo-connectes-lumos-2024\/"},"author":{"name":"Lou-Anne","@id":"https:\/\/www.cycles-blain.com\/fr\/#\/schema\/person\/2e532610e6e45d290a29e480c00cc742"},"headline":"Les casques connect\u00e9s lumineux Lumos : La solution pour \u00eatre vu !","datePublished":"2024-10-02T12:44:00+00:00","dateModified":"2024-10-14T15:00:06+00:00","mainEntityOfPage":{"@id":"https:\/\/www.cycles-blain.com\/fr\/magasins-velo\/casques-velo-connectes-lumos-2024\/"},"wordCount":426,"commentCount":0,"publisher":{"@id":"https:\/\/www.cycles-blain.com\/fr\/#organization"},"image":{"@id":"https:\/\/www.cycles-blain.com\/fr\/magasins-velo\/casques-velo-connectes-lumos-2024\/#primaryimage"},"thumbnailUrl":"https:\/\/www.cycles-blain.com\/fr\/wp-content\/uploads\/2024\/10\/241077-196.jpg","keywords":["casque","Lumos"],"articleSection":["Actus Magasins","Magasin Brignais","Magasin Craponne","Magasin Lyon Centre","Magasin St Priest","Magasin Vienne","Magasin Vienne Sud","Magasin-CyclesVeran","Magasin-Ecully","Magasin-Lyon6","Magasin-Oullins"],"inLanguage":"fr-FR","potentialAction":[{"@type":"CommentAction","name":"Comment","target":["https:\/\/www.cycles-blain.com\/fr\/magasins-velo\/casques-velo-connectes-lumos-2024\/#respond"]}]},{"@type":"WebPage","@id":"https:\/\/www.cycles-blain.com\/fr\/magasins-velo\/casques-velo-connectes-lumos-2024\/","url":"https:\/\/www.cycles-blain.com\/fr\/magasins-velo\/casques-velo-connectes-lumos-2024\/","name":"Les casques connect\u00e9s lumineux Lumos : La solution pour \u00eatre vu ! - CyclesBlain - Magasins de v\u00e9los, accessoires et ateliers","isPartOf":{"@id":"https:\/\/www.cycles-blain.com\/fr\/#website"},"primaryImageOfPage":{"@id":"https:\/\/www.cycles-blain.com\/fr\/magasins-velo\/casques-velo-connectes-lumos-2024\/#primaryimage"},"image":{"@id":"https:\/\/www.cycles-blain.com\/fr\/magasins-velo\/casques-velo-connectes-lumos-2024\/#primaryimage"},"thumbnailUrl":"https:\/\/www.cycles-blain.com\/fr\/wp-content\/uploads\/2024\/10\/241077-196.jpg","datePublished":"2024-10-02T12:44:00+00:00","dateModified":"2024-10-14T15:00:06+00:00","description":"Les casques v\u00e9los connect\u00e9s lumineux Lumos sont la bonne solution pour \u00eatre vue \u00e0 v\u00e9lo gr\u00e2ce \u00e0 un syst\u00e8me d'\u00e9clairage amovible.","breadcrumb":{"@id":"https:\/\/www.cycles-blain.com\/fr\/magasins-velo\/casques-velo-connectes-lumos-2024\/#breadcrumb"},"inLanguage":"fr-FR","potentialAction":[{"@type":"ReadAction","target":["https:\/\/www.cycles-blain.com\/fr\/magasins-velo\/casques-velo-connectes-lumos-2024\/"]}]},{"@type":"ImageObject","inLanguage":"fr-FR","@id":"https:\/\/www.cycles-blain.com\/fr\/magasins-velo\/casques-velo-connectes-lumos-2024\/#primaryimage","url":"https:\/\/www.cycles-blain.com\/fr\/wp-content\/uploads\/2024\/10\/241077-196.jpg","contentUrl":"https:\/\/www.cycles-blain.com\/fr\/wp-content\/uploads\/2024\/10\/241077-196.jpg","width":600,"height":341,"caption":"Casques Connect\u00e9s lumineux"},{"@type":"BreadcrumbList","@id":"https:\/\/www.cycles-blain.com\/fr\/magasins-velo\/casques-velo-connectes-lumos-2024\/#breadcrumb","itemListElement":[{"@type":"ListItem","position":1,"name":"Accueil","item":"https:\/\/www.cycles-blain.com\/fr\/"},{"@type":"ListItem","position":2,"name":"Les casques connect\u00e9s lumineux Lumos : La solution pour \u00eatre vu !"}]},{"@type":"WebSite","@id":"https:\/\/www.cycles-blain.com\/fr\/#website","url":"https:\/\/www.cycles-blain.com\/fr\/","name":"CyclesBlain - Magasins de v\u00e9los, accessoires et ateliers","description":"Blog Cycles Blain","publisher":{"@id":"https:\/\/www.cycles-blain.com\/fr\/#organization"},"potentialAction":[{"@type":"SearchAction","target":{"@type":"EntryPoint","urlTemplate":"https:\/\/www.cycles-blain.com\/fr\/?s={search_term_string}"},"query-input":{"@type":"PropertyValueSpecification","valueRequired":true,"valueName":"search_term_string"}}],"inLanguage":"fr-FR"},{"@type":"Organization","@id":"https:\/\/www.cycles-blain.com\/fr\/#organization","name":"CyclesBlain - Magasins de v\u00e9los, accessoires et ateliers","url":"https:\/\/www.cycles-blain.com\/fr\/","logo":{"@type":"ImageObject","inLanguage":"fr-FR","@id":"https:\/\/www.cycles-blain.com\/fr\/#\/schema\/logo\/image\/","url":"https:\/\/www.cycles-blain.com\/fr\/wp-content\/uploads\/2023\/10\/logo-cycles-blain.jpeg","contentUrl":"https:\/\/www.cycles-blain.com\/fr\/wp-content\/uploads\/2023\/10\/logo-cycles-blain.jpeg","width":264,"height":191,"caption":"CyclesBlain - Magasins de v\u00e9los, accessoires et ateliers"},"image":{"@id":"https:\/\/www.cycles-blain.com\/fr\/#\/schema\/logo\/image\/"},"sameAs":["https:\/\/www.facebook.com\/cyclesblain\/?locale=fr_FR","https:\/\/www.instagram.com\/cycles_blain\/?hl=fr"]},{"@type":"Person","@id":"https:\/\/www.cycles-blain.com\/fr\/#\/schema\/person\/2e532610e6e45d290a29e480c00cc742","name":"Lou-Anne","image":{"@type":"ImageObject","inLanguage":"fr-FR","@id":"https:\/\/secure.gravatar.com\/avatar\/fc66047eecb12b1dd0e5dd77ae839eef6f5705cede9df1aa88eec9ecfd50b1ab?s=96&d=mm&r=g","url":"https:\/\/secure.gravatar.com\/avatar\/fc66047eecb12b1dd0e5dd77ae839eef6f5705cede9df1aa88eec9ecfd50b1ab?s=96&d=mm&r=g","contentUrl":"https:\/\/secure.gravatar.com\/avatar\/fc66047eecb12b1dd0e5dd77ae839eef6f5705cede9df1aa88eec9ecfd50b1ab?s=96&d=mm&r=g","caption":"Lou-Anne"},"url":"https:\/\/www.cycles-blain.com\/fr\/author\/lou-anne\/"}]}},"_links":{"self":[{"href":"https:\/\/www.cycles-blain.com\/fr\/wp-json\/wp\/v2\/posts\/8794","targetHints":{"allow":["GET"]}}],"collection":[{"href":"https:\/\/www.cycles-blain.com\/fr\/wp-json\/wp\/v2\/posts"}],"about":[{"href":"https:\/\/www.cycles-blain.com\/fr\/wp-json\/wp\/v2\/types\/post"}],"author":[{"embeddable":true,"href":"https:\/\/www.cycles-blain.com\/fr\/wp-json\/wp\/v2\/users\/4"}],"replies":[{"embeddable":true,"href":"https:\/\/www.cycles-blain.com\/fr\/wp-json\/wp\/v2\/comments?post=8794"}],"version-history":[{"count":135,"href":"https:\/\/www.cycles-blain.com\/fr\/wp-json\/wp\/v2\/posts\/8794\/revisions"}],"predecessor-version":[{"id":9376,"href":"https:\/\/www.cycles-blain.com\/fr\/wp-json\/wp\/v2\/posts\/8794\/revisions\/9376"}],"wp:featuredmedia":[{"embeddable":true,"href":"https:\/\/www.cycles-blain.com\/fr\/wp-json\/wp\/v2\/media\/9377"}],"wp:attachment":[{"href":"https:\/\/www.cycles-blain.com\/fr\/wp-json\/wp\/v2\/media?parent=8794"}],"wp:term":[{"taxonomy":"category","embeddable":true,"href":"https:\/\/www.cycles-blain.com\/fr\/wp-json\/wp\/v2\/categories?post=8794"},{"taxonomy":"post_tag","embeddable":true,"href":"https:\/\/www.cycles-blain.com\/fr\/wp-json\/wp\/v2\/tags?post=8794"}],"curies":[{"name":"wp","href":"https:\/\/api.w.org\/{rel}","templated":true}]}}