{"id":9061,"date":"2024-10-14T09:09:00","date_gmt":"2024-10-14T07:09:00","guid":{"rendered":"https:\/\/www.cycles-blain.com\/fr\/?p=9061"},"modified":"2024-10-15T18:01:06","modified_gmt":"2024-10-15T16:01:06","slug":"promo-frein-atelier-entretien-oct24","status":"publish","type":"post","link":"https:\/\/www.cycles-blain.com\/fr\/atelier-reparation\/promo-frein-atelier-entretien-oct24\/","title":{"rendered":"Atelier entretien v\u00e9lo : Une paire de plaquettes offerte !"},"content":{"rendered":"\t\t<div data-elementor-type=\"wp-post\" data-elementor-id=\"9061\" class=\"elementor elementor-9061\" data-elementor-post-type=\"post\">\n\t\t\t\t<div class=\"elementor-element elementor-element-ddedc13 e-flex e-con-boxed e-con e-parent\" data-id=\"ddedc13\" data-element_type=\"container\" data-e-type=\"container\">\n\t\t\t\t\t<div class=\"e-con-inner\">\n\t\t\t\t<div class=\"elementor-element elementor-element-4b89f00 elementor-widget elementor-widget-text-editor\" data-id=\"4b89f00\" data-element_type=\"widget\" data-e-type=\"widget\" data-widget_type=\"text-editor.default\">\n\t\t\t\t<div class=\"elementor-widget-container\">\n\t\t\t\t\t\t\t\t\t<p><i>L&rsquo;automne est souvent le bon moment pour l&rsquo;entretien v\u00e9lo : Les ateliers CYCLES BLAIN vous proposent une promotion sur un des \u00e9l\u00e9ments de s\u00e9curit\u00e9 le plus important en v\u00e9lo : Les plaquettes de frein !<\/i><\/p>\t\t\t\t\t\t\t\t<\/div>\n\t\t\t\t<\/div>\n\t\t\t\t\t<\/div>\n\t\t\t\t<\/div>\n\t\t<div class=\"elementor-element elementor-element-4387f27 e-flex e-con-boxed e-con e-parent\" data-id=\"4387f27\" data-element_type=\"container\" data-e-type=\"container\">\n\t\t\t\t\t<div class=\"e-con-inner\">\n\t\t\t\t<div class=\"elementor-element elementor-element-4ff4167 elementor-widget elementor-widget-heading\" data-id=\"4ff4167\" data-element_type=\"widget\" data-e-type=\"widget\" data-widget_type=\"heading.default\">\n\t\t\t\t<div class=\"elementor-widget-container\">\n\t\t\t\t\t<h3 class=\"elementor-heading-title elementor-size-default\">L'entretien v\u00e9lo = s\u00e9curit\u00e9 &amp; s\u00e9r\u00e9nit\u00e9<\/h3>\t\t\t\t<\/div>\n\t\t\t\t<\/div>\n\t\t\t\t\t<\/div>\n\t\t\t\t<\/div>\n\t\t<div class=\"elementor-element elementor-element-d435b71 e-flex e-con-boxed e-con e-parent\" data-id=\"d435b71\" data-element_type=\"container\" data-e-type=\"container\">\n\t\t\t\t\t<div class=\"e-con-inner\">\n\t\t\t\t<div class=\"elementor-element elementor-element-2256f9c elementor-widget elementor-widget-text-editor\" data-id=\"2256f9c\" data-element_type=\"widget\" data-e-type=\"widget\" data-widget_type=\"text-editor.default\">\n\t\t\t\t<div class=\"elementor-widget-container\">\n\t\t\t\t\t\t\t\t\t<p>Vous avez fait beaucoup de v\u00e9lo cet \u00e9t\u00e9 ou vous avez repris le v\u00e9lo \u00e0 rentr\u00e9e ? <b>Votre v\u00e9lo a certainement besoin d&rsquo;un petit entretien et parfois de changer quelques \u00e9l\u00e9ments de s\u00e9curit\u00e9 adapt\u00e9s \u00e0 l&rsquo;humidit\u00e9 et surtout en bon \u00e9tat pour votre s\u00e9curit\u00e9 et votre s\u00e9r\u00e9nit\u00e9 en v\u00e9lo !<\/b><\/p>\t\t\t\t\t\t\t\t<\/div>\n\t\t\t\t<\/div>\n\t\t\t\t\t<\/div>\n\t\t\t\t<\/div>\n\t\t<div class=\"elementor-element elementor-element-98e11e0 e-flex e-con-boxed e-con e-parent\" data-id=\"98e11e0\" data-element_type=\"container\" data-e-type=\"container\">\n\t\t\t\t\t<div class=\"e-con-inner\">\n\t\t\t\t<div class=\"elementor-element elementor-element-312bcea elementor-widget elementor-widget-heading\" data-id=\"312bcea\" data-element_type=\"widget\" data-e-type=\"widget\" data-widget_type=\"heading.default\">\n\t\t\t\t<div class=\"elementor-widget-container\">\n\t\t\t\t\t<h3 class=\"elementor-heading-title elementor-size-default\">Une paire de plaquettes de frein offerte avec votre forfait entretien v\u00e9lo<\/h3>\t\t\t\t<\/div>\n\t\t\t\t<\/div>\n\t\t\t\t\t<\/div>\n\t\t\t\t<\/div>\n\t\t<div class=\"elementor-element elementor-element-d747c89 e-flex e-con-boxed e-con e-parent\" data-id=\"d747c89\" data-element_type=\"container\" data-e-type=\"container\">\n\t\t\t\t\t<div class=\"e-con-inner\">\n\t\t\t\t<div class=\"elementor-element elementor-element-eb30cd2 elementor-widget elementor-widget-text-editor\" data-id=\"eb30cd2\" data-element_type=\"widget\" data-e-type=\"widget\" data-widget_type=\"text-editor.default\">\n\t\t\t\t<div class=\"elementor-widget-container\">\n\t\t\t\t\t\t\t\t\t<p>Pour faire l&rsquo;entretien de votre v\u00e9lo quelque soit sa marque, nous vous proposons une remise pour tous nouveaux rendez-vous en atelier jusqu&rsquo;au 31 Octobre 2024 inclus :&nbsp;<\/p>\n<ul>\n<li><b>1 ENTRETIEN VELO + 1 PAIRE DE PLAQUETTES ACHETES = 1 PAIRE DE PLAQUETTES OFFERTE !<\/b><\/li>\n<li>Toutes les marques de v\u00e9los sont accept\u00e9es,<\/li>\n<li>Uniquement sur Rendez-vous pris sur notre&nbsp;<a href=\"https:\/\/www.cycles-blain.com\/content\/19-rdv-atelier-velo\" target=\"_blank\" rel=\"noopener\">site (Bouton ci-dessous<\/a>) dans l&rsquo;un de nos 10 ateliers v\u00e9los.<\/li>\n<li>Toutes les marques de plaquettes de frein \u00e0 disques sont concern\u00e9es : Shimano, Magura, Sram, Tektro, Hayes&#8230; dans la limite des stocks disponibles ou commandables.<\/li>\n<li><b>POUR EN PROFITER, PRESENTEZ CET ARTICLE, MAIL ou POST RESEAU SOCIAL, lors du d\u00e9p\u00f4t de votre v\u00e9lo.<\/b><\/li>\n<\/ul>\t\t\t\t\t\t\t\t<\/div>\n\t\t\t\t<\/div>\n\t\t\t\t<div class=\"elementor-element elementor-element-1b202de elementor-align-center elementor-widget elementor-widget-button\" data-id=\"1b202de\" data-element_type=\"widget\" data-e-type=\"widget\" data-widget_type=\"button.default\">\n\t\t\t\t<div class=\"elementor-widget-container\">\n\t\t\t\t\t\t\t\t\t<div class=\"elementor-button-wrapper\">\n\t\t\t\t\t<a class=\"elementor-button elementor-button-link elementor-size-sm\" href=\"https:\/\/www.cycles-blain.com\/content\/19-rdv-atelier-velo\" target=\"_blank\">\n\t\t\t\t\t\t<span class=\"elementor-button-content-wrapper\">\n\t\t\t\t\t\t\t\t\t<span class=\"elementor-button-text\">Je prends un RDV Atelier<\/span>\n\t\t\t\t\t<\/span>\n\t\t\t\t\t<\/a>\n\t\t\t\t<\/div>\n\t\t\t\t\t\t\t\t<\/div>\n\t\t\t\t<\/div>\n\t\t\t\t\t<\/div>\n\t\t\t\t<\/div>\n\t\t<div class=\"elementor-element elementor-element-758f7f8 e-flex e-con-boxed e-con e-parent\" data-id=\"758f7f8\" data-element_type=\"container\" data-e-type=\"container\">\n\t\t\t\t\t<div class=\"e-con-inner\">\n\t\t\t\t<div class=\"elementor-element elementor-element-9f9f4d8 elementor-widget elementor-widget-heading\" data-id=\"9f9f4d8\" data-element_type=\"widget\" data-e-type=\"widget\" data-widget_type=\"heading.default\">\n\t\t\t\t<div class=\"elementor-widget-container\">\n\t\t\t\t\t<h3 class=\"elementor-heading-title elementor-size-default\">Quel entretien v\u00e9lo choisir ?<\/h3>\t\t\t\t<\/div>\n\t\t\t\t<\/div>\n\t\t\t\t\t<\/div>\n\t\t\t\t<\/div>\n\t\t<div class=\"elementor-element elementor-element-f84a2b9 e-flex e-con-boxed e-con e-parent\" data-id=\"f84a2b9\" data-element_type=\"container\" data-e-type=\"container\">\n\t\t\t\t\t<div class=\"e-con-inner\">\n\t\t\t\t<div class=\"elementor-element elementor-element-e0ee396 elementor-widget elementor-widget-text-editor\" data-id=\"e0ee396\" data-element_type=\"widget\" data-e-type=\"widget\" data-widget_type=\"text-editor.default\">\n\t\t\t\t<div class=\"elementor-widget-container\">\n\t\t\t\t\t\t\t\t\t<p>Nos ateliers proposent diff\u00e9rents forfaits d&rsquo;entretien v\u00e9los pour toutes les marques et tous les types de v\u00e9lo : vtt, vtc, v\u00e9lo de route, cargos, v\u00e9lo enfants etc&#8230;<br>Vous ne savez pas quel forfait entretien choisir ou comment entretenir votre v\u00e9lo ?<br><b>Il vous suffit de prendre rendez-vous et d&rsquo;apporter votre v\u00e9lo la veille ou le matin. Nos \u00e9quipes feront un diagnostic de votre v\u00e9lo et un devis en fonction de l&rsquo;\u00e9tat de votre v\u00e9lo et de vos besoins.<br>Nous contr\u00f4lons toujours les \u00e9l\u00e9ments de s\u00e9curit\u00e9 du v\u00e9lo et les pi\u00e8ces d&rsquo;usure comme les freins, les pneus, la cha\u00eene, le voilage des roues, les c\u00e2bles, la transmission&#8230;<\/b><\/p>\t\t\t\t\t\t\t\t<\/div>\n\t\t\t\t<\/div>\n\t\t\t\t\t<\/div>\n\t\t\t\t<\/div>\n\t\t<div class=\"elementor-element elementor-element-444130b e-flex e-con-boxed e-con e-parent\" data-id=\"444130b\" data-element_type=\"container\" data-e-type=\"container\">\n\t\t\t\t\t<div class=\"e-con-inner\">\n\t\t\t\t<div class=\"elementor-element elementor-element-dce5c44 elementor-widget elementor-widget-heading\" data-id=\"dce5c44\" data-element_type=\"widget\" data-e-type=\"widget\" data-widget_type=\"heading.default\">\n\t\t\t\t<div class=\"elementor-widget-container\">\n\t\t\t\t\t<h2 class=\"elementor-heading-title elementor-size-default\">Nos forfaits entretien v\u00e9lo<\/h2>\t\t\t\t<\/div>\n\t\t\t\t<\/div>\n\t\t\t\t<div class=\"elementor-element elementor-element-095a832 elementor-widget elementor-widget-text-editor\" data-id=\"095a832\" data-element_type=\"widget\" data-e-type=\"widget\" data-widget_type=\"text-editor.default\">\n\t\t\t\t<div class=\"elementor-widget-container\">\n\t\t\t\t\t\t\t\t\t<p>Main d&rsquo;Oeuvre uniquement<br \/>(hors pi\u00e8ces et accessoires sur devis)<\/p>\t\t\t\t\t\t\t\t<\/div>\n\t\t\t\t<\/div>\n\t\t\t\t<div class=\"elementor-element elementor-element-15ef066 elementor-widget elementor-widget-image\" data-id=\"15ef066\" data-element_type=\"widget\" data-e-type=\"widget\" data-widget_type=\"image.default\">\n\t\t\t\t<div class=\"elementor-widget-container\">\n\t\t\t\t\t\t\t\t\t\t\t\t\t\t\t<img fetchpriority=\"high\" decoding=\"async\" width=\"1024\" height=\"611\" src=\"https:\/\/www.cycles-blain.com\/fr\/wp-content\/uploads\/2024\/10\/Capture-decran-2024-10-08-145544-1024x611.png\" class=\"attachment-large size-large wp-image-9074\" alt=\"Forfaits Entretien v\u00e9lo\" srcset=\"https:\/\/www.cycles-blain.com\/fr\/wp-content\/uploads\/2024\/10\/Capture-decran-2024-10-08-145544-1024x611.png 1024w, https:\/\/www.cycles-blain.com\/fr\/wp-content\/uploads\/2024\/10\/Capture-decran-2024-10-08-145544-300x179.png 300w, https:\/\/www.cycles-blain.com\/fr\/wp-content\/uploads\/2024\/10\/Capture-decran-2024-10-08-145544-768x458.png 768w, https:\/\/www.cycles-blain.com\/fr\/wp-content\/uploads\/2024\/10\/Capture-decran-2024-10-08-145544.png 1173w\" sizes=\"(max-width: 1024px) 100vw, 1024px\" \/>\t\t\t\t\t\t\t\t\t\t\t\t\t\t\t<\/div>\n\t\t\t\t<\/div>\n\t\t\t\t\t<\/div>\n\t\t\t\t<\/div>\n\t\t<div class=\"elementor-element elementor-element-d27d244 e-flex e-con-boxed e-con e-parent\" data-id=\"d27d244\" data-element_type=\"container\" data-e-type=\"container\">\n\t\t\t\t\t<div class=\"e-con-inner\">\n\t\t\t\t<div class=\"elementor-element elementor-element-900b34e elementor-align-center elementor-widget elementor-widget-button\" data-id=\"900b34e\" data-element_type=\"widget\" data-e-type=\"widget\" data-widget_type=\"button.default\">\n\t\t\t\t<div class=\"elementor-widget-container\">\n\t\t\t\t\t\t\t\t\t<div class=\"elementor-button-wrapper\">\n\t\t\t\t\t<a class=\"elementor-button elementor-button-link elementor-size-sm\" href=\"https:\/\/www.cycles-blain.com\/content\/19-rdv-atelier-velo\" target=\"_blank\">\n\t\t\t\t\t\t<span class=\"elementor-button-content-wrapper\">\n\t\t\t\t\t\t\t\t\t<span class=\"elementor-button-text\">Je prends un RDV Atelier<\/span>\n\t\t\t\t\t<\/span>\n\t\t\t\t\t<\/a>\n\t\t\t\t<\/div>\n\t\t\t\t\t\t\t\t<\/div>\n\t\t\t\t<\/div>\n\t\t\t\t\t<\/div>\n\t\t\t\t<\/div>\n\t\t<div class=\"elementor-element elementor-element-dca21ad e-flex e-con-boxed e-con e-parent\" data-id=\"dca21ad\" data-element_type=\"container\" data-e-type=\"container\">\n\t\t\t\t\t<div class=\"e-con-inner\">\n\t\t\t\t<div class=\"elementor-element elementor-element-886ae5d elementor-widget elementor-widget-heading\" data-id=\"886ae5d\" data-element_type=\"widget\" data-e-type=\"widget\" data-widget_type=\"heading.default\">\n\t\t\t\t<div class=\"elementor-widget-container\">\n\t\t\t\t\t<h2 class=\"elementor-heading-title elementor-size-default\">O\u00f9 trouver un atelier d'entretien v\u00e9lo sur Lyon ?<\/h2>\t\t\t\t<\/div>\n\t\t\t\t<\/div>\n\t\t\t\t\t<\/div>\n\t\t\t\t<\/div>\n\t\t<div class=\"elementor-element elementor-element-863ab71 e-flex e-con-boxed e-con e-parent\" data-id=\"863ab71\" data-element_type=\"container\" data-e-type=\"container\">\n\t\t\t\t\t<div class=\"e-con-inner\">\n\t\t\t\t<div class=\"elementor-element elementor-element-a8a36f5 elementor-widget elementor-widget-text-editor\" data-id=\"a8a36f5\" data-element_type=\"widget\" data-e-type=\"widget\" data-widget_type=\"text-editor.default\">\n\t\t\t\t<div class=\"elementor-widget-container\">\n\t\t\t\t\t\t\t\t\t<p>Tous nos magasins de v\u00e9los disposent d&rsquo;un atelier d&rsquo;entretien v\u00e9lo multi marques :\u00a0<\/p><ul><li><a href=\"https:\/\/www.cycles-blain.com\/content\/31-atelier-velo-lyon-5-veran\" target=\"_blank\" rel=\"noopener\">Atelier d&rsquo;Entretien v\u00e9lo Lyon 5<\/a>,<\/li><li><a href=\"https:\/\/www.cycles-blain.com\/content\/23-atelier-velo-lyon-3\" target=\"_blank\" rel=\"noopener\">Atelier d&rsquo;Entretien v\u00e9lo Lyon 3<\/a>,<\/li><li><a href=\"https:\/\/www.cycles-blain.com\/content\/28-atelier-velo-lyon-6-manudany\" target=\"_blank\" rel=\"noopener\">Atelier d&rsquo;Entretien v\u00e9lo Lyon 6<\/a>,<\/li><li><a href=\"https:\/\/www.cycles-blain.com\/content\/6-atelier-velo-brignais\" target=\"_blank\" rel=\"noopener\">Atelier d&rsquo;Entretien v\u00e9lo Brignais<\/a>,<\/li><li><a href=\"https:\/\/www.cycles-blain.com\/content\/30-atelier-velo-craponne\" target=\"_blank\" rel=\"noopener\">Atelier d&rsquo;Entretien v\u00e9lo Craponne<\/a>,<\/li><li><a href=\"https:\/\/www.cycles-blain.com\/content\/29-atelier-velo-ecully\" target=\"_blank\" rel=\"noopener\">Atelier d&rsquo;Entretien v\u00e9lo Ecully<\/a>,<\/li><li><a href=\"https:\/\/www.cycles-blain.com\/content\/21-atelier-velo-oullins\" target=\"_blank\" rel=\"noopener\">Atelier d&rsquo;Entretien v\u00e9lo Oullins<\/a>,<\/li><li><a href=\"https:\/\/www.cycles-blain.com\/content\/27-atelier-velo-saint-priest\" target=\"_blank\" rel=\"noopener\">Atelier d&rsquo;Entretien v\u00e9lo St Priest<\/a><\/li><li><a href=\"https:\/\/www.cycles-blain.com\/content\/24-atelier-velo-vienne\" target=\"_blank\" rel=\"noopener\">Atelier d&rsquo;Entretien v\u00e9lo Vienne Nord<\/a>,<\/li><li><a href=\"https:\/\/www.cycles-blain.com\/content\/25-atelier-velo-vienne-sud\" target=\"_blank\" rel=\"noopener\">Atelier d&rsquo;Entretien v\u00e9lo Vienne Sud<\/a><\/li><\/ul>\t\t\t\t\t\t\t\t<\/div>\n\t\t\t\t<\/div>\n\t\t\t\t\t<\/div>\n\t\t\t\t<\/div>\n\t\t\t\t<\/div>\n\t\t","protected":false},"excerpt":{"rendered":"<p>Faites l&rsquo;entretien de votre v\u00e9lo dans nos ateliers entretien sur Lyon et b\u00e9n\u00e9ficiez d&rsquo;une paire de plaquettes offerte !<\/p>\n","protected":false},"author":1,"featured_media":9381,"comment_status":"open","ping_status":"open","sticky":false,"template":"","format":"standard","meta":{"site-sidebar-layout":"default","site-content-layout":"","ast-site-content-layout":"default","site-content-style":"default","site-sidebar-style":"default","ast-global-header-display":"","ast-banner-title-visibility":"","ast-main-header-display":"","ast-hfb-above-header-display":"","ast-hfb-below-header-display":"","ast-hfb-mobile-header-display":"","site-post-title":"","ast-breadcrumbs-content":"","ast-featured-img":"","footer-sml-layout":"","theme-transparent-header-meta":"","adv-header-id-meta":"","stick-header-meta":"","header-above-stick-meta":"","header-main-stick-meta":"","header-below-stick-meta":"","astra-migrate-meta-layouts":"set","ast-page-background-enabled":"default","ast-page-background-meta":{"desktop":{"background-color":"","background-image":"","background-repeat":"repeat","background-position":"center center","background-size":"auto","background-attachment":"scroll","background-type":"","background-media":"","overlay-type":"","overlay-color":"","overlay-gradient":""},"tablet":{"background-color":"","background-image":"","background-repeat":"repeat","background-position":"center center","background-size":"auto","background-attachment":"scroll","background-type":"","background-media":"","overlay-type":"","overlay-color":"","overlay-gradient":""},"mobile":{"background-color":"","background-image":"","background-repeat":"repeat","background-position":"center center","background-size":"auto","background-attachment":"scroll","background-type":"","background-media":"","overlay-type":"","overlay-color":"","overlay-gradient":""}},"ast-content-background-meta":{"desktop":{"background-color":"var(--ast-global-color-5)","background-image":"","background-repeat":"repeat","background-position":"center center","background-size":"auto","background-attachment":"scroll","background-type":"","background-media":"","overlay-type":"","overlay-color":"","overlay-gradient":""},"tablet":{"background-color":"var(--ast-global-color-5)","background-image":"","background-repeat":"repeat","background-position":"center center","background-size":"auto","background-attachment":"scroll","background-type":"","background-media":"","overlay-type":"","overlay-color":"","overlay-gradient":""},"mobile":{"background-color":"var(--ast-global-color-5)","background-image":"","background-repeat":"repeat","background-position":"center center","background-size":"auto","background-attachment":"scroll","background-type":"","background-media":"","overlay-type":"","overlay-color":"","overlay-gradient":""}},"footnotes":""},"categories":[6,88],"tags":[144,267],"class_list":["post-9061","post","type-post","status-publish","format-standard","has-post-thumbnail","hentry","category-magasins-velo","category-atelier-reparation","tag-atelier","tag-freinage"],"yoast_head":"<!-- This site is optimized with the Yoast SEO plugin v27.5 - https:\/\/yoast.com\/product\/yoast-seo-wordpress\/ -->\n<title>Atelier entretien v\u00e9lo : Une paire de plaquettes offerte ! - CYCLES BLAIN<\/title>\n<meta name=\"description\" content=\"Besoin d&#039;un entretien v\u00e9lo ou de changer de vos plaquettes de frein ? Profitez d&#039;une paire de plaquette offerte avec l&#039;entretien v\u00e9lo sur Lyon\" \/>\n<meta name=\"robots\" content=\"index, follow, max-snippet:-1, max-image-preview:large, max-video-preview:-1\" \/>\n<link rel=\"canonical\" href=\"https:\/\/www.cycles-blain.com\/fr\/atelier-reparation\/promo-frein-atelier-entretien-oct24\/\" \/>\n<meta property=\"og:locale\" content=\"fr_FR\" \/>\n<meta property=\"og:type\" content=\"article\" \/>\n<meta property=\"og:title\" content=\"Atelier entretien v\u00e9lo : Une paire de plaquettes offerte ! - CYCLES BLAIN\" \/>\n<meta property=\"og:description\" content=\"Besoin d&#039;un entretien v\u00e9lo ou de changer de vos plaquettes de frein ? Profitez d&#039;une paire de plaquette offerte avec l&#039;entretien v\u00e9lo sur Lyon\" \/>\n<meta property=\"og:url\" content=\"https:\/\/www.cycles-blain.com\/fr\/atelier-reparation\/promo-frein-atelier-entretien-oct24\/\" \/>\n<meta property=\"og:site_name\" content=\"CyclesBlain - Magasins de v\u00e9los, accessoires et ateliers\" \/>\n<meta property=\"article:publisher\" content=\"https:\/\/www.facebook.com\/cyclesblain\/?locale=fr_FR\" \/>\n<meta property=\"article:published_time\" content=\"2024-10-14T07:09:00+00:00\" \/>\n<meta property=\"article:modified_time\" content=\"2024-10-15T16:01:06+00:00\" \/>\n<meta property=\"og:image\" content=\"https:\/\/www.cycles-blain.com\/fr\/wp-content\/uploads\/2024\/10\/A0-Poster-A3-Landscape-600-x-400-mm-300-x-250-px-2.png\" \/>\n\t<meta property=\"og:image:width\" content=\"600\" \/>\n\t<meta property=\"og:image:height\" content=\"300\" \/>\n\t<meta property=\"og:image:type\" content=\"image\/png\" \/>\n<meta name=\"author\" content=\"Gueweb\" \/>\n<meta name=\"twitter:card\" content=\"summary_large_image\" \/>\n<meta name=\"twitter:label1\" content=\"\u00c9crit par\" \/>\n\t<meta name=\"twitter:data1\" content=\"Gueweb\" \/>\n\t<meta name=\"twitter:label2\" content=\"Dur\u00e9e de lecture estim\u00e9e\" \/>\n\t<meta name=\"twitter:data2\" content=\"3 minutes\" \/>\n<script type=\"application\/ld+json\" class=\"yoast-schema-graph\">{\"@context\":\"https:\\\/\\\/schema.org\",\"@graph\":[{\"@type\":\"Article\",\"@id\":\"https:\\\/\\\/www.cycles-blain.com\\\/fr\\\/atelier-reparation\\\/promo-frein-atelier-entretien-oct24\\\/#article\",\"isPartOf\":{\"@id\":\"https:\\\/\\\/www.cycles-blain.com\\\/fr\\\/atelier-reparation\\\/promo-frein-atelier-entretien-oct24\\\/\"},\"author\":{\"name\":\"Gueweb\",\"@id\":\"https:\\\/\\\/www.cycles-blain.com\\\/fr\\\/#\\\/schema\\\/person\\\/6fb8bad852fde893fb61b7b05936af37\"},\"headline\":\"Atelier entretien v\u00e9lo : Une paire de plaquettes offerte !\",\"datePublished\":\"2024-10-14T07:09:00+00:00\",\"dateModified\":\"2024-10-15T16:01:06+00:00\",\"mainEntityOfPage\":{\"@id\":\"https:\\\/\\\/www.cycles-blain.com\\\/fr\\\/atelier-reparation\\\/promo-frein-atelier-entretien-oct24\\\/\"},\"wordCount\":482,\"commentCount\":0,\"publisher\":{\"@id\":\"https:\\\/\\\/www.cycles-blain.com\\\/fr\\\/#organization\"},\"image\":{\"@id\":\"https:\\\/\\\/www.cycles-blain.com\\\/fr\\\/atelier-reparation\\\/promo-frein-atelier-entretien-oct24\\\/#primaryimage\"},\"thumbnailUrl\":\"https:\\\/\\\/www.cycles-blain.com\\\/fr\\\/wp-content\\\/uploads\\\/2024\\\/10\\\/A0-Poster-A3-Landscape-600-x-400-mm-300-x-250-px-2.png\",\"keywords\":[\"atelier\",\"freinage\"],\"articleSection\":[\"Actus Magasins\",\"Atelier\"],\"inLanguage\":\"fr-FR\",\"potentialAction\":[{\"@type\":\"CommentAction\",\"name\":\"Comment\",\"target\":[\"https:\\\/\\\/www.cycles-blain.com\\\/fr\\\/atelier-reparation\\\/promo-frein-atelier-entretien-oct24\\\/#respond\"]}]},{\"@type\":\"WebPage\",\"@id\":\"https:\\\/\\\/www.cycles-blain.com\\\/fr\\\/atelier-reparation\\\/promo-frein-atelier-entretien-oct24\\\/\",\"url\":\"https:\\\/\\\/www.cycles-blain.com\\\/fr\\\/atelier-reparation\\\/promo-frein-atelier-entretien-oct24\\\/\",\"name\":\"Atelier entretien v\u00e9lo : Une paire de plaquettes offerte ! - CYCLES BLAIN\",\"isPartOf\":{\"@id\":\"https:\\\/\\\/www.cycles-blain.com\\\/fr\\\/#website\"},\"primaryImageOfPage\":{\"@id\":\"https:\\\/\\\/www.cycles-blain.com\\\/fr\\\/atelier-reparation\\\/promo-frein-atelier-entretien-oct24\\\/#primaryimage\"},\"image\":{\"@id\":\"https:\\\/\\\/www.cycles-blain.com\\\/fr\\\/atelier-reparation\\\/promo-frein-atelier-entretien-oct24\\\/#primaryimage\"},\"thumbnailUrl\":\"https:\\\/\\\/www.cycles-blain.com\\\/fr\\\/wp-content\\\/uploads\\\/2024\\\/10\\\/A0-Poster-A3-Landscape-600-x-400-mm-300-x-250-px-2.png\",\"datePublished\":\"2024-10-14T07:09:00+00:00\",\"dateModified\":\"2024-10-15T16:01:06+00:00\",\"description\":\"Besoin d'un entretien v\u00e9lo ou de changer de vos plaquettes de frein ? Profitez d'une paire de plaquette offerte avec l'entretien v\u00e9lo sur Lyon\",\"breadcrumb\":{\"@id\":\"https:\\\/\\\/www.cycles-blain.com\\\/fr\\\/atelier-reparation\\\/promo-frein-atelier-entretien-oct24\\\/#breadcrumb\"},\"inLanguage\":\"fr-FR\",\"potentialAction\":[{\"@type\":\"ReadAction\",\"target\":[\"https:\\\/\\\/www.cycles-blain.com\\\/fr\\\/atelier-reparation\\\/promo-frein-atelier-entretien-oct24\\\/\"]}]},{\"@type\":\"ImageObject\",\"inLanguage\":\"fr-FR\",\"@id\":\"https:\\\/\\\/www.cycles-blain.com\\\/fr\\\/atelier-reparation\\\/promo-frein-atelier-entretien-oct24\\\/#primaryimage\",\"url\":\"https:\\\/\\\/www.cycles-blain.com\\\/fr\\\/wp-content\\\/uploads\\\/2024\\\/10\\\/A0-Poster-A3-Landscape-600-x-400-mm-300-x-250-px-2.png\",\"contentUrl\":\"https:\\\/\\\/www.cycles-blain.com\\\/fr\\\/wp-content\\\/uploads\\\/2024\\\/10\\\/A0-Poster-A3-Landscape-600-x-400-mm-300-x-250-px-2.png\",\"width\":600,\"height\":300,\"caption\":\"1 Paire de plaquettes de frein offerte\"},{\"@type\":\"BreadcrumbList\",\"@id\":\"https:\\\/\\\/www.cycles-blain.com\\\/fr\\\/atelier-reparation\\\/promo-frein-atelier-entretien-oct24\\\/#breadcrumb\",\"itemListElement\":[{\"@type\":\"ListItem\",\"position\":1,\"name\":\"Accueil\",\"item\":\"https:\\\/\\\/www.cycles-blain.com\\\/fr\\\/\"},{\"@type\":\"ListItem\",\"position\":2,\"name\":\"Atelier entretien v\u00e9lo : Une paire de plaquettes offerte !\"}]},{\"@type\":\"WebSite\",\"@id\":\"https:\\\/\\\/www.cycles-blain.com\\\/fr\\\/#website\",\"url\":\"https:\\\/\\\/www.cycles-blain.com\\\/fr\\\/\",\"name\":\"CyclesBlain - Magasins de v\u00e9los, accessoires et ateliers\",\"description\":\"Blog Cycles Blain\",\"publisher\":{\"@id\":\"https:\\\/\\\/www.cycles-blain.com\\\/fr\\\/#organization\"},\"potentialAction\":[{\"@type\":\"SearchAction\",\"target\":{\"@type\":\"EntryPoint\",\"urlTemplate\":\"https:\\\/\\\/www.cycles-blain.com\\\/fr\\\/?s={search_term_string}\"},\"query-input\":{\"@type\":\"PropertyValueSpecification\",\"valueRequired\":true,\"valueName\":\"search_term_string\"}}],\"inLanguage\":\"fr-FR\"},{\"@type\":\"Organization\",\"@id\":\"https:\\\/\\\/www.cycles-blain.com\\\/fr\\\/#organization\",\"name\":\"CyclesBlain - Magasins de v\u00e9los, accessoires et ateliers\",\"url\":\"https:\\\/\\\/www.cycles-blain.com\\\/fr\\\/\",\"logo\":{\"@type\":\"ImageObject\",\"inLanguage\":\"fr-FR\",\"@id\":\"https:\\\/\\\/www.cycles-blain.com\\\/fr\\\/#\\\/schema\\\/logo\\\/image\\\/\",\"url\":\"https:\\\/\\\/www.cycles-blain.com\\\/fr\\\/wp-content\\\/uploads\\\/2023\\\/10\\\/logo-cycles-blain.jpeg\",\"contentUrl\":\"https:\\\/\\\/www.cycles-blain.com\\\/fr\\\/wp-content\\\/uploads\\\/2023\\\/10\\\/logo-cycles-blain.jpeg\",\"width\":264,\"height\":191,\"caption\":\"CyclesBlain - Magasins de v\u00e9los, accessoires et ateliers\"},\"image\":{\"@id\":\"https:\\\/\\\/www.cycles-blain.com\\\/fr\\\/#\\\/schema\\\/logo\\\/image\\\/\"},\"sameAs\":[\"https:\\\/\\\/www.facebook.com\\\/cyclesblain\\\/?locale=fr_FR\",\"https:\\\/\\\/www.instagram.com\\\/cycles_blain\\\/?hl=fr\"]},{\"@type\":\"Person\",\"@id\":\"https:\\\/\\\/www.cycles-blain.com\\\/fr\\\/#\\\/schema\\\/person\\\/6fb8bad852fde893fb61b7b05936af37\",\"name\":\"Gueweb\",\"image\":{\"@type\":\"ImageObject\",\"inLanguage\":\"fr-FR\",\"@id\":\"https:\\\/\\\/secure.gravatar.com\\\/avatar\\\/52550bc594eb074508114b963209b157358b27e5a0319de1bb723df3f760ca2d?s=96&d=mm&r=g\",\"url\":\"https:\\\/\\\/secure.gravatar.com\\\/avatar\\\/52550bc594eb074508114b963209b157358b27e5a0319de1bb723df3f760ca2d?s=96&d=mm&r=g\",\"contentUrl\":\"https:\\\/\\\/secure.gravatar.com\\\/avatar\\\/52550bc594eb074508114b963209b157358b27e5a0319de1bb723df3f760ca2d?s=96&d=mm&r=g\",\"caption\":\"Gueweb\"},\"sameAs\":[\"https:\\\/\\\/www.cycles-blain.com\\\/\\\/fr\"],\"url\":\"https:\\\/\\\/www.cycles-blain.com\\\/fr\\\/author\\\/gueweb\\\/\"}]}<\/script>\n<!-- \/ Yoast SEO plugin. -->","yoast_head_json":{"title":"Atelier entretien v\u00e9lo : Une paire de plaquettes offerte ! - CYCLES BLAIN","description":"Besoin d'un entretien v\u00e9lo ou de changer de vos plaquettes de frein ? Profitez d'une paire de plaquette offerte avec l'entretien v\u00e9lo sur Lyon","robots":{"index":"index","follow":"follow","max-snippet":"max-snippet:-1","max-image-preview":"max-image-preview:large","max-video-preview":"max-video-preview:-1"},"canonical":"https:\/\/www.cycles-blain.com\/fr\/atelier-reparation\/promo-frein-atelier-entretien-oct24\/","og_locale":"fr_FR","og_type":"article","og_title":"Atelier entretien v\u00e9lo : Une paire de plaquettes offerte ! - CYCLES BLAIN","og_description":"Besoin d'un entretien v\u00e9lo ou de changer de vos plaquettes de frein ? Profitez d'une paire de plaquette offerte avec l'entretien v\u00e9lo sur Lyon","og_url":"https:\/\/www.cycles-blain.com\/fr\/atelier-reparation\/promo-frein-atelier-entretien-oct24\/","og_site_name":"CyclesBlain - Magasins de v\u00e9los, accessoires et ateliers","article_publisher":"https:\/\/www.facebook.com\/cyclesblain\/?locale=fr_FR","article_published_time":"2024-10-14T07:09:00+00:00","article_modified_time":"2024-10-15T16:01:06+00:00","og_image":[{"width":600,"height":300,"url":"https:\/\/www.cycles-blain.com\/fr\/wp-content\/uploads\/2024\/10\/A0-Poster-A3-Landscape-600-x-400-mm-300-x-250-px-2.png","type":"image\/png"}],"author":"Gueweb","twitter_card":"summary_large_image","twitter_misc":{"\u00c9crit par":"Gueweb","Dur\u00e9e de lecture estim\u00e9e":"3 minutes"},"schema":{"@context":"https:\/\/schema.org","@graph":[{"@type":"Article","@id":"https:\/\/www.cycles-blain.com\/fr\/atelier-reparation\/promo-frein-atelier-entretien-oct24\/#article","isPartOf":{"@id":"https:\/\/www.cycles-blain.com\/fr\/atelier-reparation\/promo-frein-atelier-entretien-oct24\/"},"author":{"name":"Gueweb","@id":"https:\/\/www.cycles-blain.com\/fr\/#\/schema\/person\/6fb8bad852fde893fb61b7b05936af37"},"headline":"Atelier entretien v\u00e9lo : Une paire de plaquettes offerte !","datePublished":"2024-10-14T07:09:00+00:00","dateModified":"2024-10-15T16:01:06+00:00","mainEntityOfPage":{"@id":"https:\/\/www.cycles-blain.com\/fr\/atelier-reparation\/promo-frein-atelier-entretien-oct24\/"},"wordCount":482,"commentCount":0,"publisher":{"@id":"https:\/\/www.cycles-blain.com\/fr\/#organization"},"image":{"@id":"https:\/\/www.cycles-blain.com\/fr\/atelier-reparation\/promo-frein-atelier-entretien-oct24\/#primaryimage"},"thumbnailUrl":"https:\/\/www.cycles-blain.com\/fr\/wp-content\/uploads\/2024\/10\/A0-Poster-A3-Landscape-600-x-400-mm-300-x-250-px-2.png","keywords":["atelier","freinage"],"articleSection":["Actus Magasins","Atelier"],"inLanguage":"fr-FR","potentialAction":[{"@type":"CommentAction","name":"Comment","target":["https:\/\/www.cycles-blain.com\/fr\/atelier-reparation\/promo-frein-atelier-entretien-oct24\/#respond"]}]},{"@type":"WebPage","@id":"https:\/\/www.cycles-blain.com\/fr\/atelier-reparation\/promo-frein-atelier-entretien-oct24\/","url":"https:\/\/www.cycles-blain.com\/fr\/atelier-reparation\/promo-frein-atelier-entretien-oct24\/","name":"Atelier entretien v\u00e9lo : Une paire de plaquettes offerte ! - CYCLES BLAIN","isPartOf":{"@id":"https:\/\/www.cycles-blain.com\/fr\/#website"},"primaryImageOfPage":{"@id":"https:\/\/www.cycles-blain.com\/fr\/atelier-reparation\/promo-frein-atelier-entretien-oct24\/#primaryimage"},"image":{"@id":"https:\/\/www.cycles-blain.com\/fr\/atelier-reparation\/promo-frein-atelier-entretien-oct24\/#primaryimage"},"thumbnailUrl":"https:\/\/www.cycles-blain.com\/fr\/wp-content\/uploads\/2024\/10\/A0-Poster-A3-Landscape-600-x-400-mm-300-x-250-px-2.png","datePublished":"2024-10-14T07:09:00+00:00","dateModified":"2024-10-15T16:01:06+00:00","description":"Besoin d'un entretien v\u00e9lo ou de changer de vos plaquettes de frein ? Profitez d'une paire de plaquette offerte avec l'entretien v\u00e9lo sur Lyon","breadcrumb":{"@id":"https:\/\/www.cycles-blain.com\/fr\/atelier-reparation\/promo-frein-atelier-entretien-oct24\/#breadcrumb"},"inLanguage":"fr-FR","potentialAction":[{"@type":"ReadAction","target":["https:\/\/www.cycles-blain.com\/fr\/atelier-reparation\/promo-frein-atelier-entretien-oct24\/"]}]},{"@type":"ImageObject","inLanguage":"fr-FR","@id":"https:\/\/www.cycles-blain.com\/fr\/atelier-reparation\/promo-frein-atelier-entretien-oct24\/#primaryimage","url":"https:\/\/www.cycles-blain.com\/fr\/wp-content\/uploads\/2024\/10\/A0-Poster-A3-Landscape-600-x-400-mm-300-x-250-px-2.png","contentUrl":"https:\/\/www.cycles-blain.com\/fr\/wp-content\/uploads\/2024\/10\/A0-Poster-A3-Landscape-600-x-400-mm-300-x-250-px-2.png","width":600,"height":300,"caption":"1 Paire de plaquettes de frein offerte"},{"@type":"BreadcrumbList","@id":"https:\/\/www.cycles-blain.com\/fr\/atelier-reparation\/promo-frein-atelier-entretien-oct24\/#breadcrumb","itemListElement":[{"@type":"ListItem","position":1,"name":"Accueil","item":"https:\/\/www.cycles-blain.com\/fr\/"},{"@type":"ListItem","position":2,"name":"Atelier entretien v\u00e9lo : Une paire de plaquettes offerte !"}]},{"@type":"WebSite","@id":"https:\/\/www.cycles-blain.com\/fr\/#website","url":"https:\/\/www.cycles-blain.com\/fr\/","name":"CyclesBlain - Magasins de v\u00e9los, accessoires et ateliers","description":"Blog Cycles Blain","publisher":{"@id":"https:\/\/www.cycles-blain.com\/fr\/#organization"},"potentialAction":[{"@type":"SearchAction","target":{"@type":"EntryPoint","urlTemplate":"https:\/\/www.cycles-blain.com\/fr\/?s={search_term_string}"},"query-input":{"@type":"PropertyValueSpecification","valueRequired":true,"valueName":"search_term_string"}}],"inLanguage":"fr-FR"},{"@type":"Organization","@id":"https:\/\/www.cycles-blain.com\/fr\/#organization","name":"CyclesBlain - Magasins de v\u00e9los, accessoires et ateliers","url":"https:\/\/www.cycles-blain.com\/fr\/","logo":{"@type":"ImageObject","inLanguage":"fr-FR","@id":"https:\/\/www.cycles-blain.com\/fr\/#\/schema\/logo\/image\/","url":"https:\/\/www.cycles-blain.com\/fr\/wp-content\/uploads\/2023\/10\/logo-cycles-blain.jpeg","contentUrl":"https:\/\/www.cycles-blain.com\/fr\/wp-content\/uploads\/2023\/10\/logo-cycles-blain.jpeg","width":264,"height":191,"caption":"CyclesBlain - Magasins de v\u00e9los, accessoires et ateliers"},"image":{"@id":"https:\/\/www.cycles-blain.com\/fr\/#\/schema\/logo\/image\/"},"sameAs":["https:\/\/www.facebook.com\/cyclesblain\/?locale=fr_FR","https:\/\/www.instagram.com\/cycles_blain\/?hl=fr"]},{"@type":"Person","@id":"https:\/\/www.cycles-blain.com\/fr\/#\/schema\/person\/6fb8bad852fde893fb61b7b05936af37","name":"Gueweb","image":{"@type":"ImageObject","inLanguage":"fr-FR","@id":"https:\/\/secure.gravatar.com\/avatar\/52550bc594eb074508114b963209b157358b27e5a0319de1bb723df3f760ca2d?s=96&d=mm&r=g","url":"https:\/\/secure.gravatar.com\/avatar\/52550bc594eb074508114b963209b157358b27e5a0319de1bb723df3f760ca2d?s=96&d=mm&r=g","contentUrl":"https:\/\/secure.gravatar.com\/avatar\/52550bc594eb074508114b963209b157358b27e5a0319de1bb723df3f760ca2d?s=96&d=mm&r=g","caption":"Gueweb"},"sameAs":["https:\/\/www.cycles-blain.com\/\/fr"],"url":"https:\/\/www.cycles-blain.com\/fr\/author\/gueweb\/"}]}},"_links":{"self":[{"href":"https:\/\/www.cycles-blain.com\/fr\/wp-json\/wp\/v2\/posts\/9061","targetHints":{"allow":["GET"]}}],"collection":[{"href":"https:\/\/www.cycles-blain.com\/fr\/wp-json\/wp\/v2\/posts"}],"about":[{"href":"https:\/\/www.cycles-blain.com\/fr\/wp-json\/wp\/v2\/types\/post"}],"author":[{"embeddable":true,"href":"https:\/\/www.cycles-blain.com\/fr\/wp-json\/wp\/v2\/users\/1"}],"replies":[{"embeddable":true,"href":"https:\/\/www.cycles-blain.com\/fr\/wp-json\/wp\/v2\/comments?post=9061"}],"version-history":[{"count":56,"href":"https:\/\/www.cycles-blain.com\/fr\/wp-json\/wp\/v2\/posts\/9061\/revisions"}],"predecessor-version":[{"id":9380,"href":"https:\/\/www.cycles-blain.com\/fr\/wp-json\/wp\/v2\/posts\/9061\/revisions\/9380"}],"wp:featuredmedia":[{"embeddable":true,"href":"https:\/\/www.cycles-blain.com\/fr\/wp-json\/wp\/v2\/media\/9381"}],"wp:attachment":[{"href":"https:\/\/www.cycles-blain.com\/fr\/wp-json\/wp\/v2\/media?parent=9061"}],"wp:term":[{"taxonomy":"category","embeddable":true,"href":"https:\/\/www.cycles-blain.com\/fr\/wp-json\/wp\/v2\/categories?post=9061"},{"taxonomy":"post_tag","embeddable":true,"href":"https:\/\/www.cycles-blain.com\/fr\/wp-json\/wp\/v2\/tags?post=9061"}],"curies":[{"name":"wp","href":"https:\/\/api.w.org\/{rel}","templated":true}]}}