{"id":9823,"date":"2024-11-06T09:36:29","date_gmt":"2024-11-06T08:36:29","guid":{"rendered":"https:\/\/www.cycles-blain.com\/fr\/?p=9823"},"modified":"2024-11-13T11:50:21","modified_gmt":"2024-11-13T10:50:21","slug":"quel-eclairage-velo-choisir","status":"publish","type":"post","link":"https:\/\/www.cycles-blain.com\/fr\/magasins-velo\/quel-eclairage-velo-choisir\/","title":{"rendered":"Quel \u00e9clairage v\u00e9lo choisir ?"},"content":{"rendered":"\t\t<div data-elementor-type=\"wp-post\" data-elementor-id=\"9823\" class=\"elementor elementor-9823\" data-elementor-post-type=\"post\">\n\t\t\t\t<div class=\"elementor-element elementor-element-aa5d331 e-flex e-con-boxed e-con e-parent\" data-id=\"aa5d331\" data-element_type=\"container\" data-e-type=\"container\">\n\t\t\t\t\t<div class=\"e-con-inner\">\n\t\t\t\t<div class=\"elementor-element elementor-element-e830559 elementor-widget elementor-widget-text-editor\" data-id=\"e830559\" data-element_type=\"widget\" data-e-type=\"widget\" data-widget_type=\"text-editor.default\">\n\t\t\t\t<div class=\"elementor-widget-container\">\n\t\t\t\t\t\t\t\t\t<h3>Pourquoi est-il indispensable de bien choisir son \u00e9clairage v\u00e9lo ?\u00a0<\/h3><p>L&rsquo;\u00e9clairage v\u00e9lo joue un r\u00f4le crucial pour la s\u00e9curit\u00e9 du cycliste. En effet, durant la nuit, \u00e0 l&rsquo;aube ou au cr\u00e9puscule, un bon \u00e9clairage assez puissant peut faire \u00e9viter l&rsquo;accident :\u00a0<\/p><ul><li><strong>\u00catre vu<\/strong>, <strong>une question de s\u00e9curit\u00e9 : <\/strong>Le premier r\u00f4le de l&rsquo;\u00e9clairage v\u00e9lo est de vous rendre visible pour les autres usagers. Dans des conditions de faibles luminosit\u00e9s, les automobilistes peuvent avoir du mal \u00e0 rep\u00e9rer un v\u00e9lo sans \u00e9clairage. De bons feux avant et arri\u00e8re permettent de signaler votre pr\u00e9sence de loin.\u00a0<\/li><li><strong>Voir et anticiper les obstacles : <\/strong>L&rsquo;\u00e9clairage ne sert pas seulement \u00e0 \u00eatre vu, il sert \u00e9galement \u00e0 voir. Sur des routes peu \u00e9clair\u00e9es, une lumi\u00e8re de v\u00e9lo puissante va vous permettre d&rsquo;\u00e9viter des dangers potentiels.\u00a0<\/li><\/ul>\t\t\t\t\t\t\t\t<\/div>\n\t\t\t\t<\/div>\n\t\t\t\t\t<\/div>\n\t\t\t\t<\/div>\n\t\t<div class=\"elementor-element elementor-element-5ec81cc e-flex e-con-boxed e-con e-parent\" data-id=\"5ec81cc\" data-element_type=\"container\" data-e-type=\"container\">\n\t\t\t\t\t<div class=\"e-con-inner\">\n\t\t\t\t<div class=\"elementor-element elementor-element-166f4a1 elementor-widget elementor-widget-text-editor\" data-id=\"166f4a1\" data-element_type=\"widget\" data-e-type=\"widget\" data-widget_type=\"text-editor.default\">\n\t\t\t\t<div class=\"elementor-widget-container\">\n\t\t\t\t\t\t\t\t\t<h3>Respecter la r\u00e9glementation \u00e9clairage v\u00e9lo :\u00a0<\/h3><p>En France, l&rsquo;\u00e9clairage v\u00e9lo est soumis \u00e0 <a href=\"https:\/\/www.securite-routiere.gouv.fr\/reglementation-liee-aux-modes-de-deplacements\/velo\/equipements-obligatoires-velo#les-equipements-obligatoires-pour-le-velo-24245\" target=\"_blank\" rel=\"noopener\">des obligations l\u00e9gales<\/a> pour assurer la s\u00e9curit\u00e9 des cyclistes. Tout v\u00e9lo doit \u00eatre \u00e9quip\u00e9 de :\u00a0<\/p><ul><li><strong>Feux avant, jaune ou blanc : <\/strong>Un bon \u00e9clairage avant doit \u00eatre suffisamment puissant pour \u00e9clairer votre chemin et vous permettre d&rsquo;anticiper les obstacles. Par exemple : la\u00a0<a href=\"https:\/\/www.cycles-blain.com\/eclairage-velo\/386-led-micro-drive-pro-800xl-4712806002350.html\" target=\"_blank\" rel=\"noopener\">Led\u00a0MICRO DRIVE PRO 800XL <\/a>est une lampe led surpuissante de jour comme de nuit.\u00a0<\/li><li><strong>Feux arri\u00e8re, rouge : <\/strong>Ces\u00a0lumi\u00e8res permettent d&rsquo;indiquer votre position aux usagers qui arrivent par-derri\u00e8re. Pour \u00eatre plus visible en milieu urbain, opter pour un mod\u00e8le clignotant comme le feu arri\u00e8re et radar <a href=\"https:\/\/www.cycles-blain.com\/eclairage-velo\/653-varia-rtl-515-garmin.html\" target=\"_blank\" rel=\"noopener\">Varia RTL 515 &#8211; Garmin<\/a><\/li><li><strong>Des catadioptres (dispositifs r\u00e9tro-r\u00e9fl\u00e9chissants)\u00a0<\/strong>: Ils sont de\u00a0couleur rouge \u00e0 l\u2019arri\u00e8re, de couleur blanche ou jaune \u00e0 l\u2019avant et de couleur orange sur les c\u00f4t\u00e9s et sur les p\u00e9dales.<\/li><\/ul><p>En cas de non-respect de ces obligations, une <strong>amende de 11\u00a0\u20ac<\/strong> pouvant \u00eatre major\u00e9e vous sera inflig\u00e9e. Mais surtout, vous augmentez votre vuln\u00e9rabilit\u00e9 sur la route. Je v\u00e9rifie mon \u00e9quipement <a href=\"https:\/\/www.securite-routiere.gouv.fr\/chacun-son-mode-de-deplacement\/a-velo\/equipement-du-velo\" target=\"_blank\" rel=\"noopener\">ici<\/a>.\u00a0<\/p>\t\t\t\t\t\t\t\t<\/div>\n\t\t\t\t<\/div>\n\t\t\t\t<div class=\"elementor-element elementor-element-49b8f2d elementor-widget elementor-widget-image\" data-id=\"49b8f2d\" data-element_type=\"widget\" data-e-type=\"widget\" data-widget_type=\"image.default\">\n\t\t\t\t<div class=\"elementor-widget-container\">\n\t\t\t\t\t\t\t\t\t\t\t\t<figure class=\"wp-caption\">\n\t\t\t\t\t\t\t\t\t\t<img fetchpriority=\"high\" decoding=\"async\" width=\"300\" height=\"204\" src=\"https:\/\/www.cycles-blain.com\/fr\/wp-content\/uploads\/2024\/11\/Velo-eclairage--300x204.png\" class=\"attachment-medium size-medium wp-image-9831\" alt=\"Visuel \u00e9clairage v\u00e9lo\" srcset=\"https:\/\/www.cycles-blain.com\/fr\/wp-content\/uploads\/2024\/11\/Velo-eclairage--300x204.png 300w, https:\/\/www.cycles-blain.com\/fr\/wp-content\/uploads\/2024\/11\/Velo-eclairage--1024x698.png 1024w, https:\/\/www.cycles-blain.com\/fr\/wp-content\/uploads\/2024\/11\/Velo-eclairage--768x523.png 768w, https:\/\/www.cycles-blain.com\/fr\/wp-content\/uploads\/2024\/11\/Velo-eclairage--1536x1047.png 1536w, https:\/\/www.cycles-blain.com\/fr\/wp-content\/uploads\/2024\/11\/Velo-eclairage-.png 1705w\" sizes=\"(max-width: 300px) 100vw, 300px\" \/>\t\t\t\t\t\t\t\t\t\t\t<figcaption class=\"widget-image-caption wp-caption-text\"><\/figcaption>\n\t\t\t\t\t\t\t\t\t\t<\/figure>\n\t\t\t\t\t\t\t\t\t<\/div>\n\t\t\t\t<\/div>\n\t\t\t\t\t<\/div>\n\t\t\t\t<\/div>\n\t\t<div class=\"elementor-element elementor-element-cc16c86 e-flex e-con-boxed e-con e-parent\" data-id=\"cc16c86\" data-element_type=\"container\" data-e-type=\"container\">\n\t\t\t\t\t<div class=\"e-con-inner\">\n\t\t\t\t<div class=\"elementor-element elementor-element-371a20c elementor-widget elementor-widget-text-editor\" data-id=\"371a20c\" data-element_type=\"widget\" data-e-type=\"widget\" data-widget_type=\"text-editor.default\">\n\t\t\t\t<div class=\"elementor-widget-container\">\n\t\t\t\t\t\t\t\t\t<h3>Choisir son \u00e9clairage en fonction de sa pratique v\u00e9lo :<\/h3><ul><li><h5><strong>Je fais du v\u00e9lo en ville :<\/strong><strong>\u00a0<\/strong><\/h5><ol><li><span style=\"text-decoration: underline;\"><strong>Puissance mod\u00e9r\u00e9e :<\/strong><\/span> En ville, l&rsquo;\u00e9clairage public\u00a0aide d\u00e9j\u00e0 \u00e0 rendre visible, donc un <strong>\u00e9clairage avant d&rsquo;environ 100 \u00e0 200 lumens<\/strong> est suffisant. Pour <strong>l&rsquo;\u00e9clairage arri\u00e8re, 10 \u00e0 30 lumens<\/strong> sont suffisants pour une visibilit\u00e9 optimale.\u00a0<\/li><li><strong><span style=\"text-decoration: underline;\">Rechargeable par USB :<\/span>\u00a0<\/strong>Un mod\u00e8le rechargeable est pratique et \u00e9conomique pour un usage quotidien. Il permet de recharger notre led sur un ordinateur au bureau.\u00a0<\/li><li><strong><span style=\"text-decoration: underline;\">Fonction clignotante :<\/span>\u00a0<\/strong>En milieu urbain, l&rsquo;attention des automobilistes peut vite d\u00e9vier, le mode clignotant est tr\u00e8s efficace pour attirer leur attention.<\/li><li><strong><span style=\"text-decoration: underline;\">Installation facile :<\/span><\/strong>\u00a0Les\u00a0\u00e9clairages\u00a0amovibles\u00a0peuvent \u00eatre install\u00e9s et retir\u00e9s rapidement, afin d&rsquo;\u00e9viter les vols. C&rsquo;est une installation pratique si votre v\u00e9lo reste en bas de chez vous ou de votre bureau.\u00a0<\/li><\/ol><\/li><\/ul><ul><li><h5>Je fais du VTT :\u00a0<\/h5><ol><li><span style=\"text-decoration: underline;\"><strong>Haute puissance :<\/strong><\/span><strong>\u00a0<\/strong>Sur les sentiers et en for\u00eat, il n&rsquo;y a pas d&rsquo;\u00e9clairage, alors privil\u00e9giez un <strong>\u00e9clairage avant d&rsquo;au moins 1000 lumens<\/strong>. Pour l&rsquo;\u00e9clairage arri\u00e8re 10 \u00e0 50 lumens suffisent.\u00a0<\/li><li><strong><span style=\"text-decoration: underline;\">Autonomie longue dur\u00e9e : <\/span><\/strong>Optez pour un mod\u00e8le avec une autonomie suffisante. Des mod\u00e8les rechargeables avec batterie externe sont int\u00e9ressants pour les sorties prolong\u00e9es.\u00a0<\/li><li><span style=\"text-decoration: underline;\"><strong>R\u00e9sistance aux chocs et \u00e0 l&rsquo;eau :<\/strong><\/span> Pour un vtt, l&rsquo;\u00e9clairage doit \u00eatre robuste et \u00e9tanche.\u00a0<\/li><li><span style=\"text-decoration: underline;\"><strong>Faisceau large et r\u00e9glable :<\/strong><\/span><strong>\u00a0<\/strong>Un\u00a0\u00e9clairage avec un faisceau large et diffus permet une meilleure\u00a0vision lat\u00e9rale pour\u00a0anticiper les virages et les obstacles.\u00a0<\/li><\/ol><\/li><\/ul><ul><li><h5><strong>Je fais du Cyclotourisme sur longue distance :<\/strong><strong>\u00a0<\/strong><\/h5><ol><li><span style=\"text-decoration: underline;\"><strong>Puissance :<\/strong><\/span>\u00a0Optez pour un <strong>\u00e9clairage avant de 200 \u00e0 400 lumens<\/strong>, contre <strong>10 \u00e0 50 lumens pour l&rsquo;arri\u00e8re<\/strong>.\u00a0<\/li><li><span style=\"text-decoration: underline;\"><strong>Autonomie \u00e9lev\u00e9e :<\/strong><\/span>\u00a0Pour \u00e9viter les coupures en pleine route, privil\u00e9gier des mod\u00e8les avec batterie rechargeable ou des piles longues dur\u00e9e.\u00a0<\/li><li><strong><span style=\"text-decoration: underline;\">R\u00e9sistance aux intemp\u00e9ries :<\/span>\u00a0<\/strong>Durant un long p\u00e9riple \u00e0 v\u00e9lo, il est imp\u00e9ratif d&rsquo;avoir un\u00a0\u00e9clairage \u00e9tanche afin de ne pas se faire surprendre.\u00a0<\/li><li><span style=\"text-decoration: underline;\"><strong>Mode ajustable :<\/strong><\/span>\u00a0Avec un mode ajustable, vous adaptez la puissance de votre led suivant la luminosit\u00e9. C&rsquo;est un moyen d&rsquo;\u00e9conomiser de la batterie.\u00a0<\/li><\/ol><\/li><\/ul>\t\t\t\t\t\t\t\t<\/div>\n\t\t\t\t<\/div>\n\t\t\t\t<div class=\"elementor-element elementor-element-2729b73 elementor-align-center elementor-widget elementor-widget-button\" data-id=\"2729b73\" data-element_type=\"widget\" data-e-type=\"widget\" data-widget_type=\"button.default\">\n\t\t\t\t<div class=\"elementor-widget-container\">\n\t\t\t\t\t\t\t\t\t<div class=\"elementor-button-wrapper\">\n\t\t\t\t\t<a class=\"elementor-button elementor-button-link elementor-size-sm\" href=\"https:\/\/www.cycles-blain.com\/131-eclairage-velo\" target=\"_blank\">\n\t\t\t\t\t\t<span class=\"elementor-button-content-wrapper\">\n\t\t\t\t\t\t\t\t\t<span class=\"elementor-button-text\">Je choisis mon \u00e9clairage <\/span>\n\t\t\t\t\t<\/span>\n\t\t\t\t\t<\/a>\n\t\t\t\t<\/div>\n\t\t\t\t\t\t\t\t<\/div>\n\t\t\t\t<\/div>\n\t\t\t\t\t<\/div>\n\t\t\t\t<\/div>\n\t\t<div class=\"elementor-element elementor-element-f6be3e6 e-flex e-con-boxed e-con e-parent\" data-id=\"f6be3e6\" data-element_type=\"container\" data-e-type=\"container\">\n\t\t\t\t\t<div class=\"e-con-inner\">\n\t\t\t\t<div class=\"elementor-element elementor-element-38ddc2a elementor-widget elementor-widget-text-editor\" data-id=\"38ddc2a\" data-element_type=\"widget\" data-e-type=\"widget\" data-widget_type=\"text-editor.default\">\n\t\t\t\t<div class=\"elementor-widget-container\">\n\t\t\t\t\t\t\t\t\t<h3>Les casques connect\u00e9s pour \u00eatre encore plus prot\u00e9g\u00e9s :\u00a0<\/h3><p>Le casque\u00a0connect\u00e9 est un \u00e9l\u00e9ment incontournable qui vient renforcer la s\u00e9curit\u00e9 des cyclistes. Un casque connect\u00e9 n&rsquo;est pas seulement l\u00e0 pour prot\u00e9ger en cas de chute, il int\u00e8gre de nombreuses fonctionnalit\u00e9s pour \u00eatre vu.\u00a0<\/p><ul><li><strong>Signaux lumineux\u00a0<\/strong><\/li><li><strong>Fonctionnalit\u00e9s intelligentes ( Bluetooth, synchronisation au v\u00e9lo&#8230;)\u00a0<\/strong><\/li><\/ul><p><a href=\"https:\/\/www.cycles-blain.com\/111-casque-velo-connecte\" target=\"_blank\" rel=\"noopener\">Les casques connect\u00e9s lumineux Lumos<\/a> font partie de nos favoris. Parmi eux :<\/p><ul><li>\u00a0<a href=\"https:\/\/www.cycles-blain.com\/casque-velo\/392-292-casque-lumos-ultra-mips-810059470965.html#\/4-taille_cadre-xl\/11-couleur-noir\" target=\"_blank\" rel=\"noopener\">Le casque LUMOS ULTRA MIPS\u00a0<\/a>:\u00a0C&rsquo;est un casque connect\u00e9 avec un excellent rapport qualit\u00e9 -prix. Il poss\u00e8de une autonomie de 4 h \u00e0 10 h et est dot\u00e9 de clignotants arri\u00e8re. Il poss\u00e8de \u00e9galement la technologie MIPS ainsi qu&rsquo;une connexion \u00e0 l&rsquo;application.\u00a0<\/li><li><a href=\"https:\/\/www.cycles-blain.com\/casque-velo\/825-890-casque-connecte-ultra-e-bike-mips-lumos.html#\/11-couleur-noir\/92-taille-ml\" target=\"_blank\" rel=\"noopener\">Le casque LUMOS ULTRA MIPS E-BIKE<\/a> : Ce casque connect\u00e9 est la version sup\u00e9rieure du LUMOS ULTRA MIPS. Son \u00e9clairage est davantage lumineux et il est suppl\u00e9ment\u00e9 d&rsquo;une visi\u00e8re.\u00a0<\/li><\/ul>\t\t\t\t\t\t\t\t<\/div>\n\t\t\t\t<\/div>\n\t\t\t\t<div class=\"elementor-element elementor-element-f90070d elementor-align-center elementor-widget elementor-widget-button\" data-id=\"f90070d\" data-element_type=\"widget\" data-e-type=\"widget\" data-widget_type=\"button.default\">\n\t\t\t\t<div class=\"elementor-widget-container\">\n\t\t\t\t\t\t\t\t\t<div class=\"elementor-button-wrapper\">\n\t\t\t\t\t<a class=\"elementor-button elementor-button-link elementor-size-sm\" href=\"https:\/\/www.cycles-blain.com\/fr\/magasins-velo\/casques-velo-connectes-lumos-2024\/\" target=\"_blank\">\n\t\t\t\t\t\t<span class=\"elementor-button-content-wrapper\">\n\t\t\t\t\t\t\t\t\t<span class=\"elementor-button-text\">Je souhaite en savoir plus <\/span>\n\t\t\t\t\t<\/span>\n\t\t\t\t\t<\/a>\n\t\t\t\t<\/div>\n\t\t\t\t\t\t\t\t<\/div>\n\t\t\t\t<\/div>\n\t\t\t\t\t<\/div>\n\t\t\t\t<\/div>\n\t\t<div class=\"elementor-element elementor-element-9578b1a e-flex e-con-boxed e-con e-parent\" data-id=\"9578b1a\" data-element_type=\"container\" data-e-type=\"container\">\n\t\t\t\t\t<div class=\"e-con-inner\">\n\t\t\t\t<div class=\"elementor-element elementor-element-0a8a580 elementor-widget elementor-widget-image\" data-id=\"0a8a580\" data-element_type=\"widget\" data-e-type=\"widget\" data-widget_type=\"image.default\">\n\t\t\t\t<div class=\"elementor-widget-container\">\n\t\t\t\t\t\t\t\t\t\t\t\t\t\t\t\t<a href=\"https:\/\/youtube.com\/shorts\/V1frqlxp8Bc?si=cJbAnZH8iXnzqS9h\">\n\t\t\t\t\t\t\t<img decoding=\"async\" src=\"https:\/\/www.cycles-blain.com\/fr\/wp-content\/uploads\/elementor\/thumbs\/Visuel-video-eclairage-qwzshq71rr4g92jrapmft738tjjd53qqs14x7omy1e.png\" title=\"Visuel vid\u00e9o \u00e9clairage\" alt=\"Visuel vid\u00e9o \u00e9clairage\" loading=\"lazy\" \/>\t\t\t\t\t\t\t\t<\/a>\n\t\t\t\t\t\t\t\t\t\t\t\t\t\t\t<\/div>\n\t\t\t\t<\/div>\n\t\t\t\t\t<\/div>\n\t\t\t\t<\/div>\n\t\t\t\t<\/div>\n\t\t","protected":false},"excerpt":{"rendered":"<p>Peu importe votre pratique du v\u00e9lo, l&rsquo;\u00e9clairage est un indispensable. Laissez vous guider, afin de choisir le meilleur \u00e9clairage pour vous. <\/p>\n","protected":false},"author":4,"featured_media":9913,"comment_status":"open","ping_status":"open","sticky":false,"template":"","format":"standard","meta":{"site-sidebar-layout":"default","site-content-layout":"","ast-site-content-layout":"default","site-content-style":"default","site-sidebar-style":"default","ast-global-header-display":"","ast-banner-title-visibility":"","ast-main-header-display":"","ast-hfb-above-header-display":"","ast-hfb-below-header-display":"","ast-hfb-mobile-header-display":"","site-post-title":"","ast-breadcrumbs-content":"","ast-featured-img":"","footer-sml-layout":"","theme-transparent-header-meta":"","adv-header-id-meta":"","stick-header-meta":"","header-above-stick-meta":"","header-main-stick-meta":"","header-below-stick-meta":"","astra-migrate-meta-layouts":"set","ast-page-background-enabled":"default","ast-page-background-meta":{"desktop":{"background-color":"","background-image":"","background-repeat":"repeat","background-position":"center center","background-size":"auto","background-attachment":"scroll","background-type":"","background-media":"","overlay-type":"","overlay-color":"","overlay-gradient":""},"tablet":{"background-color":"","background-image":"","background-repeat":"repeat","background-position":"center center","background-size":"auto","background-attachment":"scroll","background-type":"","background-media":"","overlay-type":"","overlay-color":"","overlay-gradient":""},"mobile":{"background-color":"","background-image":"","background-repeat":"repeat","background-position":"center center","background-size":"auto","background-attachment":"scroll","background-type":"","background-media":"","overlay-type":"","overlay-color":"","overlay-gradient":""}},"ast-content-background-meta":{"desktop":{"background-color":"var(--ast-global-color-5)","background-image":"","background-repeat":"repeat","background-position":"center center","background-size":"auto","background-attachment":"scroll","background-type":"","background-media":"","overlay-type":"","overlay-color":"","overlay-gradient":""},"tablet":{"background-color":"var(--ast-global-color-5)","background-image":"","background-repeat":"repeat","background-position":"center center","background-size":"auto","background-attachment":"scroll","background-type":"","background-media":"","overlay-type":"","overlay-color":"","overlay-gradient":""},"mobile":{"background-color":"var(--ast-global-color-5)","background-image":"","background-repeat":"repeat","background-position":"center center","background-size":"auto","background-attachment":"scroll","background-type":"","background-media":"","overlay-type":"","overlay-color":"","overlay-gradient":""}},"footnotes":""},"categories":[6,4,9,7,78,44,37,76,36,81,79,77,80,18],"tags":[],"class_list":["post-9823","post","type-post","status-publish","format-standard","has-post-thumbnail","hentry","category-magasins-velo","category-velo","category-conseils-velo","category-magasin-brignais","category-magasin-craponne","category-magasin-lyon-3","category-magasin-saint-priest","category-magasin-vienne","category-magasin-vienne-sud","category-magasin-lyon-5","category-magasin-ecully","category-magasin-lyon-6","category-magasin-oullins","category-tourisme-velo"],"yoast_head":"<!-- This site is optimized with the Yoast SEO plugin v27.5 - https:\/\/yoast.com\/product\/yoast-seo-wordpress\/ -->\n<title>Quel \u00e9clairage v\u00e9lo choisir ? - CyclesBlain - Magasins de v\u00e9los, accessoires et ateliers<\/title>\n<meta name=\"description\" content=\"D\u00e9couvrez comment bien choisir votre \u00e9clairage v\u00e9lo pour rouler en toute s\u00e9curit\u00e9. Conseils pratiques pour un \u00e9clairage adapt\u00e9 \u00e0 vos besoins.\" \/>\n<meta name=\"robots\" content=\"index, follow, max-snippet:-1, max-image-preview:large, max-video-preview:-1\" \/>\n<link rel=\"canonical\" href=\"https:\/\/www.cycles-blain.com\/fr\/magasins-velo\/quel-eclairage-velo-choisir\/\" \/>\n<meta property=\"og:locale\" content=\"fr_FR\" \/>\n<meta property=\"og:type\" content=\"article\" \/>\n<meta property=\"og:title\" content=\"Quel \u00e9clairage v\u00e9lo choisir ? - CyclesBlain - Magasins de v\u00e9los, accessoires et ateliers\" \/>\n<meta property=\"og:description\" content=\"D\u00e9couvrez comment bien choisir votre \u00e9clairage v\u00e9lo pour rouler en toute s\u00e9curit\u00e9. Conseils pratiques pour un \u00e9clairage adapt\u00e9 \u00e0 vos besoins.\" \/>\n<meta property=\"og:url\" content=\"https:\/\/www.cycles-blain.com\/fr\/magasins-velo\/quel-eclairage-velo-choisir\/\" \/>\n<meta property=\"og:site_name\" content=\"CyclesBlain - Magasins de v\u00e9los, accessoires et ateliers\" \/>\n<meta property=\"article:publisher\" content=\"https:\/\/www.facebook.com\/cyclesblain\/?locale=fr_FR\" \/>\n<meta property=\"article:published_time\" content=\"2024-11-06T08:36:29+00:00\" \/>\n<meta property=\"article:modified_time\" content=\"2024-11-13T10:50:21+00:00\" \/>\n<meta property=\"og:image\" content=\"https:\/\/www.cycles-blain.com\/fr\/wp-content\/uploads\/2024\/11\/600400-article-eclairage-.png\" \/>\n\t<meta property=\"og:image:width\" content=\"600\" \/>\n\t<meta property=\"og:image:height\" content=\"400\" \/>\n\t<meta property=\"og:image:type\" content=\"image\/png\" \/>\n<meta name=\"author\" content=\"Lou-Anne\" \/>\n<meta name=\"twitter:card\" content=\"summary_large_image\" \/>\n<meta name=\"twitter:label1\" content=\"\u00c9crit par\" \/>\n\t<meta name=\"twitter:data1\" content=\"Lou-Anne\" \/>\n\t<meta name=\"twitter:label2\" content=\"Dur\u00e9e de lecture estim\u00e9e\" \/>\n\t<meta name=\"twitter:data2\" content=\"5 minutes\" \/>\n<script type=\"application\/ld+json\" class=\"yoast-schema-graph\">{\"@context\":\"https:\\\/\\\/schema.org\",\"@graph\":[{\"@type\":\"Article\",\"@id\":\"https:\\\/\\\/www.cycles-blain.com\\\/fr\\\/magasins-velo\\\/quel-eclairage-velo-choisir\\\/#article\",\"isPartOf\":{\"@id\":\"https:\\\/\\\/www.cycles-blain.com\\\/fr\\\/magasins-velo\\\/quel-eclairage-velo-choisir\\\/\"},\"author\":{\"name\":\"Lou-Anne\",\"@id\":\"https:\\\/\\\/www.cycles-blain.com\\\/fr\\\/#\\\/schema\\\/person\\\/2e532610e6e45d290a29e480c00cc742\"},\"headline\":\"Quel \u00e9clairage v\u00e9lo choisir ?\",\"datePublished\":\"2024-11-06T08:36:29+00:00\",\"dateModified\":\"2024-11-13T10:50:21+00:00\",\"mainEntityOfPage\":{\"@id\":\"https:\\\/\\\/www.cycles-blain.com\\\/fr\\\/magasins-velo\\\/quel-eclairage-velo-choisir\\\/\"},\"wordCount\":841,\"commentCount\":0,\"publisher\":{\"@id\":\"https:\\\/\\\/www.cycles-blain.com\\\/fr\\\/#organization\"},\"image\":{\"@id\":\"https:\\\/\\\/www.cycles-blain.com\\\/fr\\\/magasins-velo\\\/quel-eclairage-velo-choisir\\\/#primaryimage\"},\"thumbnailUrl\":\"https:\\\/\\\/www.cycles-blain.com\\\/fr\\\/wp-content\\\/uploads\\\/2024\\\/11\\\/600400-article-eclairage-.png\",\"articleSection\":[\"Actus Magasins\",\"Actus V\u00e9lo\",\"Conseils-Pratique\",\"Magasin Brignais\",\"Magasin Craponne\",\"Magasin Lyon Centre\",\"Magasin St Priest\",\"Magasin Vienne\",\"Magasin Vienne Sud\",\"Magasin-CyclesVeran\",\"Magasin-Ecully\",\"Magasin-Lyon6\",\"Magasin-Oullins\",\"Tourisme\"],\"inLanguage\":\"fr-FR\",\"potentialAction\":[{\"@type\":\"CommentAction\",\"name\":\"Comment\",\"target\":[\"https:\\\/\\\/www.cycles-blain.com\\\/fr\\\/magasins-velo\\\/quel-eclairage-velo-choisir\\\/#respond\"]}]},{\"@type\":\"WebPage\",\"@id\":\"https:\\\/\\\/www.cycles-blain.com\\\/fr\\\/magasins-velo\\\/quel-eclairage-velo-choisir\\\/\",\"url\":\"https:\\\/\\\/www.cycles-blain.com\\\/fr\\\/magasins-velo\\\/quel-eclairage-velo-choisir\\\/\",\"name\":\"Quel \u00e9clairage v\u00e9lo choisir ? - CyclesBlain - Magasins de v\u00e9los, accessoires et ateliers\",\"isPartOf\":{\"@id\":\"https:\\\/\\\/www.cycles-blain.com\\\/fr\\\/#website\"},\"primaryImageOfPage\":{\"@id\":\"https:\\\/\\\/www.cycles-blain.com\\\/fr\\\/magasins-velo\\\/quel-eclairage-velo-choisir\\\/#primaryimage\"},\"image\":{\"@id\":\"https:\\\/\\\/www.cycles-blain.com\\\/fr\\\/magasins-velo\\\/quel-eclairage-velo-choisir\\\/#primaryimage\"},\"thumbnailUrl\":\"https:\\\/\\\/www.cycles-blain.com\\\/fr\\\/wp-content\\\/uploads\\\/2024\\\/11\\\/600400-article-eclairage-.png\",\"datePublished\":\"2024-11-06T08:36:29+00:00\",\"dateModified\":\"2024-11-13T10:50:21+00:00\",\"description\":\"D\u00e9couvrez comment bien choisir votre \u00e9clairage v\u00e9lo pour rouler en toute s\u00e9curit\u00e9. Conseils pratiques pour un \u00e9clairage adapt\u00e9 \u00e0 vos besoins.\",\"breadcrumb\":{\"@id\":\"https:\\\/\\\/www.cycles-blain.com\\\/fr\\\/magasins-velo\\\/quel-eclairage-velo-choisir\\\/#breadcrumb\"},\"inLanguage\":\"fr-FR\",\"potentialAction\":[{\"@type\":\"ReadAction\",\"target\":[\"https:\\\/\\\/www.cycles-blain.com\\\/fr\\\/magasins-velo\\\/quel-eclairage-velo-choisir\\\/\"]}]},{\"@type\":\"ImageObject\",\"inLanguage\":\"fr-FR\",\"@id\":\"https:\\\/\\\/www.cycles-blain.com\\\/fr\\\/magasins-velo\\\/quel-eclairage-velo-choisir\\\/#primaryimage\",\"url\":\"https:\\\/\\\/www.cycles-blain.com\\\/fr\\\/wp-content\\\/uploads\\\/2024\\\/11\\\/600400-article-eclairage-.png\",\"contentUrl\":\"https:\\\/\\\/www.cycles-blain.com\\\/fr\\\/wp-content\\\/uploads\\\/2024\\\/11\\\/600400-article-eclairage-.png\",\"width\":600,\"height\":400,\"caption\":\"Visuel v\u00e9lo \u00e9clairage\"},{\"@type\":\"BreadcrumbList\",\"@id\":\"https:\\\/\\\/www.cycles-blain.com\\\/fr\\\/magasins-velo\\\/quel-eclairage-velo-choisir\\\/#breadcrumb\",\"itemListElement\":[{\"@type\":\"ListItem\",\"position\":1,\"name\":\"Accueil\",\"item\":\"https:\\\/\\\/www.cycles-blain.com\\\/fr\\\/\"},{\"@type\":\"ListItem\",\"position\":2,\"name\":\"Quel \u00e9clairage v\u00e9lo choisir ?\"}]},{\"@type\":\"WebSite\",\"@id\":\"https:\\\/\\\/www.cycles-blain.com\\\/fr\\\/#website\",\"url\":\"https:\\\/\\\/www.cycles-blain.com\\\/fr\\\/\",\"name\":\"CyclesBlain - Magasins de v\u00e9los, accessoires et ateliers\",\"description\":\"Blog Cycles Blain\",\"publisher\":{\"@id\":\"https:\\\/\\\/www.cycles-blain.com\\\/fr\\\/#organization\"},\"potentialAction\":[{\"@type\":\"SearchAction\",\"target\":{\"@type\":\"EntryPoint\",\"urlTemplate\":\"https:\\\/\\\/www.cycles-blain.com\\\/fr\\\/?s={search_term_string}\"},\"query-input\":{\"@type\":\"PropertyValueSpecification\",\"valueRequired\":true,\"valueName\":\"search_term_string\"}}],\"inLanguage\":\"fr-FR\"},{\"@type\":\"Organization\",\"@id\":\"https:\\\/\\\/www.cycles-blain.com\\\/fr\\\/#organization\",\"name\":\"CyclesBlain - Magasins de v\u00e9los, accessoires et ateliers\",\"url\":\"https:\\\/\\\/www.cycles-blain.com\\\/fr\\\/\",\"logo\":{\"@type\":\"ImageObject\",\"inLanguage\":\"fr-FR\",\"@id\":\"https:\\\/\\\/www.cycles-blain.com\\\/fr\\\/#\\\/schema\\\/logo\\\/image\\\/\",\"url\":\"https:\\\/\\\/www.cycles-blain.com\\\/fr\\\/wp-content\\\/uploads\\\/2023\\\/10\\\/logo-cycles-blain.jpeg\",\"contentUrl\":\"https:\\\/\\\/www.cycles-blain.com\\\/fr\\\/wp-content\\\/uploads\\\/2023\\\/10\\\/logo-cycles-blain.jpeg\",\"width\":264,\"height\":191,\"caption\":\"CyclesBlain - Magasins de v\u00e9los, accessoires et ateliers\"},\"image\":{\"@id\":\"https:\\\/\\\/www.cycles-blain.com\\\/fr\\\/#\\\/schema\\\/logo\\\/image\\\/\"},\"sameAs\":[\"https:\\\/\\\/www.facebook.com\\\/cyclesblain\\\/?locale=fr_FR\",\"https:\\\/\\\/www.instagram.com\\\/cycles_blain\\\/?hl=fr\"]},{\"@type\":\"Person\",\"@id\":\"https:\\\/\\\/www.cycles-blain.com\\\/fr\\\/#\\\/schema\\\/person\\\/2e532610e6e45d290a29e480c00cc742\",\"name\":\"Lou-Anne\",\"image\":{\"@type\":\"ImageObject\",\"inLanguage\":\"fr-FR\",\"@id\":\"https:\\\/\\\/secure.gravatar.com\\\/avatar\\\/fc66047eecb12b1dd0e5dd77ae839eef6f5705cede9df1aa88eec9ecfd50b1ab?s=96&d=mm&r=g\",\"url\":\"https:\\\/\\\/secure.gravatar.com\\\/avatar\\\/fc66047eecb12b1dd0e5dd77ae839eef6f5705cede9df1aa88eec9ecfd50b1ab?s=96&d=mm&r=g\",\"contentUrl\":\"https:\\\/\\\/secure.gravatar.com\\\/avatar\\\/fc66047eecb12b1dd0e5dd77ae839eef6f5705cede9df1aa88eec9ecfd50b1ab?s=96&d=mm&r=g\",\"caption\":\"Lou-Anne\"},\"url\":\"https:\\\/\\\/www.cycles-blain.com\\\/fr\\\/author\\\/lou-anne\\\/\"}]}<\/script>\n<!-- \/ Yoast SEO plugin. -->","yoast_head_json":{"title":"Quel \u00e9clairage v\u00e9lo choisir ? - CyclesBlain - Magasins de v\u00e9los, accessoires et ateliers","description":"D\u00e9couvrez comment bien choisir votre \u00e9clairage v\u00e9lo pour rouler en toute s\u00e9curit\u00e9. Conseils pratiques pour un \u00e9clairage adapt\u00e9 \u00e0 vos besoins.","robots":{"index":"index","follow":"follow","max-snippet":"max-snippet:-1","max-image-preview":"max-image-preview:large","max-video-preview":"max-video-preview:-1"},"canonical":"https:\/\/www.cycles-blain.com\/fr\/magasins-velo\/quel-eclairage-velo-choisir\/","og_locale":"fr_FR","og_type":"article","og_title":"Quel \u00e9clairage v\u00e9lo choisir ? - CyclesBlain - Magasins de v\u00e9los, accessoires et ateliers","og_description":"D\u00e9couvrez comment bien choisir votre \u00e9clairage v\u00e9lo pour rouler en toute s\u00e9curit\u00e9. Conseils pratiques pour un \u00e9clairage adapt\u00e9 \u00e0 vos besoins.","og_url":"https:\/\/www.cycles-blain.com\/fr\/magasins-velo\/quel-eclairage-velo-choisir\/","og_site_name":"CyclesBlain - Magasins de v\u00e9los, accessoires et ateliers","article_publisher":"https:\/\/www.facebook.com\/cyclesblain\/?locale=fr_FR","article_published_time":"2024-11-06T08:36:29+00:00","article_modified_time":"2024-11-13T10:50:21+00:00","og_image":[{"width":600,"height":400,"url":"https:\/\/www.cycles-blain.com\/fr\/wp-content\/uploads\/2024\/11\/600400-article-eclairage-.png","type":"image\/png"}],"author":"Lou-Anne","twitter_card":"summary_large_image","twitter_misc":{"\u00c9crit par":"Lou-Anne","Dur\u00e9e de lecture estim\u00e9e":"5 minutes"},"schema":{"@context":"https:\/\/schema.org","@graph":[{"@type":"Article","@id":"https:\/\/www.cycles-blain.com\/fr\/magasins-velo\/quel-eclairage-velo-choisir\/#article","isPartOf":{"@id":"https:\/\/www.cycles-blain.com\/fr\/magasins-velo\/quel-eclairage-velo-choisir\/"},"author":{"name":"Lou-Anne","@id":"https:\/\/www.cycles-blain.com\/fr\/#\/schema\/person\/2e532610e6e45d290a29e480c00cc742"},"headline":"Quel \u00e9clairage v\u00e9lo choisir ?","datePublished":"2024-11-06T08:36:29+00:00","dateModified":"2024-11-13T10:50:21+00:00","mainEntityOfPage":{"@id":"https:\/\/www.cycles-blain.com\/fr\/magasins-velo\/quel-eclairage-velo-choisir\/"},"wordCount":841,"commentCount":0,"publisher":{"@id":"https:\/\/www.cycles-blain.com\/fr\/#organization"},"image":{"@id":"https:\/\/www.cycles-blain.com\/fr\/magasins-velo\/quel-eclairage-velo-choisir\/#primaryimage"},"thumbnailUrl":"https:\/\/www.cycles-blain.com\/fr\/wp-content\/uploads\/2024\/11\/600400-article-eclairage-.png","articleSection":["Actus Magasins","Actus V\u00e9lo","Conseils-Pratique","Magasin Brignais","Magasin Craponne","Magasin Lyon Centre","Magasin St Priest","Magasin Vienne","Magasin Vienne Sud","Magasin-CyclesVeran","Magasin-Ecully","Magasin-Lyon6","Magasin-Oullins","Tourisme"],"inLanguage":"fr-FR","potentialAction":[{"@type":"CommentAction","name":"Comment","target":["https:\/\/www.cycles-blain.com\/fr\/magasins-velo\/quel-eclairage-velo-choisir\/#respond"]}]},{"@type":"WebPage","@id":"https:\/\/www.cycles-blain.com\/fr\/magasins-velo\/quel-eclairage-velo-choisir\/","url":"https:\/\/www.cycles-blain.com\/fr\/magasins-velo\/quel-eclairage-velo-choisir\/","name":"Quel \u00e9clairage v\u00e9lo choisir ? - CyclesBlain - Magasins de v\u00e9los, accessoires et ateliers","isPartOf":{"@id":"https:\/\/www.cycles-blain.com\/fr\/#website"},"primaryImageOfPage":{"@id":"https:\/\/www.cycles-blain.com\/fr\/magasins-velo\/quel-eclairage-velo-choisir\/#primaryimage"},"image":{"@id":"https:\/\/www.cycles-blain.com\/fr\/magasins-velo\/quel-eclairage-velo-choisir\/#primaryimage"},"thumbnailUrl":"https:\/\/www.cycles-blain.com\/fr\/wp-content\/uploads\/2024\/11\/600400-article-eclairage-.png","datePublished":"2024-11-06T08:36:29+00:00","dateModified":"2024-11-13T10:50:21+00:00","description":"D\u00e9couvrez comment bien choisir votre \u00e9clairage v\u00e9lo pour rouler en toute s\u00e9curit\u00e9. Conseils pratiques pour un \u00e9clairage adapt\u00e9 \u00e0 vos besoins.","breadcrumb":{"@id":"https:\/\/www.cycles-blain.com\/fr\/magasins-velo\/quel-eclairage-velo-choisir\/#breadcrumb"},"inLanguage":"fr-FR","potentialAction":[{"@type":"ReadAction","target":["https:\/\/www.cycles-blain.com\/fr\/magasins-velo\/quel-eclairage-velo-choisir\/"]}]},{"@type":"ImageObject","inLanguage":"fr-FR","@id":"https:\/\/www.cycles-blain.com\/fr\/magasins-velo\/quel-eclairage-velo-choisir\/#primaryimage","url":"https:\/\/www.cycles-blain.com\/fr\/wp-content\/uploads\/2024\/11\/600400-article-eclairage-.png","contentUrl":"https:\/\/www.cycles-blain.com\/fr\/wp-content\/uploads\/2024\/11\/600400-article-eclairage-.png","width":600,"height":400,"caption":"Visuel v\u00e9lo \u00e9clairage"},{"@type":"BreadcrumbList","@id":"https:\/\/www.cycles-blain.com\/fr\/magasins-velo\/quel-eclairage-velo-choisir\/#breadcrumb","itemListElement":[{"@type":"ListItem","position":1,"name":"Accueil","item":"https:\/\/www.cycles-blain.com\/fr\/"},{"@type":"ListItem","position":2,"name":"Quel \u00e9clairage v\u00e9lo choisir ?"}]},{"@type":"WebSite","@id":"https:\/\/www.cycles-blain.com\/fr\/#website","url":"https:\/\/www.cycles-blain.com\/fr\/","name":"CyclesBlain - Magasins de v\u00e9los, accessoires et ateliers","description":"Blog Cycles Blain","publisher":{"@id":"https:\/\/www.cycles-blain.com\/fr\/#organization"},"potentialAction":[{"@type":"SearchAction","target":{"@type":"EntryPoint","urlTemplate":"https:\/\/www.cycles-blain.com\/fr\/?s={search_term_string}"},"query-input":{"@type":"PropertyValueSpecification","valueRequired":true,"valueName":"search_term_string"}}],"inLanguage":"fr-FR"},{"@type":"Organization","@id":"https:\/\/www.cycles-blain.com\/fr\/#organization","name":"CyclesBlain - Magasins de v\u00e9los, accessoires et ateliers","url":"https:\/\/www.cycles-blain.com\/fr\/","logo":{"@type":"ImageObject","inLanguage":"fr-FR","@id":"https:\/\/www.cycles-blain.com\/fr\/#\/schema\/logo\/image\/","url":"https:\/\/www.cycles-blain.com\/fr\/wp-content\/uploads\/2023\/10\/logo-cycles-blain.jpeg","contentUrl":"https:\/\/www.cycles-blain.com\/fr\/wp-content\/uploads\/2023\/10\/logo-cycles-blain.jpeg","width":264,"height":191,"caption":"CyclesBlain - Magasins de v\u00e9los, accessoires et ateliers"},"image":{"@id":"https:\/\/www.cycles-blain.com\/fr\/#\/schema\/logo\/image\/"},"sameAs":["https:\/\/www.facebook.com\/cyclesblain\/?locale=fr_FR","https:\/\/www.instagram.com\/cycles_blain\/?hl=fr"]},{"@type":"Person","@id":"https:\/\/www.cycles-blain.com\/fr\/#\/schema\/person\/2e532610e6e45d290a29e480c00cc742","name":"Lou-Anne","image":{"@type":"ImageObject","inLanguage":"fr-FR","@id":"https:\/\/secure.gravatar.com\/avatar\/fc66047eecb12b1dd0e5dd77ae839eef6f5705cede9df1aa88eec9ecfd50b1ab?s=96&d=mm&r=g","url":"https:\/\/secure.gravatar.com\/avatar\/fc66047eecb12b1dd0e5dd77ae839eef6f5705cede9df1aa88eec9ecfd50b1ab?s=96&d=mm&r=g","contentUrl":"https:\/\/secure.gravatar.com\/avatar\/fc66047eecb12b1dd0e5dd77ae839eef6f5705cede9df1aa88eec9ecfd50b1ab?s=96&d=mm&r=g","caption":"Lou-Anne"},"url":"https:\/\/www.cycles-blain.com\/fr\/author\/lou-anne\/"}]}},"_links":{"self":[{"href":"https:\/\/www.cycles-blain.com\/fr\/wp-json\/wp\/v2\/posts\/9823","targetHints":{"allow":["GET"]}}],"collection":[{"href":"https:\/\/www.cycles-blain.com\/fr\/wp-json\/wp\/v2\/posts"}],"about":[{"href":"https:\/\/www.cycles-blain.com\/fr\/wp-json\/wp\/v2\/types\/post"}],"author":[{"embeddable":true,"href":"https:\/\/www.cycles-blain.com\/fr\/wp-json\/wp\/v2\/users\/4"}],"replies":[{"embeddable":true,"href":"https:\/\/www.cycles-blain.com\/fr\/wp-json\/wp\/v2\/comments?post=9823"}],"version-history":[{"count":126,"href":"https:\/\/www.cycles-blain.com\/fr\/wp-json\/wp\/v2\/posts\/9823\/revisions"}],"predecessor-version":[{"id":10210,"href":"https:\/\/www.cycles-blain.com\/fr\/wp-json\/wp\/v2\/posts\/9823\/revisions\/10210"}],"wp:featuredmedia":[{"embeddable":true,"href":"https:\/\/www.cycles-blain.com\/fr\/wp-json\/wp\/v2\/media\/9913"}],"wp:attachment":[{"href":"https:\/\/www.cycles-blain.com\/fr\/wp-json\/wp\/v2\/media?parent=9823"}],"wp:term":[{"taxonomy":"category","embeddable":true,"href":"https:\/\/www.cycles-blain.com\/fr\/wp-json\/wp\/v2\/categories?post=9823"},{"taxonomy":"post_tag","embeddable":true,"href":"https:\/\/www.cycles-blain.com\/fr\/wp-json\/wp\/v2\/tags?post=9823"}],"curies":[{"name":"wp","href":"https:\/\/api.w.org\/{rel}","templated":true}]}}