{"id":9978,"date":"2024-11-12T09:40:37","date_gmt":"2024-11-12T08:40:37","guid":{"rendered":"https:\/\/www.cycles-blain.com\/fr\/?p=9978"},"modified":"2025-02-28T08:50:44","modified_gmt":"2025-02-28T07:50:44","slug":"nouveau-coup-de-coeur-kalkhoff-endeavour-5-b-move","status":"publish","type":"post","link":"https:\/\/www.cycles-blain.com\/fr\/magasins-velo\/nouveau-coup-de-coeur-kalkhoff-endeavour-5-b-move\/","title":{"rendered":"Nouveau coup de coeur : Kalkhoff Endeavour 5.B Move+"},"content":{"rendered":"\t\t<div data-elementor-type=\"wp-post\" data-elementor-id=\"9978\" class=\"elementor elementor-9978\" data-elementor-post-type=\"post\">\n\t\t\t\t<div class=\"elementor-element elementor-element-80d3a6a e-flex e-con-boxed e-con e-parent\" data-id=\"80d3a6a\" data-element_type=\"container\" data-e-type=\"container\">\n\t\t\t\t\t<div class=\"e-con-inner\">\n\t\t\t\t<div class=\"elementor-element elementor-element-4d77d8f elementor-widget elementor-widget-text-editor\" data-id=\"4d77d8f\" data-element_type=\"widget\" data-e-type=\"widget\" data-widget_type=\"text-editor.default\">\n\t\t\t\t<div class=\"elementor-widget-container\">\n\t\t\t\t\t\t\t\t\t<h3>Le\u00a0Kalkhoff Endeavour 5.B Move+ :<\/h3><p>La gamme Endeavour de Kalkhoff est con\u00e7ue sp\u00e9cialement pour ceux qui souhaitent <strong>allier utilit\u00e9 et loisirs<\/strong>. Avec ce VTC \u00e9lectrique, vous pourrez parcourir les sentiers le week-end et effectuer vos trajets professionnels la semaine. Ce mod\u00e8le se distingue par sa capacit\u00e9 \u00e0 s&rsquo;adapter \u00e0 tous types de terrain tout en gardant un <strong>confort optimal<\/strong>. C&rsquo;est le parfait compromis pour ceux qui souhaitent un v\u00e9lo \u00e9lectrique pour tous leurs p\u00e9riples.\u00a0<\/p><p>Pouvant supporter <strong>jusqu&rsquo;\u00e0 170 kg<\/strong>, ce v\u00e9lo est pr\u00eat \u00e0 porter les charges les plus lourdes. Son moteur <strong>Perf Line 75 Nm Smart System<\/strong> avec une\u00a0Batterie powertube <strong>625 Wh<\/strong>, vous permettra d&rsquo;organiser des balades sur toute une journ\u00e9e.\u00a0<\/p><p>Ce VTC \u00e9lectrique est tout \u00e9quip\u00e9 (garde boue, porte-bagage Mik HD, b\u00e9quille, \u00e9clairages, potence orientable, Selle Royal en gel&#8230;). Il pourra donc \u00eatre utilis\u00e9 sur le champ en toute s\u00e9curit\u00e9.\u00a0<br \/><br \/><a href=\"https:\/\/youtube.com\/shorts\/ccXS8yrTxTI?feature=share\" target=\"_blank\" rel=\"noopener\">Pour voir notre vid\u00e9o Youtube, visitez notre page Youtube !<\/a>\u00a0<\/p>\t\t\t\t\t\t\t\t<\/div>\n\t\t\t\t<\/div>\n\t\t\t\t<div class=\"elementor-element elementor-element-12a5bf9 elementor-align-center elementor-widget elementor-widget-button\" data-id=\"12a5bf9\" data-element_type=\"widget\" data-e-type=\"widget\" data-widget_type=\"button.default\">\n\t\t\t\t<div class=\"elementor-widget-container\">\n\t\t\t\t\t\t\t\t\t<div class=\"elementor-button-wrapper\">\n\t\t\t\t\t<a class=\"elementor-button elementor-button-link elementor-size-sm\" href=\"https:\/\/www.cycles-blain.com\/vtc-electrique\/1006-1212-endeavour-5b-move-plus-kalkhoff-4000990430852.html#\/2-taille_cadre-m\">\n\t\t\t\t\t\t<span class=\"elementor-button-content-wrapper\">\n\t\t\t\t\t\t\t\t\t<span class=\"elementor-button-text\">Je d\u00e9couvre Le\u00a0Kalkhoff Endeavour 5.B Move+<\/span>\n\t\t\t\t\t<\/span>\n\t\t\t\t\t<\/a>\n\t\t\t\t<\/div>\n\t\t\t\t\t\t\t\t<\/div>\n\t\t\t\t<\/div>\n\t\t\t\t\t<\/div>\n\t\t\t\t<\/div>\n\t\t<div class=\"elementor-element elementor-element-3730b10 e-flex e-con-boxed e-con e-parent\" data-id=\"3730b10\" data-element_type=\"container\" data-e-type=\"container\">\n\t\t\t\t\t<div class=\"e-con-inner\">\n\t\t\t\t<div class=\"elementor-element elementor-element-096e4ec elementor-widget elementor-widget-text-editor\" data-id=\"096e4ec\" data-element_type=\"widget\" data-e-type=\"widget\" data-widget_type=\"text-editor.default\">\n\t\t\t\t<div class=\"elementor-widget-container\">\n\t\t\t\t\t\t\t\t\t<p>Pour encore plus de s\u00e9curit\u00e9 :<a href=\"https:\/\/www.cycles-blain.com\/vtc-electrique\/212-119-endeavour-5-b-advance-abs-kalkhoff-4000990430494.html#\/3-taille_cadre-l\/5-couleur-gris\/39-forme_cadre-haut\"> <strong>Le\u00a0Endeavour\u00a05.B advance+ ABS\u00a0<\/strong><\/a><\/p><p>Ce VTC \u00e9lectrique dot\u00e9 <strong>d&rsquo;un ABS<\/strong> est con\u00e7u pour les cyclistes qui recherchent davantage de s\u00e9curit\u00e9. Son moteur Bosh Performance Line CX est plus puissant que le mod\u00e8le MOVE+ et sa batterie Bosh est de 750 Wh.\u00a0\u00a0Il est id\u00e9al pour les personnes qui roulent souvent en ville et qui cherchent un v\u00e9lo performant et s\u00e9curis\u00e9. En revanche, il sera plus on\u00e9reux que le\u00a0Kalkhoff Endeavour 5.B Move+.<\/p>\t\t\t\t\t\t\t\t<\/div>\n\t\t\t\t<\/div>\n\t\t\t\t<div class=\"elementor-element elementor-element-d24569d elementor-align-center elementor-widget elementor-widget-button\" data-id=\"d24569d\" data-element_type=\"widget\" data-e-type=\"widget\" data-widget_type=\"button.default\">\n\t\t\t\t<div class=\"elementor-widget-container\">\n\t\t\t\t\t\t\t\t\t<div class=\"elementor-button-wrapper\">\n\t\t\t\t\t<a class=\"elementor-button elementor-button-link elementor-size-sm\" href=\"#\">\n\t\t\t\t\t\t<span class=\"elementor-button-content-wrapper\">\n\t\t\t\t\t\t\t\t\t<span class=\"elementor-button-text\">Je d\u00e9couvre Le\u00a0Kalkhoff Endeavour 5.B advance+ ABS<\/span>\n\t\t\t\t\t<\/span>\n\t\t\t\t\t<\/a>\n\t\t\t\t<\/div>\n\t\t\t\t\t\t\t\t<\/div>\n\t\t\t\t<\/div>\n\t\t\t\t\t<\/div>\n\t\t\t\t<\/div>\n\t\t<div class=\"elementor-element elementor-element-e78fec8 e-flex e-con-boxed e-con e-parent\" data-id=\"e78fec8\" data-element_type=\"container\" data-e-type=\"container\">\n\t\t\t\t\t<div class=\"e-con-inner\">\n\t\t\t\t<div class=\"elementor-element elementor-element-2699d2e elementor-widget elementor-widget-text-editor\" data-id=\"2699d2e\" data-element_type=\"widget\" data-e-type=\"widget\" data-widget_type=\"text-editor.default\">\n\t\t\t\t<div class=\"elementor-widget-container\">\n\t\t\t\t\t\t\t\t\t<p>A lire aussi \u00e0 propos des VTC Electriques :&nbsp;<\/p>\n<ul>\n<li>Guide comparatif pour choisir le meilleur&nbsp;<a href=\"https:\/\/www.cycles-blain.com\/content\/67-comparatif-vtc-electrique-femmes-et-hommes-2025\" target=\"_blank\">vtc \u00e9lectrique<\/a><\/li>\n<li>Coup de Coeur Kalkhoff :&nbsp;<a href=\"https:\/\/www.cycles-blain.com\/fr\/magasins-velo\/coup-de-coeur-vtc-electrique-kalkhoff-entice-3-b-move\/\" target=\"_blank\">Le vtc \u00e9lectrique Entice 3B. Move en promotions<\/a><\/li>\n<\/ul>\t\t\t\t\t\t\t\t<\/div>\n\t\t\t\t<\/div>\n\t\t\t\t\t<\/div>\n\t\t\t\t<\/div>\n\t\t\t\t<\/div>\n\t\t","protected":false},"excerpt":{"rendered":"<p>Notre nouveau v\u00e9lo coup de coeur : Le VTC Electrique Kalkhoff Endeavour 5.B Move+ en promotion sur Lyon&#8230;<\/p>\n","protected":false},"author":4,"featured_media":10099,"comment_status":"open","ping_status":"open","sticky":false,"template":"","format":"standard","meta":{"site-sidebar-layout":"default","site-content-layout":"","ast-site-content-layout":"default","site-content-style":"default","site-sidebar-style":"default","ast-global-header-display":"","ast-banner-title-visibility":"","ast-main-header-display":"","ast-hfb-above-header-display":"","ast-hfb-below-header-display":"","ast-hfb-mobile-header-display":"","site-post-title":"","ast-breadcrumbs-content":"","ast-featured-img":"","footer-sml-layout":"","theme-transparent-header-meta":"","adv-header-id-meta":"","stick-header-meta":"","header-above-stick-meta":"","header-main-stick-meta":"","header-below-stick-meta":"","astra-migrate-meta-layouts":"set","ast-page-background-enabled":"default","ast-page-background-meta":{"desktop":{"background-color":"","background-image":"","background-repeat":"repeat","background-position":"center center","background-size":"auto","background-attachment":"scroll","background-type":"","background-media":"","overlay-type":"","overlay-color":"","overlay-gradient":""},"tablet":{"background-color":"","background-image":"","background-repeat":"repeat","background-position":"center center","background-size":"auto","background-attachment":"scroll","background-type":"","background-media":"","overlay-type":"","overlay-color":"","overlay-gradient":""},"mobile":{"background-color":"","background-image":"","background-repeat":"repeat","background-position":"center center","background-size":"auto","background-attachment":"scroll","background-type":"","background-media":"","overlay-type":"","overlay-color":"","overlay-gradient":""}},"ast-content-background-meta":{"desktop":{"background-color":"var(--ast-global-color-5)","background-image":"","background-repeat":"repeat","background-position":"center center","background-size":"auto","background-attachment":"scroll","background-type":"","background-media":"","overlay-type":"","overlay-color":"","overlay-gradient":""},"tablet":{"background-color":"var(--ast-global-color-5)","background-image":"","background-repeat":"repeat","background-position":"center center","background-size":"auto","background-attachment":"scroll","background-type":"","background-media":"","overlay-type":"","overlay-color":"","overlay-gradient":""},"mobile":{"background-color":"var(--ast-global-color-5)","background-image":"","background-repeat":"repeat","background-position":"center center","background-size":"auto","background-attachment":"scroll","background-type":"","background-media":"","overlay-type":"","overlay-color":"","overlay-gradient":""}},"footnotes":""},"categories":[6,4,7,78,44,37,76,36,81,79,77,80,16,53,54],"tags":[117],"class_list":["post-9978","post","type-post","status-publish","format-standard","has-post-thumbnail","hentry","category-magasins-velo","category-velo","category-magasin-brignais","category-magasin-craponne","category-magasin-lyon-3","category-magasin-saint-priest","category-magasin-vienne","category-magasin-vienne-sud","category-magasin-lyon-5","category-magasin-ecully","category-magasin-lyon-6","category-magasin-oullins","category-promotions-velo","category-velo-electrique","category-vtc-electrique","tag-kalkhoff"],"yoast_head":"<!-- This site is optimized with the Yoast SEO plugin v27.5 - https:\/\/yoast.com\/product\/yoast-seo-wordpress\/ -->\n<title>Nouveau coup de coeur : Kalkhoff Endeavour 5.B Move+ - CyclesBlain - Magasins de v\u00e9los, accessoires et ateliers<\/title>\n<meta name=\"description\" content=\"Kalkhoff nous pr\u00e9sente son tout nouveau VTC \u00e9lectrique le Endeavour 5.B Move+. Un VAE multiusage que vos proches adorerons pour no\u00ebl.\" \/>\n<meta name=\"robots\" content=\"index, follow, max-snippet:-1, max-image-preview:large, max-video-preview:-1\" \/>\n<link rel=\"canonical\" href=\"https:\/\/www.cycles-blain.com\/fr\/velo\/nouveau-coup-de-coeur-kalkhoff-endeavour-5-b-move\/\" \/>\n<meta property=\"og:locale\" content=\"fr_FR\" \/>\n<meta property=\"og:type\" content=\"article\" \/>\n<meta property=\"og:title\" content=\"Nouveau coup de coeur : Kalkhoff Endeavour 5.B Move+ - CyclesBlain - Magasins de v\u00e9los, accessoires et ateliers\" \/>\n<meta property=\"og:description\" content=\"Kalkhoff nous pr\u00e9sente son tout nouveau VTC \u00e9lectrique le Endeavour 5.B Move+. Un VAE multiusage que vos proches adorerons pour no\u00ebl.\" \/>\n<meta property=\"og:url\" content=\"https:\/\/www.cycles-blain.com\/fr\/velo\/nouveau-coup-de-coeur-kalkhoff-endeavour-5-b-move\/\" \/>\n<meta property=\"og:site_name\" content=\"CyclesBlain - Magasins de v\u00e9los, accessoires et ateliers\" \/>\n<meta property=\"article:publisher\" content=\"https:\/\/www.facebook.com\/cyclesblain\/?locale=fr_FR\" \/>\n<meta property=\"article:published_time\" content=\"2024-11-12T08:40:37+00:00\" \/>\n<meta property=\"article:modified_time\" content=\"2025-02-28T07:50:44+00:00\" \/>\n<meta property=\"og:image\" content=\"https:\/\/www.cycles-blain.com\/fr\/wp-content\/uploads\/2024\/11\/endeavour-5-B-MOVE-.png\" \/>\n\t<meta property=\"og:image:width\" content=\"600\" \/>\n\t<meta property=\"og:image:height\" content=\"400\" \/>\n\t<meta property=\"og:image:type\" content=\"image\/png\" \/>\n<meta name=\"author\" content=\"Lou-Anne\" \/>\n<meta name=\"twitter:card\" content=\"summary_large_image\" \/>\n<meta name=\"twitter:label1\" content=\"\u00c9crit par\" \/>\n\t<meta name=\"twitter:data1\" content=\"Lou-Anne\" \/>\n\t<meta name=\"twitter:label2\" content=\"Dur\u00e9e de lecture estim\u00e9e\" \/>\n\t<meta name=\"twitter:data2\" content=\"2 minutes\" \/>\n<script type=\"application\/ld+json\" class=\"yoast-schema-graph\">{\"@context\":\"https:\\\/\\\/schema.org\",\"@graph\":[{\"@type\":\"Article\",\"@id\":\"https:\\\/\\\/www.cycles-blain.com\\\/fr\\\/velo\\\/nouveau-coup-de-coeur-kalkhoff-endeavour-5-b-move\\\/#article\",\"isPartOf\":{\"@id\":\"https:\\\/\\\/www.cycles-blain.com\\\/fr\\\/velo\\\/nouveau-coup-de-coeur-kalkhoff-endeavour-5-b-move\\\/\"},\"author\":{\"name\":\"Lou-Anne\",\"@id\":\"https:\\\/\\\/www.cycles-blain.com\\\/fr\\\/#\\\/schema\\\/person\\\/2e532610e6e45d290a29e480c00cc742\"},\"headline\":\"Nouveau coup de coeur : Kalkhoff Endeavour 5.B Move+\",\"datePublished\":\"2024-11-12T08:40:37+00:00\",\"dateModified\":\"2025-02-28T07:50:44+00:00\",\"mainEntityOfPage\":{\"@id\":\"https:\\\/\\\/www.cycles-blain.com\\\/fr\\\/velo\\\/nouveau-coup-de-coeur-kalkhoff-endeavour-5-b-move\\\/\"},\"wordCount\":301,\"commentCount\":0,\"publisher\":{\"@id\":\"https:\\\/\\\/www.cycles-blain.com\\\/fr\\\/#organization\"},\"image\":{\"@id\":\"https:\\\/\\\/www.cycles-blain.com\\\/fr\\\/velo\\\/nouveau-coup-de-coeur-kalkhoff-endeavour-5-b-move\\\/#primaryimage\"},\"thumbnailUrl\":\"https:\\\/\\\/www.cycles-blain.com\\\/fr\\\/wp-content\\\/uploads\\\/2024\\\/11\\\/endeavour-5-B-MOVE-.png\",\"keywords\":[\"kalkhoff\"],\"articleSection\":[\"Actus Magasins\",\"Actus V\u00e9lo\",\"Magasin Brignais\",\"Magasin Craponne\",\"Magasin Lyon Centre\",\"Magasin St Priest\",\"Magasin Vienne\",\"Magasin Vienne Sud\",\"Magasin-CyclesVeran\",\"Magasin-Ecully\",\"Magasin-Lyon6\",\"Magasin-Oullins\",\"Promotions\",\"V\u00e9lo Electrique\",\"VTC Electrique\"],\"inLanguage\":\"fr-FR\",\"potentialAction\":[{\"@type\":\"CommentAction\",\"name\":\"Comment\",\"target\":[\"https:\\\/\\\/www.cycles-blain.com\\\/fr\\\/velo\\\/nouveau-coup-de-coeur-kalkhoff-endeavour-5-b-move\\\/#respond\"]}]},{\"@type\":\"WebPage\",\"@id\":\"https:\\\/\\\/www.cycles-blain.com\\\/fr\\\/velo\\\/nouveau-coup-de-coeur-kalkhoff-endeavour-5-b-move\\\/\",\"url\":\"https:\\\/\\\/www.cycles-blain.com\\\/fr\\\/velo\\\/nouveau-coup-de-coeur-kalkhoff-endeavour-5-b-move\\\/\",\"name\":\"Nouveau coup de coeur : Kalkhoff Endeavour 5.B Move+ - CyclesBlain - Magasins de v\u00e9los, accessoires et ateliers\",\"isPartOf\":{\"@id\":\"https:\\\/\\\/www.cycles-blain.com\\\/fr\\\/#website\"},\"primaryImageOfPage\":{\"@id\":\"https:\\\/\\\/www.cycles-blain.com\\\/fr\\\/velo\\\/nouveau-coup-de-coeur-kalkhoff-endeavour-5-b-move\\\/#primaryimage\"},\"image\":{\"@id\":\"https:\\\/\\\/www.cycles-blain.com\\\/fr\\\/velo\\\/nouveau-coup-de-coeur-kalkhoff-endeavour-5-b-move\\\/#primaryimage\"},\"thumbnailUrl\":\"https:\\\/\\\/www.cycles-blain.com\\\/fr\\\/wp-content\\\/uploads\\\/2024\\\/11\\\/endeavour-5-B-MOVE-.png\",\"datePublished\":\"2024-11-12T08:40:37+00:00\",\"dateModified\":\"2025-02-28T07:50:44+00:00\",\"description\":\"Kalkhoff nous pr\u00e9sente son tout nouveau VTC \u00e9lectrique le Endeavour 5.B Move+. Un VAE multiusage que vos proches adorerons pour no\u00ebl.\",\"breadcrumb\":{\"@id\":\"https:\\\/\\\/www.cycles-blain.com\\\/fr\\\/velo\\\/nouveau-coup-de-coeur-kalkhoff-endeavour-5-b-move\\\/#breadcrumb\"},\"inLanguage\":\"fr-FR\",\"potentialAction\":[{\"@type\":\"ReadAction\",\"target\":[\"https:\\\/\\\/www.cycles-blain.com\\\/fr\\\/velo\\\/nouveau-coup-de-coeur-kalkhoff-endeavour-5-b-move\\\/\"]}]},{\"@type\":\"ImageObject\",\"inLanguage\":\"fr-FR\",\"@id\":\"https:\\\/\\\/www.cycles-blain.com\\\/fr\\\/velo\\\/nouveau-coup-de-coeur-kalkhoff-endeavour-5-b-move\\\/#primaryimage\",\"url\":\"https:\\\/\\\/www.cycles-blain.com\\\/fr\\\/wp-content\\\/uploads\\\/2024\\\/11\\\/endeavour-5-B-MOVE-.png\",\"contentUrl\":\"https:\\\/\\\/www.cycles-blain.com\\\/fr\\\/wp-content\\\/uploads\\\/2024\\\/11\\\/endeavour-5-B-MOVE-.png\",\"width\":600,\"height\":400,\"caption\":\"endeavour 5 B MOVE\"},{\"@type\":\"BreadcrumbList\",\"@id\":\"https:\\\/\\\/www.cycles-blain.com\\\/fr\\\/velo\\\/nouveau-coup-de-coeur-kalkhoff-endeavour-5-b-move\\\/#breadcrumb\",\"itemListElement\":[{\"@type\":\"ListItem\",\"position\":1,\"name\":\"Accueil\",\"item\":\"https:\\\/\\\/www.cycles-blain.com\\\/fr\\\/\"},{\"@type\":\"ListItem\",\"position\":2,\"name\":\"Nouveau coup de coeur : Kalkhoff Endeavour 5.B Move+\"}]},{\"@type\":\"WebSite\",\"@id\":\"https:\\\/\\\/www.cycles-blain.com\\\/fr\\\/#website\",\"url\":\"https:\\\/\\\/www.cycles-blain.com\\\/fr\\\/\",\"name\":\"CyclesBlain - Magasins de v\u00e9los, accessoires et ateliers\",\"description\":\"Blog Cycles Blain\",\"publisher\":{\"@id\":\"https:\\\/\\\/www.cycles-blain.com\\\/fr\\\/#organization\"},\"potentialAction\":[{\"@type\":\"SearchAction\",\"target\":{\"@type\":\"EntryPoint\",\"urlTemplate\":\"https:\\\/\\\/www.cycles-blain.com\\\/fr\\\/?s={search_term_string}\"},\"query-input\":{\"@type\":\"PropertyValueSpecification\",\"valueRequired\":true,\"valueName\":\"search_term_string\"}}],\"inLanguage\":\"fr-FR\"},{\"@type\":\"Organization\",\"@id\":\"https:\\\/\\\/www.cycles-blain.com\\\/fr\\\/#organization\",\"name\":\"CyclesBlain - Magasins de v\u00e9los, accessoires et ateliers\",\"url\":\"https:\\\/\\\/www.cycles-blain.com\\\/fr\\\/\",\"logo\":{\"@type\":\"ImageObject\",\"inLanguage\":\"fr-FR\",\"@id\":\"https:\\\/\\\/www.cycles-blain.com\\\/fr\\\/#\\\/schema\\\/logo\\\/image\\\/\",\"url\":\"https:\\\/\\\/www.cycles-blain.com\\\/fr\\\/wp-content\\\/uploads\\\/2023\\\/10\\\/logo-cycles-blain.jpeg\",\"contentUrl\":\"https:\\\/\\\/www.cycles-blain.com\\\/fr\\\/wp-content\\\/uploads\\\/2023\\\/10\\\/logo-cycles-blain.jpeg\",\"width\":264,\"height\":191,\"caption\":\"CyclesBlain - Magasins de v\u00e9los, accessoires et ateliers\"},\"image\":{\"@id\":\"https:\\\/\\\/www.cycles-blain.com\\\/fr\\\/#\\\/schema\\\/logo\\\/image\\\/\"},\"sameAs\":[\"https:\\\/\\\/www.facebook.com\\\/cyclesblain\\\/?locale=fr_FR\",\"https:\\\/\\\/www.instagram.com\\\/cycles_blain\\\/?hl=fr\"]},{\"@type\":\"Person\",\"@id\":\"https:\\\/\\\/www.cycles-blain.com\\\/fr\\\/#\\\/schema\\\/person\\\/2e532610e6e45d290a29e480c00cc742\",\"name\":\"Lou-Anne\",\"image\":{\"@type\":\"ImageObject\",\"inLanguage\":\"fr-FR\",\"@id\":\"https:\\\/\\\/secure.gravatar.com\\\/avatar\\\/fc66047eecb12b1dd0e5dd77ae839eef6f5705cede9df1aa88eec9ecfd50b1ab?s=96&d=mm&r=g\",\"url\":\"https:\\\/\\\/secure.gravatar.com\\\/avatar\\\/fc66047eecb12b1dd0e5dd77ae839eef6f5705cede9df1aa88eec9ecfd50b1ab?s=96&d=mm&r=g\",\"contentUrl\":\"https:\\\/\\\/secure.gravatar.com\\\/avatar\\\/fc66047eecb12b1dd0e5dd77ae839eef6f5705cede9df1aa88eec9ecfd50b1ab?s=96&d=mm&r=g\",\"caption\":\"Lou-Anne\"},\"url\":\"https:\\\/\\\/www.cycles-blain.com\\\/fr\\\/author\\\/lou-anne\\\/\"}]}<\/script>\n<!-- \/ Yoast SEO plugin. -->","yoast_head_json":{"title":"Nouveau coup de coeur : Kalkhoff Endeavour 5.B Move+ - CyclesBlain - Magasins de v\u00e9los, accessoires et ateliers","description":"Kalkhoff nous pr\u00e9sente son tout nouveau VTC \u00e9lectrique le Endeavour 5.B Move+. Un VAE multiusage que vos proches adorerons pour no\u00ebl.","robots":{"index":"index","follow":"follow","max-snippet":"max-snippet:-1","max-image-preview":"max-image-preview:large","max-video-preview":"max-video-preview:-1"},"canonical":"https:\/\/www.cycles-blain.com\/fr\/velo\/nouveau-coup-de-coeur-kalkhoff-endeavour-5-b-move\/","og_locale":"fr_FR","og_type":"article","og_title":"Nouveau coup de coeur : Kalkhoff Endeavour 5.B Move+ - CyclesBlain - Magasins de v\u00e9los, accessoires et ateliers","og_description":"Kalkhoff nous pr\u00e9sente son tout nouveau VTC \u00e9lectrique le Endeavour 5.B Move+. Un VAE multiusage que vos proches adorerons pour no\u00ebl.","og_url":"https:\/\/www.cycles-blain.com\/fr\/velo\/nouveau-coup-de-coeur-kalkhoff-endeavour-5-b-move\/","og_site_name":"CyclesBlain - Magasins de v\u00e9los, accessoires et ateliers","article_publisher":"https:\/\/www.facebook.com\/cyclesblain\/?locale=fr_FR","article_published_time":"2024-11-12T08:40:37+00:00","article_modified_time":"2025-02-28T07:50:44+00:00","og_image":[{"width":600,"height":400,"url":"https:\/\/www.cycles-blain.com\/fr\/wp-content\/uploads\/2024\/11\/endeavour-5-B-MOVE-.png","type":"image\/png"}],"author":"Lou-Anne","twitter_card":"summary_large_image","twitter_misc":{"\u00c9crit par":"Lou-Anne","Dur\u00e9e de lecture estim\u00e9e":"2 minutes"},"schema":{"@context":"https:\/\/schema.org","@graph":[{"@type":"Article","@id":"https:\/\/www.cycles-blain.com\/fr\/velo\/nouveau-coup-de-coeur-kalkhoff-endeavour-5-b-move\/#article","isPartOf":{"@id":"https:\/\/www.cycles-blain.com\/fr\/velo\/nouveau-coup-de-coeur-kalkhoff-endeavour-5-b-move\/"},"author":{"name":"Lou-Anne","@id":"https:\/\/www.cycles-blain.com\/fr\/#\/schema\/person\/2e532610e6e45d290a29e480c00cc742"},"headline":"Nouveau coup de coeur : Kalkhoff Endeavour 5.B Move+","datePublished":"2024-11-12T08:40:37+00:00","dateModified":"2025-02-28T07:50:44+00:00","mainEntityOfPage":{"@id":"https:\/\/www.cycles-blain.com\/fr\/velo\/nouveau-coup-de-coeur-kalkhoff-endeavour-5-b-move\/"},"wordCount":301,"commentCount":0,"publisher":{"@id":"https:\/\/www.cycles-blain.com\/fr\/#organization"},"image":{"@id":"https:\/\/www.cycles-blain.com\/fr\/velo\/nouveau-coup-de-coeur-kalkhoff-endeavour-5-b-move\/#primaryimage"},"thumbnailUrl":"https:\/\/www.cycles-blain.com\/fr\/wp-content\/uploads\/2024\/11\/endeavour-5-B-MOVE-.png","keywords":["kalkhoff"],"articleSection":["Actus Magasins","Actus V\u00e9lo","Magasin Brignais","Magasin Craponne","Magasin Lyon Centre","Magasin St Priest","Magasin Vienne","Magasin Vienne Sud","Magasin-CyclesVeran","Magasin-Ecully","Magasin-Lyon6","Magasin-Oullins","Promotions","V\u00e9lo Electrique","VTC Electrique"],"inLanguage":"fr-FR","potentialAction":[{"@type":"CommentAction","name":"Comment","target":["https:\/\/www.cycles-blain.com\/fr\/velo\/nouveau-coup-de-coeur-kalkhoff-endeavour-5-b-move\/#respond"]}]},{"@type":"WebPage","@id":"https:\/\/www.cycles-blain.com\/fr\/velo\/nouveau-coup-de-coeur-kalkhoff-endeavour-5-b-move\/","url":"https:\/\/www.cycles-blain.com\/fr\/velo\/nouveau-coup-de-coeur-kalkhoff-endeavour-5-b-move\/","name":"Nouveau coup de coeur : Kalkhoff Endeavour 5.B Move+ - CyclesBlain - Magasins de v\u00e9los, accessoires et ateliers","isPartOf":{"@id":"https:\/\/www.cycles-blain.com\/fr\/#website"},"primaryImageOfPage":{"@id":"https:\/\/www.cycles-blain.com\/fr\/velo\/nouveau-coup-de-coeur-kalkhoff-endeavour-5-b-move\/#primaryimage"},"image":{"@id":"https:\/\/www.cycles-blain.com\/fr\/velo\/nouveau-coup-de-coeur-kalkhoff-endeavour-5-b-move\/#primaryimage"},"thumbnailUrl":"https:\/\/www.cycles-blain.com\/fr\/wp-content\/uploads\/2024\/11\/endeavour-5-B-MOVE-.png","datePublished":"2024-11-12T08:40:37+00:00","dateModified":"2025-02-28T07:50:44+00:00","description":"Kalkhoff nous pr\u00e9sente son tout nouveau VTC \u00e9lectrique le Endeavour 5.B Move+. Un VAE multiusage que vos proches adorerons pour no\u00ebl.","breadcrumb":{"@id":"https:\/\/www.cycles-blain.com\/fr\/velo\/nouveau-coup-de-coeur-kalkhoff-endeavour-5-b-move\/#breadcrumb"},"inLanguage":"fr-FR","potentialAction":[{"@type":"ReadAction","target":["https:\/\/www.cycles-blain.com\/fr\/velo\/nouveau-coup-de-coeur-kalkhoff-endeavour-5-b-move\/"]}]},{"@type":"ImageObject","inLanguage":"fr-FR","@id":"https:\/\/www.cycles-blain.com\/fr\/velo\/nouveau-coup-de-coeur-kalkhoff-endeavour-5-b-move\/#primaryimage","url":"https:\/\/www.cycles-blain.com\/fr\/wp-content\/uploads\/2024\/11\/endeavour-5-B-MOVE-.png","contentUrl":"https:\/\/www.cycles-blain.com\/fr\/wp-content\/uploads\/2024\/11\/endeavour-5-B-MOVE-.png","width":600,"height":400,"caption":"endeavour 5 B MOVE"},{"@type":"BreadcrumbList","@id":"https:\/\/www.cycles-blain.com\/fr\/velo\/nouveau-coup-de-coeur-kalkhoff-endeavour-5-b-move\/#breadcrumb","itemListElement":[{"@type":"ListItem","position":1,"name":"Accueil","item":"https:\/\/www.cycles-blain.com\/fr\/"},{"@type":"ListItem","position":2,"name":"Nouveau coup de coeur : Kalkhoff Endeavour 5.B Move+"}]},{"@type":"WebSite","@id":"https:\/\/www.cycles-blain.com\/fr\/#website","url":"https:\/\/www.cycles-blain.com\/fr\/","name":"CyclesBlain - Magasins de v\u00e9los, accessoires et ateliers","description":"Blog Cycles Blain","publisher":{"@id":"https:\/\/www.cycles-blain.com\/fr\/#organization"},"potentialAction":[{"@type":"SearchAction","target":{"@type":"EntryPoint","urlTemplate":"https:\/\/www.cycles-blain.com\/fr\/?s={search_term_string}"},"query-input":{"@type":"PropertyValueSpecification","valueRequired":true,"valueName":"search_term_string"}}],"inLanguage":"fr-FR"},{"@type":"Organization","@id":"https:\/\/www.cycles-blain.com\/fr\/#organization","name":"CyclesBlain - Magasins de v\u00e9los, accessoires et ateliers","url":"https:\/\/www.cycles-blain.com\/fr\/","logo":{"@type":"ImageObject","inLanguage":"fr-FR","@id":"https:\/\/www.cycles-blain.com\/fr\/#\/schema\/logo\/image\/","url":"https:\/\/www.cycles-blain.com\/fr\/wp-content\/uploads\/2023\/10\/logo-cycles-blain.jpeg","contentUrl":"https:\/\/www.cycles-blain.com\/fr\/wp-content\/uploads\/2023\/10\/logo-cycles-blain.jpeg","width":264,"height":191,"caption":"CyclesBlain - Magasins de v\u00e9los, accessoires et ateliers"},"image":{"@id":"https:\/\/www.cycles-blain.com\/fr\/#\/schema\/logo\/image\/"},"sameAs":["https:\/\/www.facebook.com\/cyclesblain\/?locale=fr_FR","https:\/\/www.instagram.com\/cycles_blain\/?hl=fr"]},{"@type":"Person","@id":"https:\/\/www.cycles-blain.com\/fr\/#\/schema\/person\/2e532610e6e45d290a29e480c00cc742","name":"Lou-Anne","image":{"@type":"ImageObject","inLanguage":"fr-FR","@id":"https:\/\/secure.gravatar.com\/avatar\/fc66047eecb12b1dd0e5dd77ae839eef6f5705cede9df1aa88eec9ecfd50b1ab?s=96&d=mm&r=g","url":"https:\/\/secure.gravatar.com\/avatar\/fc66047eecb12b1dd0e5dd77ae839eef6f5705cede9df1aa88eec9ecfd50b1ab?s=96&d=mm&r=g","contentUrl":"https:\/\/secure.gravatar.com\/avatar\/fc66047eecb12b1dd0e5dd77ae839eef6f5705cede9df1aa88eec9ecfd50b1ab?s=96&d=mm&r=g","caption":"Lou-Anne"},"url":"https:\/\/www.cycles-blain.com\/fr\/author\/lou-anne\/"}]}},"_links":{"self":[{"href":"https:\/\/www.cycles-blain.com\/fr\/wp-json\/wp\/v2\/posts\/9978","targetHints":{"allow":["GET"]}}],"collection":[{"href":"https:\/\/www.cycles-blain.com\/fr\/wp-json\/wp\/v2\/posts"}],"about":[{"href":"https:\/\/www.cycles-blain.com\/fr\/wp-json\/wp\/v2\/types\/post"}],"author":[{"embeddable":true,"href":"https:\/\/www.cycles-blain.com\/fr\/wp-json\/wp\/v2\/users\/4"}],"replies":[{"embeddable":true,"href":"https:\/\/www.cycles-blain.com\/fr\/wp-json\/wp\/v2\/comments?post=9978"}],"version-history":[{"count":81,"href":"https:\/\/www.cycles-blain.com\/fr\/wp-json\/wp\/v2\/posts\/9978\/revisions"}],"predecessor-version":[{"id":12972,"href":"https:\/\/www.cycles-blain.com\/fr\/wp-json\/wp\/v2\/posts\/9978\/revisions\/12972"}],"wp:featuredmedia":[{"embeddable":true,"href":"https:\/\/www.cycles-blain.com\/fr\/wp-json\/wp\/v2\/media\/10099"}],"wp:attachment":[{"href":"https:\/\/www.cycles-blain.com\/fr\/wp-json\/wp\/v2\/media?parent=9978"}],"wp:term":[{"taxonomy":"category","embeddable":true,"href":"https:\/\/www.cycles-blain.com\/fr\/wp-json\/wp\/v2\/categories?post=9978"},{"taxonomy":"post_tag","embeddable":true,"href":"https:\/\/www.cycles-blain.com\/fr\/wp-json\/wp\/v2\/tags?post=9978"}],"curies":[{"name":"wp","href":"https:\/\/api.w.org\/{rel}","templated":true}]}}